{"id":12715,"date":"2023-05-29T13:45:05","date_gmt":"2023-05-29T11:45:05","guid":{"rendered":"https:\/\/aldaia.es\/?p=12715"},"modified":"2025-10-21T12:49:52","modified_gmt":"2025-10-21T10:49:52","slug":"proceso-de-estabilizacion-concurso-auxiliares-administrativos-as","status":"publish","type":"post","link":"https:\/\/aldaia.es\/empleo\/es\/2023\/05\/29\/proceso-de-estabilizacion-concurso-auxiliares-administrativos-as\/","title":{"rendered":"Proceso de estabilizaci\u00f3n- Concurso- Auxiliares administrativos\/as"},"content":{"rendered":"\n<p>Fase I.- Certificaci\u00f3n JGL modificaci\u00f3n de las bases espec\u00edficas OPE estabilizaci\u00f3n<br>\n<br>\nFase II- Publicaci\u00f3n de la convocatoria en el BOE<br>\n<br>\nPlazo de presentaci\u00f3n de instancias del 30\/05\/2023 al 26\/06\/2023 (ambos inclusive).<br>\n<br>\nFase II. Instrucciones de abono tasas<br>\n<br>\nFase II. Anexo de solicitud y protecci\u00f3n de datos<br>\n<br>\nFase II. \u00cdndice de m\u00e9ritos<br>\n<br>\nFase III. Aprobaci\u00f3n provisional de personas aspirantes admitidas y excluidas y designaci\u00f3n de la comisi\u00f3n de valoraci\u00f3n<br>\n<br>\nPlazo de presentaci\u00f3n de alegaciones: del 18\/07\/2023 al 31\/07\/2023 (ambos inclusive)<br>\n<br>\nFase III. Correcci\u00f3n de errores de la lista de personas admitidas y excluidas del proceso.<br>\n<br>\nFase IV. Aprobaci\u00f3n definitiva de personas aspirantes admitidas y excluidas y ratificaci\u00f3n de la comisi\u00f3n de valoraci\u00f3n.<br>\n<br>\nFase V.ANUNCIO Resultado del proceso, propuesta de adjudicaci\u00f3n de plaza y constituci\u00f3n de bolsa<br>\n<br>\nFase VI. Resoluci\u00f3n de las alegaciones, correcci\u00f3n de las puntuaciones, ratificaci\u00f3n en la propuesta de adjudicaci\u00f3n de plaza y constituci\u00f3n de bolsa.<br>\n<br>\nFase VII. Acta del Tribunal calificador del proceso<br>\n<br>\nFase VIII. Acta de la comisi\u00f3n de valoraci\u00f3n del proceso.<br>\n<br>\nFase IX. Anuncio BOP nombramientos<\/p>\n\n\n\n<p><a href=\"https:\/\/aldaia.es\/wp-content\/uploads\/2023\/05\/Certificacion-JGL-modificacion-de-las-bases-especificas-OEP-estabilizacion-6.pdf\">Fase I. Certificaci\u00f3n JGL modificaci\u00f3n de las bases espec\u00edficas OEP estabilizaci\u00f3n<\/a><br>\n<br>\n<a href=\"https:\/\/aldaia.es\/wp-content\/uploads\/2023\/05\/Publicacion-de-convocatoria-BOE-Auxiliar-Administrativo-a.pdf\">Fase II. Publicaci\u00f3n de convocatoria BOE Auxiliar Administrativo-a<\/a><br>\n<br>\n<a href=\"https:\/\/aldaia.es\/wp-content\/uploads\/2023\/05\/Fase-II.-Instrucciones-abono-tasas-4.pdf\">Fase II. Instrucciones abono tasas<\/a><br>\n<br>\n<a href=\"https:\/\/aldaia.es\/wp-content\/uploads\/2023\/05\/ANEXO-I-AUX.-ADMTVOS.-CONCURSO.pdf\">Fase II. Anexo de solicitud y protecci\u00f3n de datos.&nbsp;<\/a><br>\n<br>\n<a href=\"https:\/\/aldaia.es\/wp-content\/uploads\/2023\/05\/Fase-II.-Indice-de-meritos-.docx\">Fase II. \u00cdndice de m\u00e9ritos&nbsp;<\/a><br>\n<br>\n<a href=\"https:\/\/aldaia.es\/wp-content\/uploads\/2023\/05\/Fase-III.-Aprobacion-provisional-de-personas-aspirantes-admitidas-y-excluidas-y-designacion-de-la-comision-de-valoracion.pdf\">Fase III. Aprobaci\u00f3n provisional de personas aspirantes admitidas y excluidas y designaci\u00f3n de la comisi\u00f3n de valoraci\u00f3n<\/a><br>\n<br>\n<a href=\"https:\/\/aldaia.es\/wp-content\/uploads\/2023\/05\/Fase-III.-Correccion-errores-lista-provisional-de-admitidos-as-auxiliares-administrativos-as.pdf\">Fase III. Correcci\u00f3n de errores de la lista de personas admitidas y excluidas del proceso<\/a><br>\n<br>\n<a href=\"https:\/\/aldaia.es\/wp-content\/uploads\/2023\/05\/Publicacion-BOP-18-10-2023-Lista-definitiva-3-Auxiliares-Administrativos.pdf\">Fase IV. Aprobaci\u00f3n definitiva de personas aspirantes admitidas y excluidas de la comisi\u00f3n de valoraci\u00f3n<\/a><br>\n<br>\n<a href=\"https:\/\/aldaia.es\/wp-content\/uploads\/2023\/05\/Fase-V.ANUNCIO-Resultado-del-proceso-propuesta-de-adjudicacion-de-plaza-y-constitucion-de-bolsa.pdf\">Fase V.ANUNCIO Resultado del proceso, propuesta de adjudicaci\u00f3n de plaza y constituci\u00f3n de bolsa<\/a><br>\n<br>\n<a href=\"https:\/\/aldaia.es\/wp-content\/uploads\/2023\/05\/Fase-VI.-Resolucion-de-las-alegaciones-correccion-de-las-puntuaciones-ratificacion-en-la-propuesta-de-adjudicacion-de-plaza-y-constitucion-de-bolsa.-.pdf\">Fase VI. Resoluci\u00f3n de las alegaciones, correcci\u00f3n de las puntuaciones, ratificaci\u00f3n en la propuesta de adjudicaci\u00f3n de plaza y constituci\u00f3n de bolsa.<\/a><br>\n<br>\n<a href=\"https:\/\/aldaia.es\/wp-content\/uploads\/2023\/05\/Fase-VII.-Acta-del-Tribunal-calificador-del-proceso.pdf\">Fase VII. Acta del Tribunal calificador del proceso<\/a><br>\n<br>\n<a href=\"https:\/\/aldaia.es\/wp-content\/uploads\/2023\/05\/Fase-VIII.-Acta-Comision-de-valoracion-del-proceso.pdf\">Fase VIII. Acta Comisi\u00f3n de valoraci\u00f3n del proceso<\/a><br>\n<br>\n<a href=\"https:\/\/aldaia.es\/wp-content\/uploads\/2023\/05\/Fase-IX.-Anuncio-BOP-nombramientos.pdf\">Fase IX. Anuncio BOP nombramientos<\/a><\/p>\n","protected":false},"excerpt":{"rendered":"<p>Fase I.- Certificaci\u00f3n JGL modificaci\u00f3n de las bases espec\u00edficas OPE estabilizaci\u00f3n Fase II- Publicaci\u00f3n de la convocatoria en el BOE Plazo de presentaci\u00f3n de instancias del 30\/05\/2023 al 26\/06\/2023 (ambos inclusive). Fase II. Instrucciones de abono tasas Fase II. Anexo de solicitud y protecci\u00f3n de datos Fase II. \u00cdndice de m\u00e9ritos Fase III. Aprobaci\u00f3n provisional [&#8230;]<\/p>\n<p><a class=\"btn btn-secondary understrap-read-more-link\" href=\"https:\/\/aldaia.es\/empleo\/es\/2023\/05\/29\/proceso-de-estabilizacion-concurso-auxiliares-administrativos-as\/\">Leer m\u00e1s&#8230;<span class=\"screen-reader-text\"> from Proceso de estabilizaci\u00f3n- Concurso- Auxiliares administrativos\/as<\/span><\/a><\/p>\n","protected":false},"author":1,"featured_media":0,"comment_status":"closed","ping_status":"closed","sticky":false,"template":"","format":"standard","meta":{"footnotes":""},"categories":[25,23,27,13],"tags":[],"class_list":["post-12715","post","type-post","status-publish","format-standard","hentry","category-cerrado","category-empleo-ayuntamiento-aldaia","category-oposiciones","category-procesos-selectivos"],"yoast_head":"<!-- This site is optimized with the Yoast SEO plugin v26.9 - https:\/\/yoast.com\/product\/yoast-seo-wordpress\/ -->\n<title>Proceso de estabilizaci\u00f3n- Concurso- Auxiliares administrativos\/as - Empleo Aldaia<\/title>\n<meta name=\"robots\" content=\"index, follow, max-snippet:-1, max-image-preview:large, max-video-preview:-1\" \/>\n<link rel=\"canonical\" href=\"https:\/\/aldaia.es\/empleo\/es\/2023\/05\/29\/proceso-de-estabilizacion-concurso-auxiliares-administrativos-as\/\" \/>\n<meta property=\"og:locale\" content=\"es_ES\" \/>\n<meta property=\"og:type\" content=\"article\" \/>\n<meta property=\"og:title\" content=\"Proceso de estabilizaci\u00f3n- Concurso- Auxiliares administrativos\/as - Empleo Aldaia\" \/>\n<meta property=\"og:description\" content=\"Fase I.- Certificaci\u00f3n JGL modificaci\u00f3n de las bases espec\u00edficas OPE estabilizaci\u00f3n Fase II- Publicaci\u00f3n de la convocatoria en el BOE Plazo de presentaci\u00f3n de instancias del 30\/05\/2023 al 26\/06\/2023 (ambos inclusive). Fase II. Instrucciones de abono tasas Fase II. Anexo de solicitud y protecci\u00f3n de datos Fase II. \u00cdndice de m\u00e9ritos Fase III. Aprobaci\u00f3n provisional [...]Leer m\u00e1s... from Proceso de estabilizaci\u00f3n- Concurso- Auxiliares administrativos\/as\" \/>\n<meta property=\"og:url\" content=\"https:\/\/aldaia.es\/empleo\/es\/2023\/05\/29\/proceso-de-estabilizacion-concurso-auxiliares-administrativos-as\/\" \/>\n<meta property=\"og:site_name\" content=\"Empleo Aldaia\" \/>\n<meta property=\"article:publisher\" content=\"https:\/\/www.facebook.com\/ajuntamentaldaia\" \/>\n<meta property=\"article:published_time\" content=\"2023-05-29T11:45:05+00:00\" \/>\n<meta property=\"article:modified_time\" content=\"2025-10-21T10:49:52+00:00\" \/>\n<meta name=\"author\" content=\"Cristina\" \/>\n<meta name=\"twitter:card\" content=\"summary_large_image\" \/>\n<meta name=\"twitter:creator\" content=\"@ajuntaldaia\" \/>\n<meta name=\"twitter:site\" content=\"@ajuntaldaia\" \/>\n<meta name=\"twitter:label1\" content=\"Escrito por\" \/>\n\t<meta name=\"twitter:data1\" content=\"Cristina\" \/>\n\t<meta name=\"twitter:label2\" content=\"Tiempo de lectura\" \/>\n\t<meta name=\"twitter:data2\" content=\"2 minutos\" \/>\n<script type=\"application\/ld+json\" class=\"yoast-schema-graph\">{\"@context\":\"https:\/\/schema.org\",\"@graph\":[{\"@type\":\"Article\",\"@id\":\"https:\/\/aldaia.es\/empleo\/es\/2023\/05\/29\/proceso-de-estabilizacion-concurso-auxiliares-administrativos-as\/#article\",\"isPartOf\":{\"@id\":\"https:\/\/aldaia.es\/empleo\/es\/2023\/05\/29\/proceso-de-estabilizacion-concurso-auxiliares-administrativos-as\/\"},\"author\":{\"name\":\"Cristina\",\"@id\":\"https:\/\/aldaia.es\/empleo\/#\/schema\/person\/31b123d763374cf10b2376d65b07b1c6\"},\"headline\":\"Proceso de estabilizaci\u00f3n- Concurso- Auxiliares administrativos\/as\",\"datePublished\":\"2023-05-29T11:45:05+00:00\",\"dateModified\":\"2025-10-21T10:49:52+00:00\",\"mainEntityOfPage\":{\"@id\":\"https:\/\/aldaia.es\/empleo\/es\/2023\/05\/29\/proceso-de-estabilizacion-concurso-auxiliares-administrativos-as\/\"},\"wordCount\":372,\"publisher\":{\"@id\":\"https:\/\/aldaia.es\/empleo\/#organization\"},\"articleSection\":[\"Cerrado\",\"Empleo Ayuntamiento Aldaia\",\"Oposiciones\",\"Procesos selectivos\"],\"inLanguage\":\"es\"},{\"@type\":\"WebPage\",\"@id\":\"https:\/\/aldaia.es\/empleo\/es\/2023\/05\/29\/proceso-de-estabilizacion-concurso-auxiliares-administrativos-as\/\",\"url\":\"https:\/\/aldaia.es\/empleo\/es\/2023\/05\/29\/proceso-de-estabilizacion-concurso-auxiliares-administrativos-as\/\",\"name\":\"Proceso de estabilizaci\u00f3n- Concurso- Auxiliares administrativos\/as - Empleo Aldaia\",\"isPartOf\":{\"@id\":\"https:\/\/aldaia.es\/empleo\/#website\"},\"datePublished\":\"2023-05-29T11:45:05+00:00\",\"dateModified\":\"2025-10-21T10:49:52+00:00\",\"breadcrumb\":{\"@id\":\"https:\/\/aldaia.es\/empleo\/es\/2023\/05\/29\/proceso-de-estabilizacion-concurso-auxiliares-administrativos-as\/#breadcrumb\"},\"inLanguage\":\"es\",\"potentialAction\":[{\"@type\":\"ReadAction\",\"target\":[\"https:\/\/aldaia.es\/empleo\/es\/2023\/05\/29\/proceso-de-estabilizacion-concurso-auxiliares-administrativos-as\/\"]}]},{\"@type\":\"BreadcrumbList\",\"@id\":\"https:\/\/aldaia.es\/empleo\/es\/2023\/05\/29\/proceso-de-estabilizacion-concurso-auxiliares-administrativos-as\/#breadcrumb\",\"itemListElement\":[{\"@type\":\"ListItem\",\"position\":1,\"name\":\"Portada\",\"item\":\"https:\/\/aldaia.es\/empleo\/\"},{\"@type\":\"ListItem\",\"position\":2,\"name\":\"Proceso de estabilizaci\u00f3n- Concurso- Auxiliares administrativos\/as\"}]},{\"@type\":\"WebSite\",\"@id\":\"https:\/\/aldaia.es\/empleo\/#website\",\"url\":\"https:\/\/aldaia.es\/empleo\/\",\"name\":\"Empleo Aldaia\",\"description\":\"\",\"publisher\":{\"@id\":\"https:\/\/aldaia.es\/empleo\/#organization\"},\"potentialAction\":[{\"@type\":\"SearchAction\",\"target\":{\"@type\":\"EntryPoint\",\"urlTemplate\":\"https:\/\/aldaia.es\/empleo\/?s={search_term_string}\"},\"query-input\":{\"@type\":\"PropertyValueSpecification\",\"valueRequired\":true,\"valueName\":\"search_term_string\"}}],\"inLanguage\":\"es\"},{\"@type\":\"Organization\",\"@id\":\"https:\/\/aldaia.es\/empleo\/#organization\",\"name\":\"Empleo Aldaia\",\"url\":\"https:\/\/aldaia.es\/empleo\/\",\"logo\":{\"@type\":\"ImageObject\",\"inLanguage\":\"es\",\"@id\":\"https:\/\/aldaia.es\/empleo\/#\/schema\/logo\/image\/\",\"url\":\"https:\/\/aldaia.es\/empleo\/wp-content\/uploads\/2025\/06\/logo-ajuntament-aldaia.jpg\",\"contentUrl\":\"https:\/\/aldaia.es\/empleo\/wp-content\/uploads\/2025\/06\/logo-ajuntament-aldaia.jpg\",\"width\":768,\"height\":438,\"caption\":\"Empleo Aldaia\"},\"image\":{\"@id\":\"https:\/\/aldaia.es\/empleo\/#\/schema\/logo\/image\/\"},\"sameAs\":[\"https:\/\/www.facebook.com\/ajuntamentaldaia\",\"https:\/\/x.com\/ajuntaldaia\",\"https:\/\/www.instagram.com\/ajuntamentaldaia_\/\",\"https:\/\/www.youtube.com\/@ajuntamentdaldaia8046\"]},{\"@type\":\"Person\",\"@id\":\"https:\/\/aldaia.es\/empleo\/#\/schema\/person\/31b123d763374cf10b2376d65b07b1c6\",\"name\":\"Cristina\",\"image\":{\"@type\":\"ImageObject\",\"inLanguage\":\"es\",\"@id\":\"https:\/\/aldaia.es\/empleo\/#\/schema\/person\/image\/\",\"url\":\"https:\/\/secure.gravatar.com\/avatar\/0a2836fbe98d85a51adf600b91d7a84111de5f79ae5417135998ddbb9db38230?s=96&d=mm&r=g\",\"contentUrl\":\"https:\/\/secure.gravatar.com\/avatar\/0a2836fbe98d85a51adf600b91d7a84111de5f79ae5417135998ddbb9db38230?s=96&d=mm&r=g\",\"caption\":\"Cristina\"},\"sameAs\":[\"https:\/\/aldaia.es\/empleo\"],\"url\":\"https:\/\/aldaia.es\/empleo\/author\/cristina\/\"}]}<\/script>\n<!-- \/ Yoast SEO plugin. -->","yoast_head_json":{"title":"Proceso de estabilizaci\u00f3n- Concurso- Auxiliares administrativos\/as - Empleo Aldaia","robots":{"index":"index","follow":"follow","max-snippet":"max-snippet:-1","max-image-preview":"max-image-preview:large","max-video-preview":"max-video-preview:-1"},"canonical":"https:\/\/aldaia.es\/empleo\/es\/2023\/05\/29\/proceso-de-estabilizacion-concurso-auxiliares-administrativos-as\/","og_locale":"es_ES","og_type":"article","og_title":"Proceso de estabilizaci\u00f3n- Concurso- Auxiliares administrativos\/as - Empleo Aldaia","og_description":"Fase I.- Certificaci\u00f3n JGL modificaci\u00f3n de las bases espec\u00edficas OPE estabilizaci\u00f3n Fase II- Publicaci\u00f3n de la convocatoria en el BOE Plazo de presentaci\u00f3n de instancias del 30\/05\/2023 al 26\/06\/2023 (ambos inclusive). Fase II. Instrucciones de abono tasas Fase II. Anexo de solicitud y protecci\u00f3n de datos Fase II. \u00cdndice de m\u00e9ritos Fase III. Aprobaci\u00f3n provisional [...]Leer m\u00e1s... from Proceso de estabilizaci\u00f3n- Concurso- Auxiliares administrativos\/as","og_url":"https:\/\/aldaia.es\/empleo\/es\/2023\/05\/29\/proceso-de-estabilizacion-concurso-auxiliares-administrativos-as\/","og_site_name":"Empleo Aldaia","article_publisher":"https:\/\/www.facebook.com\/ajuntamentaldaia","article_published_time":"2023-05-29T11:45:05+00:00","article_modified_time":"2025-10-21T10:49:52+00:00","author":"Cristina","twitter_card":"summary_large_image","twitter_creator":"@ajuntaldaia","twitter_site":"@ajuntaldaia","twitter_misc":{"Escrito por":"Cristina","Tiempo de lectura":"2 minutos"},"schema":{"@context":"https:\/\/schema.org","@graph":[{"@type":"Article","@id":"https:\/\/aldaia.es\/empleo\/es\/2023\/05\/29\/proceso-de-estabilizacion-concurso-auxiliares-administrativos-as\/#article","isPartOf":{"@id":"https:\/\/aldaia.es\/empleo\/es\/2023\/05\/29\/proceso-de-estabilizacion-concurso-auxiliares-administrativos-as\/"},"author":{"name":"Cristina","@id":"https:\/\/aldaia.es\/empleo\/#\/schema\/person\/31b123d763374cf10b2376d65b07b1c6"},"headline":"Proceso de estabilizaci\u00f3n- Concurso- Auxiliares administrativos\/as","datePublished":"2023-05-29T11:45:05+00:00","dateModified":"2025-10-21T10:49:52+00:00","mainEntityOfPage":{"@id":"https:\/\/aldaia.es\/empleo\/es\/2023\/05\/29\/proceso-de-estabilizacion-concurso-auxiliares-administrativos-as\/"},"wordCount":372,"publisher":{"@id":"https:\/\/aldaia.es\/empleo\/#organization"},"articleSection":["Cerrado","Empleo Ayuntamiento Aldaia","Oposiciones","Procesos selectivos"],"inLanguage":"es"},{"@type":"WebPage","@id":"https:\/\/aldaia.es\/empleo\/es\/2023\/05\/29\/proceso-de-estabilizacion-concurso-auxiliares-administrativos-as\/","url":"https:\/\/aldaia.es\/empleo\/es\/2023\/05\/29\/proceso-de-estabilizacion-concurso-auxiliares-administrativos-as\/","name":"Proceso de estabilizaci\u00f3n- Concurso- Auxiliares administrativos\/as - Empleo Aldaia","isPartOf":{"@id":"https:\/\/aldaia.es\/empleo\/#website"},"datePublished":"2023-05-29T11:45:05+00:00","dateModified":"2025-10-21T10:49:52+00:00","breadcrumb":{"@id":"https:\/\/aldaia.es\/empleo\/es\/2023\/05\/29\/proceso-de-estabilizacion-concurso-auxiliares-administrativos-as\/#breadcrumb"},"inLanguage":"es","potentialAction":[{"@type":"ReadAction","target":["https:\/\/aldaia.es\/empleo\/es\/2023\/05\/29\/proceso-de-estabilizacion-concurso-auxiliares-administrativos-as\/"]}]},{"@type":"BreadcrumbList","@id":"https:\/\/aldaia.es\/empleo\/es\/2023\/05\/29\/proceso-de-estabilizacion-concurso-auxiliares-administrativos-as\/#breadcrumb","itemListElement":[{"@type":"ListItem","position":1,"name":"Portada","item":"https:\/\/aldaia.es\/empleo\/"},{"@type":"ListItem","position":2,"name":"Proceso de estabilizaci\u00f3n- Concurso- Auxiliares administrativos\/as"}]},{"@type":"WebSite","@id":"https:\/\/aldaia.es\/empleo\/#website","url":"https:\/\/aldaia.es\/empleo\/","name":"Empleo Aldaia","description":"","publisher":{"@id":"https:\/\/aldaia.es\/empleo\/#organization"},"potentialAction":[{"@type":"SearchAction","target":{"@type":"EntryPoint","urlTemplate":"https:\/\/aldaia.es\/empleo\/?s={search_term_string}"},"query-input":{"@type":"PropertyValueSpecification","valueRequired":true,"valueName":"search_term_string"}}],"inLanguage":"es"},{"@type":"Organization","@id":"https:\/\/aldaia.es\/empleo\/#organization","name":"Empleo Aldaia","url":"https:\/\/aldaia.es\/empleo\/","logo":{"@type":"ImageObject","inLanguage":"es","@id":"https:\/\/aldaia.es\/empleo\/#\/schema\/logo\/image\/","url":"https:\/\/aldaia.es\/empleo\/wp-content\/uploads\/2025\/06\/logo-ajuntament-aldaia.jpg","contentUrl":"https:\/\/aldaia.es\/empleo\/wp-content\/uploads\/2025\/06\/logo-ajuntament-aldaia.jpg","width":768,"height":438,"caption":"Empleo Aldaia"},"image":{"@id":"https:\/\/aldaia.es\/empleo\/#\/schema\/logo\/image\/"},"sameAs":["https:\/\/www.facebook.com\/ajuntamentaldaia","https:\/\/x.com\/ajuntaldaia","https:\/\/www.instagram.com\/ajuntamentaldaia_\/","https:\/\/www.youtube.com\/@ajuntamentdaldaia8046"]},{"@type":"Person","@id":"https:\/\/aldaia.es\/empleo\/#\/schema\/person\/31b123d763374cf10b2376d65b07b1c6","name":"Cristina","image":{"@type":"ImageObject","inLanguage":"es","@id":"https:\/\/aldaia.es\/empleo\/#\/schema\/person\/image\/","url":"https:\/\/secure.gravatar.com\/avatar\/0a2836fbe98d85a51adf600b91d7a84111de5f79ae5417135998ddbb9db38230?s=96&d=mm&r=g","contentUrl":"https:\/\/secure.gravatar.com\/avatar\/0a2836fbe98d85a51adf600b91d7a84111de5f79ae5417135998ddbb9db38230?s=96&d=mm&r=g","caption":"Cristina"},"sameAs":["https:\/\/aldaia.es\/empleo"],"url":"https:\/\/aldaia.es\/empleo\/author\/cristina\/"}]}},"_links":{"self":[{"href":"https:\/\/aldaia.es\/empleo\/wp-json\/wp\/v2\/posts\/12715","targetHints":{"allow":["GET"]}}],"collection":[{"href":"https:\/\/aldaia.es\/empleo\/wp-json\/wp\/v2\/posts"}],"about":[{"href":"https:\/\/aldaia.es\/empleo\/wp-json\/wp\/v2\/types\/post"}],"author":[{"embeddable":true,"href":"https:\/\/aldaia.es\/empleo\/wp-json\/wp\/v2\/users\/1"}],"replies":[{"embeddable":true,"href":"https:\/\/aldaia.es\/empleo\/wp-json\/wp\/v2\/comments?post=12715"}],"version-history":[{"count":1,"href":"https:\/\/aldaia.es\/empleo\/wp-json\/wp\/v2\/posts\/12715\/revisions"}],"predecessor-version":[{"id":38093,"href":"https:\/\/aldaia.es\/empleo\/wp-json\/wp\/v2\/posts\/12715\/revisions\/38093"}],"wp:attachment":[{"href":"https:\/\/aldaia.es\/empleo\/wp-json\/wp\/v2\/media?parent=12715"}],"wp:term":[{"taxonomy":"category","embeddable":true,"href":"https:\/\/aldaia.es\/empleo\/wp-json\/wp\/v2\/categories?post=12715"},{"taxonomy":"post_tag","embeddable":true,"href":"https:\/\/aldaia.es\/empleo\/wp-json\/wp\/v2\/tags?post=12715"}],"curies":[{"name":"wp","href":"https:\/\/api.w.org\/{rel}","templated":true}]}}