{"id":20558,"date":"2024-02-05T14:47:38","date_gmt":"2024-02-05T13:47:38","guid":{"rendered":"https:\/\/aldaia.es\/?p=20558"},"modified":"2025-10-21T12:47:43","modified_gmt":"2025-10-21T10:47:43","slug":"proceso-estabilizacion-concurso-oposicion-1-plaza-de-conserje","status":"publish","type":"post","link":"https:\/\/aldaia.es\/empleo\/es\/2024\/02\/05\/proceso-estabilizacion-concurso-oposicion-1-plaza-de-conserje\/","title":{"rendered":"Proceso estabilizaci\u00f3n concurso-oposici\u00f3n 1 plaza de Conserje"},"content":{"rendered":"\n<p>Fase I. Certificaci\u00f3n JGL modificaci\u00f3n de las bases especificas OPE estabilizaci\u00f3n<br>NOTA INFORMATIVA \u2013 Actualizaci\u00f3n de temarios<br>Fase II. Convocatoria. Publicaci\u00f3n BOE n\u00ba 31 de 5 febrero de 2024<\/p>\n\n\n\n<p>\u2013Plazo de presentaci\u00f3n de solicitudes: del 6 de febrero al 4 marzo de 2024 (ambos inclusive)\u2013<br>Fase II. ANEXO I. DECLARACI\u00d3N RESPONSABLE<br>Fase II. Instrucciones abono tasas<br>Fase III. Aprobaci\u00f3n provisional de personas aspirantes admitidas y excluidas y designaci\u00f3n de la comisi\u00f3n de valoraci\u00f3n<\/p>\n\n\n\n<p>\u2013Plazo de alegaciones: del 27 de marzo al 12 de abril de 2024 (ambos inclusive)\u2013<\/p>\n\n\n\n<p>Fase III. Correcci\u00f3n de errores sobre la aprobaci\u00f3n provisional de personas aspirantes admitidas y&nbsp;excluidas y designaci\u00f3n de la comisi\u00f3n de valoraci\u00f3n<\/p>\n\n\n\n<p>\u2013Nuevo plazo de alegaciones: del 27 de marzo al 16 de abril de 2024 (ambos inclusive)\u2013<\/p>\n\n\n\n<p>Fase IV. Aprobaci\u00f3n lista definitiva de aspirantes&nbsp; y fecha realizaci\u00f3n del primer ejercicio.&nbsp;<\/p>\n\n\n\n<p>Acta del tribunal- Observaciones segundo ejercicio<\/p>\n\n\n\n<p>NOTA INFORMATIVA &#8211; Correcci\u00f3n de la f\u00f3rmula de correcci\u00f3n del ejercicio tipo test<\/p>\n\n\n\n<p>Fase V. Acta del tribunal. Preparaci\u00f3n, desarrollo y correcci\u00f3n de la fase de oposici\u00f3n.<\/p>\n\n\n\n<p>Fase VI. Acta del tribunal. Puntuaciones provisionales fase oposici\u00f3n &#8211; Apertura plazo presentaci\u00f3n de m\u00e9ritos.<\/p>\n\n\n\n<p>&#8212; Plazo alegaciones y\/o reclamaciones: del 09\/07\/2024 al 22\/07\/2024 &#8212;<\/p>\n\n\n\n<p>&#8212; Plazo presentaci\u00f3n de m\u00e9ritos: del 09\/07\/2024 al 22\/07\/2024 &#8212;<\/p>\n\n\n\n<p>ANEXO II. \u00cdndice de m\u00e9ritos.<\/p>\n\n\n\n<p>NOTA INFORMATIVA &#8211; Correcci\u00f3n del error de transcripci\u00f3n de las puntuaciones provisionales de la fase de oposici\u00f3n<\/p>\n\n\n\n<p>Fase VII. Acta del tribunal. Puntuaci\u00f3n definitiva fase oposici\u00f3n. Valoraci\u00f3n de proyectos.<\/p>\n\n\n\n<p>Fase VIII. Acta del tribunal. Baremaci\u00f3n de m\u00e9ritos. <\/p>\n\n\n\n<p>Fase IX. Acta del tribunal. Nueva propuesta de la comisi\u00f3n de valoraci\u00f3n de persona  adjudicataria de la plaza. <\/p>\n\n\n\n<p>Fase X. Publicaci\u00f3n BOP contrataci\u00f3n laboral<\/p>\n\n\n\n<p><\/p>\n\n\n\n<ul class=\"wp-block-list\">\n<li><a href=\"https:\/\/aldaia.es\/wp-content\/uploads\/2024\/01\/Certificado-JGL-Modificacion-bases-concurso-oposicion.pdf\" target=\"_blank\" rel=\"noreferrer noopener\">Fase I. Certificado JGL Modificaci\u00f3n bases concurso oposici\u00f3n<\/a><\/li>\n\n\n\n<li><a href=\"https:\/\/aldaia.es\/wp-content\/uploads\/2024\/01\/NOTA-INFORMATIVA_-Actualizacion-temarios.pdf\" target=\"_blank\" rel=\"noreferrer noopener\">NOTA INFORMATIVA_ Actualizaci\u00f3n temarios<\/a><\/li>\n\n\n\n<li><a href=\"https:\/\/aldaia.es\/wp-content\/uploads\/2024\/02\/Fase-II.-Convocatoria-Publicacion-BOE-num.-31-de-5-de-febrero-de-2024-1.pdf\" target=\"_blank\" rel=\"noreferrer noopener\">Fase II.- Convocatoria Publicaci\u00f3n BOE n\u00fam. 31 de 5 de febrero de 2024<\/a><\/li>\n\n\n\n<li><a href=\"https:\/\/aldaia.es\/wp-content\/uploads\/2024\/02\/ANEXO-I-CONSERJE-1.pdf\" target=\"_blank\" rel=\"noreferrer noopener\">Fase II.- ANEXO I. DECLARACI\u00d3N RESPONSABLE<\/a><\/li>\n\n\n\n<li><a href=\"https:\/\/aldaia.es\/wp-content\/uploads\/2024\/02\/Fase-II.-Instrucciones-abono-tasas_.pdf\" target=\"_blank\" rel=\"noreferrer noopener\">Fase II. Instrucciones abono tasas<\/a><\/li>\n\n\n\n<li><a href=\"https:\/\/aldaia.es\/wp-content\/uploads\/2024\/02\/2024_03465_ES.pdf\" target=\"_blank\" rel=\"noreferrer noopener\">Fase III. Aprobaci\u00f3n provisional de personas aspirantes admitidas y excluidas y designaci\u00f3n de la comisi\u00f3n de valoraci\u00f3n<\/a><\/li>\n\n\n\n<li><a href=\"https:\/\/aldaia.es\/wp-content\/uploads\/2024\/03\/Fase-III.-Correccion-de-errores-sobre-la-aprobacion-provisional-de-personas-aspirantes-admitidas-y-excluidas-y-designacion-de-la-comision-de-valoracion-1.pdf\" target=\"_blank\" rel=\"noreferrer noopener\">Fase-III. Correcci\u00f3n de errores sobre la aprobaci\u00f3n provisional de personas aspirantes admitidas y excluidas y designaci\u00f3n de la comisi\u00f3n de valoraci\u00f3n<\/a><\/li>\n\n\n\n<li><a href=\"https:\/\/aldaia.es\/wp-content\/uploads\/2024\/05\/Publicacion-BOP-lista-definitiva-y-fecha-de-examen.pdf\" target=\"_blank\" rel=\"noreferrer noopener\">Fase IV. Aprobaci\u00f3n lista definitiva de aspirantes y fecha de realizaci\u00f3n del primer ejercicio.<\/a><\/li>\n\n\n\n<li><a href=\"https:\/\/aldaia.es\/wp-content\/uploads\/2024\/05\/Acta-1-tribunal-estabilizacion.pdf\" target=\"_blank\" rel=\"noreferrer noopener\">Acta del tribunal- Observaciones segundo ejercicio. <\/a><\/li>\n\n\n\n<li><a href=\"https:\/\/aldaia.es\/wp-content\/uploads\/2024\/05\/NOTA-INFORMATIVA-formula-correccion-test-FIRMADA.pdf\">Nota informativa &#8211; Correcci\u00f3n de la f\u00f3rmula de correcci\u00f3n tipo test<\/a><\/li>\n\n\n\n<li><a href=\"https:\/\/aldaia.es\/wp-content\/uploads\/2024\/06\/ACTA-2-TRIBUNAL-ESTAB-CONSERJE-C-O_-firmada.pdf\" target=\"_blank\" rel=\"noreferrer noopener\">Fase V. Acta del tribunal. Preparaci\u00f3n, desarrollo y correcci\u00f3n de la fase de oposici\u00f3n.<\/a><\/li>\n\n\n\n<li><a href=\"https:\/\/aldaia.es\/wp-content\/uploads\/2024\/07\/FASE-VI.PUNTUACIONES-PROVISIONALES-FASE-OPOSICION-APERTURA-PLAZO-PRESENTACION-DE-MERITOS.pdf\" target=\"_blank\" rel=\"noreferrer noopener\">Fase VI. Acta del tribunal. Puntuaciones provisionales fase oposici\u00f3n &#8211; Apertura plazo de presentaci\u00f3n de m\u00e9ritos<\/a><\/li>\n\n\n\n<li><a href=\"https:\/\/aldaia.es\/wp-content\/uploads\/2024\/07\/ANEXO-II-INDICE-MERITOS-.docx\" target=\"_blank\" rel=\"noreferrer noopener\">Anexo II. \u00cdndice de m\u00e9ritos<\/a><\/li>\n\n\n\n<li><a href=\"https:\/\/aldaia.es\/wp-content\/uploads\/2024\/07\/NOTA-INFORMATIVA-correccion-error-de-transcripicion-de-las-puntuaciones-provisionales-fase-oposicion.pdf\" target=\"_blank\" rel=\"noreferrer noopener\">NOTA INFORMATIVA -Correcci\u00f3n del error de transcripci\u00f3n de las puntuaciones provisionales fase oposici\u00f3n<\/a><\/li>\n\n\n\n<li><a href=\"https:\/\/aldaia.es\/wp-content\/uploads\/2024\/10\/ACTA-4-TRIBUNAL-ESTAB-CONSERJE-C-O_-FIRMADA.pdf\" target=\"_blank\" rel=\"noreferrer noopener\">Fase VII. Acta del tribunal. Puntuaci\u00f3n definitiva fase oposici\u00f3n. Valoraci\u00f3n de proyectos.<\/a><\/li>\n\n\n\n<li><a href=\"https:\/\/aldaia.es\/wp-content\/uploads\/2024\/10\/ACTA-5-TRIBUNAL-ESTAB-CONSERJE-C-O_FIRMADA.pdf\" target=\"_blank\" rel=\"noreferrer noopener\">Fase VIII. Acta del tribunal. Baremaci\u00f3n de m\u00e9ritos<\/a><\/li>\n\n\n\n<li><a href=\"https:\/\/aldaia.es\/wp-content\/uploads\/2024\/11\/ACTA-6-TRIBUNAL-ESTAB-CONSERJE-C-O-FIRMADA.pdf\" target=\"_blank\" rel=\"noreferrer noopener\">Fase IX. Acta del tribunal. Nueva propuesta de la comisi\u00f3n de valoraci\u00f3n de persona adjudicataria de la plaza.<\/a> <\/li>\n\n\n\n<li><a href=\"https:\/\/aldaia.es\/wp-content\/uploads\/2024\/12\/Publicacion-BOP-contratacion-laboral.pdf\" target=\"_blank\" rel=\"noreferrer noopener\">Fase X. Publicaci\u00f3n BOP contrataci\u00f3n laboral<\/a><\/li>\n<\/ul>\n\n\n\n<div style=\"height:30px\" aria-hidden=\"true\" class=\"wp-block-spacer\"><\/div>\n\n\n\n<div style=\"height:31px\" aria-hidden=\"true\" class=\"wp-block-spacer\"><\/div>\n","protected":false},"excerpt":{"rendered":"<p>Fase I. Certificaci\u00f3n JGL modificaci\u00f3n de las bases especificas OPE estabilizaci\u00f3nNOTA INFORMATIVA \u2013 Actualizaci\u00f3n de temariosFase II. Convocatoria. Publicaci\u00f3n BOE n\u00ba 31 de 5 febrero de 2024 \u2013Plazo de presentaci\u00f3n de solicitudes: del 6 de febrero al 4 marzo de 2024 (ambos inclusive)\u2013Fase II. ANEXO I. DECLARACI\u00d3N RESPONSABLEFase II. Instrucciones abono tasasFase III. Aprobaci\u00f3n provisional [&#8230;]<\/p>\n<p><a class=\"btn btn-secondary understrap-read-more-link\" href=\"https:\/\/aldaia.es\/empleo\/es\/2024\/02\/05\/proceso-estabilizacion-concurso-oposicion-1-plaza-de-conserje\/\">Leer m\u00e1s&#8230;<span class=\"screen-reader-text\"> from Proceso estabilizaci\u00f3n concurso-oposici\u00f3n 1 plaza de Conserje<\/span><\/a><\/p>\n","protected":false},"author":1,"featured_media":0,"comment_status":"closed","ping_status":"closed","sticky":false,"template":"","format":"standard","meta":{"footnotes":""},"categories":[25,23,27,13],"tags":[],"class_list":["post-20558","post","type-post","status-publish","format-standard","hentry","category-cerrado","category-empleo-ayuntamiento-aldaia","category-oposiciones","category-procesos-selectivos"],"yoast_head":"<!-- This site is optimized with the Yoast SEO plugin v26.9 - https:\/\/yoast.com\/product\/yoast-seo-wordpress\/ -->\n<title>Proceso estabilizaci\u00f3n concurso-oposici\u00f3n 1 plaza de Conserje - Empleo Aldaia<\/title>\n<meta name=\"robots\" content=\"index, follow, max-snippet:-1, max-image-preview:large, max-video-preview:-1\" \/>\n<link rel=\"canonical\" href=\"https:\/\/aldaia.es\/empleo\/es\/2024\/02\/05\/proceso-estabilizacion-concurso-oposicion-1-plaza-de-conserje\/\" \/>\n<meta property=\"og:locale\" content=\"es_ES\" \/>\n<meta property=\"og:type\" content=\"article\" \/>\n<meta property=\"og:title\" content=\"Proceso estabilizaci\u00f3n concurso-oposici\u00f3n 1 plaza de Conserje - Empleo Aldaia\" \/>\n<meta property=\"og:description\" content=\"Fase I. Certificaci\u00f3n JGL modificaci\u00f3n de las bases especificas OPE estabilizaci\u00f3nNOTA INFORMATIVA \u2013 Actualizaci\u00f3n de temariosFase II. Convocatoria. Publicaci\u00f3n BOE n\u00ba 31 de 5 febrero de 2024 \u2013Plazo de presentaci\u00f3n de solicitudes: del 6 de febrero al 4 marzo de 2024 (ambos inclusive)\u2013Fase II. ANEXO I. DECLARACI\u00d3N RESPONSABLEFase II. Instrucciones abono tasasFase III. Aprobaci\u00f3n provisional [...]Leer m\u00e1s... from Proceso estabilizaci\u00f3n concurso-oposici\u00f3n 1 plaza de Conserje\" \/>\n<meta property=\"og:url\" content=\"https:\/\/aldaia.es\/empleo\/es\/2024\/02\/05\/proceso-estabilizacion-concurso-oposicion-1-plaza-de-conserje\/\" \/>\n<meta property=\"og:site_name\" content=\"Empleo Aldaia\" \/>\n<meta property=\"article:publisher\" content=\"https:\/\/www.facebook.com\/ajuntamentaldaia\" \/>\n<meta property=\"article:published_time\" content=\"2024-02-05T13:47:38+00:00\" \/>\n<meta property=\"article:modified_time\" content=\"2025-10-21T10:47:43+00:00\" \/>\n<meta name=\"author\" content=\"Cristina\" \/>\n<meta name=\"twitter:card\" content=\"summary_large_image\" \/>\n<meta name=\"twitter:creator\" content=\"@ajuntaldaia\" \/>\n<meta name=\"twitter:site\" content=\"@ajuntaldaia\" \/>\n<meta name=\"twitter:label1\" content=\"Escrito por\" \/>\n\t<meta name=\"twitter:data1\" content=\"Cristina\" \/>\n\t<meta name=\"twitter:label2\" content=\"Tiempo de lectura\" \/>\n\t<meta name=\"twitter:data2\" content=\"3 minutos\" \/>\n<script type=\"application\/ld+json\" class=\"yoast-schema-graph\">{\"@context\":\"https:\/\/schema.org\",\"@graph\":[{\"@type\":\"Article\",\"@id\":\"https:\/\/aldaia.es\/empleo\/es\/2024\/02\/05\/proceso-estabilizacion-concurso-oposicion-1-plaza-de-conserje\/#article\",\"isPartOf\":{\"@id\":\"https:\/\/aldaia.es\/empleo\/es\/2024\/02\/05\/proceso-estabilizacion-concurso-oposicion-1-plaza-de-conserje\/\"},\"author\":{\"name\":\"Cristina\",\"@id\":\"https:\/\/aldaia.es\/empleo\/#\/schema\/person\/31b123d763374cf10b2376d65b07b1c6\"},\"headline\":\"Proceso estabilizaci\u00f3n concurso-oposici\u00f3n 1 plaza de Conserje\",\"datePublished\":\"2024-02-05T13:47:38+00:00\",\"dateModified\":\"2025-10-21T10:47:43+00:00\",\"mainEntityOfPage\":{\"@id\":\"https:\/\/aldaia.es\/empleo\/es\/2024\/02\/05\/proceso-estabilizacion-concurso-oposicion-1-plaza-de-conserje\/\"},\"wordCount\":541,\"publisher\":{\"@id\":\"https:\/\/aldaia.es\/empleo\/#organization\"},\"articleSection\":[\"Cerrado\",\"Empleo Ayuntamiento Aldaia\",\"Oposiciones\",\"Procesos selectivos\"],\"inLanguage\":\"es\"},{\"@type\":\"WebPage\",\"@id\":\"https:\/\/aldaia.es\/empleo\/es\/2024\/02\/05\/proceso-estabilizacion-concurso-oposicion-1-plaza-de-conserje\/\",\"url\":\"https:\/\/aldaia.es\/empleo\/es\/2024\/02\/05\/proceso-estabilizacion-concurso-oposicion-1-plaza-de-conserje\/\",\"name\":\"Proceso estabilizaci\u00f3n concurso-oposici\u00f3n 1 plaza de Conserje - Empleo Aldaia\",\"isPartOf\":{\"@id\":\"https:\/\/aldaia.es\/empleo\/#website\"},\"datePublished\":\"2024-02-05T13:47:38+00:00\",\"dateModified\":\"2025-10-21T10:47:43+00:00\",\"breadcrumb\":{\"@id\":\"https:\/\/aldaia.es\/empleo\/es\/2024\/02\/05\/proceso-estabilizacion-concurso-oposicion-1-plaza-de-conserje\/#breadcrumb\"},\"inLanguage\":\"es\",\"potentialAction\":[{\"@type\":\"ReadAction\",\"target\":[\"https:\/\/aldaia.es\/empleo\/es\/2024\/02\/05\/proceso-estabilizacion-concurso-oposicion-1-plaza-de-conserje\/\"]}]},{\"@type\":\"BreadcrumbList\",\"@id\":\"https:\/\/aldaia.es\/empleo\/es\/2024\/02\/05\/proceso-estabilizacion-concurso-oposicion-1-plaza-de-conserje\/#breadcrumb\",\"itemListElement\":[{\"@type\":\"ListItem\",\"position\":1,\"name\":\"Portada\",\"item\":\"https:\/\/aldaia.es\/empleo\/\"},{\"@type\":\"ListItem\",\"position\":2,\"name\":\"Proceso estabilizaci\u00f3n concurso-oposici\u00f3n 1 plaza de Conserje\"}]},{\"@type\":\"WebSite\",\"@id\":\"https:\/\/aldaia.es\/empleo\/#website\",\"url\":\"https:\/\/aldaia.es\/empleo\/\",\"name\":\"Empleo Aldaia\",\"description\":\"\",\"publisher\":{\"@id\":\"https:\/\/aldaia.es\/empleo\/#organization\"},\"potentialAction\":[{\"@type\":\"SearchAction\",\"target\":{\"@type\":\"EntryPoint\",\"urlTemplate\":\"https:\/\/aldaia.es\/empleo\/?s={search_term_string}\"},\"query-input\":{\"@type\":\"PropertyValueSpecification\",\"valueRequired\":true,\"valueName\":\"search_term_string\"}}],\"inLanguage\":\"es\"},{\"@type\":\"Organization\",\"@id\":\"https:\/\/aldaia.es\/empleo\/#organization\",\"name\":\"Empleo Aldaia\",\"url\":\"https:\/\/aldaia.es\/empleo\/\",\"logo\":{\"@type\":\"ImageObject\",\"inLanguage\":\"es\",\"@id\":\"https:\/\/aldaia.es\/empleo\/#\/schema\/logo\/image\/\",\"url\":\"https:\/\/aldaia.es\/empleo\/wp-content\/uploads\/2025\/06\/logo-ajuntament-aldaia.jpg\",\"contentUrl\":\"https:\/\/aldaia.es\/empleo\/wp-content\/uploads\/2025\/06\/logo-ajuntament-aldaia.jpg\",\"width\":768,\"height\":438,\"caption\":\"Empleo Aldaia\"},\"image\":{\"@id\":\"https:\/\/aldaia.es\/empleo\/#\/schema\/logo\/image\/\"},\"sameAs\":[\"https:\/\/www.facebook.com\/ajuntamentaldaia\",\"https:\/\/x.com\/ajuntaldaia\",\"https:\/\/www.instagram.com\/ajuntamentaldaia_\/\",\"https:\/\/www.youtube.com\/@ajuntamentdaldaia8046\"]},{\"@type\":\"Person\",\"@id\":\"https:\/\/aldaia.es\/empleo\/#\/schema\/person\/31b123d763374cf10b2376d65b07b1c6\",\"name\":\"Cristina\",\"image\":{\"@type\":\"ImageObject\",\"inLanguage\":\"es\",\"@id\":\"https:\/\/aldaia.es\/empleo\/#\/schema\/person\/image\/\",\"url\":\"https:\/\/secure.gravatar.com\/avatar\/0a2836fbe98d85a51adf600b91d7a84111de5f79ae5417135998ddbb9db38230?s=96&d=mm&r=g\",\"contentUrl\":\"https:\/\/secure.gravatar.com\/avatar\/0a2836fbe98d85a51adf600b91d7a84111de5f79ae5417135998ddbb9db38230?s=96&d=mm&r=g\",\"caption\":\"Cristina\"},\"sameAs\":[\"https:\/\/aldaia.es\/empleo\"],\"url\":\"https:\/\/aldaia.es\/empleo\/author\/cristina\/\"}]}<\/script>\n<!-- \/ Yoast SEO plugin. -->","yoast_head_json":{"title":"Proceso estabilizaci\u00f3n concurso-oposici\u00f3n 1 plaza de Conserje - Empleo Aldaia","robots":{"index":"index","follow":"follow","max-snippet":"max-snippet:-1","max-image-preview":"max-image-preview:large","max-video-preview":"max-video-preview:-1"},"canonical":"https:\/\/aldaia.es\/empleo\/es\/2024\/02\/05\/proceso-estabilizacion-concurso-oposicion-1-plaza-de-conserje\/","og_locale":"es_ES","og_type":"article","og_title":"Proceso estabilizaci\u00f3n concurso-oposici\u00f3n 1 plaza de Conserje - Empleo Aldaia","og_description":"Fase I. Certificaci\u00f3n JGL modificaci\u00f3n de las bases especificas OPE estabilizaci\u00f3nNOTA INFORMATIVA \u2013 Actualizaci\u00f3n de temariosFase II. Convocatoria. Publicaci\u00f3n BOE n\u00ba 31 de 5 febrero de 2024 \u2013Plazo de presentaci\u00f3n de solicitudes: del 6 de febrero al 4 marzo de 2024 (ambos inclusive)\u2013Fase II. ANEXO I. DECLARACI\u00d3N RESPONSABLEFase II. Instrucciones abono tasasFase III. Aprobaci\u00f3n provisional [...]Leer m\u00e1s... from Proceso estabilizaci\u00f3n concurso-oposici\u00f3n 1 plaza de Conserje","og_url":"https:\/\/aldaia.es\/empleo\/es\/2024\/02\/05\/proceso-estabilizacion-concurso-oposicion-1-plaza-de-conserje\/","og_site_name":"Empleo Aldaia","article_publisher":"https:\/\/www.facebook.com\/ajuntamentaldaia","article_published_time":"2024-02-05T13:47:38+00:00","article_modified_time":"2025-10-21T10:47:43+00:00","author":"Cristina","twitter_card":"summary_large_image","twitter_creator":"@ajuntaldaia","twitter_site":"@ajuntaldaia","twitter_misc":{"Escrito por":"Cristina","Tiempo de lectura":"3 minutos"},"schema":{"@context":"https:\/\/schema.org","@graph":[{"@type":"Article","@id":"https:\/\/aldaia.es\/empleo\/es\/2024\/02\/05\/proceso-estabilizacion-concurso-oposicion-1-plaza-de-conserje\/#article","isPartOf":{"@id":"https:\/\/aldaia.es\/empleo\/es\/2024\/02\/05\/proceso-estabilizacion-concurso-oposicion-1-plaza-de-conserje\/"},"author":{"name":"Cristina","@id":"https:\/\/aldaia.es\/empleo\/#\/schema\/person\/31b123d763374cf10b2376d65b07b1c6"},"headline":"Proceso estabilizaci\u00f3n concurso-oposici\u00f3n 1 plaza de Conserje","datePublished":"2024-02-05T13:47:38+00:00","dateModified":"2025-10-21T10:47:43+00:00","mainEntityOfPage":{"@id":"https:\/\/aldaia.es\/empleo\/es\/2024\/02\/05\/proceso-estabilizacion-concurso-oposicion-1-plaza-de-conserje\/"},"wordCount":541,"publisher":{"@id":"https:\/\/aldaia.es\/empleo\/#organization"},"articleSection":["Cerrado","Empleo Ayuntamiento Aldaia","Oposiciones","Procesos selectivos"],"inLanguage":"es"},{"@type":"WebPage","@id":"https:\/\/aldaia.es\/empleo\/es\/2024\/02\/05\/proceso-estabilizacion-concurso-oposicion-1-plaza-de-conserje\/","url":"https:\/\/aldaia.es\/empleo\/es\/2024\/02\/05\/proceso-estabilizacion-concurso-oposicion-1-plaza-de-conserje\/","name":"Proceso estabilizaci\u00f3n concurso-oposici\u00f3n 1 plaza de Conserje - Empleo Aldaia","isPartOf":{"@id":"https:\/\/aldaia.es\/empleo\/#website"},"datePublished":"2024-02-05T13:47:38+00:00","dateModified":"2025-10-21T10:47:43+00:00","breadcrumb":{"@id":"https:\/\/aldaia.es\/empleo\/es\/2024\/02\/05\/proceso-estabilizacion-concurso-oposicion-1-plaza-de-conserje\/#breadcrumb"},"inLanguage":"es","potentialAction":[{"@type":"ReadAction","target":["https:\/\/aldaia.es\/empleo\/es\/2024\/02\/05\/proceso-estabilizacion-concurso-oposicion-1-plaza-de-conserje\/"]}]},{"@type":"BreadcrumbList","@id":"https:\/\/aldaia.es\/empleo\/es\/2024\/02\/05\/proceso-estabilizacion-concurso-oposicion-1-plaza-de-conserje\/#breadcrumb","itemListElement":[{"@type":"ListItem","position":1,"name":"Portada","item":"https:\/\/aldaia.es\/empleo\/"},{"@type":"ListItem","position":2,"name":"Proceso estabilizaci\u00f3n concurso-oposici\u00f3n 1 plaza de Conserje"}]},{"@type":"WebSite","@id":"https:\/\/aldaia.es\/empleo\/#website","url":"https:\/\/aldaia.es\/empleo\/","name":"Empleo Aldaia","description":"","publisher":{"@id":"https:\/\/aldaia.es\/empleo\/#organization"},"potentialAction":[{"@type":"SearchAction","target":{"@type":"EntryPoint","urlTemplate":"https:\/\/aldaia.es\/empleo\/?s={search_term_string}"},"query-input":{"@type":"PropertyValueSpecification","valueRequired":true,"valueName":"search_term_string"}}],"inLanguage":"es"},{"@type":"Organization","@id":"https:\/\/aldaia.es\/empleo\/#organization","name":"Empleo Aldaia","url":"https:\/\/aldaia.es\/empleo\/","logo":{"@type":"ImageObject","inLanguage":"es","@id":"https:\/\/aldaia.es\/empleo\/#\/schema\/logo\/image\/","url":"https:\/\/aldaia.es\/empleo\/wp-content\/uploads\/2025\/06\/logo-ajuntament-aldaia.jpg","contentUrl":"https:\/\/aldaia.es\/empleo\/wp-content\/uploads\/2025\/06\/logo-ajuntament-aldaia.jpg","width":768,"height":438,"caption":"Empleo Aldaia"},"image":{"@id":"https:\/\/aldaia.es\/empleo\/#\/schema\/logo\/image\/"},"sameAs":["https:\/\/www.facebook.com\/ajuntamentaldaia","https:\/\/x.com\/ajuntaldaia","https:\/\/www.instagram.com\/ajuntamentaldaia_\/","https:\/\/www.youtube.com\/@ajuntamentdaldaia8046"]},{"@type":"Person","@id":"https:\/\/aldaia.es\/empleo\/#\/schema\/person\/31b123d763374cf10b2376d65b07b1c6","name":"Cristina","image":{"@type":"ImageObject","inLanguage":"es","@id":"https:\/\/aldaia.es\/empleo\/#\/schema\/person\/image\/","url":"https:\/\/secure.gravatar.com\/avatar\/0a2836fbe98d85a51adf600b91d7a84111de5f79ae5417135998ddbb9db38230?s=96&d=mm&r=g","contentUrl":"https:\/\/secure.gravatar.com\/avatar\/0a2836fbe98d85a51adf600b91d7a84111de5f79ae5417135998ddbb9db38230?s=96&d=mm&r=g","caption":"Cristina"},"sameAs":["https:\/\/aldaia.es\/empleo"],"url":"https:\/\/aldaia.es\/empleo\/author\/cristina\/"}]}},"_links":{"self":[{"href":"https:\/\/aldaia.es\/empleo\/wp-json\/wp\/v2\/posts\/20558","targetHints":{"allow":["GET"]}}],"collection":[{"href":"https:\/\/aldaia.es\/empleo\/wp-json\/wp\/v2\/posts"}],"about":[{"href":"https:\/\/aldaia.es\/empleo\/wp-json\/wp\/v2\/types\/post"}],"author":[{"embeddable":true,"href":"https:\/\/aldaia.es\/empleo\/wp-json\/wp\/v2\/users\/1"}],"replies":[{"embeddable":true,"href":"https:\/\/aldaia.es\/empleo\/wp-json\/wp\/v2\/comments?post=20558"}],"version-history":[{"count":1,"href":"https:\/\/aldaia.es\/empleo\/wp-json\/wp\/v2\/posts\/20558\/revisions"}],"predecessor-version":[{"id":39016,"href":"https:\/\/aldaia.es\/empleo\/wp-json\/wp\/v2\/posts\/20558\/revisions\/39016"}],"wp:attachment":[{"href":"https:\/\/aldaia.es\/empleo\/wp-json\/wp\/v2\/media?parent=20558"}],"wp:term":[{"taxonomy":"category","embeddable":true,"href":"https:\/\/aldaia.es\/empleo\/wp-json\/wp\/v2\/categories?post=20558"},{"taxonomy":"post_tag","embeddable":true,"href":"https:\/\/aldaia.es\/empleo\/wp-json\/wp\/v2\/tags?post=20558"}],"curies":[{"name":"wp","href":"https:\/\/api.w.org\/{rel}","templated":true}]}}