{"id":27787,"date":"2024-05-27T08:32:28","date_gmt":"2024-05-27T06:32:28","guid":{"rendered":"https:\/\/aldaia.es\/?p=27787"},"modified":"2025-09-24T09:34:34","modified_gmt":"2025-09-24T07:34:34","slug":"tecnico-a-de-prevencion-de-riesgos-laborales-nivel-intermedio","status":"publish","type":"post","link":"https:\/\/aldaia.es\/empleo\/es\/2024\/05\/27\/tecnico-a-de-prevencion-de-riesgos-laborales-nivel-intermedio\/","title":{"rendered":"T\u00e9cnico\/a de Prevenci\u00f3n de Riesgos Laborales nivel intermedio"},"content":{"rendered":"\n<p>1.Bases y convocatoria para la configuraci\u00f3n de una bolsa temporal de t\u00e9cnico\/a de Prevenci\u00f3n de Riesgos Laborales <\/p>\n\n\n\n<ul class=\"wp-block-list\">\n<li>Plazo de presentaci\u00f3n de solicitudes: del 28 de mayo al 25 de junio de 2024<\/li>\n<\/ul>\n\n\n\n<p>2. Aprobaci\u00f3n provisional de la lista de personas aspirantes y designaci\u00f3n del tribunal calificador<\/p>\n\n\n\n<p>\u2013Plazo de alegaciones: del 15 de julio al 26 de julio de 2024 (ambos inclusive)\u2013<\/p>\n\n\n\n<p>3. Aprobaci\u00f3n definitiva de la lista de personas admitidas, ratificaci\u00f3n designaci\u00f3n del tribunal calificador y convocatoria de examen<\/p>\n\n\n\n<p>4. Anuncio sobre suspensi\u00f3n temporal examen d\u00eda 7 de noviembre. <\/p>\n\n\n\n<p>5. NOTA INFORMATIVA nueva fecha fase oposici\u00f3n.<\/p>\n\n\n\n<p>6. Plantillas examen tipo test y supuestos pr\u00e1cticos.<\/p>\n\n\n\n<p>7. Acta del Tribunal. Preparaci\u00f3n, desarrollo y correcci\u00f3n de la fase de oposici\u00f3n.<\/p>\n\n\n\n<ul class=\"wp-block-list\">\n<li>Se recuerda que no habr\u00e1 lectura p\u00fablica, tal como indica el Acta del Tribunal.<\/li>\n<\/ul>\n\n\n\n<p>8. Acta del Tribunal. Correcci\u00f3n de ejercicios y puntuaciones provisionales fase de oposici\u00f3n.<\/p>\n\n\n\n<p>&#8212; Plazo alegaciones y\/o reclamaciones: del 20\/01\/2025 al 31\/01\/2025&nbsp;(ambos inclusive)&#8211;<\/p>\n\n\n\n<p>9. Acta del Tribunal. Resoluci\u00f3n de alegaciones, valoraci\u00f3n de proyectos y m\u00e9ritos, puntuaciones provisionales y constituci\u00f3n de la bolsa de trabajo. &#8212; Plazo alegaciones y\/o reclamaciones: del 11\/02\/2025 al 24\/02\/2025&nbsp;(ambos inclusive)&#8211;<\/p>\n\n\n\n<p>10.ACTA del Tribunal. Resoluci\u00f3n de las alegaciones y\/o reclamaciones presentadas. Puntuaci\u00f3n definitiva. Constituci\u00f3n de bolsa.<\/p>\n\n\n\n<p>11.11.Resoluci\u00f3n de configuraci\u00f3n de la bolsa de trabajo temporal.<\/p>\n\n\n\n<p>&#8212;<\/p>\n\n\n\n<p><a href=\"https:\/\/aldaia.es\/wp-content\/uploads\/2024\/05\/Publicacion-BOP-Bases-PRL-27-05-2024.pdf\">1. Publicaci\u00f3n BOP 27-05-2024 Bases t\u00e9cnico-a PRL<\/a><\/p>\n\n\n\n<p><a href=\"https:\/\/aldaia.es\/wp-content\/uploads\/2024\/05\/ANEXO-I-Solicitud-y-PDP.pdf\">Anexo I de Solicitud y Protecci\u00f3n de Datos<\/a> <\/p>\n\n\n\n<p><a href=\"https:\/\/aldaia.es\/wp-content\/uploads\/2024\/05\/MODELO-ANEXO-II-INDICE-MERITOS.docx\">Anexo II \u00cdndice de m\u00e9rito<\/a><\/p>\n\n\n\n<p><a href=\"https:\/\/aldaia.es\/wp-content\/uploads\/2024\/04\/Fase-II.-Instrucciones-abono-tasas.pdf\">Instrucciones-abono-tasas.pdf<\/a><\/p>\n\n\n\n<p><a href=\"https:\/\/aldaia.es\/wp-content\/uploads\/2024\/07\/RA-LISTA-PROVISIONAL-Y-DESIGNACION-OTS.pdf\" target=\"_blank\" rel=\"noreferrer noopener\">2. Aprobaci\u00f3n provisional de la lista de personas aspirantes y designaci\u00f3n del tribunal calificador<\/a><\/p>\n\n\n\n<p><a href=\"https:\/\/aldaia.es\/wp-content\/uploads\/2024\/09\/RA-2024-3112-Aprobacion-definitiva-de-personas-aspirantes-PRL.pdf\" target=\"_blank\" rel=\"noreferrer noopener\">3. Aprobaci\u00f3n definitiva de la lista de personas admitidas, ratificaci\u00f3n designaci\u00f3n del tribunal calificador  y convocatoria de examen<\/a><\/p>\n\n\n\n<p> <a href=\"https:\/\/aldaia.es\/wp-content\/uploads\/2024\/11\/Suspension-examen-PRL-1.pdf\" target=\"_blank\" rel=\"noreferrer noopener\">4. Anuncio sobre suspensi\u00f3n temporal examen d\u00eda 7 de noviembre. <\/a><\/p>\n\n\n\n<p><a href=\"https:\/\/aldaia.es\/wp-content\/uploads\/2024\/11\/NOTA-INFORMATIVA-PROCESO-TECNICO-A-PREVENCION.pdf\" target=\"_blank\" rel=\"noreferrer noopener\">5. NOTA INFORMATIVA nueva fecha fase oposici\u00f3n.<\/a><\/p>\n\n\n\n<p><a href=\"https:\/\/aldaia.es\/wp-content\/uploads\/2024\/12\/Plantilla-examen-tipo-test_-bolsa-PRL.pdf\" target=\"_blank\" rel=\"noreferrer noopener\">6.Plantilla examen tipo test bolsa PRL<\/a><\/p>\n\n\n\n<p><a href=\"https:\/\/aldaia.es\/wp-content\/uploads\/2024\/12\/Plantilla-examen-supuestos_-bolsa-PRL.pdf\" target=\"_blank\" rel=\"noreferrer noopener\">6. Plantilla examen supuestos bolsa PRL<\/a><\/p>\n\n\n\n<p><a href=\"https:\/\/aldaia.es\/wp-content\/uploads\/2024\/12\/ACTA-2-TRIBUNAL-BOLSA-TEC-MEDIO-PRL-firmada-por-todos.pdf\" target=\"_blank\" rel=\"noreferrer noopener\">7. Acta del Tribunal. Preparaci\u00f3n, desarrollo y correcci\u00f3n de la fase de oposici\u00f3n.<\/a><\/p>\n\n\n\n<p><a href=\"https:\/\/aldaia.es\/wp-content\/uploads\/2025\/01\/ACTA-3-TRIBUNAL-BOLSA-TEC-MEDIO-PRL-firmada-por-todos.pdf\" target=\"_blank\" rel=\"noreferrer noopener\">8. Acta del Tribunal. Correcci\u00f3n de ejercicios y puntuaciones provisionales fase de oposici\u00f3n<\/a><\/p>\n\n\n\n<p><a href=\"https:\/\/aldaia.es\/wp-content\/uploads\/2025\/02\/ACTA-4-PRL_firmada-por-todos.pdf\" target=\"_blank\" rel=\"noreferrer noopener\">9. Acta del Tribunal. Resoluci\u00f3n alegaciones, valoraci\u00f3n proyectos y m\u00e9ritos, puntuaciones provisionales y constituci\u00f3n de la bolsa<\/a><\/p>\n\n\n\n<p><a href=\"https:\/\/aldaia.es\/wp-content\/uploads\/2025\/02\/ACTA-5-TRIBUNAL-BOLSA-TEC-MEDIO-PRL-FIRMADA-NIEVES-MARIA-y-SONIA_PILA.pdf\" target=\"_blank\" rel=\"noreferrer noopener\">10.ACTA del Tribunal. Resoluci\u00f3n de las alegaciones y\/o reclamaciones presentadas. Puntuaci\u00f3n definitiva. Constituci\u00f3n de bolsa.<\/a><\/p>\n\n\n\n<p><a href=\"https:\/\/aldaia.es\/wp-content\/uploads\/2025\/03\/Configuracion-de-bolsa-de-empleo-PRL.pdf\" target=\"_blank\" rel=\"noreferrer noopener\">11. Configuraci\u00f3n de bolsa de empleo PRL.pdf<\/a><\/p>\n","protected":false},"excerpt":{"rendered":"<p>1.Bases y convocatoria para la configuraci\u00f3n de una bolsa temporal de t\u00e9cnico\/a de Prevenci\u00f3n de Riesgos Laborales 2. Aprobaci\u00f3n provisional de la lista de personas aspirantes y designaci\u00f3n del tribunal calificador \u2013Plazo de alegaciones: del 15 de julio al 26 de julio de 2024 (ambos inclusive)\u2013 3. Aprobaci\u00f3n definitiva de la lista de personas admitidas, [&#8230;]<\/p>\n<p><a class=\"btn btn-secondary understrap-read-more-link\" href=\"https:\/\/aldaia.es\/empleo\/es\/2024\/05\/27\/tecnico-a-de-prevencion-de-riesgos-laborales-nivel-intermedio\/\">Leer m\u00e1s&#8230;<span class=\"screen-reader-text\"> from T\u00e9cnico\/a de Prevenci\u00f3n de Riesgos Laborales nivel intermedio<\/span><\/a><\/p>\n","protected":false},"author":1,"featured_media":0,"comment_status":"closed","ping_status":"closed","sticky":false,"template":"","format":"standard","meta":{"footnotes":""},"categories":[31,25,23,35,13],"tags":[],"class_list":["post-27787","post","type-post","status-publish","format-standard","hentry","category-bolsas-empleo","category-cerrado","category-empleo-ayuntamiento-aldaia","category-en-tramite","category-procesos-selectivos"],"yoast_head":"<!-- This site is optimized with the Yoast SEO plugin v26.9 - https:\/\/yoast.com\/product\/yoast-seo-wordpress\/ -->\n<title>T\u00e9cnico\/a de Prevenci\u00f3n de Riesgos Laborales nivel intermedio - Empleo Aldaia<\/title>\n<meta name=\"robots\" content=\"index, follow, max-snippet:-1, max-image-preview:large, max-video-preview:-1\" \/>\n<link rel=\"canonical\" href=\"https:\/\/aldaia.es\/empleo\/es\/2024\/05\/27\/tecnico-a-de-prevencion-de-riesgos-laborales-nivel-intermedio\/\" \/>\n<meta property=\"og:locale\" content=\"es_ES\" \/>\n<meta property=\"og:type\" content=\"article\" \/>\n<meta property=\"og:title\" content=\"T\u00e9cnico\/a de Prevenci\u00f3n de Riesgos Laborales nivel intermedio - Empleo Aldaia\" \/>\n<meta property=\"og:description\" content=\"1.Bases y convocatoria para la configuraci\u00f3n de una bolsa temporal de t\u00e9cnico\/a de Prevenci\u00f3n de Riesgos Laborales 2. Aprobaci\u00f3n provisional de la lista de personas aspirantes y designaci\u00f3n del tribunal calificador \u2013Plazo de alegaciones: del 15 de julio al 26 de julio de 2024 (ambos inclusive)\u2013 3. Aprobaci\u00f3n definitiva de la lista de personas admitidas, [...]Leer m\u00e1s... from T\u00e9cnico\/a de Prevenci\u00f3n de Riesgos Laborales nivel intermedio\" \/>\n<meta property=\"og:url\" content=\"https:\/\/aldaia.es\/empleo\/es\/2024\/05\/27\/tecnico-a-de-prevencion-de-riesgos-laborales-nivel-intermedio\/\" \/>\n<meta property=\"og:site_name\" content=\"Empleo Aldaia\" \/>\n<meta property=\"article:publisher\" content=\"https:\/\/www.facebook.com\/ajuntamentaldaia\" \/>\n<meta property=\"article:published_time\" content=\"2024-05-27T06:32:28+00:00\" \/>\n<meta property=\"article:modified_time\" content=\"2025-09-24T07:34:34+00:00\" \/>\n<meta name=\"author\" content=\"Cristina\" \/>\n<meta name=\"twitter:card\" content=\"summary_large_image\" \/>\n<meta name=\"twitter:creator\" content=\"@ajuntaldaia\" \/>\n<meta name=\"twitter:site\" content=\"@ajuntaldaia\" \/>\n<meta name=\"twitter:label1\" content=\"Escrito por\" \/>\n\t<meta name=\"twitter:data1\" content=\"Cristina\" \/>\n\t<meta name=\"twitter:label2\" content=\"Tiempo de lectura\" \/>\n\t<meta name=\"twitter:data2\" content=\"2 minutos\" \/>\n<script type=\"application\/ld+json\" class=\"yoast-schema-graph\">{\"@context\":\"https:\/\/schema.org\",\"@graph\":[{\"@type\":\"Article\",\"@id\":\"https:\/\/aldaia.es\/empleo\/es\/2024\/05\/27\/tecnico-a-de-prevencion-de-riesgos-laborales-nivel-intermedio\/#article\",\"isPartOf\":{\"@id\":\"https:\/\/aldaia.es\/empleo\/es\/2024\/05\/27\/tecnico-a-de-prevencion-de-riesgos-laborales-nivel-intermedio\/\"},\"author\":{\"name\":\"Cristina\",\"@id\":\"https:\/\/aldaia.es\/empleo\/#\/schema\/person\/31b123d763374cf10b2376d65b07b1c6\"},\"headline\":\"T\u00e9cnico\/a de Prevenci\u00f3n de Riesgos Laborales nivel intermedio\",\"datePublished\":\"2024-05-27T06:32:28+00:00\",\"dateModified\":\"2025-09-24T07:34:34+00:00\",\"mainEntityOfPage\":{\"@id\":\"https:\/\/aldaia.es\/empleo\/es\/2024\/05\/27\/tecnico-a-de-prevencion-de-riesgos-laborales-nivel-intermedio\/\"},\"wordCount\":405,\"publisher\":{\"@id\":\"https:\/\/aldaia.es\/empleo\/#organization\"},\"articleSection\":[\"Bolsas de empleo\",\"Cerrado\",\"Empleo Ayuntamiento Aldaia\",\"En tr\u00e1mite\",\"Procesos selectivos\"],\"inLanguage\":\"es\"},{\"@type\":\"WebPage\",\"@id\":\"https:\/\/aldaia.es\/empleo\/es\/2024\/05\/27\/tecnico-a-de-prevencion-de-riesgos-laborales-nivel-intermedio\/\",\"url\":\"https:\/\/aldaia.es\/empleo\/es\/2024\/05\/27\/tecnico-a-de-prevencion-de-riesgos-laborales-nivel-intermedio\/\",\"name\":\"T\u00e9cnico\/a de Prevenci\u00f3n de Riesgos Laborales nivel intermedio - Empleo Aldaia\",\"isPartOf\":{\"@id\":\"https:\/\/aldaia.es\/empleo\/#website\"},\"datePublished\":\"2024-05-27T06:32:28+00:00\",\"dateModified\":\"2025-09-24T07:34:34+00:00\",\"breadcrumb\":{\"@id\":\"https:\/\/aldaia.es\/empleo\/es\/2024\/05\/27\/tecnico-a-de-prevencion-de-riesgos-laborales-nivel-intermedio\/#breadcrumb\"},\"inLanguage\":\"es\",\"potentialAction\":[{\"@type\":\"ReadAction\",\"target\":[\"https:\/\/aldaia.es\/empleo\/es\/2024\/05\/27\/tecnico-a-de-prevencion-de-riesgos-laborales-nivel-intermedio\/\"]}]},{\"@type\":\"BreadcrumbList\",\"@id\":\"https:\/\/aldaia.es\/empleo\/es\/2024\/05\/27\/tecnico-a-de-prevencion-de-riesgos-laborales-nivel-intermedio\/#breadcrumb\",\"itemListElement\":[{\"@type\":\"ListItem\",\"position\":1,\"name\":\"Portada\",\"item\":\"https:\/\/aldaia.es\/empleo\/\"},{\"@type\":\"ListItem\",\"position\":2,\"name\":\"T\u00e9cnico\/a de Prevenci\u00f3n de Riesgos Laborales nivel intermedio\"}]},{\"@type\":\"WebSite\",\"@id\":\"https:\/\/aldaia.es\/empleo\/#website\",\"url\":\"https:\/\/aldaia.es\/empleo\/\",\"name\":\"Empleo Aldaia\",\"description\":\"\",\"publisher\":{\"@id\":\"https:\/\/aldaia.es\/empleo\/#organization\"},\"potentialAction\":[{\"@type\":\"SearchAction\",\"target\":{\"@type\":\"EntryPoint\",\"urlTemplate\":\"https:\/\/aldaia.es\/empleo\/?s={search_term_string}\"},\"query-input\":{\"@type\":\"PropertyValueSpecification\",\"valueRequired\":true,\"valueName\":\"search_term_string\"}}],\"inLanguage\":\"es\"},{\"@type\":\"Organization\",\"@id\":\"https:\/\/aldaia.es\/empleo\/#organization\",\"name\":\"Empleo Aldaia\",\"url\":\"https:\/\/aldaia.es\/empleo\/\",\"logo\":{\"@type\":\"ImageObject\",\"inLanguage\":\"es\",\"@id\":\"https:\/\/aldaia.es\/empleo\/#\/schema\/logo\/image\/\",\"url\":\"https:\/\/aldaia.es\/empleo\/wp-content\/uploads\/2025\/06\/logo-ajuntament-aldaia.jpg\",\"contentUrl\":\"https:\/\/aldaia.es\/empleo\/wp-content\/uploads\/2025\/06\/logo-ajuntament-aldaia.jpg\",\"width\":768,\"height\":438,\"caption\":\"Empleo Aldaia\"},\"image\":{\"@id\":\"https:\/\/aldaia.es\/empleo\/#\/schema\/logo\/image\/\"},\"sameAs\":[\"https:\/\/www.facebook.com\/ajuntamentaldaia\",\"https:\/\/x.com\/ajuntaldaia\",\"https:\/\/www.instagram.com\/ajuntamentaldaia_\/\",\"https:\/\/www.youtube.com\/@ajuntamentdaldaia8046\"]},{\"@type\":\"Person\",\"@id\":\"https:\/\/aldaia.es\/empleo\/#\/schema\/person\/31b123d763374cf10b2376d65b07b1c6\",\"name\":\"Cristina\",\"image\":{\"@type\":\"ImageObject\",\"inLanguage\":\"es\",\"@id\":\"https:\/\/aldaia.es\/empleo\/#\/schema\/person\/image\/\",\"url\":\"https:\/\/secure.gravatar.com\/avatar\/0a2836fbe98d85a51adf600b91d7a84111de5f79ae5417135998ddbb9db38230?s=96&d=mm&r=g\",\"contentUrl\":\"https:\/\/secure.gravatar.com\/avatar\/0a2836fbe98d85a51adf600b91d7a84111de5f79ae5417135998ddbb9db38230?s=96&d=mm&r=g\",\"caption\":\"Cristina\"},\"sameAs\":[\"https:\/\/aldaia.es\/empleo\"],\"url\":\"https:\/\/aldaia.es\/empleo\/author\/cristina\/\"}]}<\/script>\n<!-- \/ Yoast SEO plugin. -->","yoast_head_json":{"title":"T\u00e9cnico\/a de Prevenci\u00f3n de Riesgos Laborales nivel intermedio - Empleo Aldaia","robots":{"index":"index","follow":"follow","max-snippet":"max-snippet:-1","max-image-preview":"max-image-preview:large","max-video-preview":"max-video-preview:-1"},"canonical":"https:\/\/aldaia.es\/empleo\/es\/2024\/05\/27\/tecnico-a-de-prevencion-de-riesgos-laborales-nivel-intermedio\/","og_locale":"es_ES","og_type":"article","og_title":"T\u00e9cnico\/a de Prevenci\u00f3n de Riesgos Laborales nivel intermedio - Empleo Aldaia","og_description":"1.Bases y convocatoria para la configuraci\u00f3n de una bolsa temporal de t\u00e9cnico\/a de Prevenci\u00f3n de Riesgos Laborales 2. Aprobaci\u00f3n provisional de la lista de personas aspirantes y designaci\u00f3n del tribunal calificador \u2013Plazo de alegaciones: del 15 de julio al 26 de julio de 2024 (ambos inclusive)\u2013 3. Aprobaci\u00f3n definitiva de la lista de personas admitidas, [...]Leer m\u00e1s... from T\u00e9cnico\/a de Prevenci\u00f3n de Riesgos Laborales nivel intermedio","og_url":"https:\/\/aldaia.es\/empleo\/es\/2024\/05\/27\/tecnico-a-de-prevencion-de-riesgos-laborales-nivel-intermedio\/","og_site_name":"Empleo Aldaia","article_publisher":"https:\/\/www.facebook.com\/ajuntamentaldaia","article_published_time":"2024-05-27T06:32:28+00:00","article_modified_time":"2025-09-24T07:34:34+00:00","author":"Cristina","twitter_card":"summary_large_image","twitter_creator":"@ajuntaldaia","twitter_site":"@ajuntaldaia","twitter_misc":{"Escrito por":"Cristina","Tiempo de lectura":"2 minutos"},"schema":{"@context":"https:\/\/schema.org","@graph":[{"@type":"Article","@id":"https:\/\/aldaia.es\/empleo\/es\/2024\/05\/27\/tecnico-a-de-prevencion-de-riesgos-laborales-nivel-intermedio\/#article","isPartOf":{"@id":"https:\/\/aldaia.es\/empleo\/es\/2024\/05\/27\/tecnico-a-de-prevencion-de-riesgos-laborales-nivel-intermedio\/"},"author":{"name":"Cristina","@id":"https:\/\/aldaia.es\/empleo\/#\/schema\/person\/31b123d763374cf10b2376d65b07b1c6"},"headline":"T\u00e9cnico\/a de Prevenci\u00f3n de Riesgos Laborales nivel intermedio","datePublished":"2024-05-27T06:32:28+00:00","dateModified":"2025-09-24T07:34:34+00:00","mainEntityOfPage":{"@id":"https:\/\/aldaia.es\/empleo\/es\/2024\/05\/27\/tecnico-a-de-prevencion-de-riesgos-laborales-nivel-intermedio\/"},"wordCount":405,"publisher":{"@id":"https:\/\/aldaia.es\/empleo\/#organization"},"articleSection":["Bolsas de empleo","Cerrado","Empleo Ayuntamiento Aldaia","En tr\u00e1mite","Procesos selectivos"],"inLanguage":"es"},{"@type":"WebPage","@id":"https:\/\/aldaia.es\/empleo\/es\/2024\/05\/27\/tecnico-a-de-prevencion-de-riesgos-laborales-nivel-intermedio\/","url":"https:\/\/aldaia.es\/empleo\/es\/2024\/05\/27\/tecnico-a-de-prevencion-de-riesgos-laborales-nivel-intermedio\/","name":"T\u00e9cnico\/a de Prevenci\u00f3n de Riesgos Laborales nivel intermedio - Empleo Aldaia","isPartOf":{"@id":"https:\/\/aldaia.es\/empleo\/#website"},"datePublished":"2024-05-27T06:32:28+00:00","dateModified":"2025-09-24T07:34:34+00:00","breadcrumb":{"@id":"https:\/\/aldaia.es\/empleo\/es\/2024\/05\/27\/tecnico-a-de-prevencion-de-riesgos-laborales-nivel-intermedio\/#breadcrumb"},"inLanguage":"es","potentialAction":[{"@type":"ReadAction","target":["https:\/\/aldaia.es\/empleo\/es\/2024\/05\/27\/tecnico-a-de-prevencion-de-riesgos-laborales-nivel-intermedio\/"]}]},{"@type":"BreadcrumbList","@id":"https:\/\/aldaia.es\/empleo\/es\/2024\/05\/27\/tecnico-a-de-prevencion-de-riesgos-laborales-nivel-intermedio\/#breadcrumb","itemListElement":[{"@type":"ListItem","position":1,"name":"Portada","item":"https:\/\/aldaia.es\/empleo\/"},{"@type":"ListItem","position":2,"name":"T\u00e9cnico\/a de Prevenci\u00f3n de Riesgos Laborales nivel intermedio"}]},{"@type":"WebSite","@id":"https:\/\/aldaia.es\/empleo\/#website","url":"https:\/\/aldaia.es\/empleo\/","name":"Empleo Aldaia","description":"","publisher":{"@id":"https:\/\/aldaia.es\/empleo\/#organization"},"potentialAction":[{"@type":"SearchAction","target":{"@type":"EntryPoint","urlTemplate":"https:\/\/aldaia.es\/empleo\/?s={search_term_string}"},"query-input":{"@type":"PropertyValueSpecification","valueRequired":true,"valueName":"search_term_string"}}],"inLanguage":"es"},{"@type":"Organization","@id":"https:\/\/aldaia.es\/empleo\/#organization","name":"Empleo Aldaia","url":"https:\/\/aldaia.es\/empleo\/","logo":{"@type":"ImageObject","inLanguage":"es","@id":"https:\/\/aldaia.es\/empleo\/#\/schema\/logo\/image\/","url":"https:\/\/aldaia.es\/empleo\/wp-content\/uploads\/2025\/06\/logo-ajuntament-aldaia.jpg","contentUrl":"https:\/\/aldaia.es\/empleo\/wp-content\/uploads\/2025\/06\/logo-ajuntament-aldaia.jpg","width":768,"height":438,"caption":"Empleo Aldaia"},"image":{"@id":"https:\/\/aldaia.es\/empleo\/#\/schema\/logo\/image\/"},"sameAs":["https:\/\/www.facebook.com\/ajuntamentaldaia","https:\/\/x.com\/ajuntaldaia","https:\/\/www.instagram.com\/ajuntamentaldaia_\/","https:\/\/www.youtube.com\/@ajuntamentdaldaia8046"]},{"@type":"Person","@id":"https:\/\/aldaia.es\/empleo\/#\/schema\/person\/31b123d763374cf10b2376d65b07b1c6","name":"Cristina","image":{"@type":"ImageObject","inLanguage":"es","@id":"https:\/\/aldaia.es\/empleo\/#\/schema\/person\/image\/","url":"https:\/\/secure.gravatar.com\/avatar\/0a2836fbe98d85a51adf600b91d7a84111de5f79ae5417135998ddbb9db38230?s=96&d=mm&r=g","contentUrl":"https:\/\/secure.gravatar.com\/avatar\/0a2836fbe98d85a51adf600b91d7a84111de5f79ae5417135998ddbb9db38230?s=96&d=mm&r=g","caption":"Cristina"},"sameAs":["https:\/\/aldaia.es\/empleo"],"url":"https:\/\/aldaia.es\/empleo\/author\/cristina\/"}]}},"_links":{"self":[{"href":"https:\/\/aldaia.es\/empleo\/wp-json\/wp\/v2\/posts\/27787","targetHints":{"allow":["GET"]}}],"collection":[{"href":"https:\/\/aldaia.es\/empleo\/wp-json\/wp\/v2\/posts"}],"about":[{"href":"https:\/\/aldaia.es\/empleo\/wp-json\/wp\/v2\/types\/post"}],"author":[{"embeddable":true,"href":"https:\/\/aldaia.es\/empleo\/wp-json\/wp\/v2\/users\/1"}],"replies":[{"embeddable":true,"href":"https:\/\/aldaia.es\/empleo\/wp-json\/wp\/v2\/comments?post=27787"}],"version-history":[{"count":1,"href":"https:\/\/aldaia.es\/empleo\/wp-json\/wp\/v2\/posts\/27787\/revisions"}],"predecessor-version":[{"id":38753,"href":"https:\/\/aldaia.es\/empleo\/wp-json\/wp\/v2\/posts\/27787\/revisions\/38753"}],"wp:attachment":[{"href":"https:\/\/aldaia.es\/empleo\/wp-json\/wp\/v2\/media?parent=27787"}],"wp:term":[{"taxonomy":"category","embeddable":true,"href":"https:\/\/aldaia.es\/empleo\/wp-json\/wp\/v2\/categories?post=27787"},{"taxonomy":"post_tag","embeddable":true,"href":"https:\/\/aldaia.es\/empleo\/wp-json\/wp\/v2\/tags?post=27787"}],"curies":[{"name":"wp","href":"https:\/\/api.w.org\/{rel}","templated":true}]}}