{"id":35292,"date":"2024-12-26T08:58:27","date_gmt":"2024-12-26T07:58:27","guid":{"rendered":"https:\/\/aldaia.es\/?p=35292"},"modified":"2026-04-24T09:24:09","modified_gmt":"2026-04-24T07:24:09","slug":"dos-plazas-de-administrativo-a","status":"publish","type":"post","link":"https:\/\/aldaia.es\/empleo\/es\/2024\/12\/26\/dos-plazas-de-administrativo-a\/","title":{"rendered":"Dos plazas de administrativo\/a"},"content":{"rendered":"\n<p>Fase 1. Publicaci\u00f3n de Bases del proceso de selecci\u00f3n para la provisi\u00f3n definitiva de dos plazas de administrativo\/a<\/p>\n\n\n\n<p>Fase 2. Publicaci\u00f3n de anuncio en DOGV, de 13 de febrero de 2025<\/p>\n\n\n\n<p>Fase 3.&nbsp;Publicaci\u00f3n de anuncio en BOE, de 27 de febrero de 2025<\/p>\n\n\n\n<p><strong>PLAZO PARA PRESENTACION DE SOLICITUDES: <u>DEL 28 DE FEBRERO HASTA EL 31 DE MARZO<\/u><\/strong><\/p>\n\n\n\n<p>Fase 4. Publicaci\u00f3n de anuncio en BOP, de 05 de mayo de 2025. Lista provisional de personas aspirantes y designaci\u00f3n del tribunal.<\/p>\n\n\n\n<p><strong>PLAZO PARA SUBSANAR:&nbsp;<u>DEL 06 DE MAYO HASTA EL 19 DE MAYO DE 2025<\/u><\/strong><\/p>\n\n\n\n<p>Fase 5. Declaraci\u00f3n de la tramitaci\u00f3n de urgencia.<\/p>\n\n\n\n<p>Fase 6. Publicaci\u00f3n de anuncio BOP, de 9 de junio de 2025. Lista definitiva de personas aspirantes.<\/p>\n\n\n\n<p>* El lugar para la realizaci\u00f3n del examen, por motivos de espacio, podr\u00eda ser cambiado. Si as\u00ed fuera, se informar\u00e1 en el tabl\u00f3n de edictos virtual del Ayuntamiento de Aldaia, el Portal de Transparencia y la p\u00e1gina web municipal.<\/p>\n\n\n\n<p>Fase 7. Correcci\u00f3n de error de transcripci\u00f3n en la lista definitiva de personas aspirantes admitidas y excluidas.<\/p>\n\n\n\n<p>Fase 8. Publicaci\u00f3n en BOP Correcci\u00f3n de errores en la lista definitiva de personas aspirantes admitidas y excluidas.<\/p>\n\n\n\n<p><strong>NOTA INFORMATIVA: Listado de opositores con aula asignada.<\/strong><\/p>\n\n\n\n<p>Fase 9. Plantilla respuestas 1\u00ba ejercicio tipo test.<\/p>\n\n\n\n<p>Fase 10. Acta del Tribunal Calificador<\/p>\n\n\n\n<p>Fase 11.&nbsp; Acta del Tribunal Calificador. Puntuaciones provisionales y circunstancias de celebraci\u00f3n del 2\u00ba ejercicio<\/p>\n\n\n\n<p>&nbsp;<strong>PLAZO PARA ALEGACIONES:&nbsp;<u>DEL 01 HASTA EL 07 DE AGOSTO DE 2025<\/u><\/strong><\/p>\n\n\n\n<p>Fase 12.&nbsp;Acta del Tribunal Calificador. Resoluci\u00f3n de solicitudes y puntuaciones definitivas.<\/p>\n\n\n\n<p>Fase 13. Acta del Tribunal.&nbsp;<strong>SE MODIFICA LA DURACI\u00d3N DEL EJERCICIO (SER\u00c1 DE 60 MINUTOS)<\/strong><\/p>\n\n\n\n<p>Fase 14. Acta del Tribunal. Resoluci\u00f3n recurso de alzada. Puntuaciones definitivas.<\/p>\n\n\n\n<p><strong>NOTA INFORMATIVA: SUSPENSI\u00d3N DEL EJERCICIO<\/strong><\/p>\n\n\n\n<p><strong>*NOTA INFORMATIVA: NUEVA FECHA DEL EJERCICIO*<\/strong><\/p>\n\n\n\n<p>Fase 15. Publicaci\u00f3n casos te\u00f3rico-pr\u00e1cticos y criterios de correcci\u00f3n.<\/p>\n\n\n\n<p>Fase 16. Acta del Tribunal Calificador<\/p>\n\n\n\n<p>Fase 17. Acta del Tribunal Calificador. Correcci\u00f3n del 2\u00ba ejercicio.<\/p>\n\n\n\n<p>&nbsp;<strong>PLAZO PARA ALEGACIONES Y PRESENTACI\u00d3N DE M\u00c9RITOS:&nbsp;DEL 13 HASTA EL 19 DE NOVIEMBRE DE 2025&nbsp;<\/strong><\/p>\n\n\n\n<p>Fase 18.&nbsp;Acta del Tribunal Calificador. Resoluci\u00f3n de solicitudes y puntuaciones definitivas 2\u00ba ejercicio.<\/p>\n\n\n\n<p>&nbsp;<strong>PLAZO PARA ALEGACIONES (personas indicadas en el acta): del<u>&nbsp;28 de noviembre hasta el 4 de diciembre de 2025<\/u><\/strong><\/p>\n\n\n\n<p>Fase 19. Acta del Tribunal Calificador. Puntuaciones provisionales de la fase de concurso, puntuaciones provisionales del proceso de selecci\u00f3n, propuesta del tribunal de personas provisionalmente adjudicatarias de las plazas y constituci\u00f3n de bolsa de trabajo.<\/p>\n\n\n\n<p>&nbsp;<strong>PLAZO PARA ALEGACIONES:&nbsp;<\/strong><strong><u>DEL 10 HASTA EL 16 DE DICIEMBRE DE 2025<\/u><\/strong><\/p>\n\n\n\n<p><strong>PLAZO PRESENTACI\u00d3N DE DOCUMENTACI\u00d3N:&nbsp;DEL 10 HASTA EL 16 DE DICIEMBRE DE 2025&nbsp;<\/strong><\/p>\n\n\n\n<p>Fase 20. Acta del Tribunal Calificador. Puntuaciones definitivas y configuraci\u00f3n de la bolsa.<\/p>\n\n\n\n<p><strong>PLAZO PRESENTACI\u00d3N DE DOCUMENTACI\u00d3N:&nbsp;<u>DESDE EL 12 HASTA EL 16 DE ENERO DE 2026<\/u><\/strong><\/p>\n\n\n\n<p><\/p>\n\n\n\n<p>Fase 21. Acta del Tribunal Calificador. Correcci\u00f3n sobre configuraci\u00f3n de la bolsa de trabajo.<\/p>\n\n\n\n<p><\/p>\n\n\n\n<p>Fase 22. Acta del Tribunal Calificador. Resoluci\u00f3n de recursos.<\/p>\n\n\n\n<p>Fase 23. Acta del Tribunal Calificador. Resoluci\u00f3n de recursos y entrega de documentaci\u00f3n solicitada.<\/p>\n\n\n\n<p>Fase 24. Acta del Tribunal Calificador. Renuncia de un aspirante a la plaza provisionalmente adjudicada.<\/p>\n\n\n\n<p>Fase 25. Acta del Tribunal Calificador. Renuncia de un aspirante a la plaza provisionalmente adjudicada.<\/p>\n\n\n\n<p>Fase Final. Resoluci\u00f3n de Configuraci\u00f3n de la bolsa de administrativos\/as<\/p>\n\n\n\n<p>Fase Final. Publicaci\u00f3n BOPV n\u00ba 28 nombramiento como funcionaria en pr\u00e1cticas.<\/p>\n\n\n\n<p>Fase Final. Publicaci\u00f3n BOPV n\u00ba 33 nombramiento como funcionaria en pr\u00e1cticas.<\/p>\n\n\n\n<p>Fase Final. Publicaci\u00f3n BOPV n\u00ba 73 nombramiento como funcionaria de carrera.<\/p>\n\n\n\n<p>Fase Final. Publicaci\u00f3n BOPV n\u00ba 77 nombramiento como funcionaria de carrera.<\/p>\n\n\n\n<p>______________________________________________________________________________________________________________________________<\/p>\n\n\n\n<p><a href=\"https:\/\/aldaia.es\/wp-content\/uploads\/2024\/12\/Fase-1.-Publicacion-de-Bases-del-proceso-de-seleccion-para-la-provision-definitiva-de-dos-plazas-de-administrativo-a.pdf\" target=\"_blank\" rel=\"noreferrer noopener\">Fase 1. Publicaci\u00f3n de Bases del proceso de selecci\u00f3n para la provisi\u00f3n definitiva de dos plazas de administrativo\/a<\/a><\/p>\n\n\n\n<p><a href=\"https:\/\/aldaia.es\/wp-content\/uploads\/2025\/02\/DOGV-2-plazas-de-administrativos-as.pdf\" target=\"_blank\" rel=\"noreferrer noopener\">Fase 2. Publicaci\u00f3n de anuncio en DOGV<\/a><\/p>\n\n\n\n<p><a href=\"https:\/\/aldaia.es\/wp-content\/uploads\/2025\/02\/BOE-A-2025-3913_-2-Plazas-de-administrativos-as.pdf\" target=\"_blank\" rel=\"noreferrer noopener\">Fase 3.&nbsp;Publicaci\u00f3n de anuncio en BOE, de 27 de febrero de 2025<\/a><\/p>\n\n\n\n<p><a href=\"https:\/\/aldaia.es\/wp-content\/uploads\/2025\/02\/ANEXO-I-SOLICITUD-2-ADMTVOS-TURNO-LIBRE.pdf\" target=\"_blank\" rel=\"noreferrer noopener\">Anexo I<\/a><\/p>\n\n\n\n<p><a href=\"https:\/\/aldaia.es\/wp-content\/uploads\/2025\/02\/Instrucciones-abono-tasas-2.pdf\" target=\"_blank\" rel=\"noreferrer noopener\">Instrucciones de abono de tasas<\/a><\/p>\n\n\n\n<p><a href=\"https:\/\/aldaia.es\/wp-content\/uploads\/2025\/05\/05052025-BOP-n-83-listas-provisionales.pdf\" target=\"_blank\" rel=\"noreferrer noopener\">Fase 4. Publicaci\u00f3n de anuncio BOP de 5 de mayo de 2025<\/a><\/p>\n\n\n\n<p><a href=\"https:\/\/aldaia.es\/wp-content\/uploads\/2025\/06\/RA-TRAMITACION-URGENCIA-OPO-2-ADMTVOS-AS-AYTO-ALDAIA.pdf\" target=\"_blank\" rel=\"noreferrer noopener\">Fase 5. Declaraci\u00f3n de la tramitaci\u00f3n de urgencia<\/a><\/p>\n\n\n\n<p><a href=\"https:\/\/aldaia.es\/wp-content\/uploads\/2025\/06\/BOE_2-administrativos_listas-definitivas.pdf\" target=\"_blank\" rel=\"noreferrer noopener\">Fase 6. Publicaci\u00f3n de anuncio BOP, de 9 de junio de 2025. Lista definitiva de personas aspirantes.<\/a><\/p>\n\n\n\n<p><a href=\"https:\/\/aldaia.es\/wp-content\/uploads\/2025\/06\/RA-CORRECCION-ERROR-TRANSCRIPCION-LISTA-DEFINITIVA-ADMITIDOS-AS-Y-EXCLUIDOS-AS-OPO-2-ADMTVOS-AS.pdf\" target=\"_blank\" rel=\"noreferrer noopener\">Fase 7. Correcci\u00f3n de error de transcripci\u00f3n en la lista definitiva de personas aspirantes admitidas y excluidas.<\/a><\/p>\n\n\n\n<p><a href=\"https:\/\/aldaia.es\/empleo\/wp-content\/uploads\/2025\/06\/BOPV-correccion-error-lista-definitiva-de-personas-admitidas-y-excluidas.pdf\">Fase 8. Publicaci\u00f3n en BOP Correcci\u00f3n de errores en la lista definitiva de personas aspirantes admitidas y exclu\u00eddas.<\/a><\/p>\n\n\n\n<p><a href=\"https:\/\/aldaia.es\/empleo\/wp-content\/uploads\/2025\/07\/Listado-de-opositores-con-aula-asignada.pdf\">NOTA INFORMATIVA: Listado de opositores con aula asignada.<\/a><\/p>\n\n\n\n<p><a href=\"https:\/\/aldaia.es\/empleo\/wp-content\/uploads\/2025\/07\/1-3.pdf\" target=\"_blank\" rel=\"noreferrer noopener\">Fase 9. Plantilla respuestas 1\u00ba ejercicio tipo test.<\/a><\/p>\n\n\n\n<p><a href=\"https:\/\/aldaia.es\/empleo\/wp-content\/uploads\/2025\/07\/ACTA-2-TRIBUNAL-2-ADMTVOS-AS-CON-ANEXO_firmada.pdf\">Fase 10. Acta del Tribunal Calificador<\/a><\/p>\n\n\n\n<p><a href=\"https:\/\/aldaia.es\/empleo\/wp-content\/uploads\/2025\/07\/ACTA-3-TRIBUNAL-2-ADMTVOS-AS-FIRMADA.pdf\" target=\"_blank\" rel=\"noreferrer noopener\">Fase 11.&nbsp; Acta del Tribunal Calificador. Puntuaciones provisionales y circunstancias de celebraci\u00f3n del 2\u00ba ejercicio<\/a><\/p>\n\n\n\n<p><a href=\"https:\/\/aldaia.es\/empleo\/wp-content\/uploads\/2025\/09\/ACTA-4-TRIBUNAL-2-ADMTVOS-AS-FIRMADA.pdf\" target=\"_blank\" rel=\"noreferrer noopener\">Fase 12.&nbsp;Acta del Tribunal Calificador. Resoluci\u00f3n de solicitudes y puntuaciones definitivas.<\/a><\/p>\n\n\n\n<p><a href=\"https:\/\/aldaia.es\/empleo\/wp-content\/uploads\/2025\/09\/ACTA-5-TRIBUNAL-2-ADMTVOS-AS-FIRMADA.pdf\" target=\"_blank\" rel=\"noreferrer noopener\">Fase 13. Acta del Tribunal.&nbsp;<strong>SE MODIFICA LA DURACI\u00d3N DEL EJERCICIO (SER\u00c1 DE 60 MINUTOS)<\/strong><\/a><\/p>\n\n\n\n<p><a href=\"https:\/\/aldaia.es\/empleo\/wp-content\/uploads\/2025\/09\/ACTA-6-TRIBUNAL-2-ADMTVOS-AS-FIRMADA.pdf\" target=\"_blank\" rel=\"noreferrer noopener\">Fase 14. Acta del Tribunal. Resoluci\u00f3n recurso de alzada. Puntuaciones definitivas.<\/a><\/p>\n\n\n\n<p><a href=\"https:\/\/aldaia.es\/empleo\/wp-content\/uploads\/2025\/09\/NOTA-INFORMATIVA-suspension-ejercicio-2-FIRMADA.pdf\" target=\"_blank\" rel=\"noreferrer noopener\">NOTA INFORMATIVA: SUSPENSI\u00d3N DEL EJERCICIO<\/a><\/p>\n\n\n\n<p><strong><a href=\"https:\/\/aldaia.es\/empleo\/wp-content\/uploads\/2025\/09\/NOTA-INFORMATIVA-nueva-fecha-ejercicio-2-FIRMADA.pdf\" target=\"_blank\" rel=\"noreferrer noopener\">*NOTA INFORMATIVA: NUEVA FECHA DEL EJERCICIO*<\/a><\/strong><\/p>\n\n\n\n<p><a href=\"https:\/\/aldaia.es\/empleo\/wp-content\/uploads\/2025\/10\/CASO-PRACTICO-1.pdf\" target=\"_blank\" rel=\"noreferrer noopener\">Fase 15. Caso te\u00f3rico-pr\u00e1ctico 1<\/a><\/p>\n\n\n\n<p><a href=\"https:\/\/aldaia.es\/empleo\/wp-content\/uploads\/2025\/10\/CASO-PRACTICO-3.pdf\">Fase 15. Caso te\u00f3rico-pr\u00e1ctico 3<\/a><\/p>\n\n\n\n<p><a href=\"https:\/\/aldaia.es\/empleo\/wp-content\/uploads\/2025\/10\/SEGUNDO-EJERCICIO-CRITERIOS-DE-CORRECCION.pdf\" target=\"_blank\" rel=\"noreferrer noopener\">Fase 15. Criterios de correcci\u00f3n<\/a><\/p>\n\n\n\n<p><a href=\"https:\/\/aldaia.es\/empleo\/wp-content\/uploads\/2025\/10\/ACTA-8-TRIBUNAL-2-ADMTVOS-AS-FIRMADA.pdf\" target=\"_blank\" rel=\"noreferrer noopener\">Fase 16. Acta del Tribunal Calificador<\/a><\/p>\n\n\n\n<p><a href=\"https:\/\/aldaia.es\/empleo\/wp-content\/uploads\/2025\/11\/ACTA-12-TRIBUNAL-2-ADMTVOS-AS-FIRMADA.pdf\" target=\"_blank\" rel=\"noreferrer noopener\">Fase 17. Acta del Tribunal Calificador. Correcci\u00f3n del 2\u00ba ejercicio.<\/a><\/p>\n\n\n\n<p><a href=\"https:\/\/aldaia.es\/empleo\/wp-content\/uploads\/2025\/11\/ANEXO-II-AUTOBAREMACION-2-ADMTVOS-TURNO-LIBRE.docx\" target=\"_blank\" rel=\"noreferrer noopener\">ANEXO II. AUTOBAREMACI\u00d3N<\/a><\/p>\n\n\n\n<p><a href=\"https:\/\/aldaia.es\/empleo\/wp-content\/uploads\/2026\/01\/ACTA-13-TRIBUNAL-2-ADMTVOS-AS_firmada.pdf\" target=\"_blank\" rel=\"noreferrer noopener\">Fase 18.&nbsp;Acta del Tribunal Calificador. Resoluci\u00f3n de solicitudes y puntuaciones definitivas 2\u00ba ejercicio.<\/a><\/p>\n\n\n\n<p><a href=\"https:\/\/aldaia.es\/empleo\/wp-content\/uploads\/2025\/12\/ACTA-15-TRIBUNAL-2-ADMTVOS-AS-firmada-por-todos.pdf\">Fase 19. Acta del Tribunal Calificador. Puntuaciones provisionales de la fase de concurso, puntuaciones provisionales del proceso de selecci\u00f3n, propuesta del tribunal de personas provisionalmente adjudicatarias de las plazas y constituci\u00f3n de bolsa de trabajo<\/a><\/p>\n\n\n\n<p><a href=\"https:\/\/aldaia.es\/empleo\/wp-content\/uploads\/2026\/01\/ACTA-16-TRIBUNAL-2-ADMTVOS-AS-firmada-por-todos.pdf\" target=\"_blank\" rel=\"noreferrer noopener\">Fase 20. Acta del Tribunal Calificador. Puntuaciones definitivas y configuraci\u00f3n de la bolsa.<\/a><\/p>\n\n\n\n<p><a href=\"https:\/\/aldaia.es\/empleo\/wp-content\/uploads\/2026\/01\/ACTA-17-TRIBUNAL-2-ADMTVOS-AS-firmada-por-todos.pdf\" target=\"_blank\" rel=\"noreferrer noopener\">Fase 21. Acta del Tribunal Calificador. Correcci\u00f3n sobre configuraci\u00f3n de la bolsa de trabajo.<\/a><\/p>\n\n\n\n<p><a href=\"https:\/\/aldaia.es\/empleo\/wp-content\/uploads\/2026\/01\/ACTA-18-TRIBUNAL-2-ADMTVOS-AS-firmada.pdf\" target=\"_blank\" rel=\"noreferrer noopener\">Fase 22. Acta del Tribunal Calificador. Resoluci\u00f3n de recursos.<\/a><\/p>\n\n\n\n<p><a href=\"https:\/\/aldaia.es\/empleo\/wp-content\/uploads\/2026\/01\/ACTA-19-TRIBUNAL-2-ADMTVOS-AS-FIRMADA.pdf\" target=\"_blank\" rel=\"noreferrer noopener\">Fase 23. Acta del Tribunal Calificador. Resoluci\u00f3n de recursos y entrega de documentaci\u00f3n solicitada.<\/a><\/p>\n\n\n\n<p><a href=\"https:\/\/aldaia.es\/empleo\/wp-content\/uploads\/2026\/01\/ACTA-20-TRIBUNAL-2-ADMTVOS-AS_-firmada.pdf\" target=\"_blank\" rel=\"noreferrer noopener\">Fase 24. Acta del Tribunal Calificador. Renuncia de un aspirante a la plaza provisionalmente adjudicada.<\/a><\/p>\n\n\n\n<p><a href=\"https:\/\/aldaia.es\/empleo\/wp-content\/uploads\/2026\/01\/ACTA-21-TRIBUNAL-2-ADMTVOS-AS-FIRMADA.pdf\" target=\"_blank\" rel=\"noreferrer noopener\">Fase 25. Acta del Tribunal Calificador. Renuncia de un aspirante a la plaza provisionalmente adjudicada.<\/a><\/p>\n\n\n\n<p><a href=\"https:\/\/aldaia.es\/empleo\/wp-content\/uploads\/2026\/02\/Configuracion-Bolsa-Administrativos-as.pdf\" target=\"_blank\" rel=\"noreferrer noopener\">Fase Final. Resoluci\u00f3n de Configuraci\u00f3n de la bolsa de administrativos\/as<\/a><\/p>\n\n\n\n<p><a href=\"https:\/\/aldaia.es\/empleo\/wp-content\/uploads\/2026\/02\/BOP-NOMBRAMIENTO-EN-PRACTICAS-MARIA-MERCEDES.pdf\" target=\"_blank\" rel=\"noreferrer noopener\">Fase Final. Publicaci\u00f3n BOPV n\u00ba 28 nombramiento como funcionaria en pr\u00e1cticas<\/a>.<\/p>\n\n\n\n<p><a href=\"https:\/\/aldaia.es\/empleo\/wp-content\/uploads\/2026\/02\/BOP-No-33-de-18-02-2026.-Nombramiento-funcionaria-en-practicas_-Beatriz-Garrido.pdf\" target=\"_blank\" rel=\"noreferrer noopener\">Fase Final. Publicaci\u00f3n BOPV n\u00ba 33 nombramiento como funcionaria en pr\u00e1cticas.<\/a><\/p>\n\n\n\n<p><a href=\"https:\/\/aldaia.es\/empleo\/wp-content\/uploads\/2026\/04\/BOP-No-73-de-20-04-2026.-Nombramiento-FC_-Beatriz-Garrido.pdf\" target=\"_blank\" rel=\"noreferrer noopener\">Fase Final. Publicaci\u00f3n BOPV n\u00ba 73 nombramiento como funcionaria de carrera.<\/a><\/p>\n\n\n\n<p><a href=\"https:\/\/aldaia.es\/empleo\/wp-content\/uploads\/2026\/04\/BOP-No-77-de-24-04-2026.-Nombramiento-FC_-Maria-Mercedes-Munoz-Serrano.pdf\" type=\"link\" id=\"https:\/\/aldaia.es\/empleo\/wp-content\/uploads\/2026\/04\/BOP-No-77-de-24-04-2026.-Nombramiento-FC_-Maria-Mercedes-Munoz-Serrano.pdf\" target=\"_blank\" rel=\"noreferrer noopener\">Fase Final. Publicaci\u00f3n BOPV n\u00ba 77 nombramiento como funcionaria de carrera.<\/a><\/p>\n","protected":false},"excerpt":{"rendered":"<p>Fase 1. Publicaci\u00f3n de Bases del proceso de selecci\u00f3n para la provisi\u00f3n definitiva de dos plazas de administrativo\/a Fase 2. Publicaci\u00f3n de anuncio en DOGV, de 13 de febrero de 2025 Fase 3.&nbsp;Publicaci\u00f3n de anuncio en BOE, de 27 de febrero de 2025 PLAZO PARA PRESENTACION DE SOLICITUDES: DEL 28 DE FEBRERO HASTA EL 31 [&#8230;]<\/p>\n<p><a class=\"btn btn-secondary understrap-read-more-link\" href=\"https:\/\/aldaia.es\/empleo\/es\/2024\/12\/26\/dos-plazas-de-administrativo-a\/\">Leer m\u00e1s&#8230;<span class=\"screen-reader-text\"> from Dos plazas de administrativo\/a<\/span><\/a><\/p>\n","protected":false},"author":1,"featured_media":0,"comment_status":"closed","ping_status":"closed","sticky":false,"template":"","format":"standard","meta":{"footnotes":""},"categories":[33,23,13],"tags":[],"class_list":["post-35292","post","type-post","status-publish","format-standard","hentry","category-abierto","category-empleo-ayuntamiento-aldaia","category-procesos-selectivos"],"yoast_head":"<!-- This site is optimized with the Yoast SEO plugin v26.9 - https:\/\/yoast.com\/product\/yoast-seo-wordpress\/ -->\n<title>Dos plazas de administrativo\/a - Empleo Aldaia<\/title>\n<meta name=\"robots\" content=\"index, follow, max-snippet:-1, max-image-preview:large, max-video-preview:-1\" \/>\n<link rel=\"canonical\" href=\"https:\/\/aldaia.es\/empleo\/es\/2024\/12\/26\/dos-plazas-de-administrativo-a\/\" \/>\n<meta property=\"og:locale\" content=\"es_ES\" \/>\n<meta property=\"og:type\" content=\"article\" \/>\n<meta property=\"og:title\" content=\"Dos plazas de administrativo\/a - Empleo Aldaia\" \/>\n<meta property=\"og:description\" content=\"Fase 1. Publicaci\u00f3n de Bases del proceso de selecci\u00f3n para la provisi\u00f3n definitiva de dos plazas de administrativo\/a Fase 2. Publicaci\u00f3n de anuncio en DOGV, de 13 de febrero de 2025 Fase 3.&nbsp;Publicaci\u00f3n de anuncio en BOE, de 27 de febrero de 2025 PLAZO PARA PRESENTACION DE SOLICITUDES: DEL 28 DE FEBRERO HASTA EL 31 [...]Leer m\u00e1s... from Dos plazas de administrativo\/a\" \/>\n<meta property=\"og:url\" content=\"https:\/\/aldaia.es\/empleo\/es\/2024\/12\/26\/dos-plazas-de-administrativo-a\/\" \/>\n<meta property=\"og:site_name\" content=\"Empleo Aldaia\" \/>\n<meta property=\"article:publisher\" content=\"https:\/\/www.facebook.com\/ajuntamentaldaia\" \/>\n<meta property=\"article:published_time\" content=\"2024-12-26T07:58:27+00:00\" \/>\n<meta property=\"article:modified_time\" content=\"2026-04-24T07:24:09+00:00\" \/>\n<meta name=\"author\" content=\"Cristina\" \/>\n<meta name=\"twitter:card\" content=\"summary_large_image\" \/>\n<meta name=\"twitter:creator\" content=\"@ajuntaldaia\" \/>\n<meta name=\"twitter:site\" content=\"@ajuntaldaia\" \/>\n<meta name=\"twitter:label1\" content=\"Escrito por\" \/>\n\t<meta name=\"twitter:data1\" content=\"Cristina\" \/>\n\t<meta name=\"twitter:label2\" content=\"Tiempo de lectura\" \/>\n\t<meta name=\"twitter:data2\" content=\"5 minutos\" \/>\n<script type=\"application\/ld+json\" class=\"yoast-schema-graph\">{\"@context\":\"https:\/\/schema.org\",\"@graph\":[{\"@type\":\"Article\",\"@id\":\"https:\/\/aldaia.es\/empleo\/es\/2024\/12\/26\/dos-plazas-de-administrativo-a\/#article\",\"isPartOf\":{\"@id\":\"https:\/\/aldaia.es\/empleo\/es\/2024\/12\/26\/dos-plazas-de-administrativo-a\/\"},\"author\":{\"name\":\"Cristina\",\"@id\":\"https:\/\/aldaia.es\/empleo\/#\/schema\/person\/31b123d763374cf10b2376d65b07b1c6\"},\"headline\":\"Dos plazas de administrativo\/a\",\"datePublished\":\"2024-12-26T07:58:27+00:00\",\"dateModified\":\"2026-04-24T07:24:09+00:00\",\"mainEntityOfPage\":{\"@id\":\"https:\/\/aldaia.es\/empleo\/es\/2024\/12\/26\/dos-plazas-de-administrativo-a\/\"},\"wordCount\":1009,\"publisher\":{\"@id\":\"https:\/\/aldaia.es\/empleo\/#organization\"},\"articleSection\":[\"Abierto\",\"Empleo Ayuntamiento Aldaia\",\"Procesos selectivos\"],\"inLanguage\":\"es\"},{\"@type\":\"WebPage\",\"@id\":\"https:\/\/aldaia.es\/empleo\/es\/2024\/12\/26\/dos-plazas-de-administrativo-a\/\",\"url\":\"https:\/\/aldaia.es\/empleo\/es\/2024\/12\/26\/dos-plazas-de-administrativo-a\/\",\"name\":\"Dos plazas de administrativo\/a - Empleo Aldaia\",\"isPartOf\":{\"@id\":\"https:\/\/aldaia.es\/empleo\/#website\"},\"datePublished\":\"2024-12-26T07:58:27+00:00\",\"dateModified\":\"2026-04-24T07:24:09+00:00\",\"breadcrumb\":{\"@id\":\"https:\/\/aldaia.es\/empleo\/es\/2024\/12\/26\/dos-plazas-de-administrativo-a\/#breadcrumb\"},\"inLanguage\":\"es\",\"potentialAction\":[{\"@type\":\"ReadAction\",\"target\":[\"https:\/\/aldaia.es\/empleo\/es\/2024\/12\/26\/dos-plazas-de-administrativo-a\/\"]}]},{\"@type\":\"BreadcrumbList\",\"@id\":\"https:\/\/aldaia.es\/empleo\/es\/2024\/12\/26\/dos-plazas-de-administrativo-a\/#breadcrumb\",\"itemListElement\":[{\"@type\":\"ListItem\",\"position\":1,\"name\":\"Portada\",\"item\":\"https:\/\/aldaia.es\/empleo\/\"},{\"@type\":\"ListItem\",\"position\":2,\"name\":\"Dos plazas de administrativo\/a\"}]},{\"@type\":\"WebSite\",\"@id\":\"https:\/\/aldaia.es\/empleo\/#website\",\"url\":\"https:\/\/aldaia.es\/empleo\/\",\"name\":\"Empleo Aldaia\",\"description\":\"\",\"publisher\":{\"@id\":\"https:\/\/aldaia.es\/empleo\/#organization\"},\"potentialAction\":[{\"@type\":\"SearchAction\",\"target\":{\"@type\":\"EntryPoint\",\"urlTemplate\":\"https:\/\/aldaia.es\/empleo\/?s={search_term_string}\"},\"query-input\":{\"@type\":\"PropertyValueSpecification\",\"valueRequired\":true,\"valueName\":\"search_term_string\"}}],\"inLanguage\":\"es\"},{\"@type\":\"Organization\",\"@id\":\"https:\/\/aldaia.es\/empleo\/#organization\",\"name\":\"Empleo Aldaia\",\"url\":\"https:\/\/aldaia.es\/empleo\/\",\"logo\":{\"@type\":\"ImageObject\",\"inLanguage\":\"es\",\"@id\":\"https:\/\/aldaia.es\/empleo\/#\/schema\/logo\/image\/\",\"url\":\"https:\/\/aldaia.es\/empleo\/wp-content\/uploads\/2025\/06\/logo-ajuntament-aldaia.jpg\",\"contentUrl\":\"https:\/\/aldaia.es\/empleo\/wp-content\/uploads\/2025\/06\/logo-ajuntament-aldaia.jpg\",\"width\":768,\"height\":438,\"caption\":\"Empleo Aldaia\"},\"image\":{\"@id\":\"https:\/\/aldaia.es\/empleo\/#\/schema\/logo\/image\/\"},\"sameAs\":[\"https:\/\/www.facebook.com\/ajuntamentaldaia\",\"https:\/\/x.com\/ajuntaldaia\",\"https:\/\/www.instagram.com\/ajuntamentaldaia_\/\",\"https:\/\/www.youtube.com\/@ajuntamentdaldaia8046\"]},{\"@type\":\"Person\",\"@id\":\"https:\/\/aldaia.es\/empleo\/#\/schema\/person\/31b123d763374cf10b2376d65b07b1c6\",\"name\":\"Cristina\",\"image\":{\"@type\":\"ImageObject\",\"inLanguage\":\"es\",\"@id\":\"https:\/\/aldaia.es\/empleo\/#\/schema\/person\/image\/\",\"url\":\"https:\/\/secure.gravatar.com\/avatar\/0a2836fbe98d85a51adf600b91d7a84111de5f79ae5417135998ddbb9db38230?s=96&d=mm&r=g\",\"contentUrl\":\"https:\/\/secure.gravatar.com\/avatar\/0a2836fbe98d85a51adf600b91d7a84111de5f79ae5417135998ddbb9db38230?s=96&d=mm&r=g\",\"caption\":\"Cristina\"},\"sameAs\":[\"https:\/\/aldaia.es\/empleo\"],\"url\":\"https:\/\/aldaia.es\/empleo\/author\/cristina\/\"}]}<\/script>\n<!-- \/ Yoast SEO plugin. -->","yoast_head_json":{"title":"Dos plazas de administrativo\/a - Empleo Aldaia","robots":{"index":"index","follow":"follow","max-snippet":"max-snippet:-1","max-image-preview":"max-image-preview:large","max-video-preview":"max-video-preview:-1"},"canonical":"https:\/\/aldaia.es\/empleo\/es\/2024\/12\/26\/dos-plazas-de-administrativo-a\/","og_locale":"es_ES","og_type":"article","og_title":"Dos plazas de administrativo\/a - Empleo Aldaia","og_description":"Fase 1. Publicaci\u00f3n de Bases del proceso de selecci\u00f3n para la provisi\u00f3n definitiva de dos plazas de administrativo\/a Fase 2. Publicaci\u00f3n de anuncio en DOGV, de 13 de febrero de 2025 Fase 3.&nbsp;Publicaci\u00f3n de anuncio en BOE, de 27 de febrero de 2025 PLAZO PARA PRESENTACION DE SOLICITUDES: DEL 28 DE FEBRERO HASTA EL 31 [...]Leer m\u00e1s... from Dos plazas de administrativo\/a","og_url":"https:\/\/aldaia.es\/empleo\/es\/2024\/12\/26\/dos-plazas-de-administrativo-a\/","og_site_name":"Empleo Aldaia","article_publisher":"https:\/\/www.facebook.com\/ajuntamentaldaia","article_published_time":"2024-12-26T07:58:27+00:00","article_modified_time":"2026-04-24T07:24:09+00:00","author":"Cristina","twitter_card":"summary_large_image","twitter_creator":"@ajuntaldaia","twitter_site":"@ajuntaldaia","twitter_misc":{"Escrito por":"Cristina","Tiempo de lectura":"5 minutos"},"schema":{"@context":"https:\/\/schema.org","@graph":[{"@type":"Article","@id":"https:\/\/aldaia.es\/empleo\/es\/2024\/12\/26\/dos-plazas-de-administrativo-a\/#article","isPartOf":{"@id":"https:\/\/aldaia.es\/empleo\/es\/2024\/12\/26\/dos-plazas-de-administrativo-a\/"},"author":{"name":"Cristina","@id":"https:\/\/aldaia.es\/empleo\/#\/schema\/person\/31b123d763374cf10b2376d65b07b1c6"},"headline":"Dos plazas de administrativo\/a","datePublished":"2024-12-26T07:58:27+00:00","dateModified":"2026-04-24T07:24:09+00:00","mainEntityOfPage":{"@id":"https:\/\/aldaia.es\/empleo\/es\/2024\/12\/26\/dos-plazas-de-administrativo-a\/"},"wordCount":1009,"publisher":{"@id":"https:\/\/aldaia.es\/empleo\/#organization"},"articleSection":["Abierto","Empleo Ayuntamiento Aldaia","Procesos selectivos"],"inLanguage":"es"},{"@type":"WebPage","@id":"https:\/\/aldaia.es\/empleo\/es\/2024\/12\/26\/dos-plazas-de-administrativo-a\/","url":"https:\/\/aldaia.es\/empleo\/es\/2024\/12\/26\/dos-plazas-de-administrativo-a\/","name":"Dos plazas de administrativo\/a - Empleo Aldaia","isPartOf":{"@id":"https:\/\/aldaia.es\/empleo\/#website"},"datePublished":"2024-12-26T07:58:27+00:00","dateModified":"2026-04-24T07:24:09+00:00","breadcrumb":{"@id":"https:\/\/aldaia.es\/empleo\/es\/2024\/12\/26\/dos-plazas-de-administrativo-a\/#breadcrumb"},"inLanguage":"es","potentialAction":[{"@type":"ReadAction","target":["https:\/\/aldaia.es\/empleo\/es\/2024\/12\/26\/dos-plazas-de-administrativo-a\/"]}]},{"@type":"BreadcrumbList","@id":"https:\/\/aldaia.es\/empleo\/es\/2024\/12\/26\/dos-plazas-de-administrativo-a\/#breadcrumb","itemListElement":[{"@type":"ListItem","position":1,"name":"Portada","item":"https:\/\/aldaia.es\/empleo\/"},{"@type":"ListItem","position":2,"name":"Dos plazas de administrativo\/a"}]},{"@type":"WebSite","@id":"https:\/\/aldaia.es\/empleo\/#website","url":"https:\/\/aldaia.es\/empleo\/","name":"Empleo Aldaia","description":"","publisher":{"@id":"https:\/\/aldaia.es\/empleo\/#organization"},"potentialAction":[{"@type":"SearchAction","target":{"@type":"EntryPoint","urlTemplate":"https:\/\/aldaia.es\/empleo\/?s={search_term_string}"},"query-input":{"@type":"PropertyValueSpecification","valueRequired":true,"valueName":"search_term_string"}}],"inLanguage":"es"},{"@type":"Organization","@id":"https:\/\/aldaia.es\/empleo\/#organization","name":"Empleo Aldaia","url":"https:\/\/aldaia.es\/empleo\/","logo":{"@type":"ImageObject","inLanguage":"es","@id":"https:\/\/aldaia.es\/empleo\/#\/schema\/logo\/image\/","url":"https:\/\/aldaia.es\/empleo\/wp-content\/uploads\/2025\/06\/logo-ajuntament-aldaia.jpg","contentUrl":"https:\/\/aldaia.es\/empleo\/wp-content\/uploads\/2025\/06\/logo-ajuntament-aldaia.jpg","width":768,"height":438,"caption":"Empleo Aldaia"},"image":{"@id":"https:\/\/aldaia.es\/empleo\/#\/schema\/logo\/image\/"},"sameAs":["https:\/\/www.facebook.com\/ajuntamentaldaia","https:\/\/x.com\/ajuntaldaia","https:\/\/www.instagram.com\/ajuntamentaldaia_\/","https:\/\/www.youtube.com\/@ajuntamentdaldaia8046"]},{"@type":"Person","@id":"https:\/\/aldaia.es\/empleo\/#\/schema\/person\/31b123d763374cf10b2376d65b07b1c6","name":"Cristina","image":{"@type":"ImageObject","inLanguage":"es","@id":"https:\/\/aldaia.es\/empleo\/#\/schema\/person\/image\/","url":"https:\/\/secure.gravatar.com\/avatar\/0a2836fbe98d85a51adf600b91d7a84111de5f79ae5417135998ddbb9db38230?s=96&d=mm&r=g","contentUrl":"https:\/\/secure.gravatar.com\/avatar\/0a2836fbe98d85a51adf600b91d7a84111de5f79ae5417135998ddbb9db38230?s=96&d=mm&r=g","caption":"Cristina"},"sameAs":["https:\/\/aldaia.es\/empleo"],"url":"https:\/\/aldaia.es\/empleo\/author\/cristina\/"}]}},"_links":{"self":[{"href":"https:\/\/aldaia.es\/empleo\/wp-json\/wp\/v2\/posts\/35292","targetHints":{"allow":["GET"]}}],"collection":[{"href":"https:\/\/aldaia.es\/empleo\/wp-json\/wp\/v2\/posts"}],"about":[{"href":"https:\/\/aldaia.es\/empleo\/wp-json\/wp\/v2\/types\/post"}],"author":[{"embeddable":true,"href":"https:\/\/aldaia.es\/empleo\/wp-json\/wp\/v2\/users\/1"}],"replies":[{"embeddable":true,"href":"https:\/\/aldaia.es\/empleo\/wp-json\/wp\/v2\/comments?post=35292"}],"version-history":[{"count":37,"href":"https:\/\/aldaia.es\/empleo\/wp-json\/wp\/v2\/posts\/35292\/revisions"}],"predecessor-version":[{"id":40159,"href":"https:\/\/aldaia.es\/empleo\/wp-json\/wp\/v2\/posts\/35292\/revisions\/40159"}],"wp:attachment":[{"href":"https:\/\/aldaia.es\/empleo\/wp-json\/wp\/v2\/media?parent=35292"}],"wp:term":[{"taxonomy":"category","embeddable":true,"href":"https:\/\/aldaia.es\/empleo\/wp-json\/wp\/v2\/categories?post=35292"},{"taxonomy":"post_tag","embeddable":true,"href":"https:\/\/aldaia.es\/empleo\/wp-json\/wp\/v2\/tags?post=35292"}],"curies":[{"name":"wp","href":"https:\/\/api.w.org\/{rel}","templated":true}]}}