{"id":35545,"date":"2025-01-20T09:45:29","date_gmt":"2025-01-20T08:45:29","guid":{"rendered":"https:\/\/aldaia.es\/?p=35545"},"modified":"2025-01-20T09:45:29","modified_gmt":"2025-01-20T08:45:29","slug":"convenio-de-colaboracion-interadministrativa-para-la-cesion-reciproca-de-bolsas-de-trabajo-con-el-ayuntamiento-de-sueca","status":"publish","type":"post","link":"https:\/\/aldaia.es\/empleo\/es\/2025\/01\/20\/convenio-de-colaboracion-interadministrativa-para-la-cesion-reciproca-de-bolsas-de-trabajo-con-el-ayuntamiento-de-sueca\/","title":{"rendered":"Convenio de colaboraci\u00f3n interadministrativa para la cesi\u00f3n rec\u00edproca de bolsas de trabajo con el Ayuntamiento de Sueca"},"content":{"rendered":"\n<p>Publicaci\u00f3n en el BOP.\u00a0Convenio de colaboraci\u00f3n interadministrativa para la cesi\u00f3n rec\u00edproca de bolsas de trabajo con el Ayuntamiento de Sueca<\/p>\n\n\n\n<p><a href=\"https:\/\/aldaia.es\/wp-content\/uploads\/2025\/01\/Publicacion-BOP-convenio-cesion-de-bolsas-Sueca-Aldaia.pdf\" target=\"_blank\" rel=\"noreferrer noopener\">Convenio de colaboraci\u00f3n interadministrativa para la cesi\u00f3n rec\u00edproca de bolsas de trabajo con el Ayuntamiento de Sueca<\/a><\/p>\n","protected":false},"excerpt":{"rendered":"<p>Publicaci\u00f3n en el BOP.\u00a0Convenio de colaboraci\u00f3n interadministrativa para la cesi\u00f3n rec\u00edproca de bolsas de trabajo con el Ayuntamiento de Sueca Convenio de colaboraci\u00f3n interadministrativa para la cesi\u00f3n rec\u00edproca de bolsas de trabajo con el Ayuntamiento de Sueca [&#8230;]<\/p>\n<p><a class=\"btn btn-secondary understrap-read-more-link\" href=\"https:\/\/aldaia.es\/empleo\/es\/2025\/01\/20\/convenio-de-colaboracion-interadministrativa-para-la-cesion-reciproca-de-bolsas-de-trabajo-con-el-ayuntamiento-de-sueca\/\">Leer m\u00e1s&#8230;<span class=\"screen-reader-text\"> from Convenio de colaboraci\u00f3n interadministrativa para la cesi\u00f3n rec\u00edproca de bolsas de trabajo con el Ayuntamiento de Sueca<\/span><\/a><\/p>\n","protected":false},"author":1,"featured_media":0,"comment_status":"closed","ping_status":"closed","sticky":false,"template":"","format":"standard","meta":{"footnotes":""},"categories":[23],"tags":[],"class_list":["post-35545","post","type-post","status-publish","format-standard","hentry","category-empleo-ayuntamiento-aldaia"],"yoast_head":"<!-- This site is optimized with the Yoast SEO plugin v26.9 - https:\/\/yoast.com\/product\/yoast-seo-wordpress\/ -->\n<title>Convenio de colaboraci\u00f3n interadministrativa para la cesi\u00f3n rec\u00edproca de bolsas de trabajo con el Ayuntamiento de Sueca - Empleo Aldaia<\/title>\n<meta name=\"robots\" content=\"index, follow, max-snippet:-1, max-image-preview:large, max-video-preview:-1\" \/>\n<link rel=\"canonical\" href=\"https:\/\/aldaia.es\/empleo\/es\/2025\/01\/20\/convenio-de-colaboracion-interadministrativa-para-la-cesion-reciproca-de-bolsas-de-trabajo-con-el-ayuntamiento-de-sueca\/\" \/>\n<meta property=\"og:locale\" content=\"es_ES\" \/>\n<meta property=\"og:type\" content=\"article\" \/>\n<meta property=\"og:title\" content=\"Convenio de colaboraci\u00f3n interadministrativa para la cesi\u00f3n rec\u00edproca de bolsas de trabajo con el Ayuntamiento de Sueca - Empleo Aldaia\" \/>\n<meta property=\"og:description\" content=\"Publicaci\u00f3n en el BOP.\u00a0Convenio de colaboraci\u00f3n interadministrativa para la cesi\u00f3n rec\u00edproca de bolsas de trabajo con el Ayuntamiento de Sueca Convenio de colaboraci\u00f3n interadministrativa para la cesi\u00f3n rec\u00edproca de bolsas de trabajo con el Ayuntamiento de Sueca [...]Leer m\u00e1s... from Convenio de colaboraci\u00f3n interadministrativa para la cesi\u00f3n rec\u00edproca de bolsas de trabajo con el Ayuntamiento de Sueca\" \/>\n<meta property=\"og:url\" content=\"https:\/\/aldaia.es\/empleo\/es\/2025\/01\/20\/convenio-de-colaboracion-interadministrativa-para-la-cesion-reciproca-de-bolsas-de-trabajo-con-el-ayuntamiento-de-sueca\/\" \/>\n<meta property=\"og:site_name\" content=\"Empleo Aldaia\" \/>\n<meta property=\"article:publisher\" content=\"https:\/\/www.facebook.com\/ajuntamentaldaia\" \/>\n<meta property=\"article:published_time\" content=\"2025-01-20T08:45:29+00:00\" \/>\n<meta name=\"author\" content=\"Cristina\" \/>\n<meta name=\"twitter:card\" content=\"summary_large_image\" \/>\n<meta name=\"twitter:creator\" content=\"@ajuntaldaia\" \/>\n<meta name=\"twitter:site\" content=\"@ajuntaldaia\" \/>\n<meta name=\"twitter:label1\" content=\"Escrito por\" \/>\n\t<meta name=\"twitter:data1\" content=\"Cristina\" \/>\n<script type=\"application\/ld+json\" class=\"yoast-schema-graph\">{\"@context\":\"https:\/\/schema.org\",\"@graph\":[{\"@type\":\"Article\",\"@id\":\"https:\/\/aldaia.es\/empleo\/es\/2025\/01\/20\/convenio-de-colaboracion-interadministrativa-para-la-cesion-reciproca-de-bolsas-de-trabajo-con-el-ayuntamiento-de-sueca\/#article\",\"isPartOf\":{\"@id\":\"https:\/\/aldaia.es\/empleo\/es\/2025\/01\/20\/convenio-de-colaboracion-interadministrativa-para-la-cesion-reciproca-de-bolsas-de-trabajo-con-el-ayuntamiento-de-sueca\/\"},\"author\":{\"name\":\"Cristina\",\"@id\":\"https:\/\/aldaia.es\/empleo\/#\/schema\/person\/31b123d763374cf10b2376d65b07b1c6\"},\"headline\":\"Convenio de colaboraci\u00f3n interadministrativa para la cesi\u00f3n rec\u00edproca de bolsas de trabajo con el Ayuntamiento de Sueca\",\"datePublished\":\"2025-01-20T08:45:29+00:00\",\"mainEntityOfPage\":{\"@id\":\"https:\/\/aldaia.es\/empleo\/es\/2025\/01\/20\/convenio-de-colaboracion-interadministrativa-para-la-cesion-reciproca-de-bolsas-de-trabajo-con-el-ayuntamiento-de-sueca\/\"},\"wordCount\":65,\"publisher\":{\"@id\":\"https:\/\/aldaia.es\/empleo\/#organization\"},\"articleSection\":[\"Empleo Ayuntamiento Aldaia\"],\"inLanguage\":\"es\"},{\"@type\":\"WebPage\",\"@id\":\"https:\/\/aldaia.es\/empleo\/es\/2025\/01\/20\/convenio-de-colaboracion-interadministrativa-para-la-cesion-reciproca-de-bolsas-de-trabajo-con-el-ayuntamiento-de-sueca\/\",\"url\":\"https:\/\/aldaia.es\/empleo\/es\/2025\/01\/20\/convenio-de-colaboracion-interadministrativa-para-la-cesion-reciproca-de-bolsas-de-trabajo-con-el-ayuntamiento-de-sueca\/\",\"name\":\"Convenio de colaboraci\u00f3n interadministrativa para la cesi\u00f3n rec\u00edproca de bolsas de trabajo con el Ayuntamiento de Sueca - Empleo Aldaia\",\"isPartOf\":{\"@id\":\"https:\/\/aldaia.es\/empleo\/#website\"},\"datePublished\":\"2025-01-20T08:45:29+00:00\",\"breadcrumb\":{\"@id\":\"https:\/\/aldaia.es\/empleo\/es\/2025\/01\/20\/convenio-de-colaboracion-interadministrativa-para-la-cesion-reciproca-de-bolsas-de-trabajo-con-el-ayuntamiento-de-sueca\/#breadcrumb\"},\"inLanguage\":\"es\",\"potentialAction\":[{\"@type\":\"ReadAction\",\"target\":[\"https:\/\/aldaia.es\/empleo\/es\/2025\/01\/20\/convenio-de-colaboracion-interadministrativa-para-la-cesion-reciproca-de-bolsas-de-trabajo-con-el-ayuntamiento-de-sueca\/\"]}]},{\"@type\":\"BreadcrumbList\",\"@id\":\"https:\/\/aldaia.es\/empleo\/es\/2025\/01\/20\/convenio-de-colaboracion-interadministrativa-para-la-cesion-reciproca-de-bolsas-de-trabajo-con-el-ayuntamiento-de-sueca\/#breadcrumb\",\"itemListElement\":[{\"@type\":\"ListItem\",\"position\":1,\"name\":\"Portada\",\"item\":\"https:\/\/aldaia.es\/empleo\/\"},{\"@type\":\"ListItem\",\"position\":2,\"name\":\"Convenio de colaboraci\u00f3n interadministrativa para la cesi\u00f3n rec\u00edproca de bolsas de trabajo con el Ayuntamiento de Sueca\"}]},{\"@type\":\"WebSite\",\"@id\":\"https:\/\/aldaia.es\/empleo\/#website\",\"url\":\"https:\/\/aldaia.es\/empleo\/\",\"name\":\"Empleo Aldaia\",\"description\":\"\",\"publisher\":{\"@id\":\"https:\/\/aldaia.es\/empleo\/#organization\"},\"potentialAction\":[{\"@type\":\"SearchAction\",\"target\":{\"@type\":\"EntryPoint\",\"urlTemplate\":\"https:\/\/aldaia.es\/empleo\/?s={search_term_string}\"},\"query-input\":{\"@type\":\"PropertyValueSpecification\",\"valueRequired\":true,\"valueName\":\"search_term_string\"}}],\"inLanguage\":\"es\"},{\"@type\":\"Organization\",\"@id\":\"https:\/\/aldaia.es\/empleo\/#organization\",\"name\":\"Empleo Aldaia\",\"url\":\"https:\/\/aldaia.es\/empleo\/\",\"logo\":{\"@type\":\"ImageObject\",\"inLanguage\":\"es\",\"@id\":\"https:\/\/aldaia.es\/empleo\/#\/schema\/logo\/image\/\",\"url\":\"https:\/\/aldaia.es\/empleo\/wp-content\/uploads\/2025\/06\/logo-ajuntament-aldaia.jpg\",\"contentUrl\":\"https:\/\/aldaia.es\/empleo\/wp-content\/uploads\/2025\/06\/logo-ajuntament-aldaia.jpg\",\"width\":768,\"height\":438,\"caption\":\"Empleo Aldaia\"},\"image\":{\"@id\":\"https:\/\/aldaia.es\/empleo\/#\/schema\/logo\/image\/\"},\"sameAs\":[\"https:\/\/www.facebook.com\/ajuntamentaldaia\",\"https:\/\/x.com\/ajuntaldaia\",\"https:\/\/www.instagram.com\/ajuntamentaldaia_\/\",\"https:\/\/www.youtube.com\/@ajuntamentdaldaia8046\"]},{\"@type\":\"Person\",\"@id\":\"https:\/\/aldaia.es\/empleo\/#\/schema\/person\/31b123d763374cf10b2376d65b07b1c6\",\"name\":\"Cristina\",\"image\":{\"@type\":\"ImageObject\",\"inLanguage\":\"es\",\"@id\":\"https:\/\/aldaia.es\/empleo\/#\/schema\/person\/image\/\",\"url\":\"https:\/\/secure.gravatar.com\/avatar\/0a2836fbe98d85a51adf600b91d7a84111de5f79ae5417135998ddbb9db38230?s=96&d=mm&r=g\",\"contentUrl\":\"https:\/\/secure.gravatar.com\/avatar\/0a2836fbe98d85a51adf600b91d7a84111de5f79ae5417135998ddbb9db38230?s=96&d=mm&r=g\",\"caption\":\"Cristina\"},\"sameAs\":[\"https:\/\/aldaia.es\/empleo\"],\"url\":\"https:\/\/aldaia.es\/empleo\/author\/cristina\/\"}]}<\/script>\n<!-- \/ Yoast SEO plugin. -->","yoast_head_json":{"title":"Convenio de colaboraci\u00f3n interadministrativa para la cesi\u00f3n rec\u00edproca de bolsas de trabajo con el Ayuntamiento de Sueca - Empleo Aldaia","robots":{"index":"index","follow":"follow","max-snippet":"max-snippet:-1","max-image-preview":"max-image-preview:large","max-video-preview":"max-video-preview:-1"},"canonical":"https:\/\/aldaia.es\/empleo\/es\/2025\/01\/20\/convenio-de-colaboracion-interadministrativa-para-la-cesion-reciproca-de-bolsas-de-trabajo-con-el-ayuntamiento-de-sueca\/","og_locale":"es_ES","og_type":"article","og_title":"Convenio de colaboraci\u00f3n interadministrativa para la cesi\u00f3n rec\u00edproca de bolsas de trabajo con el Ayuntamiento de Sueca - Empleo Aldaia","og_description":"Publicaci\u00f3n en el BOP.\u00a0Convenio de colaboraci\u00f3n interadministrativa para la cesi\u00f3n rec\u00edproca de bolsas de trabajo con el Ayuntamiento de Sueca Convenio de colaboraci\u00f3n interadministrativa para la cesi\u00f3n rec\u00edproca de bolsas de trabajo con el Ayuntamiento de Sueca [...]Leer m\u00e1s... from Convenio de colaboraci\u00f3n interadministrativa para la cesi\u00f3n rec\u00edproca de bolsas de trabajo con el Ayuntamiento de Sueca","og_url":"https:\/\/aldaia.es\/empleo\/es\/2025\/01\/20\/convenio-de-colaboracion-interadministrativa-para-la-cesion-reciproca-de-bolsas-de-trabajo-con-el-ayuntamiento-de-sueca\/","og_site_name":"Empleo Aldaia","article_publisher":"https:\/\/www.facebook.com\/ajuntamentaldaia","article_published_time":"2025-01-20T08:45:29+00:00","author":"Cristina","twitter_card":"summary_large_image","twitter_creator":"@ajuntaldaia","twitter_site":"@ajuntaldaia","twitter_misc":{"Escrito por":"Cristina"},"schema":{"@context":"https:\/\/schema.org","@graph":[{"@type":"Article","@id":"https:\/\/aldaia.es\/empleo\/es\/2025\/01\/20\/convenio-de-colaboracion-interadministrativa-para-la-cesion-reciproca-de-bolsas-de-trabajo-con-el-ayuntamiento-de-sueca\/#article","isPartOf":{"@id":"https:\/\/aldaia.es\/empleo\/es\/2025\/01\/20\/convenio-de-colaboracion-interadministrativa-para-la-cesion-reciproca-de-bolsas-de-trabajo-con-el-ayuntamiento-de-sueca\/"},"author":{"name":"Cristina","@id":"https:\/\/aldaia.es\/empleo\/#\/schema\/person\/31b123d763374cf10b2376d65b07b1c6"},"headline":"Convenio de colaboraci\u00f3n interadministrativa para la cesi\u00f3n rec\u00edproca de bolsas de trabajo con el Ayuntamiento de Sueca","datePublished":"2025-01-20T08:45:29+00:00","mainEntityOfPage":{"@id":"https:\/\/aldaia.es\/empleo\/es\/2025\/01\/20\/convenio-de-colaboracion-interadministrativa-para-la-cesion-reciproca-de-bolsas-de-trabajo-con-el-ayuntamiento-de-sueca\/"},"wordCount":65,"publisher":{"@id":"https:\/\/aldaia.es\/empleo\/#organization"},"articleSection":["Empleo Ayuntamiento Aldaia"],"inLanguage":"es"},{"@type":"WebPage","@id":"https:\/\/aldaia.es\/empleo\/es\/2025\/01\/20\/convenio-de-colaboracion-interadministrativa-para-la-cesion-reciproca-de-bolsas-de-trabajo-con-el-ayuntamiento-de-sueca\/","url":"https:\/\/aldaia.es\/empleo\/es\/2025\/01\/20\/convenio-de-colaboracion-interadministrativa-para-la-cesion-reciproca-de-bolsas-de-trabajo-con-el-ayuntamiento-de-sueca\/","name":"Convenio de colaboraci\u00f3n interadministrativa para la cesi\u00f3n rec\u00edproca de bolsas de trabajo con el Ayuntamiento de Sueca - Empleo Aldaia","isPartOf":{"@id":"https:\/\/aldaia.es\/empleo\/#website"},"datePublished":"2025-01-20T08:45:29+00:00","breadcrumb":{"@id":"https:\/\/aldaia.es\/empleo\/es\/2025\/01\/20\/convenio-de-colaboracion-interadministrativa-para-la-cesion-reciproca-de-bolsas-de-trabajo-con-el-ayuntamiento-de-sueca\/#breadcrumb"},"inLanguage":"es","potentialAction":[{"@type":"ReadAction","target":["https:\/\/aldaia.es\/empleo\/es\/2025\/01\/20\/convenio-de-colaboracion-interadministrativa-para-la-cesion-reciproca-de-bolsas-de-trabajo-con-el-ayuntamiento-de-sueca\/"]}]},{"@type":"BreadcrumbList","@id":"https:\/\/aldaia.es\/empleo\/es\/2025\/01\/20\/convenio-de-colaboracion-interadministrativa-para-la-cesion-reciproca-de-bolsas-de-trabajo-con-el-ayuntamiento-de-sueca\/#breadcrumb","itemListElement":[{"@type":"ListItem","position":1,"name":"Portada","item":"https:\/\/aldaia.es\/empleo\/"},{"@type":"ListItem","position":2,"name":"Convenio de colaboraci\u00f3n interadministrativa para la cesi\u00f3n rec\u00edproca de bolsas de trabajo con el Ayuntamiento de Sueca"}]},{"@type":"WebSite","@id":"https:\/\/aldaia.es\/empleo\/#website","url":"https:\/\/aldaia.es\/empleo\/","name":"Empleo Aldaia","description":"","publisher":{"@id":"https:\/\/aldaia.es\/empleo\/#organization"},"potentialAction":[{"@type":"SearchAction","target":{"@type":"EntryPoint","urlTemplate":"https:\/\/aldaia.es\/empleo\/?s={search_term_string}"},"query-input":{"@type":"PropertyValueSpecification","valueRequired":true,"valueName":"search_term_string"}}],"inLanguage":"es"},{"@type":"Organization","@id":"https:\/\/aldaia.es\/empleo\/#organization","name":"Empleo Aldaia","url":"https:\/\/aldaia.es\/empleo\/","logo":{"@type":"ImageObject","inLanguage":"es","@id":"https:\/\/aldaia.es\/empleo\/#\/schema\/logo\/image\/","url":"https:\/\/aldaia.es\/empleo\/wp-content\/uploads\/2025\/06\/logo-ajuntament-aldaia.jpg","contentUrl":"https:\/\/aldaia.es\/empleo\/wp-content\/uploads\/2025\/06\/logo-ajuntament-aldaia.jpg","width":768,"height":438,"caption":"Empleo Aldaia"},"image":{"@id":"https:\/\/aldaia.es\/empleo\/#\/schema\/logo\/image\/"},"sameAs":["https:\/\/www.facebook.com\/ajuntamentaldaia","https:\/\/x.com\/ajuntaldaia","https:\/\/www.instagram.com\/ajuntamentaldaia_\/","https:\/\/www.youtube.com\/@ajuntamentdaldaia8046"]},{"@type":"Person","@id":"https:\/\/aldaia.es\/empleo\/#\/schema\/person\/31b123d763374cf10b2376d65b07b1c6","name":"Cristina","image":{"@type":"ImageObject","inLanguage":"es","@id":"https:\/\/aldaia.es\/empleo\/#\/schema\/person\/image\/","url":"https:\/\/secure.gravatar.com\/avatar\/0a2836fbe98d85a51adf600b91d7a84111de5f79ae5417135998ddbb9db38230?s=96&d=mm&r=g","contentUrl":"https:\/\/secure.gravatar.com\/avatar\/0a2836fbe98d85a51adf600b91d7a84111de5f79ae5417135998ddbb9db38230?s=96&d=mm&r=g","caption":"Cristina"},"sameAs":["https:\/\/aldaia.es\/empleo"],"url":"https:\/\/aldaia.es\/empleo\/author\/cristina\/"}]}},"_links":{"self":[{"href":"https:\/\/aldaia.es\/empleo\/wp-json\/wp\/v2\/posts\/35545","targetHints":{"allow":["GET"]}}],"collection":[{"href":"https:\/\/aldaia.es\/empleo\/wp-json\/wp\/v2\/posts"}],"about":[{"href":"https:\/\/aldaia.es\/empleo\/wp-json\/wp\/v2\/types\/post"}],"author":[{"embeddable":true,"href":"https:\/\/aldaia.es\/empleo\/wp-json\/wp\/v2\/users\/1"}],"replies":[{"embeddable":true,"href":"https:\/\/aldaia.es\/empleo\/wp-json\/wp\/v2\/comments?post=35545"}],"version-history":[{"count":1,"href":"https:\/\/aldaia.es\/empleo\/wp-json\/wp\/v2\/posts\/35545\/revisions"}],"predecessor-version":[{"id":37981,"href":"https:\/\/aldaia.es\/empleo\/wp-json\/wp\/v2\/posts\/35545\/revisions\/37981"}],"wp:attachment":[{"href":"https:\/\/aldaia.es\/empleo\/wp-json\/wp\/v2\/media?parent=35545"}],"wp:term":[{"taxonomy":"category","embeddable":true,"href":"https:\/\/aldaia.es\/empleo\/wp-json\/wp\/v2\/categories?post=35545"},{"taxonomy":"post_tag","embeddable":true,"href":"https:\/\/aldaia.es\/empleo\/wp-json\/wp\/v2\/tags?post=35545"}],"curies":[{"name":"wp","href":"https:\/\/api.w.org\/{rel}","templated":true}]}}