{"id":36385,"date":"2025-03-10T09:26:30","date_gmt":"2025-03-10T08:26:30","guid":{"rendered":"https:\/\/aldaia.es\/?p=36385"},"modified":"2026-04-20T13:44:23","modified_gmt":"2026-04-20T11:44:23","slug":"una-plaza-de-arquitecto-a","status":"publish","type":"post","link":"https:\/\/aldaia.es\/empleo\/es\/2025\/03\/10\/una-plaza-de-arquitecto-a\/","title":{"rendered":"Una plaza de arquitecto\/a"},"content":{"rendered":"\n<p>Aprobaci\u00f3n de las bases del proceso de selecci\u00f3n para la provisi\u00f3n de una plaza de arquitecto\/a.<\/p>\n\n\n\n<ol class=\"wp-block-list\">\n<li>Publicaci\u00f3n en el BOP n\u00fam. 47, de 10 de marzo de 2025, de las Bases del proceso de selecci\u00f3n para la provisi\u00f3n definitiva de una plaza de arquitecto\/a.<\/li>\n\n\n\n<li>Publicaci\u00f3n en el DOGV n\u00fam. 10074, de 26 de marzo de 2025, de anuncio de las Bases del proceso de selecci\u00f3n para la provisi\u00f3n definitiva de una plaza de arquitecto\/a.<\/li>\n\n\n\n<li>Publicaci\u00f3n en el BOE n\u00fam. 86, de 9 de abril de 2025, de extracto de convocatoria para la provisi\u00f3n definitiva de una plaza de arquitecto\/a. Plazo de convocatoria: del 10 de abril al 13 de mayo de 2025<\/li>\n<\/ol>\n\n\n\n<p>4.- Publicaci\u00f3n del BOPV de la lista provisional de personas admitidas y excluidas y designaci\u00f3n del tribunal calificador<\/p>\n\n\n\n<p>&#8212; Plazo de alegaciones del 16 al 30 de junio de 2025 (ambos inclusive)&#8211;<\/p>\n\n\n\n<p>5.- Publicaci\u00f3n BOPV 30\/06\/2025 <strong>CORRECCI\u00d3N <\/strong>de la lista provisional de personas admitidas y excluidas y designaci\u00f3n del tribunal calificador<\/p>\n\n\n\n<p>&#8212; Nuevo Plazo de alegaciones del 01 al 14 de julio de 2025 (ambos inclusive) &#8212;<\/p>\n\n\n\n<p>6.Publicaci\u00f3n BOPV 19\/08\/2025 de la lista definitiva de personas admitidas y excluidas, y convocatoria primer ejercicio.<\/p>\n\n\n\n<p>7. Declaraci\u00f3n de tramitaci\u00f3n de urgencia. Se reducen a la mitad los plazos relativos al proceso de selecci\u00f3n<\/p>\n\n\n\n<p>8. Plantilla EXAMEN TIPO TEST<\/p>\n\n\n\n<p>8.1 Plantilla RESPUESTAS<\/p>\n\n\n\n<p>9. Acta del Tribunal calificador. Desarrollo del examen y otros acuerdos<\/p>\n\n\n\n<p>10. Acta del Tribunal calificador. Puntuaciones provisionales. <\/p>\n\n\n\n<p>&#8212; Plazo de alegaciones del 21 al 27 de octubre de 2025 (ambos inclusive)&#8211;<\/p>\n\n\n\n<p>11. Acta del Tribunal calificador. Examen de alegaciones, puntuaciones definitivas y celebraci\u00f3n del 2\u00ba examen.<\/p>\n\n\n\n<p>11.1 Plantilla RESPUESTAS_ corregida.<\/p>\n\n\n\n<p>12. Acta del tribunal. Acuerdos y desarrollo del examen<\/p>\n\n\n\n<p>13. Acta del tribunal. Determinaci\u00f3n de los criterios de correcci\u00f3n.<\/p>\n\n\n\n<p>14. Acta del Tribunal calificador. Puntuaciones provisionales del 2\u00ba ejercicio.<\/p>\n\n\n\n<p>&#8212; Plazo de alegaciones del 10 al 16 de diciembre de 2025 (ambos inclusive)&#8211;<\/p>\n\n\n\n<p>15. Acta del Tribunal calificador. Resoluci\u00f3n de alegaciones y celebraci\u00f3n del 3\u00ba ejercicio.<\/p>\n\n\n\n<p>&#8211;NOTA INFORMATIVA: CIRCUNSTANCIAS DE CELEBRACI\u00d3N 3\u00ba EJERCICIO &#8212;<\/p>\n\n\n\n<p>16. Supuesto pr\u00e1ctico realizado.<\/p>\n\n\n\n<p>17. Acta del Tribunal calificador. Desarrollo e incidencias durante el ejercicio.<\/p>\n\n\n\n<p>&#8212; Plazo de alegaciones del 28 de enero al 3 de febrero de 2026 (ambos inclusive)&#8211;<\/p>\n\n\n\n<p>18. Acta del tribunal calificador. Puntuaciones provisionales del tercer ejercicio. Plazo para presentaci\u00f3n de m\u00e9ritos<\/p>\n\n\n\n<p>&#8212; Plazo de alegaciones y m\u00e9ritos del 19 al 25 de febrero de 2026 (ambos inclusive)&#8211;<\/p>\n\n\n\n<p>19. Acta del Tribunal Calificador. Resoluci\u00f3n de alegaciones.<\/p>\n\n\n\n<p>20.&nbsp;Acta del Tribunal Calificador. Puntuaciones provisionales fase de concurso. Constituci\u00f3n bolsa.<\/p>\n\n\n\n<p>&#8212; Plazo de alegaciones y entrega de documentaci\u00f3n del 24 al 30 de marzo de 2026 (ambos inclusive)&#8211;<\/p>\n\n\n\n<p>21.&nbsp;Acta del Tribunal Calificador. Correcci\u00f3n error en las puntuaciones y constituci\u00f3n de la bolsa.<\/p>\n\n\n\n<p>&#8212; Plazo de alegaciones y\/o reclamaciones: del 21 al 27 de abril de 2026 (ambos inclusive)&#8211;<\/p>\n\n\n\n<p>________________________________________________________________________________________________________________________<\/p>\n\n\n\n<p><a href=\"https:\/\/aldaia.es\/wp-content\/uploads\/2025\/03\/Publicacion-BOP-10-03-2025-Bases-1-plaza-arquitecto-a.pdf\">1. Publicaci\u00f3n de Bases en BOP de 10 de marzo de 2025<\/a><\/p>\n\n\n\n<p><a href=\"https:\/\/aldaia.es\/wp-content\/uploads\/2025\/03\/02-Publicacion-DOGV-26-03-2025-Bases-1-plaza-arquitecto-a.pdf\">2.Publicaci\u00f3n de Anuncio de las Bases en DOGV de 25 de marzo de 2025<\/a><\/p>\n\n\n\n<p><a href=\"https:\/\/aldaia.es\/wp-content\/uploads\/2025\/04\/03-Publicacion-convocatoria-BOE-09-04-2025.pdf\">3. Publicaci\u00f3n de Convocatoria en BOE de 9 de abril de 2025<\/a><\/p>\n\n\n\n<p><a href=\"https:\/\/aldaia.es\/wp-content\/uploads\/2025\/04\/Anexo-I-Solicitud-y-prot-datos.pdf\">3. Anexo I Solicitud y protecci\u00f3n de datos<\/a><\/p>\n\n\n\n<p><a href=\"https:\/\/aldaia.es\/wp-content\/uploads\/2025\/04\/Instrucciones-abono-tasas.pdf\">3. Instrucciones abono tasas<\/a><\/p>\n\n\n\n<p><a href=\"https:\/\/aldaia.es\/wp-content\/uploads\/2025\/06\/Publicacion-BOPV-Lista-provisional-1-arquitecto.pdf\" target=\"_blank\" rel=\"noreferrer noopener\">4.- Publicaci\u00f3n del BOPV de la lista provisional de personas admitidas y excluidas y designaci\u00f3n del tribunal calificador<\/a><\/p>\n\n\n\n<p><a href=\"https:\/\/aldaia.es\/empleo\/wp-content\/uploads\/2025\/06\/Publicacion-30-06-25-BOPV-correccion-lista-provional-1-plaza-de-arquitecto.pdf\" target=\"_blank\" rel=\"noreferrer noopener\">5.- Publicaci\u00f3n BOPV 30\/06\/2025 <strong>CORRECCI\u00d3N <\/strong>de la lista provisional de personas admitidas y excluidas y designaci\u00f3n del tribunal calificador<\/a><\/p>\n\n\n\n<p>6. <a href=\"https:\/\/aldaia.es\/empleo\/wp-content\/uploads\/2025\/08\/Publicacion-BOPV-aprobacion-definitiva-personas-aspirtanes-y-fecha-1o-ejercicio-de-una-plaza-de-arquitecto-a.pdf\">Publicaci\u00f3n BOPV 19\/08\/2025 lista de la lista definitiva de personas admitidas y excluidas, y convocatoria primer ejercicio<\/a><\/p>\n\n\n\n<p><a href=\"https:\/\/aldaia.es\/empleo\/wp-content\/uploads\/2025\/09\/RA-TRAMITACION-URGENCIA-OPOSICION-1-ARQUITECTO-A.pdf\" target=\"_blank\" rel=\"noreferrer noopener\">7. Declaraci\u00f3n de tramitaci\u00f3n de urgencia. Se reducen a la mitad los plazos relativos al proceso de selecci\u00f3n.<\/a><\/p>\n\n\n\n<p><a href=\"https:\/\/aldaia.es\/empleo\/wp-content\/uploads\/2025\/10\/PLANTILLA-EXAMEN-TIPO-TEST_compressed-1.pdf\">8. Plantilla EXAMEN TIPO TEST<\/a><\/p>\n\n\n\n<p><a href=\"https:\/\/aldaia.es\/empleo\/wp-content\/uploads\/2025\/10\/PLANTILLA-RESPUESTAS-EXAMEN-1-ARQUITECTOA.pdf\" target=\"_blank\" rel=\"noreferrer noopener\">8.1 Plantilla RESPUESTAS<\/a><\/p>\n\n\n\n<p><a href=\"https:\/\/aldaia.es\/empleo\/wp-content\/uploads\/2025\/10\/ACTA-2-TRIBUNAL-1-ARQUITECTO-A_-firmada-internos-y-Manuela.pdf\" target=\"_blank\" rel=\"noreferrer noopener\">9. Acta del Tribunal calificador. Desarrollo del examen y otros acuerdos<\/a><\/p>\n\n\n\n<p><a href=\"https:\/\/aldaia.es\/empleo\/wp-content\/uploads\/2025\/10\/ACTA-3-TRIBUNAL-1-ARQUITECTO-A-firmada-por-internos-y-Manuela.pdf\" target=\"_blank\" rel=\"noreferrer noopener\">10. Acta del Tribunal calificador. Puntuaciones provisionales.<\/a><\/p>\n\n\n\n<p><a href=\"https:\/\/aldaia.es\/empleo\/wp-content\/uploads\/2025\/11\/ACTA-4-TRIBUNAL-1-ARQUITECTO-A_firmas-internas-y-Manuela.pdf\" target=\"_blank\" rel=\"noreferrer noopener\">11. Acta del Tribunal calificador. Examen de alegaciones, puntuaciones definitivas y celebraci\u00f3n del 2\u00ba examen.<\/a><\/p>\n\n\n\n<p><a href=\"https:\/\/aldaia.es\/empleo\/wp-content\/uploads\/2025\/11\/Plantilla-respuestas-1o-ejercicio-ARQUITECTO-A_corregida.pdf\">11.1 Plantilla RESPUESTAS<\/a><a href=\"https:\/\/aldaia.es\/empleo\/wp-content\/uploads\/2025\/11\/Plantilla-respuestas-1o-ejercicio-ARQUITECTO-A_corregida.pdf\" target=\"_blank\" rel=\"noreferrer noopener\">_<\/a><a href=\"https:\/\/aldaia.es\/empleo\/wp-content\/uploads\/2025\/11\/Plantilla-respuestas-1o-ejercicio-ARQUITECTO-A_corregida.pdf\"> corregida.<\/a><\/p>\n\n\n\n<p><a href=\"https:\/\/aldaia.es\/empleo\/wp-content\/uploads\/2025\/11\/ACTA-5-TRIBUNAL-1-ARQUITECTO-A-firmada-internos-y-David.pdf\" target=\"_blank\" rel=\"noreferrer noopener\">12. Acta del tribunal. Acuerdos y desarrollo del examen<\/a><\/p>\n\n\n\n<p><a href=\"https:\/\/aldaia.es\/empleo\/wp-content\/uploads\/2025\/11\/ACTA-6-TRIBUNAL-1-ARQUITECTO-A_firma-internos-y-David.pdf\" target=\"_blank\" rel=\"noreferrer noopener\">13. Acta del tribunal. Determinaci\u00f3n de los criterios de correcci\u00f3n.<\/a><\/p>\n\n\n\n<p><a href=\"https:\/\/aldaia.es\/empleo\/wp-content\/uploads\/2025\/12\/ACTA-9-TRIBUNAL-1-ARQUITECTO-A_firmada-internos-y-David.pdf\" target=\"_blank\" rel=\"noreferrer noopener\">14. Acta del Tribunal calificador. Puntuaciones provisionales del 2\u00ba ejercicio.<\/a><\/p>\n\n\n\n<p><a href=\"https:\/\/aldaia.es\/empleo\/wp-content\/uploads\/2025\/12\/ACTA-10-TRIBUNAL-1-ARQUITECTO-A_firmada-internos-y-David-1.pdf\" target=\"_blank\" rel=\"noreferrer noopener\">15. Acta del Tribunal calificador. Resoluci\u00f3n de alegaciones y celebraci\u00f3n del 3\u00ba ejercicio<\/a><\/p>\n\n\n\n<p><a href=\"https:\/\/aldaia.es\/empleo\/wp-content\/uploads\/2026\/01\/NOTA-INFORMATIVA-circunstancias-celebracion-ejercicio-3.pdf\" target=\"_blank\" rel=\"noreferrer noopener\">&#8211;NOTA INFORMATIVA: CIRCUNSTANCIAS DE CELEBRACI\u00d3N 3\u00ba EJERCICIO &#8212;<\/a><\/p>\n\n\n\n<p><a href=\"https:\/\/aldaia.es\/empleo\/wp-content\/uploads\/2026\/01\/doc12702120260123103331.pdf\" target=\"_blank\" rel=\"noreferrer noopener\">16. Supuesto pr\u00e1ctico realizado.<\/a><\/p>\n\n\n\n<p><a href=\"https:\/\/aldaia.es\/empleo\/wp-content\/uploads\/2026\/01\/ACTA-11-TRIBUNAL-1-ARQUITECTO-A-firmada-internos-y-David.pdf\" target=\"_blank\" rel=\"noreferrer noopener\">17. Acta del Tribunal calificador. Desarrollo e incidencias durante el ejercicio.<\/a><\/p>\n\n\n\n<p><a href=\"https:\/\/aldaia.es\/empleo\/wp-content\/uploads\/2026\/02\/ACTA-13-TRIBUNAL-1-ARQUITECTO-A-firmada-internos-y-David.pdf\" target=\"_blank\" rel=\"noreferrer noopener\">18. Acta del tribunal calificador. Puntuaciones provisionales del tercer ejercicio. Plazo para presentaci\u00f3n de m\u00e9ritos<\/a><\/p>\n\n\n\n<p><a href=\"https:\/\/aldaia.es\/empleo\/wp-content\/uploads\/2026\/02\/ANEXO-II-AUTOBAREMACION-1-ARQUITECTO.pdf\" target=\"_blank\" rel=\"noreferrer noopener\">ANEXO II. AUTOBAREMACI\u00d3N<\/a><\/p>\n\n\n\n<p><a href=\"https:\/\/aldaia.es\/empleo\/wp-content\/uploads\/2026\/03\/ACTA-14-TRIBUNAL-1-ARQUITECTO-A-firmada-internos-y-David.pdf\" target=\"_blank\" rel=\"noreferrer noopener\">19. Acta del Tribunal Calificador. Resoluci\u00f3n de alegaciones.<\/a><\/p>\n\n\n\n<p><a href=\"https:\/\/aldaia.es\/empleo\/wp-content\/uploads\/2026\/03\/ACTA-15-TRIBUNAL-1-ARQUITECTO-A-firmada-internos-y-David.pdf\" target=\"_blank\" rel=\"noreferrer noopener\">20.&nbsp;Acta del Tribunal Calificador. Puntuaciones provisionales fase de concurso. Constituci\u00f3n bolsa.<\/a><\/p>\n\n\n\n<p><a href=\"https:\/\/aldaia.es\/empleo\/wp-content\/uploads\/2026\/04\/ACTA-16-TRIBUNAL-1-ARQUITECTO-A-FIRMADA.pdf\" target=\"_blank\" rel=\"noreferrer noopener\">21.\u00a0Acta del Tribunal Calificador. Correcci\u00f3n error en las puntuaciones y constituci\u00f3n de la bolsa.<\/a><\/p>\n\n\n\n<p><\/p>\n","protected":false},"excerpt":{"rendered":"<p>Aprobaci\u00f3n de las bases del proceso de selecci\u00f3n para la provisi\u00f3n de una plaza de arquitecto\/a. 4.- Publicaci\u00f3n del BOPV de la lista provisional de personas admitidas y excluidas y designaci\u00f3n del tribunal calificador &#8212; Plazo de alegaciones del 16 al 30 de junio de 2025 (ambos inclusive)&#8211; 5.- Publicaci\u00f3n BOPV 30\/06\/2025 CORRECCI\u00d3N de la [&#8230;]<\/p>\n<p><a class=\"btn btn-secondary understrap-read-more-link\" href=\"https:\/\/aldaia.es\/empleo\/es\/2025\/03\/10\/una-plaza-de-arquitecto-a\/\">Leer m\u00e1s&#8230;<span class=\"screen-reader-text\"> from Una plaza de arquitecto\/a<\/span><\/a><\/p>\n","protected":false},"author":1,"featured_media":0,"comment_status":"closed","ping_status":"closed","sticky":false,"template":"","format":"standard","meta":{"footnotes":""},"categories":[33,23,35,27,13],"tags":[],"class_list":["post-36385","post","type-post","status-publish","format-standard","hentry","category-abierto","category-empleo-ayuntamiento-aldaia","category-en-tramite","category-oposiciones","category-procesos-selectivos"],"yoast_head":"<!-- This site is optimized with the Yoast SEO plugin v26.9 - https:\/\/yoast.com\/product\/yoast-seo-wordpress\/ -->\n<title>Una plaza de arquitecto\/a - Empleo Aldaia<\/title>\n<meta name=\"robots\" content=\"index, follow, max-snippet:-1, max-image-preview:large, max-video-preview:-1\" \/>\n<link rel=\"canonical\" href=\"https:\/\/aldaia.es\/empleo\/es\/2025\/03\/10\/una-plaza-de-arquitecto-a\/\" \/>\n<meta property=\"og:locale\" content=\"es_ES\" \/>\n<meta property=\"og:type\" content=\"article\" \/>\n<meta property=\"og:title\" content=\"Una plaza de arquitecto\/a - Empleo Aldaia\" \/>\n<meta property=\"og:description\" content=\"Aprobaci\u00f3n de las bases del proceso de selecci\u00f3n para la provisi\u00f3n de una plaza de arquitecto\/a. 4.- Publicaci\u00f3n del BOPV de la lista provisional de personas admitidas y excluidas y designaci\u00f3n del tribunal calificador &#8212; Plazo de alegaciones del 16 al 30 de junio de 2025 (ambos inclusive)&#8211; 5.- Publicaci\u00f3n BOPV 30\/06\/2025 CORRECCI\u00d3N de la [...]Leer m\u00e1s... from Una plaza de arquitecto\/a\" \/>\n<meta property=\"og:url\" content=\"https:\/\/aldaia.es\/empleo\/es\/2025\/03\/10\/una-plaza-de-arquitecto-a\/\" \/>\n<meta property=\"og:site_name\" content=\"Empleo Aldaia\" \/>\n<meta property=\"article:publisher\" content=\"https:\/\/www.facebook.com\/ajuntamentaldaia\" \/>\n<meta property=\"article:published_time\" content=\"2025-03-10T08:26:30+00:00\" \/>\n<meta property=\"article:modified_time\" content=\"2026-04-20T11:44:23+00:00\" \/>\n<meta name=\"author\" content=\"Cristina\" \/>\n<meta name=\"twitter:card\" content=\"summary_large_image\" \/>\n<meta name=\"twitter:creator\" content=\"@ajuntaldaia\" \/>\n<meta name=\"twitter:site\" content=\"@ajuntaldaia\" \/>\n<meta name=\"twitter:label1\" content=\"Escrito por\" \/>\n\t<meta name=\"twitter:data1\" content=\"Cristina\" \/>\n\t<meta name=\"twitter:label2\" content=\"Tiempo de lectura\" \/>\n\t<meta name=\"twitter:data2\" content=\"4 minutos\" \/>\n<script type=\"application\/ld+json\" class=\"yoast-schema-graph\">{\"@context\":\"https:\/\/schema.org\",\"@graph\":[{\"@type\":\"Article\",\"@id\":\"https:\/\/aldaia.es\/empleo\/es\/2025\/03\/10\/una-plaza-de-arquitecto-a\/#article\",\"isPartOf\":{\"@id\":\"https:\/\/aldaia.es\/empleo\/es\/2025\/03\/10\/una-plaza-de-arquitecto-a\/\"},\"author\":{\"name\":\"Cristina\",\"@id\":\"https:\/\/aldaia.es\/empleo\/#\/schema\/person\/31b123d763374cf10b2376d65b07b1c6\"},\"headline\":\"Una plaza de arquitecto\/a\",\"datePublished\":\"2025-03-10T08:26:30+00:00\",\"dateModified\":\"2026-04-20T11:44:23+00:00\",\"mainEntityOfPage\":{\"@id\":\"https:\/\/aldaia.es\/empleo\/es\/2025\/03\/10\/una-plaza-de-arquitecto-a\/\"},\"wordCount\":745,\"publisher\":{\"@id\":\"https:\/\/aldaia.es\/empleo\/#organization\"},\"articleSection\":[\"Abierto\",\"Empleo Ayuntamiento Aldaia\",\"En tr\u00e1mite\",\"Oposiciones\",\"Procesos selectivos\"],\"inLanguage\":\"es\"},{\"@type\":\"WebPage\",\"@id\":\"https:\/\/aldaia.es\/empleo\/es\/2025\/03\/10\/una-plaza-de-arquitecto-a\/\",\"url\":\"https:\/\/aldaia.es\/empleo\/es\/2025\/03\/10\/una-plaza-de-arquitecto-a\/\",\"name\":\"Una plaza de arquitecto\/a - Empleo Aldaia\",\"isPartOf\":{\"@id\":\"https:\/\/aldaia.es\/empleo\/#website\"},\"datePublished\":\"2025-03-10T08:26:30+00:00\",\"dateModified\":\"2026-04-20T11:44:23+00:00\",\"breadcrumb\":{\"@id\":\"https:\/\/aldaia.es\/empleo\/es\/2025\/03\/10\/una-plaza-de-arquitecto-a\/#breadcrumb\"},\"inLanguage\":\"es\",\"potentialAction\":[{\"@type\":\"ReadAction\",\"target\":[\"https:\/\/aldaia.es\/empleo\/es\/2025\/03\/10\/una-plaza-de-arquitecto-a\/\"]}]},{\"@type\":\"BreadcrumbList\",\"@id\":\"https:\/\/aldaia.es\/empleo\/es\/2025\/03\/10\/una-plaza-de-arquitecto-a\/#breadcrumb\",\"itemListElement\":[{\"@type\":\"ListItem\",\"position\":1,\"name\":\"Portada\",\"item\":\"https:\/\/aldaia.es\/empleo\/\"},{\"@type\":\"ListItem\",\"position\":2,\"name\":\"Una plaza de arquitecto\/a\"}]},{\"@type\":\"WebSite\",\"@id\":\"https:\/\/aldaia.es\/empleo\/#website\",\"url\":\"https:\/\/aldaia.es\/empleo\/\",\"name\":\"Empleo Aldaia\",\"description\":\"\",\"publisher\":{\"@id\":\"https:\/\/aldaia.es\/empleo\/#organization\"},\"potentialAction\":[{\"@type\":\"SearchAction\",\"target\":{\"@type\":\"EntryPoint\",\"urlTemplate\":\"https:\/\/aldaia.es\/empleo\/?s={search_term_string}\"},\"query-input\":{\"@type\":\"PropertyValueSpecification\",\"valueRequired\":true,\"valueName\":\"search_term_string\"}}],\"inLanguage\":\"es\"},{\"@type\":\"Organization\",\"@id\":\"https:\/\/aldaia.es\/empleo\/#organization\",\"name\":\"Empleo Aldaia\",\"url\":\"https:\/\/aldaia.es\/empleo\/\",\"logo\":{\"@type\":\"ImageObject\",\"inLanguage\":\"es\",\"@id\":\"https:\/\/aldaia.es\/empleo\/#\/schema\/logo\/image\/\",\"url\":\"https:\/\/aldaia.es\/empleo\/wp-content\/uploads\/2025\/06\/logo-ajuntament-aldaia.jpg\",\"contentUrl\":\"https:\/\/aldaia.es\/empleo\/wp-content\/uploads\/2025\/06\/logo-ajuntament-aldaia.jpg\",\"width\":768,\"height\":438,\"caption\":\"Empleo Aldaia\"},\"image\":{\"@id\":\"https:\/\/aldaia.es\/empleo\/#\/schema\/logo\/image\/\"},\"sameAs\":[\"https:\/\/www.facebook.com\/ajuntamentaldaia\",\"https:\/\/x.com\/ajuntaldaia\",\"https:\/\/www.instagram.com\/ajuntamentaldaia_\/\",\"https:\/\/www.youtube.com\/@ajuntamentdaldaia8046\"]},{\"@type\":\"Person\",\"@id\":\"https:\/\/aldaia.es\/empleo\/#\/schema\/person\/31b123d763374cf10b2376d65b07b1c6\",\"name\":\"Cristina\",\"image\":{\"@type\":\"ImageObject\",\"inLanguage\":\"es\",\"@id\":\"https:\/\/aldaia.es\/empleo\/#\/schema\/person\/image\/\",\"url\":\"https:\/\/secure.gravatar.com\/avatar\/0a2836fbe98d85a51adf600b91d7a84111de5f79ae5417135998ddbb9db38230?s=96&d=mm&r=g\",\"contentUrl\":\"https:\/\/secure.gravatar.com\/avatar\/0a2836fbe98d85a51adf600b91d7a84111de5f79ae5417135998ddbb9db38230?s=96&d=mm&r=g\",\"caption\":\"Cristina\"},\"sameAs\":[\"https:\/\/aldaia.es\/empleo\"],\"url\":\"https:\/\/aldaia.es\/empleo\/author\/cristina\/\"}]}<\/script>\n<!-- \/ Yoast SEO plugin. -->","yoast_head_json":{"title":"Una plaza de arquitecto\/a - Empleo Aldaia","robots":{"index":"index","follow":"follow","max-snippet":"max-snippet:-1","max-image-preview":"max-image-preview:large","max-video-preview":"max-video-preview:-1"},"canonical":"https:\/\/aldaia.es\/empleo\/es\/2025\/03\/10\/una-plaza-de-arquitecto-a\/","og_locale":"es_ES","og_type":"article","og_title":"Una plaza de arquitecto\/a - Empleo Aldaia","og_description":"Aprobaci\u00f3n de las bases del proceso de selecci\u00f3n para la provisi\u00f3n de una plaza de arquitecto\/a. 4.- Publicaci\u00f3n del BOPV de la lista provisional de personas admitidas y excluidas y designaci\u00f3n del tribunal calificador &#8212; Plazo de alegaciones del 16 al 30 de junio de 2025 (ambos inclusive)&#8211; 5.- Publicaci\u00f3n BOPV 30\/06\/2025 CORRECCI\u00d3N de la [...]Leer m\u00e1s... from Una plaza de arquitecto\/a","og_url":"https:\/\/aldaia.es\/empleo\/es\/2025\/03\/10\/una-plaza-de-arquitecto-a\/","og_site_name":"Empleo Aldaia","article_publisher":"https:\/\/www.facebook.com\/ajuntamentaldaia","article_published_time":"2025-03-10T08:26:30+00:00","article_modified_time":"2026-04-20T11:44:23+00:00","author":"Cristina","twitter_card":"summary_large_image","twitter_creator":"@ajuntaldaia","twitter_site":"@ajuntaldaia","twitter_misc":{"Escrito por":"Cristina","Tiempo de lectura":"4 minutos"},"schema":{"@context":"https:\/\/schema.org","@graph":[{"@type":"Article","@id":"https:\/\/aldaia.es\/empleo\/es\/2025\/03\/10\/una-plaza-de-arquitecto-a\/#article","isPartOf":{"@id":"https:\/\/aldaia.es\/empleo\/es\/2025\/03\/10\/una-plaza-de-arquitecto-a\/"},"author":{"name":"Cristina","@id":"https:\/\/aldaia.es\/empleo\/#\/schema\/person\/31b123d763374cf10b2376d65b07b1c6"},"headline":"Una plaza de arquitecto\/a","datePublished":"2025-03-10T08:26:30+00:00","dateModified":"2026-04-20T11:44:23+00:00","mainEntityOfPage":{"@id":"https:\/\/aldaia.es\/empleo\/es\/2025\/03\/10\/una-plaza-de-arquitecto-a\/"},"wordCount":745,"publisher":{"@id":"https:\/\/aldaia.es\/empleo\/#organization"},"articleSection":["Abierto","Empleo Ayuntamiento Aldaia","En tr\u00e1mite","Oposiciones","Procesos selectivos"],"inLanguage":"es"},{"@type":"WebPage","@id":"https:\/\/aldaia.es\/empleo\/es\/2025\/03\/10\/una-plaza-de-arquitecto-a\/","url":"https:\/\/aldaia.es\/empleo\/es\/2025\/03\/10\/una-plaza-de-arquitecto-a\/","name":"Una plaza de arquitecto\/a - Empleo Aldaia","isPartOf":{"@id":"https:\/\/aldaia.es\/empleo\/#website"},"datePublished":"2025-03-10T08:26:30+00:00","dateModified":"2026-04-20T11:44:23+00:00","breadcrumb":{"@id":"https:\/\/aldaia.es\/empleo\/es\/2025\/03\/10\/una-plaza-de-arquitecto-a\/#breadcrumb"},"inLanguage":"es","potentialAction":[{"@type":"ReadAction","target":["https:\/\/aldaia.es\/empleo\/es\/2025\/03\/10\/una-plaza-de-arquitecto-a\/"]}]},{"@type":"BreadcrumbList","@id":"https:\/\/aldaia.es\/empleo\/es\/2025\/03\/10\/una-plaza-de-arquitecto-a\/#breadcrumb","itemListElement":[{"@type":"ListItem","position":1,"name":"Portada","item":"https:\/\/aldaia.es\/empleo\/"},{"@type":"ListItem","position":2,"name":"Una plaza de arquitecto\/a"}]},{"@type":"WebSite","@id":"https:\/\/aldaia.es\/empleo\/#website","url":"https:\/\/aldaia.es\/empleo\/","name":"Empleo Aldaia","description":"","publisher":{"@id":"https:\/\/aldaia.es\/empleo\/#organization"},"potentialAction":[{"@type":"SearchAction","target":{"@type":"EntryPoint","urlTemplate":"https:\/\/aldaia.es\/empleo\/?s={search_term_string}"},"query-input":{"@type":"PropertyValueSpecification","valueRequired":true,"valueName":"search_term_string"}}],"inLanguage":"es"},{"@type":"Organization","@id":"https:\/\/aldaia.es\/empleo\/#organization","name":"Empleo Aldaia","url":"https:\/\/aldaia.es\/empleo\/","logo":{"@type":"ImageObject","inLanguage":"es","@id":"https:\/\/aldaia.es\/empleo\/#\/schema\/logo\/image\/","url":"https:\/\/aldaia.es\/empleo\/wp-content\/uploads\/2025\/06\/logo-ajuntament-aldaia.jpg","contentUrl":"https:\/\/aldaia.es\/empleo\/wp-content\/uploads\/2025\/06\/logo-ajuntament-aldaia.jpg","width":768,"height":438,"caption":"Empleo Aldaia"},"image":{"@id":"https:\/\/aldaia.es\/empleo\/#\/schema\/logo\/image\/"},"sameAs":["https:\/\/www.facebook.com\/ajuntamentaldaia","https:\/\/x.com\/ajuntaldaia","https:\/\/www.instagram.com\/ajuntamentaldaia_\/","https:\/\/www.youtube.com\/@ajuntamentdaldaia8046"]},{"@type":"Person","@id":"https:\/\/aldaia.es\/empleo\/#\/schema\/person\/31b123d763374cf10b2376d65b07b1c6","name":"Cristina","image":{"@type":"ImageObject","inLanguage":"es","@id":"https:\/\/aldaia.es\/empleo\/#\/schema\/person\/image\/","url":"https:\/\/secure.gravatar.com\/avatar\/0a2836fbe98d85a51adf600b91d7a84111de5f79ae5417135998ddbb9db38230?s=96&d=mm&r=g","contentUrl":"https:\/\/secure.gravatar.com\/avatar\/0a2836fbe98d85a51adf600b91d7a84111de5f79ae5417135998ddbb9db38230?s=96&d=mm&r=g","caption":"Cristina"},"sameAs":["https:\/\/aldaia.es\/empleo"],"url":"https:\/\/aldaia.es\/empleo\/author\/cristina\/"}]}},"_links":{"self":[{"href":"https:\/\/aldaia.es\/empleo\/wp-json\/wp\/v2\/posts\/36385","targetHints":{"allow":["GET"]}}],"collection":[{"href":"https:\/\/aldaia.es\/empleo\/wp-json\/wp\/v2\/posts"}],"about":[{"href":"https:\/\/aldaia.es\/empleo\/wp-json\/wp\/v2\/types\/post"}],"author":[{"embeddable":true,"href":"https:\/\/aldaia.es\/empleo\/wp-json\/wp\/v2\/users\/1"}],"replies":[{"embeddable":true,"href":"https:\/\/aldaia.es\/empleo\/wp-json\/wp\/v2\/comments?post=36385"}],"version-history":[{"count":20,"href":"https:\/\/aldaia.es\/empleo\/wp-json\/wp\/v2\/posts\/36385\/revisions"}],"predecessor-version":[{"id":40154,"href":"https:\/\/aldaia.es\/empleo\/wp-json\/wp\/v2\/posts\/36385\/revisions\/40154"}],"wp:attachment":[{"href":"https:\/\/aldaia.es\/empleo\/wp-json\/wp\/v2\/media?parent=36385"}],"wp:term":[{"taxonomy":"category","embeddable":true,"href":"https:\/\/aldaia.es\/empleo\/wp-json\/wp\/v2\/categories?post=36385"},{"taxonomy":"post_tag","embeddable":true,"href":"https:\/\/aldaia.es\/empleo\/wp-json\/wp\/v2\/tags?post=36385"}],"curies":[{"name":"wp","href":"https:\/\/api.w.org\/{rel}","templated":true}]}}