{"id":37939,"date":"2025-03-31T10:19:00","date_gmt":"2025-03-31T08:19:00","guid":{"rendered":"https:\/\/aldaia.es\/empleo\/?p=37939"},"modified":"2026-04-08T10:20:09","modified_gmt":"2026-04-08T08:20:09","slug":"5-places-educador-a-social","status":"publish","type":"post","link":"https:\/\/aldaia.es\/empleo\/ca\/2025\/03\/31\/5-places-educador-a-social\/","title":{"rendered":"5 places d&#8217;educador\/a social"},"content":{"rendered":"\n<p><\/p>\n\n\n\n<p>Fase 1. Publicaci\u00f3 bases BOP n\u00fam. 61, de 31 de mar\u00e7 de 2025, sobre aprovaci\u00f3 de les bases del proc\u00e9s de selecci\u00f3 per a la provisi\u00f3 definitiva de cinc places d&#8217;educadors o educadores socials adscrites a l&#8217;\u00c0rea de Serveis Socials.<\/p>\n\n\n\n<p>Fase 2. Publicaci\u00f3 anuncie DOGV n\u00fam. 10101, de 6 de maig de 2025, sobre aprovaci\u00f3 de les bases del proc\u00e9s de selecci\u00f3 per a la provisi\u00f3 definitiva de cinc places d&#8217;educadors o educadores socials adscrites a l&#8217;\u00c0rea de Serveis Socials.<\/p>\n\n\n\n<p>Fase 3. Publicaci\u00f3 anunci BOE n\u00fam. 127, de data 27 de maig de 2025, d&#8217;aprovaci\u00f3 de les bases del proc\u00e9s de selecci\u00f3 per a la provisi\u00f3 definitiva de cinc places d&#8217;educadors o educadores socials adscrites a l&#8217;\u00c0rea de Serveis Socials.<\/p>\n\n\n\n<p>*Termini de presentaci\u00f3 de sol\u00b7licituds: des de 28\/05\/2025 fins a 25\/06\/2025.<\/p>\n\n\n\n<p>Fase 4. Publicaci\u00f3 de la llista provisional i designaci\u00f3 de tribunal BOPV n\u00fam. 182, de 23 de setembre de 2025, sobre el proc\u00e9s de selecci\u00f3 per a la provisi\u00f3 definitiva de cinc places d&#8217;educadors\/as socials.<\/p>\n\n\n\n<p>*Termini d&#8217;esmena o per a la realitzaci\u00f3 d&#8217;al\u00b7legacions i reclamacions: del 24\/09\/2025 al 07\/10\/2025.<\/p>\n\n\n\n<p>Fase 5. Publicaci\u00f3 de la llista definitiva, ratificaci\u00f3 del tribunal i convocat\u00f2ria del primer exercici. BOPV n\u00fam. 200, de 20 d&#8217;octubre de 2025, sobre el proc\u00e9s de selecci\u00f3 per a la provisi\u00f3 definitiva de cinc places d&#8217;educadors\/es socials.<\/p>\n\n\n\n<p>Fase 6. Publicaci\u00f3 de q\u00fcestionari tipus test del primer exercici i plantilla de full de respostes.<\/p>\n\n\n\n<p>Acta del tribunal de data 29 d&#8217;octubre de 2025.<\/p>\n\n\n\n<p>Fase 7. Publicaci\u00f3 d&#8217;acta del tribunal de 5 de novembre de 2025: Resultats del primer exercici i convocat\u00f2ria del segon exercici.<br>Termini d&#8217;al\u00b7legacions i\/o reclamacions: del 10 al 21 de novembre de 2025.<\/p>\n\n\n\n<p>Fase 8. Publicaci\u00f3 de l&#8217;acta de 25 de novembre de 2025: Revisi\u00f3 d&#8217;al\u00b7legacions i\/o reclamacions i puntuacions definitives del primer exercici.<br>Convocat\u00f2ria del segon exercici d&#8217;acord amb l&#8217;acta de data 5 de novembre de 2025.<\/p>\n\n\n\n<p>Fase 9. Celebraci\u00f3 del segon exercici &#8211; Publicaci\u00f3 de sup\u00f2sits de l&#8217;exercici objecte d&#8217;examen i acta de la sessi\u00f3<\/p>\n\n\n\n<p>Fase 10. Resultats del segon exercici. Termini de presentaci\u00f3 de m\u00e8rits.<br>-Termini d&#8217;al\u00b7legacions i\/o reclamacions: del 21 de gener al 3 de febrer de 2026.<br>-Termini de presentaci\u00f3 de m\u00e8rits: del 21 de gener al 3 de febrer de 2026.<\/p>\n\n\n\n<p>Fase 11. Sol\u00b7licituds, revisions i al\u00b7legacions del segon exercici i altres acords (Acta 8 del tribunal)<\/p>\n\n\n\n<p>Fase 12. Revisi\u00f3 del segon exercici, al\u00b7legacions i revisions, sol\u00b7licituds de documentaci\u00f3, puntuacions definitives, sol\u00b7licitud d&#8217;ampliaci\u00f3 de termini, obertura de termini de presentaci\u00f3 de m\u00e8rits i altres acords.<br>-Termini de presentaci\u00f3 de m\u00e8rits d&#8217;aspirant indicada del 18 de febrer al 3 de mar\u00e7 de 2026.<br>-Convocat\u00f2ria per a exposici\u00f3 del projecte i entrevista: 24 de febrer de 2026, a les 8 hores, a la sala de reunions de la quinta planta de la Casa Consistorial de l&#8217;Ajuntament d&#8217;Aldaia.<\/p>\n\n\n\n<p>Fase 13. Exposici\u00f3 del projecte i entrevista. Al\u00b7legacions.<\/p>\n\n\n\n<p>-Termini d&#8217;al\u00b7legacions i\/o reclamacions 10 dies: del 6 al 20 de mar\u00e7 de 2026.<\/p>\n\n\n\n<p>Fase 14. Baremaci\u00f3 de m\u00e8rits. Puntuacions provisionals fase concurse i del proc\u00e9s de selecci\u00f3. Proposta del tribunal de persones adjudicat\u00e0ries de les places. Constituci\u00f3 de borsa de treball.<\/p>\n\n\n\n<p>-Termini d&#8217;al\u00b7legacions i\/o reclamacions 10 dies: del 6 al 20 de mar\u00e7 de 2026.<\/p>\n\n\n\n<p>-Termini de presentaci\u00f3 de documentaci\u00f3 10 dies: del 6 al 20 de mar\u00e7 de 2026.<\/p>\n\n\n\n<p>Fase 15. Recurs d&#8217;al\u00e7ada contra l&#8217;acta 9 del tribunal qualificador.<\/p>\n\n\n\n<p>Fase 16. Nota informativa sorteig per a desempats<\/p>\n\n\n\n<hr class=\"wp-block-separator has-alpha-channel-opacity\"\/>\n\n\n\n<hr class=\"wp-block-separator has-alpha-channel-opacity\"\/>\n\n\n\n<p><a href=\"https:\/\/aldaia.es\/wp-content\/uploads\/2025\/03\/Publicacion-BOP-bases.pdf\" target=\"_blank\" rel=\"noreferrer noopener\"> Fase 1. Publicaci\u00f3 bases BOP la provisi\u00f3 definitiva de cinc places educador\/a social. <\/a><\/p>\n\n\n\n<p><a href=\"https:\/\/aldaia.es\/wp-content\/uploads\/2025\/05\/Publicacion-DOGV-06-05-2025_10101.pdf\">Fase 2. Publicaci\u00f3 anunci DOGV la provisi\u00f3 definitiva de cinc places educador\/a social.<\/a><\/p>\n\n\n\n<p><a href=\"https:\/\/aldaia.es\/wp-content\/uploads\/2025\/05\/27-05-2025-BOE_-convocatoria.pdf\" target=\"_blank\" rel=\"noreferrer noopener\">Fase 3. Publicaci\u00f3 anunci BOE provisi\u00f3 cinc places educadors-es socials.<\/a><\/p>\n\n\n\n<p><a href=\"https:\/\/aldaia.es\/wp-content\/uploads\/2025\/05\/Instrucciones-abono-tasas-2.pdf\" target=\"_blank\" rel=\"noreferrer noopener\">* Instruccions abonament de taxa<\/a><\/p>\n\n\n\n<p><a href=\"https:\/\/aldaia.es\/wp-content\/uploads\/2025\/05\/ANEXO-I-5-PLAZAS-ES-OPE-2023.pdf\">*Sol\u00b7licitud i Annex I<\/a><\/p>\n\n\n\n<p><a href=\"https:\/\/aldaia.es\/empleo\/wp-content\/uploads\/2025\/09\/Publicacion-BOP-Lista-provisional-y-designacion-tribunal.pdf\">Fase 4. Publicaci\u00f3 BOPV llista provisional i designaci\u00f3 de tribunal<\/a><\/p>\n\n\n\n<p><a href=\"https:\/\/aldaia.es\/empleo\/wp-content\/uploads\/2025\/10\/Publicacion-BOP-Lista-definitiva-designacion-tribunal-y-convocatoria-ejercicio.pdf\">Fase 5. Publicaci\u00f3 BOPV llista definitiva, ratificaci\u00f3 del tribunal i convocat\u00f2ria del primer exercici<\/a><\/p>\n\n\n\n<p><a href=\"https:\/\/aldaia.es\/empleo\/wp-content\/uploads\/2025\/10\/Primer-ejercicio-Cuestionario-tipo-test-BN.pdf\">Fase 6. Test primer exercici<\/a><\/p>\n\n\n\n<p><a href=\"https:\/\/aldaia.es\/empleo\/wp-content\/uploads\/2025\/10\/Hoja-de-respuestas-correcta.pdf\">Fase 6. Full de respostes<\/a><\/p>\n\n\n\n<p><a href=\"https:\/\/aldaia.es\/empleo\/wp-content\/uploads\/2025\/11\/ACTA-2-TRIBUNAL-5-ES-firmada-por-todas.pdf\">Fase 6. Acta tribunal 29\/10\/2025<\/a><\/p>\n\n\n\n<p><a href=\"https:\/\/aldaia.es\/empleo\/wp-content\/uploads\/2025\/11\/ACTA-3-TRIBUNAL-5-ES-firmada-por-todas.pdf\">Fase 7. Acta del tribunal 05\/11\/2025<\/a><\/p>\n\n\n\n<p><a href=\"https:\/\/aldaia.es\/empleo\/wp-content\/uploads\/2025\/12\/ACTA-4-TRIBUNAL-5-ES-firmada-por-todas.pdf\">Fase 8. Acta del tribunal 25 de novembre de 2025<\/a><\/p>\n\n\n\n<p><a href=\"https:\/\/aldaia.es\/empleo\/wp-content\/uploads\/2025\/12\/CASO-PRACTICO-1.pdf\">Fase 9. Sup\u00f2sit pr\u00e0ctic 1<\/a><\/p>\n\n\n\n<p><a href=\"https:\/\/aldaia.es\/empleo\/wp-content\/uploads\/2025\/12\/CASO-PRACTICO-3.pdf\">Fase 9. Sup\u00f2sit pr\u00e0ctic 3<\/a><\/p>\n\n\n\n<p><a href=\"https:\/\/aldaia.es\/empleo\/wp-content\/uploads\/2025\/12\/CASO-PRACTICO-6.pdf\">Fase 9. Sup\u00f2sit pr\u00e0ctic 6<\/a><\/p>\n\n\n\n<p><a href=\"https:\/\/aldaia.es\/empleo\/wp-content\/uploads\/2025\/12\/ACTA-5-TRIBUNAL-5-ES-firmada-por-todas.pdf\">Fase 9. Acta del tribunal 11\/12\/2025<\/a><\/p>\n\n\n\n<p><a href=\"https:\/\/aldaia.es\/empleo\/wp-content\/uploads\/2026\/01\/ACTA-7-TRIBUNAL-5-ES-firmada-por-todas.pdf\">Fase 10. Acta del tribunal de 15\/01\/2026<\/a><\/p>\n\n\n\n<p><a href=\"https:\/\/aldaia.es\/empleo\/wp-content\/uploads\/2026\/01\/ANEXO-II-AUTOBAREMACION-5-PLAZAS-ES.docx\">Fase 10. Annex II autobaremaci\u00f3<\/a><\/p>\n\n\n\n<p><a href=\"https:\/\/aldaia.es\/empleo\/wp-content\/uploads\/2026\/02\/ACTA-8-TRIBUNAL-5-ES-firmada-por-todas.pdf\">Fase 11. Acta 8 de la sessi\u00f3 de 11\/02\/2026<\/a><\/p>\n\n\n\n<p><a href=\"https:\/\/aldaia.es\/empleo\/wp-content\/uploads\/2026\/02\/ACTA-9-TRIBUNAL-5-ES-firmada-por-todas.pdf\">Fase 12. Acta de la sessi\u00f3 16\/02\/2026<\/a><\/p>\n\n\n\n<p><a href=\"https:\/\/aldaia.es\/empleo\/wp-content\/uploads\/2026\/03\/ACTA-10-TRIBUNAL-5-ES-firmada-por-todas.pdf\">Fase 13. Acta 10 de la sessi\u00f3 24\/02\/2026<\/a><\/p>\n\n\n\n<p><a href=\"https:\/\/aldaia.es\/empleo\/wp-content\/uploads\/2026\/03\/ACTA-11-TRIBUNAL-5-ES-firmada-por-todas.pdf\">Fase 14. Acta 11 de la sessi\u00f3 26\/02\/2026<\/a><\/p>\n\n\n\n<p><a href=\"https:\/\/aldaia.es\/empleo\/wp-content\/uploads\/2026\/03\/ACTA-12-TRIBUNAL-5-ES-firmada-por-todas.pdf\">Fase 15. Acta 12 de la sessi\u00f3 11\/03\/2026<\/a><\/p>\n\n\n\n<p><a href=\"https:\/\/aldaia.es\/empleo\/wp-content\/uploads\/2026\/03\/RA-2026-1013.pdf\">Fase 15. Resoluci\u00f3 d&#8217;Alcaldia n\u00fam. 2026\/1013<\/a><\/p>\n\n\n\n<p><a href=\"https:\/\/aldaia.es\/empleo\/wp-content\/uploads\/2026\/04\/Nota-informativa-sorteo-1.pdf\">Fase 16. Nota informativa sorteig per a desempats<\/a><\/p>\n\n\n\n<p><\/p>\n","protected":false},"excerpt":{"rendered":"<p>Fase 1. Publicaci\u00f3 bases BOP n\u00fam. 61, de 31 de mar\u00e7 de 2025, sobre aprovaci\u00f3 de les bases del proc\u00e9s de selecci\u00f3 per a la provisi\u00f3 definitiva de cinc places d&#8217;educadors o educadores socials adscrites a l&#8217;\u00c0rea de Serveis Socials. Fase 2. Publicaci\u00f3 anuncie DOGV n\u00fam. 10101, de 6 de maig de 2025, sobre aprovaci\u00f3 [&#8230;]<\/p>\n<p><a class=\"btn btn-secondary understrap-read-more-link\" href=\"https:\/\/aldaia.es\/empleo\/ca\/2025\/03\/31\/5-places-educador-a-social\/\">Leer m\u00e1s&#8230;<span class=\"screen-reader-text\"> from 5 places d&#8217;educador\/a social<\/span><\/a><\/p>\n","protected":false},"author":1,"featured_media":0,"comment_status":"closed","ping_status":"closed","sticky":false,"template":"","format":"standard","meta":{"footnotes":""},"categories":[54,49,58],"tags":[],"class_list":["post-37939","post","type-post","status-publish","format-standard","hentry","category-obert","category-ocupacio-ajuntament-aldaia","category-oposicions"],"yoast_head":"<!-- This site is optimized with the Yoast SEO plugin v26.9 - https:\/\/yoast.com\/product\/yoast-seo-wordpress\/ -->\n<title>5 places d&#039;educador\/a social - Empleo Aldaia<\/title>\n<meta name=\"robots\" content=\"index, follow, max-snippet:-1, max-image-preview:large, max-video-preview:-1\" \/>\n<link rel=\"canonical\" href=\"https:\/\/aldaia.es\/empleo\/ca\/2025\/03\/31\/5-places-educador-a-social\/\" \/>\n<meta property=\"og:locale\" content=\"es_ES\" \/>\n<meta property=\"og:type\" content=\"article\" \/>\n<meta property=\"og:title\" content=\"5 places d&#039;educador\/a social - Empleo Aldaia\" \/>\n<meta property=\"og:description\" content=\"Fase 1. Publicaci\u00f3 bases BOP n\u00fam. 61, de 31 de mar\u00e7 de 2025, sobre aprovaci\u00f3 de les bases del proc\u00e9s de selecci\u00f3 per a la provisi\u00f3 definitiva de cinc places d&#8217;educadors o educadores socials adscrites a l&#8217;\u00c0rea de Serveis Socials. Fase 2. Publicaci\u00f3 anuncie DOGV n\u00fam. 10101, de 6 de maig de 2025, sobre aprovaci\u00f3 [...]Leer m\u00e1s... from 5 places d&#8217;educador\/a social\" \/>\n<meta property=\"og:url\" content=\"https:\/\/aldaia.es\/empleo\/ca\/2025\/03\/31\/5-places-educador-a-social\/\" \/>\n<meta property=\"og:site_name\" content=\"Empleo Aldaia\" \/>\n<meta property=\"article:publisher\" content=\"https:\/\/www.facebook.com\/ajuntamentaldaia\" \/>\n<meta property=\"article:published_time\" content=\"2025-03-31T08:19:00+00:00\" \/>\n<meta property=\"article:modified_time\" content=\"2026-04-08T08:20:09+00:00\" \/>\n<meta name=\"author\" content=\"Cristina\" \/>\n<meta name=\"twitter:card\" content=\"summary_large_image\" \/>\n<meta name=\"twitter:creator\" content=\"@ajuntaldaia\" \/>\n<meta name=\"twitter:site\" content=\"@ajuntaldaia\" \/>\n<meta name=\"twitter:label1\" content=\"Escrito por\" \/>\n\t<meta name=\"twitter:data1\" content=\"Cristina\" \/>\n\t<meta name=\"twitter:label2\" content=\"Tiempo de lectura\" \/>\n\t<meta name=\"twitter:data2\" content=\"4 minutos\" \/>\n<script type=\"application\/ld+json\" class=\"yoast-schema-graph\">{\"@context\":\"https:\/\/schema.org\",\"@graph\":[{\"@type\":\"Article\",\"@id\":\"https:\/\/aldaia.es\/empleo\/ca\/2025\/03\/31\/5-places-educador-a-social\/#article\",\"isPartOf\":{\"@id\":\"https:\/\/aldaia.es\/empleo\/ca\/2025\/03\/31\/5-places-educador-a-social\/\"},\"author\":{\"name\":\"Cristina\",\"@id\":\"https:\/\/aldaia.es\/empleo\/#\/schema\/person\/31b123d763374cf10b2376d65b07b1c6\"},\"headline\":\"5 places d&#8217;educador\/a social\",\"datePublished\":\"2025-03-31T08:19:00+00:00\",\"dateModified\":\"2026-04-08T08:20:09+00:00\",\"mainEntityOfPage\":{\"@id\":\"https:\/\/aldaia.es\/empleo\/ca\/2025\/03\/31\/5-places-educador-a-social\/\"},\"wordCount\":724,\"publisher\":{\"@id\":\"https:\/\/aldaia.es\/empleo\/#organization\"},\"articleSection\":[\"Obert\",\"Ocupaci\u00f3 Ajuntament Aldaia\",\"Oposicions\"],\"inLanguage\":\"es\"},{\"@type\":\"WebPage\",\"@id\":\"https:\/\/aldaia.es\/empleo\/ca\/2025\/03\/31\/5-places-educador-a-social\/\",\"url\":\"https:\/\/aldaia.es\/empleo\/ca\/2025\/03\/31\/5-places-educador-a-social\/\",\"name\":\"5 places d'educador\/a social - Empleo Aldaia\",\"isPartOf\":{\"@id\":\"https:\/\/aldaia.es\/empleo\/#website\"},\"datePublished\":\"2025-03-31T08:19:00+00:00\",\"dateModified\":\"2026-04-08T08:20:09+00:00\",\"breadcrumb\":{\"@id\":\"https:\/\/aldaia.es\/empleo\/ca\/2025\/03\/31\/5-places-educador-a-social\/#breadcrumb\"},\"inLanguage\":\"es\",\"potentialAction\":[{\"@type\":\"ReadAction\",\"target\":[\"https:\/\/aldaia.es\/empleo\/ca\/2025\/03\/31\/5-places-educador-a-social\/\"]}]},{\"@type\":\"BreadcrumbList\",\"@id\":\"https:\/\/aldaia.es\/empleo\/ca\/2025\/03\/31\/5-places-educador-a-social\/#breadcrumb\",\"itemListElement\":[{\"@type\":\"ListItem\",\"position\":1,\"name\":\"Portada\",\"item\":\"https:\/\/aldaia.es\/empleo\/\"},{\"@type\":\"ListItem\",\"position\":2,\"name\":\"5 places d&#8217;educador\/a social\"}]},{\"@type\":\"WebSite\",\"@id\":\"https:\/\/aldaia.es\/empleo\/#website\",\"url\":\"https:\/\/aldaia.es\/empleo\/\",\"name\":\"Empleo Aldaia\",\"description\":\"\",\"publisher\":{\"@id\":\"https:\/\/aldaia.es\/empleo\/#organization\"},\"potentialAction\":[{\"@type\":\"SearchAction\",\"target\":{\"@type\":\"EntryPoint\",\"urlTemplate\":\"https:\/\/aldaia.es\/empleo\/?s={search_term_string}\"},\"query-input\":{\"@type\":\"PropertyValueSpecification\",\"valueRequired\":true,\"valueName\":\"search_term_string\"}}],\"inLanguage\":\"es\"},{\"@type\":\"Organization\",\"@id\":\"https:\/\/aldaia.es\/empleo\/#organization\",\"name\":\"Empleo Aldaia\",\"url\":\"https:\/\/aldaia.es\/empleo\/\",\"logo\":{\"@type\":\"ImageObject\",\"inLanguage\":\"es\",\"@id\":\"https:\/\/aldaia.es\/empleo\/#\/schema\/logo\/image\/\",\"url\":\"https:\/\/aldaia.es\/empleo\/wp-content\/uploads\/2025\/06\/logo-ajuntament-aldaia.jpg\",\"contentUrl\":\"https:\/\/aldaia.es\/empleo\/wp-content\/uploads\/2025\/06\/logo-ajuntament-aldaia.jpg\",\"width\":768,\"height\":438,\"caption\":\"Empleo Aldaia\"},\"image\":{\"@id\":\"https:\/\/aldaia.es\/empleo\/#\/schema\/logo\/image\/\"},\"sameAs\":[\"https:\/\/www.facebook.com\/ajuntamentaldaia\",\"https:\/\/x.com\/ajuntaldaia\",\"https:\/\/www.instagram.com\/ajuntamentaldaia_\/\",\"https:\/\/www.youtube.com\/@ajuntamentdaldaia8046\"]},{\"@type\":\"Person\",\"@id\":\"https:\/\/aldaia.es\/empleo\/#\/schema\/person\/31b123d763374cf10b2376d65b07b1c6\",\"name\":\"Cristina\",\"image\":{\"@type\":\"ImageObject\",\"inLanguage\":\"es\",\"@id\":\"https:\/\/aldaia.es\/empleo\/#\/schema\/person\/image\/\",\"url\":\"https:\/\/secure.gravatar.com\/avatar\/0a2836fbe98d85a51adf600b91d7a84111de5f79ae5417135998ddbb9db38230?s=96&d=mm&r=g\",\"contentUrl\":\"https:\/\/secure.gravatar.com\/avatar\/0a2836fbe98d85a51adf600b91d7a84111de5f79ae5417135998ddbb9db38230?s=96&d=mm&r=g\",\"caption\":\"Cristina\"},\"sameAs\":[\"https:\/\/aldaia.es\/empleo\"],\"url\":\"https:\/\/aldaia.es\/empleo\/author\/cristina\/\"}]}<\/script>\n<!-- \/ Yoast SEO plugin. -->","yoast_head_json":{"title":"5 places d'educador\/a social - Empleo Aldaia","robots":{"index":"index","follow":"follow","max-snippet":"max-snippet:-1","max-image-preview":"max-image-preview:large","max-video-preview":"max-video-preview:-1"},"canonical":"https:\/\/aldaia.es\/empleo\/ca\/2025\/03\/31\/5-places-educador-a-social\/","og_locale":"es_ES","og_type":"article","og_title":"5 places d'educador\/a social - Empleo Aldaia","og_description":"Fase 1. Publicaci\u00f3 bases BOP n\u00fam. 61, de 31 de mar\u00e7 de 2025, sobre aprovaci\u00f3 de les bases del proc\u00e9s de selecci\u00f3 per a la provisi\u00f3 definitiva de cinc places d&#8217;educadors o educadores socials adscrites a l&#8217;\u00c0rea de Serveis Socials. Fase 2. Publicaci\u00f3 anuncie DOGV n\u00fam. 10101, de 6 de maig de 2025, sobre aprovaci\u00f3 [...]Leer m\u00e1s... from 5 places d&#8217;educador\/a social","og_url":"https:\/\/aldaia.es\/empleo\/ca\/2025\/03\/31\/5-places-educador-a-social\/","og_site_name":"Empleo Aldaia","article_publisher":"https:\/\/www.facebook.com\/ajuntamentaldaia","article_published_time":"2025-03-31T08:19:00+00:00","article_modified_time":"2026-04-08T08:20:09+00:00","author":"Cristina","twitter_card":"summary_large_image","twitter_creator":"@ajuntaldaia","twitter_site":"@ajuntaldaia","twitter_misc":{"Escrito por":"Cristina","Tiempo de lectura":"4 minutos"},"schema":{"@context":"https:\/\/schema.org","@graph":[{"@type":"Article","@id":"https:\/\/aldaia.es\/empleo\/ca\/2025\/03\/31\/5-places-educador-a-social\/#article","isPartOf":{"@id":"https:\/\/aldaia.es\/empleo\/ca\/2025\/03\/31\/5-places-educador-a-social\/"},"author":{"name":"Cristina","@id":"https:\/\/aldaia.es\/empleo\/#\/schema\/person\/31b123d763374cf10b2376d65b07b1c6"},"headline":"5 places d&#8217;educador\/a social","datePublished":"2025-03-31T08:19:00+00:00","dateModified":"2026-04-08T08:20:09+00:00","mainEntityOfPage":{"@id":"https:\/\/aldaia.es\/empleo\/ca\/2025\/03\/31\/5-places-educador-a-social\/"},"wordCount":724,"publisher":{"@id":"https:\/\/aldaia.es\/empleo\/#organization"},"articleSection":["Obert","Ocupaci\u00f3 Ajuntament Aldaia","Oposicions"],"inLanguage":"es"},{"@type":"WebPage","@id":"https:\/\/aldaia.es\/empleo\/ca\/2025\/03\/31\/5-places-educador-a-social\/","url":"https:\/\/aldaia.es\/empleo\/ca\/2025\/03\/31\/5-places-educador-a-social\/","name":"5 places d'educador\/a social - Empleo Aldaia","isPartOf":{"@id":"https:\/\/aldaia.es\/empleo\/#website"},"datePublished":"2025-03-31T08:19:00+00:00","dateModified":"2026-04-08T08:20:09+00:00","breadcrumb":{"@id":"https:\/\/aldaia.es\/empleo\/ca\/2025\/03\/31\/5-places-educador-a-social\/#breadcrumb"},"inLanguage":"es","potentialAction":[{"@type":"ReadAction","target":["https:\/\/aldaia.es\/empleo\/ca\/2025\/03\/31\/5-places-educador-a-social\/"]}]},{"@type":"BreadcrumbList","@id":"https:\/\/aldaia.es\/empleo\/ca\/2025\/03\/31\/5-places-educador-a-social\/#breadcrumb","itemListElement":[{"@type":"ListItem","position":1,"name":"Portada","item":"https:\/\/aldaia.es\/empleo\/"},{"@type":"ListItem","position":2,"name":"5 places d&#8217;educador\/a social"}]},{"@type":"WebSite","@id":"https:\/\/aldaia.es\/empleo\/#website","url":"https:\/\/aldaia.es\/empleo\/","name":"Empleo Aldaia","description":"","publisher":{"@id":"https:\/\/aldaia.es\/empleo\/#organization"},"potentialAction":[{"@type":"SearchAction","target":{"@type":"EntryPoint","urlTemplate":"https:\/\/aldaia.es\/empleo\/?s={search_term_string}"},"query-input":{"@type":"PropertyValueSpecification","valueRequired":true,"valueName":"search_term_string"}}],"inLanguage":"es"},{"@type":"Organization","@id":"https:\/\/aldaia.es\/empleo\/#organization","name":"Empleo Aldaia","url":"https:\/\/aldaia.es\/empleo\/","logo":{"@type":"ImageObject","inLanguage":"es","@id":"https:\/\/aldaia.es\/empleo\/#\/schema\/logo\/image\/","url":"https:\/\/aldaia.es\/empleo\/wp-content\/uploads\/2025\/06\/logo-ajuntament-aldaia.jpg","contentUrl":"https:\/\/aldaia.es\/empleo\/wp-content\/uploads\/2025\/06\/logo-ajuntament-aldaia.jpg","width":768,"height":438,"caption":"Empleo Aldaia"},"image":{"@id":"https:\/\/aldaia.es\/empleo\/#\/schema\/logo\/image\/"},"sameAs":["https:\/\/www.facebook.com\/ajuntamentaldaia","https:\/\/x.com\/ajuntaldaia","https:\/\/www.instagram.com\/ajuntamentaldaia_\/","https:\/\/www.youtube.com\/@ajuntamentdaldaia8046"]},{"@type":"Person","@id":"https:\/\/aldaia.es\/empleo\/#\/schema\/person\/31b123d763374cf10b2376d65b07b1c6","name":"Cristina","image":{"@type":"ImageObject","inLanguage":"es","@id":"https:\/\/aldaia.es\/empleo\/#\/schema\/person\/image\/","url":"https:\/\/secure.gravatar.com\/avatar\/0a2836fbe98d85a51adf600b91d7a84111de5f79ae5417135998ddbb9db38230?s=96&d=mm&r=g","contentUrl":"https:\/\/secure.gravatar.com\/avatar\/0a2836fbe98d85a51adf600b91d7a84111de5f79ae5417135998ddbb9db38230?s=96&d=mm&r=g","caption":"Cristina"},"sameAs":["https:\/\/aldaia.es\/empleo"],"url":"https:\/\/aldaia.es\/empleo\/author\/cristina\/"}]}},"_links":{"self":[{"href":"https:\/\/aldaia.es\/empleo\/wp-json\/wp\/v2\/posts\/37939","targetHints":{"allow":["GET"]}}],"collection":[{"href":"https:\/\/aldaia.es\/empleo\/wp-json\/wp\/v2\/posts"}],"about":[{"href":"https:\/\/aldaia.es\/empleo\/wp-json\/wp\/v2\/types\/post"}],"author":[{"embeddable":true,"href":"https:\/\/aldaia.es\/empleo\/wp-json\/wp\/v2\/users\/1"}],"replies":[{"embeddable":true,"href":"https:\/\/aldaia.es\/empleo\/wp-json\/wp\/v2\/comments?post=37939"}],"version-history":[{"count":24,"href":"https:\/\/aldaia.es\/empleo\/wp-json\/wp\/v2\/posts\/37939\/revisions"}],"predecessor-version":[{"id":40082,"href":"https:\/\/aldaia.es\/empleo\/wp-json\/wp\/v2\/posts\/37939\/revisions\/40082"}],"wp:attachment":[{"href":"https:\/\/aldaia.es\/empleo\/wp-json\/wp\/v2\/media?parent=37939"}],"wp:term":[{"taxonomy":"category","embeddable":true,"href":"https:\/\/aldaia.es\/empleo\/wp-json\/wp\/v2\/categories?post=37939"},{"taxonomy":"post_tag","embeddable":true,"href":"https:\/\/aldaia.es\/empleo\/wp-json\/wp\/v2\/tags?post=37939"}],"curies":[{"name":"wp","href":"https:\/\/api.w.org\/{rel}","templated":true}]}}