{"id":37954,"date":"2025-03-10T10:27:00","date_gmt":"2025-03-10T09:27:00","guid":{"rendered":"https:\/\/aldaia.es\/empleo\/?p=37954"},"modified":"2026-01-14T15:50:12","modified_gmt":"2026-01-14T14:50:12","slug":"2-places-de-treballadors-as-socials","status":"publish","type":"post","link":"https:\/\/aldaia.es\/empleo\/ca\/2025\/03\/10\/2-places-de-treballadors-as-socials\/","title":{"rendered":"2 places de treballadors\/as socials"},"content":{"rendered":"\n<p>1.- Publicaci\u00f3n de Bases del proceso de selecci\u00f3n para la provisi\u00f3n definitiva de dos plazas de trabajador\/a social (OPE 2022)<\/p>\n\n\n\n<p>2.- Publicaci\u00f3 DOGV N\u00ba 10073 de fecha&nbsp;25-03-2025.<\/p>\n\n\n\n<p>3.- Publicaci\u00f3 BOE n\u00ba 84. Obertura de termini per a presentaci\u00f3 de sol\u00b7licituds.<\/p>\n\n\n\n<p>*Termini de presentaci\u00f3 de sol\u00b7licituds: des de 08\/04\/2025 fins a 09\/05\/2025 (tots dos inclusivament)<\/p>\n\n\n\n<p>4.- Publicaci\u00f3 BOE n\u00ba 90. Correcci\u00f3 de errors.<\/p>\n\n\n\n<p>*Nou termini de presentaci\u00f3 de sol\u00b7licituds: des de 15\/04\/2025 fins a 16\/05\/2025 (tots dos inclusivament)<\/p>\n\n\n\n<p><strong>NOTA INFORMATIVA<\/strong>: <\/p>\n\n\n\n<p>Advertit error de transcripci\u00f3 en les bases referents a la convocat\u00f2ria per a proveir dues places de treballadors\/as socials, publicades en el \u00abBOP\u00bb n\u00famero 47, de 10 de mar\u00e7 de 2025 , es procedeix a la seua rectificaci\u00f3:<\/p>\n\n\n\n<p><em>En la p\u00e0gina 8, apartat 9.2, fase de concurs, 1. Exposici\u00f3 del projecte i entrevista,&nbsp;on diu: \u00abagent d&#8217;igualtat\u00bb, ha de dir: \u00abtreballador\/a social\u00bb.<\/em><\/p>\n\n\n\n<p>5.- *Publicaci\u00f3 BOP N\u00fam. 114. Llista provisional de persones aspirants i designaci\u00f3 del tribunal qualificador.<\/p>\n\n\n\n<p>*Termini de presentaci\u00f3 d&#8217;al\u00b7legacions: des de 18\/06\/2025 fins a 02\/07\/2025 (tots dos inclusivament)<\/p>\n\n\n\n<p>6.- Declaraci\u00f3 de tramitaci\u00f3 d&#8217;urg\u00e8ncia. Es redueixen a la meitat tots els terminis relatius al proc\u00e9s de selecci\u00f3.<\/p>\n\n\n\n<p>7.- Publicaci\u00f3 BOP N\u00fam. 182. Llista definitiva de persones aspirants, designaci\u00f3 del tribunal qualificador i convocat\u00f2ria del 1r exercici.<\/p>\n\n\n\n<p>8.- Preguntes i planilla respostes 1r examen treballadors\/as socials<\/p>\n\n\n\n<p>9.- Acta del tribunal, puntuacions provisionals i celebraci\u00f3 del 2\u00ba exercici.<\/p>\n\n\n\n<p>*Termini de presentaci\u00f3 d&#8217;al\u00b7legacions: des de 17\/10\/2025 fins a 23\/10\/2025 (tots dos inclusivament)<\/p>\n\n\n\n<p>10.- Acta del Tribunal Qualificador. Examen d&#8217;al\u00b7legacions i puntuacions definitives.<\/p>\n\n\n\n<p>10.1- Plantilla de respostes corregida.<\/p>\n\n\n\n<p>11.- Sup\u00f2sit pr\u00e0ctic n\u00fam. 2<\/p>\n\n\n\n<p>12.- Acta del tribunal. Desenvolupament de l&#8217;examen, resultats provisionals i altres acords.<\/p>\n\n\n\n<p>* Termini de presentaci\u00f3 d&#8217;al\u00b7legacions i m\u00e8rits: des del 21\/11\/2025 fins al 27\/11\/2025 (tots dos inclusivament).<\/p>\n\n\n\n<p>13.- Acta del Tribunal Qualificador. Puntuacions provisionals i creaci\u00f3 de bossa.<\/p>\n\n\n\n<p>*Termini de presentaci\u00f3 d&#8217;al\u00b7legacions i lliurament de documentaci\u00f3: des del 15\/12\/2025 fins al 19\/12\/2025 (els dos inclusivament).<\/p>\n\n\n\n<p>14.- Acta del tribunal qualificador. Revisi\u00f3 del barem de m\u00e8rits, puntuacions definitives i configuraci\u00f3 de la bossa.<\/p>\n\n\n\n<div style=\"height:22px\" aria-hidden=\"true\" class=\"wp-block-spacer\"><\/div>\n\n\n\n<hr class=\"wp-block-separator has-alpha-channel-opacity\"\/>\n\n\n\n<p><a href=\"https:\/\/aldaia.es\/wp-content\/uploads\/2025\/04\/100325_-Publicacion-bases-BOP.pdf\" target=\"_blank\" rel=\"noreferrer noopener\">1.- Publicaci\u00f3n Bases BOP 10-03-2025 trabajador\/a social<\/a><\/p>\n\n\n\n<p><a href=\"https:\/\/aldaia.es\/wp-content\/uploads\/2025\/03\/250325-Publicacion-bases-DOGV.pdf\" target=\"_blank\" rel=\"noreferrer noopener\">2.- Publicaci\u00f3n DOGV N\u00ba 10073 de fecha&nbsp;25-03-2025<\/a><\/p>\n\n\n\n<p><a href=\"https:\/\/aldaia.es\/wp-content\/uploads\/2025\/04\/Publicacion-BOE-84-de-7-4-25.pdf\" target=\"_blank\" rel=\"noreferrer noopener\">3.-Publicaci\u00f3n BOE N\u00ba 84 de fecha 07-04-2025<\/a><\/p>\n\n\n\n<ul class=\"wp-block-list\">\n<li><a href=\"https:\/\/aldaia.es\/wp-content\/uploads\/2025\/04\/ANEXO-I-2-PLAZAS-TS-OPE-2022-ok.pdf\" target=\"_blank\" rel=\"noreferrer noopener\">ANEXO I. Solicitud<\/a><\/li>\n<\/ul>\n\n\n\n<ul class=\"wp-block-list\">\n<li><a href=\"https:\/\/aldaia.es\/wp-content\/uploads\/2025\/04\/Instrucciones-abono-tasas.pdf\" target=\"_blank\" rel=\"noreferrer noopener\">Instrucciones abono tasas<\/a><\/li>\n<\/ul>\n\n\n\n<p><a href=\"https:\/\/aldaia.es\/wp-content\/uploads\/2025\/04\/140425_-Publicacion-correccion-error-BOE.pdf\" target=\"_blank\" rel=\"noreferrer noopener\">4.- Publicaci\u00f3n BOE n\u00ba 90. Correcci\u00f3n de errores.<\/a><\/p>\n\n\n\n<p><a href=\"https:\/\/aldaia.es\/empleo\/wp-content\/uploads\/2025\/06\/170625_-Publicacion-BOP-listas-provisionales.pdf\" target=\"_blank\" rel=\"noreferrer noopener\">5.- Publicaci\u00f3n BOP N\u00ba 114. Lista provisional de personas aspirantes y designaci\u00f3n del tribunal calificador.<\/a><\/p>\n\n\n\n<p><a href=\"https:\/\/aldaia.es\/empleo\/wp-content\/uploads\/2025\/09\/RA-DECLARACION-DE-URGENCIA-OPO-2-TRABAJADORES-AS-SOCIALES_-firmada.pdf\" target=\"_blank\" rel=\"noreferrer noopener\">6.- Declaraci\u00f3 de tramitaci\u00f3 d&#8217;urg\u00e8ncia. <\/a><\/p>\n\n\n\n<p><a href=\"https:\/\/aldaia.es\/empleo\/wp-content\/uploads\/2025\/09\/230925_Publicacion-BOP-listas-definitivas.pdf\" target=\"_blank\" rel=\"noreferrer noopener\">7.- Publicaci\u00f3 BOP N\u00fam. 182. Llista definitiva de persones aspirants, designaci\u00f3 del tribunal qualificador i convocat\u00f2ria del 1r exercici.<\/a><\/p>\n\n\n\n<p><a href=\"https:\/\/aldaia.es\/empleo\/wp-content\/uploads\/2025\/10\/Examen-TS_-valenciano.pdf\" target=\"_blank\" rel=\"noreferrer noopener\">8.- Preguntes examen treballadors\/as socials<\/a><\/p>\n\n\n\n<p><a href=\"https:\/\/aldaia.es\/empleo\/wp-content\/uploads\/2025\/10\/doc11918220251007101335.pdf\" target=\"_blank\" rel=\"noreferrer noopener\">8.- Planilla respostes examen treballadors\/as socials<\/a><\/p>\n\n\n\n<p><a href=\"https:\/\/aldaia.es\/empleo\/wp-content\/uploads\/2025\/10\/ACTA-2-TRIBUNAL-2-TS-firmada-por-personal-interno-Aldaia-Xavi-y-Nara.pdf\">9.- Acta del tribunal, puntuacions provisionals i celebraci\u00f3 del 2\u00ba exercici.<\/a><\/p>\n\n\n\n<p><a href=\"https:\/\/aldaia.es\/empleo\/wp-content\/uploads\/2025\/11\/ACTA-3-TRIBUNAL-2-TS_-firma-internos-con-Nara-y-Xavier-.pdf\" target=\"_blank\" rel=\"noreferrer noopener\">10.- Acta del Tribunal Qualificador. Examen d&#8217;al\u00b7legacions i puntuacions definitives.<\/a><\/p>\n\n\n\n<p><a href=\"https:\/\/aldaia.es\/empleo\/wp-content\/uploads\/2025\/11\/Plantilla-respuestas-1o-ejercicio-TRABAJADORES-AS-SOCIALES_corregida.pdf\" target=\"_blank\" rel=\"noreferrer noopener\">10.1- Plantilla de respostes corregida.<\/a><\/p>\n\n\n\n<p><a href=\"https:\/\/aldaia.es\/empleo\/wp-content\/uploads\/2025\/11\/doc12232720251117142432.pdf\" target=\"_blank\" rel=\"noreferrer noopener\">11.- Sup\u00f2sit pr\u00e0ctic n\u00fam. 2<\/a><\/p>\n\n\n\n<p><a href=\"https:\/\/aldaia.es\/empleo\/wp-content\/uploads\/2025\/11\/ACTA-4-TRIUNAL-2-TS_firma-internos-con-Xavier-y-Nara.pdf\" target=\"_blank\" rel=\"noreferrer noopener\">12.- Acta del tribunal. Desenvolupament de l&#8217;examen, resultats provisionals i altres acords.<\/a><\/p>\n\n\n\n<p><a href=\"https:\/\/aldaia.es\/empleo\/wp-content\/uploads\/2025\/12\/ACTA-5-TRIUNAL-2-TS_-firma-internos-con-Xavier-y-Nara.pdf\" target=\"_blank\" rel=\"noreferrer noopener\">13.- Acta del Tribunal Qualificador. Puntuacions provisionals i creaci\u00f3 de bossa.<\/a><\/p>\n\n\n\n<p><a href=\"https:\/\/aldaia.es\/empleo\/wp-content\/uploads\/2026\/01\/ACTA-6-TRIUNAL-2-TS_firma-internos-con-Xavier-y-Nara.pdf\" target=\"_blank\" rel=\"noreferrer noopener\">14.- Acta del tribunal qualificador. Revisi\u00f3 del barem de m\u00e8rits, puntuacions definitives i configuraci\u00f3 de la bossa.<\/a><\/p>\n\n\n\n<p><\/p>\n","protected":false},"excerpt":{"rendered":"<p>1.- Publicaci\u00f3n de Bases del proceso de selecci\u00f3n para la provisi\u00f3n definitiva de dos plazas de trabajador\/a social (OPE 2022) 2.- Publicaci\u00f3 DOGV N\u00ba 10073 de fecha&nbsp;25-03-2025. 3.- Publicaci\u00f3 BOE n\u00ba 84. Obertura de termini per a presentaci\u00f3 de sol\u00b7licituds. *Termini de presentaci\u00f3 de sol\u00b7licituds: des de 08\/04\/2025 fins a 09\/05\/2025 (tots dos inclusivament) 4.- [&#8230;]<\/p>\n<p><a class=\"btn btn-secondary understrap-read-more-link\" href=\"https:\/\/aldaia.es\/empleo\/ca\/2025\/03\/10\/2-places-de-treballadors-as-socials\/\">Leer m\u00e1s&#8230;<span class=\"screen-reader-text\"> from 2 places de treballadors\/as socials<\/span><\/a><\/p>\n","protected":false},"author":1,"featured_media":0,"comment_status":"closed","ping_status":"closed","sticky":false,"template":"","format":"standard","meta":{"footnotes":""},"categories":[201,54,49,58,204],"tags":[],"class_list":["post-37954","post","type-post","status-publish","format-standard","hentry","category-en-tramite-ca","category-obert","category-ocupacio-ajuntament-aldaia","category-oposicions","category-procesos-selectivos-ca"],"yoast_head":"<!-- This site is optimized with the Yoast SEO plugin v26.9 - https:\/\/yoast.com\/product\/yoast-seo-wordpress\/ -->\n<title>2 places de treballadors\/as socials - Empleo Aldaia<\/title>\n<meta name=\"robots\" content=\"index, follow, max-snippet:-1, max-image-preview:large, max-video-preview:-1\" \/>\n<link rel=\"canonical\" href=\"https:\/\/aldaia.es\/empleo\/ca\/2025\/03\/10\/2-places-de-treballadors-as-socials\/\" \/>\n<meta property=\"og:locale\" content=\"es_ES\" \/>\n<meta property=\"og:type\" content=\"article\" \/>\n<meta property=\"og:title\" content=\"2 places de treballadors\/as socials - Empleo Aldaia\" \/>\n<meta property=\"og:description\" content=\"1.- Publicaci\u00f3n de Bases del proceso de selecci\u00f3n para la provisi\u00f3n definitiva de dos plazas de trabajador\/a social (OPE 2022) 2.- Publicaci\u00f3 DOGV N\u00ba 10073 de fecha&nbsp;25-03-2025. 3.- Publicaci\u00f3 BOE n\u00ba 84. Obertura de termini per a presentaci\u00f3 de sol\u00b7licituds. *Termini de presentaci\u00f3 de sol\u00b7licituds: des de 08\/04\/2025 fins a 09\/05\/2025 (tots dos inclusivament) 4.- [...]Leer m\u00e1s... from 2 places de treballadors\/as socials\" \/>\n<meta property=\"og:url\" content=\"https:\/\/aldaia.es\/empleo\/ca\/2025\/03\/10\/2-places-de-treballadors-as-socials\/\" \/>\n<meta property=\"og:site_name\" content=\"Empleo Aldaia\" \/>\n<meta property=\"article:publisher\" content=\"https:\/\/www.facebook.com\/ajuntamentaldaia\" \/>\n<meta property=\"article:published_time\" content=\"2025-03-10T09:27:00+00:00\" \/>\n<meta property=\"article:modified_time\" content=\"2026-01-14T14:50:12+00:00\" \/>\n<meta name=\"author\" content=\"Cristina\" \/>\n<meta name=\"twitter:card\" content=\"summary_large_image\" \/>\n<meta name=\"twitter:creator\" content=\"@ajuntaldaia\" \/>\n<meta name=\"twitter:site\" content=\"@ajuntaldaia\" \/>\n<meta name=\"twitter:label1\" content=\"Escrito por\" \/>\n\t<meta name=\"twitter:data1\" content=\"Cristina\" \/>\n\t<meta name=\"twitter:label2\" content=\"Tiempo de lectura\" \/>\n\t<meta name=\"twitter:data2\" content=\"3 minutos\" \/>\n<script type=\"application\/ld+json\" class=\"yoast-schema-graph\">{\"@context\":\"https:\/\/schema.org\",\"@graph\":[{\"@type\":\"Article\",\"@id\":\"https:\/\/aldaia.es\/empleo\/ca\/2025\/03\/10\/2-places-de-treballadors-as-socials\/#article\",\"isPartOf\":{\"@id\":\"https:\/\/aldaia.es\/empleo\/ca\/2025\/03\/10\/2-places-de-treballadors-as-socials\/\"},\"author\":{\"name\":\"Cristina\",\"@id\":\"https:\/\/aldaia.es\/empleo\/#\/schema\/person\/31b123d763374cf10b2376d65b07b1c6\"},\"headline\":\"2 places de treballadors\/as socials\",\"datePublished\":\"2025-03-10T09:27:00+00:00\",\"dateModified\":\"2026-01-14T14:50:12+00:00\",\"mainEntityOfPage\":{\"@id\":\"https:\/\/aldaia.es\/empleo\/ca\/2025\/03\/10\/2-places-de-treballadors-as-socials\/\"},\"wordCount\":524,\"publisher\":{\"@id\":\"https:\/\/aldaia.es\/empleo\/#organization\"},\"articleSection\":[\"En tr\u00e1mite\",\"Obert\",\"Ocupaci\u00f3 Ajuntament Aldaia\",\"Oposicions\",\"Procesos selectivos\"],\"inLanguage\":\"es\"},{\"@type\":\"WebPage\",\"@id\":\"https:\/\/aldaia.es\/empleo\/ca\/2025\/03\/10\/2-places-de-treballadors-as-socials\/\",\"url\":\"https:\/\/aldaia.es\/empleo\/ca\/2025\/03\/10\/2-places-de-treballadors-as-socials\/\",\"name\":\"2 places de treballadors\/as socials - Empleo Aldaia\",\"isPartOf\":{\"@id\":\"https:\/\/aldaia.es\/empleo\/#website\"},\"datePublished\":\"2025-03-10T09:27:00+00:00\",\"dateModified\":\"2026-01-14T14:50:12+00:00\",\"breadcrumb\":{\"@id\":\"https:\/\/aldaia.es\/empleo\/ca\/2025\/03\/10\/2-places-de-treballadors-as-socials\/#breadcrumb\"},\"inLanguage\":\"es\",\"potentialAction\":[{\"@type\":\"ReadAction\",\"target\":[\"https:\/\/aldaia.es\/empleo\/ca\/2025\/03\/10\/2-places-de-treballadors-as-socials\/\"]}]},{\"@type\":\"BreadcrumbList\",\"@id\":\"https:\/\/aldaia.es\/empleo\/ca\/2025\/03\/10\/2-places-de-treballadors-as-socials\/#breadcrumb\",\"itemListElement\":[{\"@type\":\"ListItem\",\"position\":1,\"name\":\"Portada\",\"item\":\"https:\/\/aldaia.es\/empleo\/\"},{\"@type\":\"ListItem\",\"position\":2,\"name\":\"2 places de treballadors\/as socials\"}]},{\"@type\":\"WebSite\",\"@id\":\"https:\/\/aldaia.es\/empleo\/#website\",\"url\":\"https:\/\/aldaia.es\/empleo\/\",\"name\":\"Empleo Aldaia\",\"description\":\"\",\"publisher\":{\"@id\":\"https:\/\/aldaia.es\/empleo\/#organization\"},\"potentialAction\":[{\"@type\":\"SearchAction\",\"target\":{\"@type\":\"EntryPoint\",\"urlTemplate\":\"https:\/\/aldaia.es\/empleo\/?s={search_term_string}\"},\"query-input\":{\"@type\":\"PropertyValueSpecification\",\"valueRequired\":true,\"valueName\":\"search_term_string\"}}],\"inLanguage\":\"es\"},{\"@type\":\"Organization\",\"@id\":\"https:\/\/aldaia.es\/empleo\/#organization\",\"name\":\"Empleo Aldaia\",\"url\":\"https:\/\/aldaia.es\/empleo\/\",\"logo\":{\"@type\":\"ImageObject\",\"inLanguage\":\"es\",\"@id\":\"https:\/\/aldaia.es\/empleo\/#\/schema\/logo\/image\/\",\"url\":\"https:\/\/aldaia.es\/empleo\/wp-content\/uploads\/2025\/06\/logo-ajuntament-aldaia.jpg\",\"contentUrl\":\"https:\/\/aldaia.es\/empleo\/wp-content\/uploads\/2025\/06\/logo-ajuntament-aldaia.jpg\",\"width\":768,\"height\":438,\"caption\":\"Empleo Aldaia\"},\"image\":{\"@id\":\"https:\/\/aldaia.es\/empleo\/#\/schema\/logo\/image\/\"},\"sameAs\":[\"https:\/\/www.facebook.com\/ajuntamentaldaia\",\"https:\/\/x.com\/ajuntaldaia\",\"https:\/\/www.instagram.com\/ajuntamentaldaia_\/\",\"https:\/\/www.youtube.com\/@ajuntamentdaldaia8046\"]},{\"@type\":\"Person\",\"@id\":\"https:\/\/aldaia.es\/empleo\/#\/schema\/person\/31b123d763374cf10b2376d65b07b1c6\",\"name\":\"Cristina\",\"image\":{\"@type\":\"ImageObject\",\"inLanguage\":\"es\",\"@id\":\"https:\/\/aldaia.es\/empleo\/#\/schema\/person\/image\/\",\"url\":\"https:\/\/secure.gravatar.com\/avatar\/0a2836fbe98d85a51adf600b91d7a84111de5f79ae5417135998ddbb9db38230?s=96&d=mm&r=g\",\"contentUrl\":\"https:\/\/secure.gravatar.com\/avatar\/0a2836fbe98d85a51adf600b91d7a84111de5f79ae5417135998ddbb9db38230?s=96&d=mm&r=g\",\"caption\":\"Cristina\"},\"sameAs\":[\"https:\/\/aldaia.es\/empleo\"],\"url\":\"https:\/\/aldaia.es\/empleo\/author\/cristina\/\"}]}<\/script>\n<!-- \/ Yoast SEO plugin. -->","yoast_head_json":{"title":"2 places de treballadors\/as socials - Empleo Aldaia","robots":{"index":"index","follow":"follow","max-snippet":"max-snippet:-1","max-image-preview":"max-image-preview:large","max-video-preview":"max-video-preview:-1"},"canonical":"https:\/\/aldaia.es\/empleo\/ca\/2025\/03\/10\/2-places-de-treballadors-as-socials\/","og_locale":"es_ES","og_type":"article","og_title":"2 places de treballadors\/as socials - Empleo Aldaia","og_description":"1.- Publicaci\u00f3n de Bases del proceso de selecci\u00f3n para la provisi\u00f3n definitiva de dos plazas de trabajador\/a social (OPE 2022) 2.- Publicaci\u00f3 DOGV N\u00ba 10073 de fecha&nbsp;25-03-2025. 3.- Publicaci\u00f3 BOE n\u00ba 84. Obertura de termini per a presentaci\u00f3 de sol\u00b7licituds. *Termini de presentaci\u00f3 de sol\u00b7licituds: des de 08\/04\/2025 fins a 09\/05\/2025 (tots dos inclusivament) 4.- [...]Leer m\u00e1s... from 2 places de treballadors\/as socials","og_url":"https:\/\/aldaia.es\/empleo\/ca\/2025\/03\/10\/2-places-de-treballadors-as-socials\/","og_site_name":"Empleo Aldaia","article_publisher":"https:\/\/www.facebook.com\/ajuntamentaldaia","article_published_time":"2025-03-10T09:27:00+00:00","article_modified_time":"2026-01-14T14:50:12+00:00","author":"Cristina","twitter_card":"summary_large_image","twitter_creator":"@ajuntaldaia","twitter_site":"@ajuntaldaia","twitter_misc":{"Escrito por":"Cristina","Tiempo de lectura":"3 minutos"},"schema":{"@context":"https:\/\/schema.org","@graph":[{"@type":"Article","@id":"https:\/\/aldaia.es\/empleo\/ca\/2025\/03\/10\/2-places-de-treballadors-as-socials\/#article","isPartOf":{"@id":"https:\/\/aldaia.es\/empleo\/ca\/2025\/03\/10\/2-places-de-treballadors-as-socials\/"},"author":{"name":"Cristina","@id":"https:\/\/aldaia.es\/empleo\/#\/schema\/person\/31b123d763374cf10b2376d65b07b1c6"},"headline":"2 places de treballadors\/as socials","datePublished":"2025-03-10T09:27:00+00:00","dateModified":"2026-01-14T14:50:12+00:00","mainEntityOfPage":{"@id":"https:\/\/aldaia.es\/empleo\/ca\/2025\/03\/10\/2-places-de-treballadors-as-socials\/"},"wordCount":524,"publisher":{"@id":"https:\/\/aldaia.es\/empleo\/#organization"},"articleSection":["En tr\u00e1mite","Obert","Ocupaci\u00f3 Ajuntament Aldaia","Oposicions","Procesos selectivos"],"inLanguage":"es"},{"@type":"WebPage","@id":"https:\/\/aldaia.es\/empleo\/ca\/2025\/03\/10\/2-places-de-treballadors-as-socials\/","url":"https:\/\/aldaia.es\/empleo\/ca\/2025\/03\/10\/2-places-de-treballadors-as-socials\/","name":"2 places de treballadors\/as socials - Empleo Aldaia","isPartOf":{"@id":"https:\/\/aldaia.es\/empleo\/#website"},"datePublished":"2025-03-10T09:27:00+00:00","dateModified":"2026-01-14T14:50:12+00:00","breadcrumb":{"@id":"https:\/\/aldaia.es\/empleo\/ca\/2025\/03\/10\/2-places-de-treballadors-as-socials\/#breadcrumb"},"inLanguage":"es","potentialAction":[{"@type":"ReadAction","target":["https:\/\/aldaia.es\/empleo\/ca\/2025\/03\/10\/2-places-de-treballadors-as-socials\/"]}]},{"@type":"BreadcrumbList","@id":"https:\/\/aldaia.es\/empleo\/ca\/2025\/03\/10\/2-places-de-treballadors-as-socials\/#breadcrumb","itemListElement":[{"@type":"ListItem","position":1,"name":"Portada","item":"https:\/\/aldaia.es\/empleo\/"},{"@type":"ListItem","position":2,"name":"2 places de treballadors\/as socials"}]},{"@type":"WebSite","@id":"https:\/\/aldaia.es\/empleo\/#website","url":"https:\/\/aldaia.es\/empleo\/","name":"Empleo Aldaia","description":"","publisher":{"@id":"https:\/\/aldaia.es\/empleo\/#organization"},"potentialAction":[{"@type":"SearchAction","target":{"@type":"EntryPoint","urlTemplate":"https:\/\/aldaia.es\/empleo\/?s={search_term_string}"},"query-input":{"@type":"PropertyValueSpecification","valueRequired":true,"valueName":"search_term_string"}}],"inLanguage":"es"},{"@type":"Organization","@id":"https:\/\/aldaia.es\/empleo\/#organization","name":"Empleo Aldaia","url":"https:\/\/aldaia.es\/empleo\/","logo":{"@type":"ImageObject","inLanguage":"es","@id":"https:\/\/aldaia.es\/empleo\/#\/schema\/logo\/image\/","url":"https:\/\/aldaia.es\/empleo\/wp-content\/uploads\/2025\/06\/logo-ajuntament-aldaia.jpg","contentUrl":"https:\/\/aldaia.es\/empleo\/wp-content\/uploads\/2025\/06\/logo-ajuntament-aldaia.jpg","width":768,"height":438,"caption":"Empleo Aldaia"},"image":{"@id":"https:\/\/aldaia.es\/empleo\/#\/schema\/logo\/image\/"},"sameAs":["https:\/\/www.facebook.com\/ajuntamentaldaia","https:\/\/x.com\/ajuntaldaia","https:\/\/www.instagram.com\/ajuntamentaldaia_\/","https:\/\/www.youtube.com\/@ajuntamentdaldaia8046"]},{"@type":"Person","@id":"https:\/\/aldaia.es\/empleo\/#\/schema\/person\/31b123d763374cf10b2376d65b07b1c6","name":"Cristina","image":{"@type":"ImageObject","inLanguage":"es","@id":"https:\/\/aldaia.es\/empleo\/#\/schema\/person\/image\/","url":"https:\/\/secure.gravatar.com\/avatar\/0a2836fbe98d85a51adf600b91d7a84111de5f79ae5417135998ddbb9db38230?s=96&d=mm&r=g","contentUrl":"https:\/\/secure.gravatar.com\/avatar\/0a2836fbe98d85a51adf600b91d7a84111de5f79ae5417135998ddbb9db38230?s=96&d=mm&r=g","caption":"Cristina"},"sameAs":["https:\/\/aldaia.es\/empleo"],"url":"https:\/\/aldaia.es\/empleo\/author\/cristina\/"}]}},"_links":{"self":[{"href":"https:\/\/aldaia.es\/empleo\/wp-json\/wp\/v2\/posts\/37954","targetHints":{"allow":["GET"]}}],"collection":[{"href":"https:\/\/aldaia.es\/empleo\/wp-json\/wp\/v2\/posts"}],"about":[{"href":"https:\/\/aldaia.es\/empleo\/wp-json\/wp\/v2\/types\/post"}],"author":[{"embeddable":true,"href":"https:\/\/aldaia.es\/empleo\/wp-json\/wp\/v2\/users\/1"}],"replies":[{"embeddable":true,"href":"https:\/\/aldaia.es\/empleo\/wp-json\/wp\/v2\/comments?post=37954"}],"version-history":[{"count":13,"href":"https:\/\/aldaia.es\/empleo\/wp-json\/wp\/v2\/posts\/37954\/revisions"}],"predecessor-version":[{"id":39587,"href":"https:\/\/aldaia.es\/empleo\/wp-json\/wp\/v2\/posts\/37954\/revisions\/39587"}],"wp:attachment":[{"href":"https:\/\/aldaia.es\/empleo\/wp-json\/wp\/v2\/media?parent=37954"}],"wp:term":[{"taxonomy":"category","embeddable":true,"href":"https:\/\/aldaia.es\/empleo\/wp-json\/wp\/v2\/categories?post=37954"},{"taxonomy":"post_tag","embeddable":true,"href":"https:\/\/aldaia.es\/empleo\/wp-json\/wp\/v2\/tags?post=37954"}],"curies":[{"name":"wp","href":"https:\/\/api.w.org\/{rel}","templated":true}]}}