{"id":37987,"date":"2024-12-26T11:01:00","date_gmt":"2024-12-26T10:01:00","guid":{"rendered":"https:\/\/aldaia.es\/empleo\/?p=37987"},"modified":"2026-04-24T09:24:06","modified_gmt":"2026-04-24T07:24:06","slug":"dos-places-dadministratiu-a","status":"publish","type":"post","link":"https:\/\/aldaia.es\/empleo\/ca\/2024\/12\/26\/dos-places-dadministratiu-a\/","title":{"rendered":"Dos places d&#8217;administratiu\/a"},"content":{"rendered":"\n<p>Fase 1. Publicaci\u00f3 de Bases del proc\u00e9s de selecci\u00f3 per a la provisi\u00f3 definitiva de dos places d&#8217;administratiu\/a<\/p>\n\n\n\n<p>Fase 2. Publicaci\u00f3 d&#8217;anunci en DOGV, de 13 de febrer de 2025<\/p>\n\n\n\n<p>Fase 3.&nbsp;Publicaci\u00f3 d&#8217;anunci en BOE, de 27 de febrer de 2025<\/p>\n\n\n\n<p>TERMINI PER A PRESENTACI\u00d3 DE SOL\u00b7LICITUDS: DEL 28 DE FEBRER FINS AL 31 DE MAR\u00c7<\/p>\n\n\n\n<p>Fase 4. Publicaci\u00f3 d&#8217;anunci en BOP, de 05 de maig de 2025. Llista provisional de persones aspirants i designaci\u00f3 del tribunal.<\/p>\n\n\n\n<p>TERMINI PER A ESMENAR:&nbsp;DEL 06 DE MAIG FINS AL 19 DE MAIG DE 2025<\/p>\n\n\n\n<p>Fase 5. Declaraci\u00f3 de la tramitaci\u00f3 d&#8217;urg\u00e8ncia.<\/p>\n\n\n\n<p>Fase 6. Publicaci\u00f3 d&#8217;anunci BOP, de 9 de juny de 2025. Llista definitiva de persones aspirants.<\/p>\n\n\n\n<ul class=\"wp-block-list\">\n<li>El lloc per a la realitzaci\u00f3 de l&#8217;examen, per motius d&#8217;espai, podria ser canviat. Si fos aix\u00ed, s&#8217;informar\u00e0 en el tauler d&#8217;edictes virtual de l&#8217;Ajuntament d&#8217;Aldaia, el Portal de Transpar\u00e8ncia i la p\u00e0gina web municipal.<\/li>\n<\/ul>\n\n\n\n<p>Fase 7. Correcci\u00f3 d&#8217;error de transcripci\u00f3 en la llista definitiva de persones aspirants admeses i excloses.<\/p>\n\n\n\n<p>Fase 8. Publicaci\u00f3 en BOP Correcci\u00f3 d&#8217;errors en la llista definitiva de persones aspirants admeses i excloses.s.<\/p>\n\n\n\n<p><strong>NOTA INFORMATIVA: Llistat d&#8217;opositors amb aula assignada.<\/strong><\/p>\n\n\n\n<p>Fase 9. Plantilla respostes 1r exercici tipus test.<\/p>\n\n\n\n<p>Fase 10. Acta del Tribunal Qualificador<\/p>\n\n\n\n<p>Fase 11.&nbsp; Acta del Tribunal Qualificador. Puntuacions provisionals i circumst\u00e0ncies de celebraci\u00f3 del 2n exercici<\/p>\n\n\n\n<p><strong>TERMINI PER A ALEGACIONS: DEL 01 FINS AL 07 D&#8217;AGOST DE 2025<\/strong><\/p>\n\n\n\n<p>Fase 12. Acta del Tribunal Qualificador. Resoluci\u00f3 de sol\u00b7licituds i puntuacions definitives.<\/p>\n\n\n\n<p>Fase 13. Acta del Tribunal.&nbsp;<strong>ES MODIFICA LA DURACI\u00d3 DE L&#8217;EXERCICI (SER\u00c0 DE 60 MINUTS)<\/strong><\/p>\n\n\n\n<p>Fase 14. Acta del Tribunal. Resoluci\u00f3 recurs d&#8217;al\u00e7ada. Puntuacions definitives.<\/p>\n\n\n\n<p><strong>NOTA INFORMATIVA: SUSPENSI\u00d3 DEL EJERCICI<\/strong><\/p>\n\n\n\n<p><strong>*NOTA INFORMATIVA: NOVA DATA DEL EJERCICI*<\/strong><\/p>\n\n\n\n<p>Fase 15. Publicaci\u00f3 casos pr\u00e0ctics i criteris de correcci\u00f3<\/p>\n\n\n\n<p>Fase 16. Acta del Tribunal Qualificador.<\/p>\n\n\n\n<p>Fase 17. Acta del Tribunal Qualificador. Correcci\u00f3 del 2n exercici.<\/p>\n\n\n\n<p><strong>TERMINI PER A AL\u00b7LEGACIONS I PRESENTACI\u00d3 DE M\u00c8RITS: DEL 13 FINS AL 19 DE NOVEMBRE DE 2025<\/strong><\/p>\n\n\n\n<p>Fase 18. Acta del Tribunal Qualificador. Resoluci\u00f3 de sol\u00b7licituds i puntuacions definitives 2n exercici.<\/p>\n\n\n\n<p><strong>TERMINI PER A AL\u00b7LEGACIONS (persones indicades en l&#8217;acta): del 28 de novembre fins al 4 de desembre de 2025<\/strong><\/p>\n\n\n\n<p>Fase 19. Acta del Tribunal Qualificador. Puntuacions provisionals de la fase de concurs, puntuacions provisionals del proc\u00e9s de selecci\u00f3, proposta del tribunal de persones provisionalment adjudicat\u00e0ries de les places i constituci\u00f3 de borsa de treball.<\/p>\n\n\n\n<p><strong>TERMINI PER A AL\u00b7LEGACIONS: DEL 10 FINS AL 16 DE DESEMBRE DE 2025<\/strong><\/p>\n\n\n\n<p><strong>TERMINI PRESENTACI\u00d3 DE DOCUMENTACI\u00d3: DEL 10 FINS AL 16 DE DESEMBRE DE 2025<\/strong><\/p>\n\n\n\n<p>Fase 20. Acta del Tribunal Qualificador. Puntuacions definitives i configuraci\u00f3 de la bossa.<\/p>\n\n\n\n<p><strong>TERMINI PRESENTACI\u00d3 DE DOCUMENTACI\u00d3: <u>DES DEL 12 FINS AL 16 DE GENER DE 2026<\/u><\/strong><\/p>\n\n\n\n<p>Fase 21. Acta del Tribunal Qualificador. Correcci\u00f3 sobre configuraci\u00f3 de la borsa de treball.<\/p>\n\n\n\n<p>Fase 22. Acta del Tribunal Qualificador. Resoluci\u00f3 de recursos.<\/p>\n\n\n\n<p>Fase 23. Acta del Tribunal Qualificador. Resoluci\u00f3 de recursos i lliurament de documentaci\u00f3 sol\u00b7licitada.<\/p>\n\n\n\n<p>Fase 24. Acta del Tribunal Qualificador. Ren\u00fancia d&#8217;un aspirant a la pla\u00e7a provisionalment adjudicada.<\/p>\n\n\n\n<p>Fase 25. Acta del Tribunal Qualificador. Ren\u00fancia d&#8217;un aspirant a la pla\u00e7a provisionalment adjudicada.<\/p>\n\n\n\n<p>Fase Final. Resoluci\u00f3 de Configuraci\u00f3 de la bossa d&#8217;administratius\/as<\/p>\n\n\n\n<p>Fase Final. Publicaci\u00f3 BOPB n\u00fam. 28 nomenament com a funcion\u00e0ria en pr\u00e0ctiques.<\/p>\n\n\n\n<p>Fase Final. Publicaci\u00f3 BOPB n\u00fam. 33 nomenament com a funcion\u00e0ria en pr\u00e0ctiques.<\/p>\n\n\n\n<p>Fase Final. Publicaci\u00f3 BOPV n\u00fam. 73 nomenament com a funcion\u00e0ria de carrera.<\/p>\n\n\n\n<p>Fase Final. Publicaci\u00f3 BOPV n\u00fam. 77 nomenament com a funcion\u00e0ria de carrera.<\/p>\n\n\n\n<p>___________________________________________________________________________________________________________________________<\/p>\n\n\n\n<p><a href=\"https:\/\/aldaia.es\/wp-content\/uploads\/2024\/12\/Fase-1.-Publicacion-de-Bases-del-proceso-de-seleccion-para-la-provision-definitiva-de-dos-plazas-de-administrativo-a.pdf\" target=\"_blank\" rel=\"noreferrer noopener\">Fase 1. Publicaci\u00f3 de Bases del proc\u00e9s de selecci\u00f3 per a la provisi\u00f3 definitiva de dos places d&#8217;administratiu\/a. <\/a><\/p>\n\n\n\n<p><a href=\"https:\/\/aldaia.es\/wp-content\/uploads\/2025\/02\/DOGV-2-plazas-de-administrativos-as.pdf\" target=\"_blank\" rel=\"noreferrer noopener\">Fase 2. Publicaci\u00f3 d&#8217;anunci en DOGV, de 13 de febrer de 2025.<\/a><\/p>\n\n\n\n<p><a href=\"https:\/\/aldaia.es\/wp-content\/uploads\/2025\/02\/BOE-A-2025-3913_-2-Plazas-de-administrativos-as.pdf\" target=\"_blank\" rel=\"noreferrer noopener\">Fase 3. Publicaci\u00f3 d&#8217;anunci en BOE, de 27 de febrer de 2025. <\/a><\/p>\n\n\n\n<p><a href=\"https:\/\/aldaia.es\/wp-content\/uploads\/2025\/02\/ANEXO-I-SOLICITUD-2-ADMTVOS-TURNO-LIBRE.pdf\" target=\"_blank\" rel=\"noreferrer noopener\">Annex I<\/a><\/p>\n\n\n\n<p><a href=\"https:\/\/aldaia.es\/wp-content\/uploads\/2025\/02\/Instrucciones-abono-tasas-2.pdf\" target=\"_blank\" rel=\"noreferrer noopener\">Instruccions d&#8217;abonament de taxes<\/a><\/p>\n\n\n\n<p><a href=\"https:\/\/aldaia.es\/wp-content\/uploads\/2025\/05\/05052025-BOP-n-83-listas-provisionales.pdf\" target=\"_blank\" rel=\"noreferrer noopener\">Fase 4. Publicaci\u00f3 d&#8217;anunci en BOP, de 05 de maig de 2025. Llista provisional de persones aspirants i designaci\u00f3 del tribunal.<\/a><\/p>\n\n\n\n<p><a href=\"https:\/\/aldaia.es\/wp-content\/uploads\/2025\/06\/RA-TRAMITACION-URGENCIA-OPO-2-ADMTVOS-AS-AYTO-ALDAIA.pdf\" target=\"_blank\" rel=\"noreferrer noopener\">Fase 5. Declaraci\u00f3 de la tramitaci\u00f3 d&#8217;urg\u00e8ncia.<\/a><\/p>\n\n\n\n<p><a href=\"https:\/\/aldaia.es\/wp-content\/uploads\/2025\/06\/BOE_2-administrativos_listas-definitivas.pdf\" target=\"_blank\" rel=\"noreferrer noopener\">Fase 6. Publicaci\u00f3 d&#8217;anunci BOP, de 9 de juny de 2025. Llista definitiva de persones aspirants.<\/a><\/p>\n\n\n\n<p><a href=\"https:\/\/aldaia.es\/wp-content\/uploads\/2025\/06\/RA-CORRECCION-ERROR-TRANSCRIPCION-LISTA-DEFINITIVA-ADMITIDOS-AS-Y-EXCLUIDOS-AS-OPO-2-ADMTVOS-AS.pdf\" target=\"_blank\" rel=\"noreferrer noopener\">Fase 7. Correcci\u00f3 d&#8217;error de transcripci\u00f3 en la llista definitiva de persones aspirants admeses i excloses.<\/a><\/p>\n\n\n\n<p><a href=\"https:\/\/aldaia.es\/empleo\/wp-content\/uploads\/2025\/06\/BOPV-correccion-error-lista-definitiva-de-personas-admitidas-y-excluidas.pdf\">Fase 8. Publicaci\u00f3 en BOP Correcci\u00f3 d&#8217;errors en la llista definitiva de persones aspirants admeses i excloses.<\/a><\/p>\n\n\n\n<p><a href=\"https:\/\/aldaia.es\/empleo\/wp-content\/uploads\/2025\/07\/Listado-de-opositores-con-aula-asignada.pdf\">NOTA INFORMATIVA: Llistat d&#8217;opositors amb aula assignada.<\/a><\/p>\n\n\n\n<p><a href=\"https:\/\/aldaia.es\/empleo\/wp-content\/uploads\/2025\/07\/1-3.pdf\">Fase 9. Plantilla respostes 1r exercici tipus test.<\/a><\/p>\n\n\n\n<p><a href=\"https:\/\/aldaia.es\/empleo\/wp-content\/uploads\/2025\/07\/ACTA-2-TRIBUNAL-2-ADMTVOS-AS-CON-ANEXO_firmada.pdf\">Fase 10. Acta del Tribunal Qualificador<\/a><\/p>\n\n\n\n<p><a href=\"https:\/\/aldaia.es\/empleo\/wp-content\/uploads\/2025\/07\/ACTA-3-TRIBUNAL-2-ADMTVOS-AS-FIRMADA.pdf\" target=\"_blank\" rel=\"noreferrer noopener\">Fase 11.&nbsp; Acta del Tribunal Qualificador. Puntuacions provisionals i circumst\u00e0ncies de celebraci\u00f3 del 2n exercici<\/a><\/p>\n\n\n\n<p><a href=\"https:\/\/aldaia.es\/empleo\/wp-content\/uploads\/2025\/09\/ACTA-4-TRIBUNAL-2-ADMTVOS-AS-FIRMADA.pdf\" target=\"_blank\" rel=\"noreferrer noopener\">Fase 12. Acta del Tribunal Qualificador. Resoluci\u00f3 de sol\u00b7licituds i puntuacions definitives.<\/a><\/p>\n\n\n\n<p><a href=\"https:\/\/aldaia.es\/empleo\/wp-content\/uploads\/2025\/09\/ACTA-5-TRIBUNAL-2-ADMTVOS-AS-FIRMADA.pdf\" target=\"_blank\" rel=\"noreferrer noopener\">Fase 13. Acta del Tribunal.&nbsp;<strong>ES MODIFICA LA DURACI\u00d3 DE L&#8217;EXERCICI (SER\u00c0 DE 60 MINUTS)<\/strong><\/a><\/p>\n\n\n\n<p><a href=\"https:\/\/aldaia.es\/empleo\/wp-content\/uploads\/2025\/09\/ACTA-6-TRIBUNAL-2-ADMTVOS-AS-FIRMADA.pdf\" target=\"_blank\" rel=\"noreferrer noopener\">Fase 14. Acta del Tribunal. Resoluci\u00f3 recurs d&#8217;al\u00e7ada. Puntuacions definitives.<\/a><\/p>\n\n\n\n<p><strong><strong><a href=\"https:\/\/aldaia.es\/empleo\/wp-content\/uploads\/2025\/09\/NOTA-INFORMATIVA-suspension-ejercicio-2-FIRMADA.pdf\" target=\"_blank\" rel=\"noreferrer noopener\">NOTA INFORMATIVA: SUSPENSI\u00d3 DEL EJERCICI<\/a><\/strong><\/strong><\/p>\n\n\n\n<p><strong><a href=\"https:\/\/aldaia.es\/empleo\/wp-content\/uploads\/2025\/09\/NOTA-INFORMATIVA-nueva-fecha-ejercicio-2-FIRMADA.pdf\" target=\"_blank\" rel=\"noreferrer noopener\">*NOTA INFORMATIVA: NOVA DATA DEL EJERCICI*<\/a><\/strong><\/p>\n\n\n\n<p><a href=\"https:\/\/aldaia.es\/empleo\/wp-content\/uploads\/2025\/10\/CASO-PRACTICO-1.pdf\" target=\"_blank\" rel=\"noreferrer noopener\">Fase 15. Cas pr\u00e0ctic 1<\/a><\/p>\n\n\n\n<p><a href=\"https:\/\/aldaia.es\/empleo\/wp-content\/uploads\/2025\/10\/CASO-PRACTICO-3.pdf\">Fase 15. Ca<\/a><a href=\"https:\/\/aldaia.es\/empleo\/wp-content\/uploads\/2025\/10\/CASO-PRACTICO-3.pdf\" target=\"_blank\" rel=\"noreferrer noopener\">s<\/a><a href=\"https:\/\/aldaia.es\/empleo\/wp-content\/uploads\/2025\/10\/CASO-PRACTICO-3.pdf\"> pr\u00e0ctic 3<\/a><\/p>\n\n\n\n<p><a href=\"https:\/\/aldaia.es\/empleo\/wp-content\/uploads\/2025\/10\/SEGUNDO-EJERCICIO-CRITERIOS-DE-CORRECCION.pdf\" target=\"_blank\" rel=\"noreferrer noopener\">Fase 15. Criteris de correcci\u00f3<\/a><\/p>\n\n\n\n<p><a href=\"https:\/\/aldaia.es\/empleo\/wp-content\/uploads\/2025\/10\/ACTA-8-TRIBUNAL-2-ADMTVOS-AS-FIRMADA.pdf\" target=\"_blank\" rel=\"noreferrer noopener\">Fase 16. Acta del Tribunal Qualificador<\/a><\/p>\n\n\n\n<p><a href=\"https:\/\/aldaia.es\/empleo\/wp-content\/uploads\/2025\/11\/ACTA-12-TRIBUNAL-2-ADMTVOS-AS-FIRMADA.pdf\" target=\"_blank\" rel=\"noreferrer noopener\">Fase 17. Acta del Tribunal Qualificador. Correcci\u00f3 del 2n exercici.<\/a><\/p>\n\n\n\n<p><a href=\"https:\/\/aldaia.es\/empleo\/wp-content\/uploads\/2025\/11\/ANEXO-II-AUTOBAREMACION-2-ADMTVOS-TURNO-LIBRE.docx\" target=\"_blank\" rel=\"noreferrer noopener\">ANNEX II. AUTOBAREMACI\u00d3<\/a><\/p>\n\n\n\n<p><a href=\"https:\/\/aldaia.es\/empleo\/wp-content\/uploads\/2025\/11\/ACTA-13-TRIBUNAL-2-ADMTVOS-AS_firmada.pdf\">Fase 18. Acta del Tribunal Qualificador. Reso<\/a><a href=\"https:\/\/aldaia.es\/empleo\/wp-content\/uploads\/2025\/11\/ACTA-13-TRIBUNAL-2-ADMTVOS-AS_firmada.pdf\" target=\"_blank\" rel=\"noreferrer noopener\">l<\/a><a href=\"https:\/\/aldaia.es\/empleo\/wp-content\/uploads\/2025\/11\/ACTA-13-TRIBUNAL-2-ADMTVOS-AS_firmada.pdf\">uci\u00f3 de sol\u00b7licituds i puntuacions definitives 2n exercici.<\/a><\/p>\n\n\n\n<p><a href=\"https:\/\/aldaia.es\/empleo\/wp-content\/uploads\/2025\/12\/ACTA-15-TRIBUNAL-2-ADMTVOS-AS-firmada-por-todos.pdf\">Fase 19. Acta del Tribunal Qualificador. Puntuacions provisionals de la fase de concurs, puntuacions provisionals del proc\u00e9s de selecci\u00f3, proposta del tribunal de persones provisionalment adjudicat\u00e0ries de les places i constituci\u00f3 de borsa de treball<\/a><\/p>\n\n\n\n<p><a href=\"https:\/\/aldaia.es\/empleo\/wp-content\/uploads\/2026\/01\/ACTA-16-TRIBUNAL-2-ADMTVOS-AS-firmada-por-todos.pdf\">Fase 20. Acta del Tribunal Qualificador. <\/a><a href=\"https:\/\/aldaia.es\/empleo\/wp-content\/uploads\/2026\/01\/ACTA-16-TRIBUNAL-2-ADMTVOS-AS-firmada-por-todos.pdf\" target=\"_blank\" rel=\"noreferrer noopener\">Puntuacions<\/a><a href=\"https:\/\/aldaia.es\/empleo\/wp-content\/uploads\/2026\/01\/ACTA-16-TRIBUNAL-2-ADMTVOS-AS-firmada-por-todos.pdf\"> definitives i configuraci\u00f3 de la bossa.<\/a><\/p>\n\n\n\n<p><a href=\"https:\/\/aldaia.es\/empleo\/wp-content\/uploads\/2026\/01\/ACTA-17-TRIBUNAL-2-ADMTVOS-AS-firmada-por-todos.pdf\" target=\"_blank\" rel=\"noreferrer noopener\">Fase 21. Acta del Tribunal Qualificador. Correcci\u00f3 sobre configuraci\u00f3 de la borsa de treball.<\/a><\/p>\n\n\n\n<p><a href=\"https:\/\/aldaia.es\/empleo\/wp-content\/uploads\/2026\/01\/ACTA-18-TRIBUNAL-2-ADMTVOS-AS-firmada.pdf\" target=\"_blank\" rel=\"noreferrer noopener\">Fase 22. Acta del Tribunal Qualificador. Resoluci\u00f3 de recursos.<\/a><\/p>\n\n\n\n<p><a href=\"https:\/\/aldaia.es\/empleo\/wp-content\/uploads\/2026\/01\/ACTA-19-TRIBUNAL-2-ADMTVOS-AS-FIRMADA.pdf\" target=\"_blank\" rel=\"noreferrer noopener\">Fase 23. Acta del Tribunal Qualificador. Resoluci\u00f3 de recursos i lliurament de documentaci\u00f3 sol\u00b7licitada.<\/a><\/p>\n\n\n\n<p><a href=\"https:\/\/aldaia.es\/empleo\/wp-content\/uploads\/2026\/01\/ACTA-20-TRIBUNAL-2-ADMTVOS-AS_-firmada.pdf\" target=\"_blank\" rel=\"noreferrer noopener\">Fase 24. Acta del Tribunal Qualificador. Ren\u00fancia d&#8217;un aspirant a la pla\u00e7a provisionalment adjudicada.<\/a><\/p>\n\n\n\n<p><a href=\"https:\/\/aldaia.es\/empleo\/wp-content\/uploads\/2026\/01\/ACTA-21-TRIBUNAL-2-ADMTVOS-AS-FIRMADA.pdf\" target=\"_blank\" rel=\"noreferrer noopener\">Fase 25. Acta del Tribunal Qualificador. Ren\u00fancia d&#8217;un aspirant a la pla\u00e7a provisionalment adjudicada.<\/a><\/p>\n\n\n\n<p><a href=\"https:\/\/aldaia.es\/empleo\/wp-content\/uploads\/2026\/02\/Configuracion-Bolsa-Administrativos-as.pdf\" target=\"_blank\" rel=\"noreferrer noopener\">Fase Final. Resoluci\u00f3 de Configuraci\u00f3 de la bossa d&#8217;administratius\/as<\/a><\/p>\n\n\n\n<p><a href=\"https:\/\/aldaia.es\/empleo\/wp-content\/uploads\/2026\/02\/BOP-NOMBRAMIENTO-EN-PRACTICAS-MARIA-MERCEDES.pdf\" target=\"_blank\" rel=\"noreferrer noopener\">Fase Final. Publicaci\u00f3 BOPB n\u00fam. 28 nomenament com a funcion\u00e0ria en pr\u00e0ctiques.<\/a><\/p>\n\n\n\n<p><a href=\"https:\/\/aldaia.es\/empleo\/wp-content\/uploads\/2026\/02\/BOP-No-33-de-18-02-2026.-Nombramiento-funcionaria-en-practicas_-Beatriz-Garrido.pdf\" target=\"_blank\" rel=\"noreferrer noopener\">Fase Final. Publicaci\u00f3 BOPB n\u00fam. 33 nomenament com a funcion\u00e0ria en pr\u00e0ctiques.<\/a><\/p>\n\n\n\n<p><a href=\"https:\/\/aldaia.es\/empleo\/wp-content\/uploads\/2026\/04\/BOP-No-73-de-20-04-2026.-Nombramiento-FC_-Beatriz-Garrido.pdf\" target=\"_blank\" rel=\"noreferrer noopener\">Fase Final. Publicaci\u00f3 BOPB n\u00fam. 73 nomenament com a funcion\u00e0ria de carrera.<\/a><\/p>\n\n\n\n<p><a href=\"https:\/\/aldaia.es\/empleo\/wp-content\/uploads\/2026\/04\/BOP-No-77-de-24-04-2026.-Nombramiento-FC_-Maria-Mercedes-Munoz-Serrano.pdf\" target=\"_blank\" rel=\"noreferrer noopener\">Fase Final. Publicaci\u00f3 BOPV n\u00fam. 77 nomenament com a funcion\u00e0ria de carrera.<\/a><\/p>\n\n\n\n<p><\/p>\n","protected":false},"excerpt":{"rendered":"<p>Fase 1. Publicaci\u00f3 de Bases del proc\u00e9s de selecci\u00f3 per a la provisi\u00f3 definitiva de dos places d&#8217;administratiu\/a Fase 2. Publicaci\u00f3 d&#8217;anunci en DOGV, de 13 de febrer de 2025 Fase 3.&nbsp;Publicaci\u00f3 d&#8217;anunci en BOE, de 27 de febrer de 2025 TERMINI PER A PRESENTACI\u00d3 DE SOL\u00b7LICITUDS: DEL 28 DE FEBRER FINS AL 31 DE [&#8230;]<\/p>\n<p><a class=\"btn btn-secondary understrap-read-more-link\" href=\"https:\/\/aldaia.es\/empleo\/ca\/2024\/12\/26\/dos-places-dadministratiu-a\/\">Leer m\u00e1s&#8230;<span class=\"screen-reader-text\"> from Dos places d&#8217;administratiu\/a<\/span><\/a><\/p>\n","protected":false},"author":1,"featured_media":0,"comment_status":"closed","ping_status":"closed","sticky":false,"template":"","format":"standard","meta":{"footnotes":""},"categories":[54,49],"tags":[],"class_list":["post-37987","post","type-post","status-publish","format-standard","hentry","category-obert","category-ocupacio-ajuntament-aldaia"],"yoast_head":"<!-- This site is optimized with the Yoast SEO plugin v26.9 - https:\/\/yoast.com\/product\/yoast-seo-wordpress\/ -->\n<title>Dos places d&#039;administratiu\/a - Empleo Aldaia<\/title>\n<meta name=\"robots\" content=\"index, follow, max-snippet:-1, max-image-preview:large, max-video-preview:-1\" \/>\n<link rel=\"canonical\" href=\"https:\/\/aldaia.es\/empleo\/ca\/2024\/12\/26\/dos-places-dadministratiu-a\/\" \/>\n<meta property=\"og:locale\" content=\"es_ES\" \/>\n<meta property=\"og:type\" content=\"article\" \/>\n<meta property=\"og:title\" content=\"Dos places d&#039;administratiu\/a - Empleo Aldaia\" \/>\n<meta property=\"og:description\" content=\"Fase 1. Publicaci\u00f3 de Bases del proc\u00e9s de selecci\u00f3 per a la provisi\u00f3 definitiva de dos places d&#8217;administratiu\/a Fase 2. Publicaci\u00f3 d&#8217;anunci en DOGV, de 13 de febrer de 2025 Fase 3.&nbsp;Publicaci\u00f3 d&#8217;anunci en BOE, de 27 de febrer de 2025 TERMINI PER A PRESENTACI\u00d3 DE SOL\u00b7LICITUDS: DEL 28 DE FEBRER FINS AL 31 DE [...]Leer m\u00e1s... from Dos places d&#8217;administratiu\/a\" \/>\n<meta property=\"og:url\" content=\"https:\/\/aldaia.es\/empleo\/ca\/2024\/12\/26\/dos-places-dadministratiu-a\/\" \/>\n<meta property=\"og:site_name\" content=\"Empleo Aldaia\" \/>\n<meta property=\"article:publisher\" content=\"https:\/\/www.facebook.com\/ajuntamentaldaia\" \/>\n<meta property=\"article:published_time\" content=\"2024-12-26T10:01:00+00:00\" \/>\n<meta property=\"article:modified_time\" content=\"2026-04-24T07:24:06+00:00\" \/>\n<meta name=\"author\" content=\"Cristina\" \/>\n<meta name=\"twitter:card\" content=\"summary_large_image\" \/>\n<meta name=\"twitter:creator\" content=\"@ajuntaldaia\" \/>\n<meta name=\"twitter:site\" content=\"@ajuntaldaia\" \/>\n<meta name=\"twitter:label1\" content=\"Escrito por\" \/>\n\t<meta name=\"twitter:data1\" content=\"Cristina\" \/>\n\t<meta name=\"twitter:label2\" content=\"Tiempo de lectura\" \/>\n\t<meta name=\"twitter:data2\" content=\"5 minutos\" \/>\n<script type=\"application\/ld+json\" class=\"yoast-schema-graph\">{\"@context\":\"https:\/\/schema.org\",\"@graph\":[{\"@type\":\"Article\",\"@id\":\"https:\/\/aldaia.es\/empleo\/ca\/2024\/12\/26\/dos-places-dadministratiu-a\/#article\",\"isPartOf\":{\"@id\":\"https:\/\/aldaia.es\/empleo\/ca\/2024\/12\/26\/dos-places-dadministratiu-a\/\"},\"author\":{\"name\":\"Cristina\",\"@id\":\"https:\/\/aldaia.es\/empleo\/#\/schema\/person\/31b123d763374cf10b2376d65b07b1c6\"},\"headline\":\"Dos places d&#8217;administratiu\/a\",\"datePublished\":\"2024-12-26T10:01:00+00:00\",\"dateModified\":\"2026-04-24T07:24:06+00:00\",\"mainEntityOfPage\":{\"@id\":\"https:\/\/aldaia.es\/empleo\/ca\/2024\/12\/26\/dos-places-dadministratiu-a\/\"},\"wordCount\":1001,\"publisher\":{\"@id\":\"https:\/\/aldaia.es\/empleo\/#organization\"},\"articleSection\":[\"Obert\",\"Ocupaci\u00f3 Ajuntament Aldaia\"],\"inLanguage\":\"es\"},{\"@type\":\"WebPage\",\"@id\":\"https:\/\/aldaia.es\/empleo\/ca\/2024\/12\/26\/dos-places-dadministratiu-a\/\",\"url\":\"https:\/\/aldaia.es\/empleo\/ca\/2024\/12\/26\/dos-places-dadministratiu-a\/\",\"name\":\"Dos places d'administratiu\/a - Empleo Aldaia\",\"isPartOf\":{\"@id\":\"https:\/\/aldaia.es\/empleo\/#website\"},\"datePublished\":\"2024-12-26T10:01:00+00:00\",\"dateModified\":\"2026-04-24T07:24:06+00:00\",\"breadcrumb\":{\"@id\":\"https:\/\/aldaia.es\/empleo\/ca\/2024\/12\/26\/dos-places-dadministratiu-a\/#breadcrumb\"},\"inLanguage\":\"es\",\"potentialAction\":[{\"@type\":\"ReadAction\",\"target\":[\"https:\/\/aldaia.es\/empleo\/ca\/2024\/12\/26\/dos-places-dadministratiu-a\/\"]}]},{\"@type\":\"BreadcrumbList\",\"@id\":\"https:\/\/aldaia.es\/empleo\/ca\/2024\/12\/26\/dos-places-dadministratiu-a\/#breadcrumb\",\"itemListElement\":[{\"@type\":\"ListItem\",\"position\":1,\"name\":\"Portada\",\"item\":\"https:\/\/aldaia.es\/empleo\/\"},{\"@type\":\"ListItem\",\"position\":2,\"name\":\"Dos places d&#8217;administratiu\/a\"}]},{\"@type\":\"WebSite\",\"@id\":\"https:\/\/aldaia.es\/empleo\/#website\",\"url\":\"https:\/\/aldaia.es\/empleo\/\",\"name\":\"Empleo Aldaia\",\"description\":\"\",\"publisher\":{\"@id\":\"https:\/\/aldaia.es\/empleo\/#organization\"},\"potentialAction\":[{\"@type\":\"SearchAction\",\"target\":{\"@type\":\"EntryPoint\",\"urlTemplate\":\"https:\/\/aldaia.es\/empleo\/?s={search_term_string}\"},\"query-input\":{\"@type\":\"PropertyValueSpecification\",\"valueRequired\":true,\"valueName\":\"search_term_string\"}}],\"inLanguage\":\"es\"},{\"@type\":\"Organization\",\"@id\":\"https:\/\/aldaia.es\/empleo\/#organization\",\"name\":\"Empleo Aldaia\",\"url\":\"https:\/\/aldaia.es\/empleo\/\",\"logo\":{\"@type\":\"ImageObject\",\"inLanguage\":\"es\",\"@id\":\"https:\/\/aldaia.es\/empleo\/#\/schema\/logo\/image\/\",\"url\":\"https:\/\/aldaia.es\/empleo\/wp-content\/uploads\/2025\/06\/logo-ajuntament-aldaia.jpg\",\"contentUrl\":\"https:\/\/aldaia.es\/empleo\/wp-content\/uploads\/2025\/06\/logo-ajuntament-aldaia.jpg\",\"width\":768,\"height\":438,\"caption\":\"Empleo Aldaia\"},\"image\":{\"@id\":\"https:\/\/aldaia.es\/empleo\/#\/schema\/logo\/image\/\"},\"sameAs\":[\"https:\/\/www.facebook.com\/ajuntamentaldaia\",\"https:\/\/x.com\/ajuntaldaia\",\"https:\/\/www.instagram.com\/ajuntamentaldaia_\/\",\"https:\/\/www.youtube.com\/@ajuntamentdaldaia8046\"]},{\"@type\":\"Person\",\"@id\":\"https:\/\/aldaia.es\/empleo\/#\/schema\/person\/31b123d763374cf10b2376d65b07b1c6\",\"name\":\"Cristina\",\"image\":{\"@type\":\"ImageObject\",\"inLanguage\":\"es\",\"@id\":\"https:\/\/aldaia.es\/empleo\/#\/schema\/person\/image\/\",\"url\":\"https:\/\/secure.gravatar.com\/avatar\/0a2836fbe98d85a51adf600b91d7a84111de5f79ae5417135998ddbb9db38230?s=96&d=mm&r=g\",\"contentUrl\":\"https:\/\/secure.gravatar.com\/avatar\/0a2836fbe98d85a51adf600b91d7a84111de5f79ae5417135998ddbb9db38230?s=96&d=mm&r=g\",\"caption\":\"Cristina\"},\"sameAs\":[\"https:\/\/aldaia.es\/empleo\"],\"url\":\"https:\/\/aldaia.es\/empleo\/author\/cristina\/\"}]}<\/script>\n<!-- \/ Yoast SEO plugin. -->","yoast_head_json":{"title":"Dos places d'administratiu\/a - Empleo Aldaia","robots":{"index":"index","follow":"follow","max-snippet":"max-snippet:-1","max-image-preview":"max-image-preview:large","max-video-preview":"max-video-preview:-1"},"canonical":"https:\/\/aldaia.es\/empleo\/ca\/2024\/12\/26\/dos-places-dadministratiu-a\/","og_locale":"es_ES","og_type":"article","og_title":"Dos places d'administratiu\/a - Empleo Aldaia","og_description":"Fase 1. Publicaci\u00f3 de Bases del proc\u00e9s de selecci\u00f3 per a la provisi\u00f3 definitiva de dos places d&#8217;administratiu\/a Fase 2. Publicaci\u00f3 d&#8217;anunci en DOGV, de 13 de febrer de 2025 Fase 3.&nbsp;Publicaci\u00f3 d&#8217;anunci en BOE, de 27 de febrer de 2025 TERMINI PER A PRESENTACI\u00d3 DE SOL\u00b7LICITUDS: DEL 28 DE FEBRER FINS AL 31 DE [...]Leer m\u00e1s... from Dos places d&#8217;administratiu\/a","og_url":"https:\/\/aldaia.es\/empleo\/ca\/2024\/12\/26\/dos-places-dadministratiu-a\/","og_site_name":"Empleo Aldaia","article_publisher":"https:\/\/www.facebook.com\/ajuntamentaldaia","article_published_time":"2024-12-26T10:01:00+00:00","article_modified_time":"2026-04-24T07:24:06+00:00","author":"Cristina","twitter_card":"summary_large_image","twitter_creator":"@ajuntaldaia","twitter_site":"@ajuntaldaia","twitter_misc":{"Escrito por":"Cristina","Tiempo de lectura":"5 minutos"},"schema":{"@context":"https:\/\/schema.org","@graph":[{"@type":"Article","@id":"https:\/\/aldaia.es\/empleo\/ca\/2024\/12\/26\/dos-places-dadministratiu-a\/#article","isPartOf":{"@id":"https:\/\/aldaia.es\/empleo\/ca\/2024\/12\/26\/dos-places-dadministratiu-a\/"},"author":{"name":"Cristina","@id":"https:\/\/aldaia.es\/empleo\/#\/schema\/person\/31b123d763374cf10b2376d65b07b1c6"},"headline":"Dos places d&#8217;administratiu\/a","datePublished":"2024-12-26T10:01:00+00:00","dateModified":"2026-04-24T07:24:06+00:00","mainEntityOfPage":{"@id":"https:\/\/aldaia.es\/empleo\/ca\/2024\/12\/26\/dos-places-dadministratiu-a\/"},"wordCount":1001,"publisher":{"@id":"https:\/\/aldaia.es\/empleo\/#organization"},"articleSection":["Obert","Ocupaci\u00f3 Ajuntament Aldaia"],"inLanguage":"es"},{"@type":"WebPage","@id":"https:\/\/aldaia.es\/empleo\/ca\/2024\/12\/26\/dos-places-dadministratiu-a\/","url":"https:\/\/aldaia.es\/empleo\/ca\/2024\/12\/26\/dos-places-dadministratiu-a\/","name":"Dos places d'administratiu\/a - Empleo Aldaia","isPartOf":{"@id":"https:\/\/aldaia.es\/empleo\/#website"},"datePublished":"2024-12-26T10:01:00+00:00","dateModified":"2026-04-24T07:24:06+00:00","breadcrumb":{"@id":"https:\/\/aldaia.es\/empleo\/ca\/2024\/12\/26\/dos-places-dadministratiu-a\/#breadcrumb"},"inLanguage":"es","potentialAction":[{"@type":"ReadAction","target":["https:\/\/aldaia.es\/empleo\/ca\/2024\/12\/26\/dos-places-dadministratiu-a\/"]}]},{"@type":"BreadcrumbList","@id":"https:\/\/aldaia.es\/empleo\/ca\/2024\/12\/26\/dos-places-dadministratiu-a\/#breadcrumb","itemListElement":[{"@type":"ListItem","position":1,"name":"Portada","item":"https:\/\/aldaia.es\/empleo\/"},{"@type":"ListItem","position":2,"name":"Dos places d&#8217;administratiu\/a"}]},{"@type":"WebSite","@id":"https:\/\/aldaia.es\/empleo\/#website","url":"https:\/\/aldaia.es\/empleo\/","name":"Empleo Aldaia","description":"","publisher":{"@id":"https:\/\/aldaia.es\/empleo\/#organization"},"potentialAction":[{"@type":"SearchAction","target":{"@type":"EntryPoint","urlTemplate":"https:\/\/aldaia.es\/empleo\/?s={search_term_string}"},"query-input":{"@type":"PropertyValueSpecification","valueRequired":true,"valueName":"search_term_string"}}],"inLanguage":"es"},{"@type":"Organization","@id":"https:\/\/aldaia.es\/empleo\/#organization","name":"Empleo Aldaia","url":"https:\/\/aldaia.es\/empleo\/","logo":{"@type":"ImageObject","inLanguage":"es","@id":"https:\/\/aldaia.es\/empleo\/#\/schema\/logo\/image\/","url":"https:\/\/aldaia.es\/empleo\/wp-content\/uploads\/2025\/06\/logo-ajuntament-aldaia.jpg","contentUrl":"https:\/\/aldaia.es\/empleo\/wp-content\/uploads\/2025\/06\/logo-ajuntament-aldaia.jpg","width":768,"height":438,"caption":"Empleo Aldaia"},"image":{"@id":"https:\/\/aldaia.es\/empleo\/#\/schema\/logo\/image\/"},"sameAs":["https:\/\/www.facebook.com\/ajuntamentaldaia","https:\/\/x.com\/ajuntaldaia","https:\/\/www.instagram.com\/ajuntamentaldaia_\/","https:\/\/www.youtube.com\/@ajuntamentdaldaia8046"]},{"@type":"Person","@id":"https:\/\/aldaia.es\/empleo\/#\/schema\/person\/31b123d763374cf10b2376d65b07b1c6","name":"Cristina","image":{"@type":"ImageObject","inLanguage":"es","@id":"https:\/\/aldaia.es\/empleo\/#\/schema\/person\/image\/","url":"https:\/\/secure.gravatar.com\/avatar\/0a2836fbe98d85a51adf600b91d7a84111de5f79ae5417135998ddbb9db38230?s=96&d=mm&r=g","contentUrl":"https:\/\/secure.gravatar.com\/avatar\/0a2836fbe98d85a51adf600b91d7a84111de5f79ae5417135998ddbb9db38230?s=96&d=mm&r=g","caption":"Cristina"},"sameAs":["https:\/\/aldaia.es\/empleo"],"url":"https:\/\/aldaia.es\/empleo\/author\/cristina\/"}]}},"_links":{"self":[{"href":"https:\/\/aldaia.es\/empleo\/wp-json\/wp\/v2\/posts\/37987","targetHints":{"allow":["GET"]}}],"collection":[{"href":"https:\/\/aldaia.es\/empleo\/wp-json\/wp\/v2\/posts"}],"about":[{"href":"https:\/\/aldaia.es\/empleo\/wp-json\/wp\/v2\/types\/post"}],"author":[{"embeddable":true,"href":"https:\/\/aldaia.es\/empleo\/wp-json\/wp\/v2\/users\/1"}],"replies":[{"embeddable":true,"href":"https:\/\/aldaia.es\/empleo\/wp-json\/wp\/v2\/comments?post=37987"}],"version-history":[{"count":36,"href":"https:\/\/aldaia.es\/empleo\/wp-json\/wp\/v2\/posts\/37987\/revisions"}],"predecessor-version":[{"id":40158,"href":"https:\/\/aldaia.es\/empleo\/wp-json\/wp\/v2\/posts\/37987\/revisions\/40158"}],"wp:attachment":[{"href":"https:\/\/aldaia.es\/empleo\/wp-json\/wp\/v2\/media?parent=37987"}],"wp:term":[{"taxonomy":"category","embeddable":true,"href":"https:\/\/aldaia.es\/empleo\/wp-json\/wp\/v2\/categories?post=37987"},{"taxonomy":"post_tag","embeddable":true,"href":"https:\/\/aldaia.es\/empleo\/wp-json\/wp\/v2\/tags?post=37987"}],"curies":[{"name":"wp","href":"https:\/\/api.w.org\/{rel}","templated":true}]}}