{"id":38022,"date":"2024-06-03T08:27:00","date_gmt":"2024-06-03T06:27:00","guid":{"rendered":"https:\/\/aldaia.es\/empleo\/?p=38022"},"modified":"2025-09-24T09:11:03","modified_gmt":"2025-09-24T07:11:03","slug":"2-places-doficials-as-de-la-policia-local-oferta-docupacio-publica-2021-i-2023","status":"publish","type":"post","link":"https:\/\/aldaia.es\/empleo\/ca\/2024\/06\/03\/2-places-doficials-as-de-la-policia-local-oferta-docupacio-publica-2021-i-2023\/","title":{"rendered":"2 places d&#8217;oficials\/as de la Policia Local (Oferta d&#8217;Ocupaci\u00f3 P\u00fablica 2021 i 2023)"},"content":{"rendered":"\n<ol class=\"wp-block-list\">\n<li>Publicaci\u00f3 en el BOP de Val\u00e8ncia n\u00fam. 106, de 3 de juny de 2024, de les bases del proc\u00e9s de selecci\u00f3 per a la provisi\u00f3 definitiva de dos places d\u2019oficials\/es de la Policia Local (oferta d\u2019ocupaci\u00f3 p\u00fablica 2021 i 2023)<\/li>\n\n\n\n<li>Publicaci\u00f3 en el DOGV n\u00fam. 9869, de 12 de juny de 2024, d\u2019anunci de bases en el BOP.<\/li>\n\n\n\n<li>Publicaci\u00f3 BOE convocat\u00f2ria. Termini de presentaci\u00f3 de sol\u00b7licituds del 02\/07\/2024 al 29\/07\/2024 ambd\u00f3s inclosos.\n<ul class=\"wp-block-list\">\n<li> Instruccions abonament de taxes<\/li>\n\n\n\n<li>Annex I i protecci\u00f3 de dades personals.<\/li>\n<\/ul>\n<\/li>\n\n\n\n<li>Publicaci\u00f3 en el BOPV de la llista provisional de persones aspirants admeses y excloses i designaci\u00f3 de l\u2019\u00f2rgan t\u00e8cnic de selecci\u00f3.<\/li>\n\n\n\n<li>Publicaci\u00f3 en el BOPV de la llista definitiva de persones aspirants admeses y excloses, ratificaci\u00f3 de l\u2019\u00f2rgan t\u00e8cnic de selecci\u00f3 i convocat\u00f2ria del primer exercici.\n<ol class=\"wp-block-list\">\n<li>Celebraci\u00f3 del primer exercici \u2013 proves d\u2019aptitud f\u00edsica \u2013 el dia 27 de febrer de 2025, a les 9 hores en les instal\u00b7lacions esportives El Ter\u00e7 d\u2019Alaqu\u00e0s<\/li>\n<\/ol>\n<\/li>\n\n\n\n<li>Acta del tribunal (27\/02\/2025): Resultats del primer exercici \u2013 proves d\u2019aptitud f\u00edsica. Termini al\u00b7legacions del 7 al 21 de mar\u00e7 de 2025.<\/li>\n\n\n\n<li>Acta del tribunal (26\/05\/2025): Recurs d\u2019al\u00e7ada i convocat\u00f2ria del segon exercici.<\/li>\n\n\n\n<li>Acta del tribunal (17\/06\/2025): Resultats del segon exercici. Termini d\u2019al\u00b7legacions i\/o reclamacions de 10 dies (del 27 de juny al 10 de juliol de 2025)<\/li>\n\n\n\n<li>Acta del tribunal (04\/07\/2025): sol\u00b7licituds persones aspirants segon exercici<\/li>\n\n\n\n<li>Acta del tribunal (07\/07\/2025): Resoluci\u00f3 sol\u00b7licituds persones aspirants segon exercici i revisi\u00f3 de la prova d&#8217;aptitud psicot\u00e8cnica.<\/li>\n\n\n\n<li>Acta del tribunal (25\/07\/2025): sol\u00b7licituds, al\u00b7legacions i declaraci\u00f3 de places desertes.<\/li>\n\n\n\n<li>Publicaci\u00f3 en el BOP de declaraci\u00f3 de places desertes<\/li>\n<\/ol>\n\n\n\n<p>_____________________________________________________________________________________________________________________________<\/p>\n\n\n\n<p><a href=\"https:\/\/aldaia.es\/wp-content\/uploads\/2024\/06\/Publicacion-BOP-03-06-2024-Bases-oficiales-Policia-Local.pdf\">1. Documento: Publicaci\u00f3n en el BOP de las Bases del proceso selectivo<\/a><\/p>\n\n\n\n<p><a href=\"https:\/\/aldaia.es\/wp-content\/uploads\/2024\/06\/Publicacion-DOGV-2-oficiales-PL.pdf\">2. Documento: Publicaci\u00f3n en el DOGV<\/a>  <\/p>\n\n\n\n<p><a href=\"https:\/\/aldaia.es\/wp-content\/uploads\/2024\/07\/BOE-convocatoria.pdf\" target=\"_blank\" rel=\"noreferrer noopener\">3. Publicaci\u00f3n convocatoria BOE<\/a>.<\/p>\n\n\n\n<p><a href=\"https:\/\/aldaia.es\/wp-content\/uploads\/2024\/07\/Fase-II.-Instrucciones-abono-tasas_-actualizadas_compressed.pdf\" target=\"_blank\" rel=\"noreferrer noopener\">-Instrucciones-abono-tasas<\/a><\/p>\n\n\n\n<p><a href=\"https:\/\/aldaia.es\/wp-content\/uploads\/2024\/07\/ANEXO1SOLICITUD-1.pdf\" target=\"_blank\" rel=\"noreferrer noopener\">Anexo I y protecci\u00f3n de datos personales. <\/a>    <\/p>\n\n\n\n<p><a href=\"https:\/\/aldaia.es\/wp-content\/uploads\/2024\/11\/Publicacion-BOP-05-11-2024-Lista-provisional-oficiales-Policia-Local.pdf\">4. Publicaci\u00f3n BOPV 05-11-2024 Lista provisional aspirantes<\/a><\/p>\n\n\n\n<p><a href=\"https:\/\/aldaia.es\/wp-content\/uploads\/2025\/02\/Publicacion-BOP-17-02-2025-Lista-definitiva-oficiales-Policia-Local.pdf\">5. Publicaci\u00f3n BOP lista definitiva y convocatoria primer ejercicio<\/a><\/p>\n\n\n\n<p><a href=\"https:\/\/aldaia.es\/wp-content\/uploads\/2025\/03\/ACTA-2-firmada.pdf\">6. Acta del tribunal de 27\/02\/2025<\/a><\/p>\n\n\n\n<p><a href=\"https:\/\/aldaia.es\/wp-content\/uploads\/2025\/05\/ACTA-3-firmada.pdf\">7. Acta del tribunal de 26\/05\/2025<\/a><\/p>\n\n\n\n<p><a href=\"https:\/\/aldaia.es\/empleo\/wp-content\/uploads\/2025\/06\/Acta-5-e-informe.pdf\">8. Acta del tribunal de 17\/06\/2025<\/a><\/p>\n\n\n\n<p><a href=\"https:\/\/aldaia.es\/empleo\/wp-content\/uploads\/2025\/07\/ACTA-6-firmada.pdf\">9. Acta del tribunal de 04\/07\/2025<\/a><\/p>\n\n\n\n<p><a href=\"https:\/\/aldaia.es\/empleo\/wp-content\/uploads\/2025\/07\/acta-policias.pdf\">10. Acta del tribunal de 07\/07\/2025<\/a><\/p>\n\n\n\n<p><a href=\"https:\/\/aldaia.es\/empleo\/wp-content\/uploads\/2025\/07\/ACTA-8-OTS-25072025-firmada.pdf\">11. Acta del tribunal de 25\/07\/2025<\/a><\/p>\n\n\n\n<p><a href=\"https:\/\/aldaia.es\/empleo\/wp-content\/uploads\/2025\/09\/Publicacion-BOP-24-09-2025-plazas-desiertas-oficiales-Policia-Local.pdf\">12. Publicaci\u00f3 en el BOP de declaraci\u00f3 de places desertes<\/a><\/p>\n\n\n\n<p><\/p>\n","protected":false},"excerpt":{"rendered":"<p>_____________________________________________________________________________________________________________________________ 1. Documento: Publicaci\u00f3n en el BOP de las Bases del proceso selectivo 2. Documento: Publicaci\u00f3n en el DOGV 3. Publicaci\u00f3n convocatoria BOE. -Instrucciones-abono-tasas Anexo I y protecci\u00f3n de datos personales. 4. Publicaci\u00f3n BOPV 05-11-2024 Lista provisional aspirantes 5. Publicaci\u00f3n BOP lista definitiva y convocatoria primer ejercicio 6. Acta del tribunal de 27\/02\/2025 7. Acta [&#8230;]<\/p>\n<p><a class=\"btn btn-secondary understrap-read-more-link\" href=\"https:\/\/aldaia.es\/empleo\/ca\/2024\/06\/03\/2-places-doficials-as-de-la-policia-local-oferta-docupacio-publica-2021-i-2023\/\">Leer m\u00e1s&#8230;<span class=\"screen-reader-text\"> from 2 places d&#8217;oficials\/as de la Policia Local (Oferta d&#8217;Ocupaci\u00f3 P\u00fablica 2021 i 2023)<\/span><\/a><\/p>\n","protected":false},"author":1,"featured_media":0,"comment_status":"closed","ping_status":"closed","sticky":false,"template":"","format":"standard","meta":{"footnotes":""},"categories":[54,49,58,56],"tags":[],"class_list":["post-38022","post","type-post","status-publish","format-standard","hentry","category-obert","category-ocupacio-ajuntament-aldaia","category-oposicions","category-tancat"],"yoast_head":"<!-- This site is optimized with the Yoast SEO plugin v26.9 - https:\/\/yoast.com\/product\/yoast-seo-wordpress\/ -->\n<title>2 places d&#039;oficials\/as de la Policia Local (Oferta d&#039;Ocupaci\u00f3 P\u00fablica 2021 i 2023) - Empleo Aldaia<\/title>\n<meta name=\"robots\" content=\"index, follow, max-snippet:-1, max-image-preview:large, max-video-preview:-1\" \/>\n<link rel=\"canonical\" href=\"https:\/\/aldaia.es\/empleo\/ca\/2024\/06\/03\/2-places-doficials-as-de-la-policia-local-oferta-docupacio-publica-2021-i-2023\/\" \/>\n<meta property=\"og:locale\" content=\"es_ES\" \/>\n<meta property=\"og:type\" content=\"article\" \/>\n<meta property=\"og:title\" content=\"2 places d&#039;oficials\/as de la Policia Local (Oferta d&#039;Ocupaci\u00f3 P\u00fablica 2021 i 2023) - Empleo Aldaia\" \/>\n<meta property=\"og:description\" content=\"_____________________________________________________________________________________________________________________________ 1. Documento: Publicaci\u00f3n en el BOP de las Bases del proceso selectivo 2. Documento: Publicaci\u00f3n en el DOGV 3. Publicaci\u00f3n convocatoria BOE. -Instrucciones-abono-tasas Anexo I y protecci\u00f3n de datos personales. 4. Publicaci\u00f3n BOPV 05-11-2024 Lista provisional aspirantes 5. Publicaci\u00f3n BOP lista definitiva y convocatoria primer ejercicio 6. Acta del tribunal de 27\/02\/2025 7. Acta [...]Leer m\u00e1s... from 2 places d&#8217;oficials\/as de la Policia Local (Oferta d&#8217;Ocupaci\u00f3 P\u00fablica 2021 i 2023)\" \/>\n<meta property=\"og:url\" content=\"https:\/\/aldaia.es\/empleo\/ca\/2024\/06\/03\/2-places-doficials-as-de-la-policia-local-oferta-docupacio-publica-2021-i-2023\/\" \/>\n<meta property=\"og:site_name\" content=\"Empleo Aldaia\" \/>\n<meta property=\"article:publisher\" content=\"https:\/\/www.facebook.com\/ajuntamentaldaia\" \/>\n<meta property=\"article:published_time\" content=\"2024-06-03T06:27:00+00:00\" \/>\n<meta property=\"article:modified_time\" content=\"2025-09-24T07:11:03+00:00\" \/>\n<meta name=\"author\" content=\"Cristina\" \/>\n<meta name=\"twitter:card\" content=\"summary_large_image\" \/>\n<meta name=\"twitter:creator\" content=\"@ajuntaldaia\" \/>\n<meta name=\"twitter:site\" content=\"@ajuntaldaia\" \/>\n<meta name=\"twitter:label1\" content=\"Escrito por\" \/>\n\t<meta name=\"twitter:data1\" content=\"Cristina\" \/>\n\t<meta name=\"twitter:label2\" content=\"Tiempo de lectura\" \/>\n\t<meta name=\"twitter:data2\" content=\"2 minutos\" \/>\n<script type=\"application\/ld+json\" class=\"yoast-schema-graph\">{\"@context\":\"https:\/\/schema.org\",\"@graph\":[{\"@type\":\"Article\",\"@id\":\"https:\/\/aldaia.es\/empleo\/ca\/2024\/06\/03\/2-places-doficials-as-de-la-policia-local-oferta-docupacio-publica-2021-i-2023\/#article\",\"isPartOf\":{\"@id\":\"https:\/\/aldaia.es\/empleo\/ca\/2024\/06\/03\/2-places-doficials-as-de-la-policia-local-oferta-docupacio-publica-2021-i-2023\/\"},\"author\":{\"name\":\"Cristina\",\"@id\":\"https:\/\/aldaia.es\/empleo\/#\/schema\/person\/31b123d763374cf10b2376d65b07b1c6\"},\"headline\":\"2 places d&#8217;oficials\/as de la Policia Local (Oferta d&#8217;Ocupaci\u00f3 P\u00fablica 2021 i 2023)\",\"datePublished\":\"2024-06-03T06:27:00+00:00\",\"dateModified\":\"2025-09-24T07:11:03+00:00\",\"mainEntityOfPage\":{\"@id\":\"https:\/\/aldaia.es\/empleo\/ca\/2024\/06\/03\/2-places-doficials-as-de-la-policia-local-oferta-docupacio-publica-2021-i-2023\/\"},\"wordCount\":363,\"publisher\":{\"@id\":\"https:\/\/aldaia.es\/empleo\/#organization\"},\"articleSection\":[\"Obert\",\"Ocupaci\u00f3 Ajuntament Aldaia\",\"Oposicions\",\"Tancat\"],\"inLanguage\":\"es\"},{\"@type\":\"WebPage\",\"@id\":\"https:\/\/aldaia.es\/empleo\/ca\/2024\/06\/03\/2-places-doficials-as-de-la-policia-local-oferta-docupacio-publica-2021-i-2023\/\",\"url\":\"https:\/\/aldaia.es\/empleo\/ca\/2024\/06\/03\/2-places-doficials-as-de-la-policia-local-oferta-docupacio-publica-2021-i-2023\/\",\"name\":\"2 places d'oficials\/as de la Policia Local (Oferta d'Ocupaci\u00f3 P\u00fablica 2021 i 2023) - Empleo Aldaia\",\"isPartOf\":{\"@id\":\"https:\/\/aldaia.es\/empleo\/#website\"},\"datePublished\":\"2024-06-03T06:27:00+00:00\",\"dateModified\":\"2025-09-24T07:11:03+00:00\",\"breadcrumb\":{\"@id\":\"https:\/\/aldaia.es\/empleo\/ca\/2024\/06\/03\/2-places-doficials-as-de-la-policia-local-oferta-docupacio-publica-2021-i-2023\/#breadcrumb\"},\"inLanguage\":\"es\",\"potentialAction\":[{\"@type\":\"ReadAction\",\"target\":[\"https:\/\/aldaia.es\/empleo\/ca\/2024\/06\/03\/2-places-doficials-as-de-la-policia-local-oferta-docupacio-publica-2021-i-2023\/\"]}]},{\"@type\":\"BreadcrumbList\",\"@id\":\"https:\/\/aldaia.es\/empleo\/ca\/2024\/06\/03\/2-places-doficials-as-de-la-policia-local-oferta-docupacio-publica-2021-i-2023\/#breadcrumb\",\"itemListElement\":[{\"@type\":\"ListItem\",\"position\":1,\"name\":\"Portada\",\"item\":\"https:\/\/aldaia.es\/empleo\/\"},{\"@type\":\"ListItem\",\"position\":2,\"name\":\"2 places d&#8217;oficials\/as de la Policia Local (Oferta d&#8217;Ocupaci\u00f3 P\u00fablica 2021 i 2023)\"}]},{\"@type\":\"WebSite\",\"@id\":\"https:\/\/aldaia.es\/empleo\/#website\",\"url\":\"https:\/\/aldaia.es\/empleo\/\",\"name\":\"Empleo Aldaia\",\"description\":\"\",\"publisher\":{\"@id\":\"https:\/\/aldaia.es\/empleo\/#organization\"},\"potentialAction\":[{\"@type\":\"SearchAction\",\"target\":{\"@type\":\"EntryPoint\",\"urlTemplate\":\"https:\/\/aldaia.es\/empleo\/?s={search_term_string}\"},\"query-input\":{\"@type\":\"PropertyValueSpecification\",\"valueRequired\":true,\"valueName\":\"search_term_string\"}}],\"inLanguage\":\"es\"},{\"@type\":\"Organization\",\"@id\":\"https:\/\/aldaia.es\/empleo\/#organization\",\"name\":\"Empleo Aldaia\",\"url\":\"https:\/\/aldaia.es\/empleo\/\",\"logo\":{\"@type\":\"ImageObject\",\"inLanguage\":\"es\",\"@id\":\"https:\/\/aldaia.es\/empleo\/#\/schema\/logo\/image\/\",\"url\":\"https:\/\/aldaia.es\/empleo\/wp-content\/uploads\/2025\/06\/logo-ajuntament-aldaia.jpg\",\"contentUrl\":\"https:\/\/aldaia.es\/empleo\/wp-content\/uploads\/2025\/06\/logo-ajuntament-aldaia.jpg\",\"width\":768,\"height\":438,\"caption\":\"Empleo Aldaia\"},\"image\":{\"@id\":\"https:\/\/aldaia.es\/empleo\/#\/schema\/logo\/image\/\"},\"sameAs\":[\"https:\/\/www.facebook.com\/ajuntamentaldaia\",\"https:\/\/x.com\/ajuntaldaia\",\"https:\/\/www.instagram.com\/ajuntamentaldaia_\/\",\"https:\/\/www.youtube.com\/@ajuntamentdaldaia8046\"]},{\"@type\":\"Person\",\"@id\":\"https:\/\/aldaia.es\/empleo\/#\/schema\/person\/31b123d763374cf10b2376d65b07b1c6\",\"name\":\"Cristina\",\"image\":{\"@type\":\"ImageObject\",\"inLanguage\":\"es\",\"@id\":\"https:\/\/aldaia.es\/empleo\/#\/schema\/person\/image\/\",\"url\":\"https:\/\/secure.gravatar.com\/avatar\/0a2836fbe98d85a51adf600b91d7a84111de5f79ae5417135998ddbb9db38230?s=96&d=mm&r=g\",\"contentUrl\":\"https:\/\/secure.gravatar.com\/avatar\/0a2836fbe98d85a51adf600b91d7a84111de5f79ae5417135998ddbb9db38230?s=96&d=mm&r=g\",\"caption\":\"Cristina\"},\"sameAs\":[\"https:\/\/aldaia.es\/empleo\"],\"url\":\"https:\/\/aldaia.es\/empleo\/author\/cristina\/\"}]}<\/script>\n<!-- \/ Yoast SEO plugin. -->","yoast_head_json":{"title":"2 places d'oficials\/as de la Policia Local (Oferta d'Ocupaci\u00f3 P\u00fablica 2021 i 2023) - Empleo Aldaia","robots":{"index":"index","follow":"follow","max-snippet":"max-snippet:-1","max-image-preview":"max-image-preview:large","max-video-preview":"max-video-preview:-1"},"canonical":"https:\/\/aldaia.es\/empleo\/ca\/2024\/06\/03\/2-places-doficials-as-de-la-policia-local-oferta-docupacio-publica-2021-i-2023\/","og_locale":"es_ES","og_type":"article","og_title":"2 places d'oficials\/as de la Policia Local (Oferta d'Ocupaci\u00f3 P\u00fablica 2021 i 2023) - Empleo Aldaia","og_description":"_____________________________________________________________________________________________________________________________ 1. Documento: Publicaci\u00f3n en el BOP de las Bases del proceso selectivo 2. Documento: Publicaci\u00f3n en el DOGV 3. Publicaci\u00f3n convocatoria BOE. -Instrucciones-abono-tasas Anexo I y protecci\u00f3n de datos personales. 4. Publicaci\u00f3n BOPV 05-11-2024 Lista provisional aspirantes 5. Publicaci\u00f3n BOP lista definitiva y convocatoria primer ejercicio 6. Acta del tribunal de 27\/02\/2025 7. Acta [...]Leer m\u00e1s... from 2 places d&#8217;oficials\/as de la Policia Local (Oferta d&#8217;Ocupaci\u00f3 P\u00fablica 2021 i 2023)","og_url":"https:\/\/aldaia.es\/empleo\/ca\/2024\/06\/03\/2-places-doficials-as-de-la-policia-local-oferta-docupacio-publica-2021-i-2023\/","og_site_name":"Empleo Aldaia","article_publisher":"https:\/\/www.facebook.com\/ajuntamentaldaia","article_published_time":"2024-06-03T06:27:00+00:00","article_modified_time":"2025-09-24T07:11:03+00:00","author":"Cristina","twitter_card":"summary_large_image","twitter_creator":"@ajuntaldaia","twitter_site":"@ajuntaldaia","twitter_misc":{"Escrito por":"Cristina","Tiempo de lectura":"2 minutos"},"schema":{"@context":"https:\/\/schema.org","@graph":[{"@type":"Article","@id":"https:\/\/aldaia.es\/empleo\/ca\/2024\/06\/03\/2-places-doficials-as-de-la-policia-local-oferta-docupacio-publica-2021-i-2023\/#article","isPartOf":{"@id":"https:\/\/aldaia.es\/empleo\/ca\/2024\/06\/03\/2-places-doficials-as-de-la-policia-local-oferta-docupacio-publica-2021-i-2023\/"},"author":{"name":"Cristina","@id":"https:\/\/aldaia.es\/empleo\/#\/schema\/person\/31b123d763374cf10b2376d65b07b1c6"},"headline":"2 places d&#8217;oficials\/as de la Policia Local (Oferta d&#8217;Ocupaci\u00f3 P\u00fablica 2021 i 2023)","datePublished":"2024-06-03T06:27:00+00:00","dateModified":"2025-09-24T07:11:03+00:00","mainEntityOfPage":{"@id":"https:\/\/aldaia.es\/empleo\/ca\/2024\/06\/03\/2-places-doficials-as-de-la-policia-local-oferta-docupacio-publica-2021-i-2023\/"},"wordCount":363,"publisher":{"@id":"https:\/\/aldaia.es\/empleo\/#organization"},"articleSection":["Obert","Ocupaci\u00f3 Ajuntament Aldaia","Oposicions","Tancat"],"inLanguage":"es"},{"@type":"WebPage","@id":"https:\/\/aldaia.es\/empleo\/ca\/2024\/06\/03\/2-places-doficials-as-de-la-policia-local-oferta-docupacio-publica-2021-i-2023\/","url":"https:\/\/aldaia.es\/empleo\/ca\/2024\/06\/03\/2-places-doficials-as-de-la-policia-local-oferta-docupacio-publica-2021-i-2023\/","name":"2 places d'oficials\/as de la Policia Local (Oferta d'Ocupaci\u00f3 P\u00fablica 2021 i 2023) - Empleo Aldaia","isPartOf":{"@id":"https:\/\/aldaia.es\/empleo\/#website"},"datePublished":"2024-06-03T06:27:00+00:00","dateModified":"2025-09-24T07:11:03+00:00","breadcrumb":{"@id":"https:\/\/aldaia.es\/empleo\/ca\/2024\/06\/03\/2-places-doficials-as-de-la-policia-local-oferta-docupacio-publica-2021-i-2023\/#breadcrumb"},"inLanguage":"es","potentialAction":[{"@type":"ReadAction","target":["https:\/\/aldaia.es\/empleo\/ca\/2024\/06\/03\/2-places-doficials-as-de-la-policia-local-oferta-docupacio-publica-2021-i-2023\/"]}]},{"@type":"BreadcrumbList","@id":"https:\/\/aldaia.es\/empleo\/ca\/2024\/06\/03\/2-places-doficials-as-de-la-policia-local-oferta-docupacio-publica-2021-i-2023\/#breadcrumb","itemListElement":[{"@type":"ListItem","position":1,"name":"Portada","item":"https:\/\/aldaia.es\/empleo\/"},{"@type":"ListItem","position":2,"name":"2 places d&#8217;oficials\/as de la Policia Local (Oferta d&#8217;Ocupaci\u00f3 P\u00fablica 2021 i 2023)"}]},{"@type":"WebSite","@id":"https:\/\/aldaia.es\/empleo\/#website","url":"https:\/\/aldaia.es\/empleo\/","name":"Empleo Aldaia","description":"","publisher":{"@id":"https:\/\/aldaia.es\/empleo\/#organization"},"potentialAction":[{"@type":"SearchAction","target":{"@type":"EntryPoint","urlTemplate":"https:\/\/aldaia.es\/empleo\/?s={search_term_string}"},"query-input":{"@type":"PropertyValueSpecification","valueRequired":true,"valueName":"search_term_string"}}],"inLanguage":"es"},{"@type":"Organization","@id":"https:\/\/aldaia.es\/empleo\/#organization","name":"Empleo Aldaia","url":"https:\/\/aldaia.es\/empleo\/","logo":{"@type":"ImageObject","inLanguage":"es","@id":"https:\/\/aldaia.es\/empleo\/#\/schema\/logo\/image\/","url":"https:\/\/aldaia.es\/empleo\/wp-content\/uploads\/2025\/06\/logo-ajuntament-aldaia.jpg","contentUrl":"https:\/\/aldaia.es\/empleo\/wp-content\/uploads\/2025\/06\/logo-ajuntament-aldaia.jpg","width":768,"height":438,"caption":"Empleo Aldaia"},"image":{"@id":"https:\/\/aldaia.es\/empleo\/#\/schema\/logo\/image\/"},"sameAs":["https:\/\/www.facebook.com\/ajuntamentaldaia","https:\/\/x.com\/ajuntaldaia","https:\/\/www.instagram.com\/ajuntamentaldaia_\/","https:\/\/www.youtube.com\/@ajuntamentdaldaia8046"]},{"@type":"Person","@id":"https:\/\/aldaia.es\/empleo\/#\/schema\/person\/31b123d763374cf10b2376d65b07b1c6","name":"Cristina","image":{"@type":"ImageObject","inLanguage":"es","@id":"https:\/\/aldaia.es\/empleo\/#\/schema\/person\/image\/","url":"https:\/\/secure.gravatar.com\/avatar\/0a2836fbe98d85a51adf600b91d7a84111de5f79ae5417135998ddbb9db38230?s=96&d=mm&r=g","contentUrl":"https:\/\/secure.gravatar.com\/avatar\/0a2836fbe98d85a51adf600b91d7a84111de5f79ae5417135998ddbb9db38230?s=96&d=mm&r=g","caption":"Cristina"},"sameAs":["https:\/\/aldaia.es\/empleo"],"url":"https:\/\/aldaia.es\/empleo\/author\/cristina\/"}]}},"_links":{"self":[{"href":"https:\/\/aldaia.es\/empleo\/wp-json\/wp\/v2\/posts\/38022","targetHints":{"allow":["GET"]}}],"collection":[{"href":"https:\/\/aldaia.es\/empleo\/wp-json\/wp\/v2\/posts"}],"about":[{"href":"https:\/\/aldaia.es\/empleo\/wp-json\/wp\/v2\/types\/post"}],"author":[{"embeddable":true,"href":"https:\/\/aldaia.es\/empleo\/wp-json\/wp\/v2\/users\/1"}],"replies":[{"embeddable":true,"href":"https:\/\/aldaia.es\/empleo\/wp-json\/wp\/v2\/comments?post=38022"}],"version-history":[{"count":6,"href":"https:\/\/aldaia.es\/empleo\/wp-json\/wp\/v2\/posts\/38022\/revisions"}],"predecessor-version":[{"id":38744,"href":"https:\/\/aldaia.es\/empleo\/wp-json\/wp\/v2\/posts\/38022\/revisions\/38744"}],"wp:attachment":[{"href":"https:\/\/aldaia.es\/empleo\/wp-json\/wp\/v2\/media?parent=38022"}],"wp:term":[{"taxonomy":"category","embeddable":true,"href":"https:\/\/aldaia.es\/empleo\/wp-json\/wp\/v2\/categories?post=38022"},{"taxonomy":"post_tag","embeddable":true,"href":"https:\/\/aldaia.es\/empleo\/wp-json\/wp\/v2\/tags?post=38022"}],"curies":[{"name":"wp","href":"https:\/\/api.w.org\/{rel}","templated":true}]}}