{"id":38745,"date":"2025-09-24T09:26:40","date_gmt":"2025-09-24T07:26:40","guid":{"rendered":"https:\/\/aldaia.es\/empleo\/?p=38745"},"modified":"2025-09-24T09:31:02","modified_gmt":"2025-09-24T07:31:02","slug":"convenio-de-colaboracion-para-la-cesion-de-determinadas-bolsas-de-trabajo-con-el-ayuntamiento-de-alcasser","status":"publish","type":"post","link":"https:\/\/aldaia.es\/empleo\/es\/2025\/09\/24\/convenio-de-colaboracion-para-la-cesion-de-determinadas-bolsas-de-trabajo-con-el-ayuntamiento-de-alcasser\/","title":{"rendered":"Convenio de colaboraci\u00f3n para la cesi\u00f3n de determinadas bolsas de trabajo con el Ayuntamiento de Alc\u00e0sser"},"content":{"rendered":"\n<p><\/p>\n\n\n\n<p>Publicaci\u00f3n en el BOP del convenio de colaboraci\u00f3n interadministrativa para la cesi\u00f3n rec\u00edproca de determinadas bolsas de trabajo con el Ayuntamiento de Alc\u00e0sser<\/p>\n\n\n\n<p><a href=\"https:\/\/aldaia.es\/empleo\/wp-content\/uploads\/2025\/09\/BOPV-CONVENIO-COLABORACION-ALCASSER-ALDAIA.pdf\">Convenio de colaboraci\u00f3n interadministrativa para la cesi\u00f3n rec\u00edproca de bolsas de trabajo con el Ayuntamiento de Alc\u00e0sser<\/a><\/p>\n","protected":false},"excerpt":{"rendered":"<p>Publicaci\u00f3n en el BOP del convenio de colaboraci\u00f3n interadministrativa para la cesi\u00f3n rec\u00edproca de determinadas bolsas de trabajo con el Ayuntamiento de Alc\u00e0sser Convenio de colaboraci\u00f3n interadministrativa para la cesi\u00f3n rec\u00edproca de bolsas de trabajo con el Ayuntamiento de Alc\u00e0sser [&#8230;]<\/p>\n<p><a class=\"btn btn-secondary understrap-read-more-link\" href=\"https:\/\/aldaia.es\/empleo\/es\/2025\/09\/24\/convenio-de-colaboracion-para-la-cesion-de-determinadas-bolsas-de-trabajo-con-el-ayuntamiento-de-alcasser\/\">Leer m\u00e1s&#8230;<span class=\"screen-reader-text\"> from Convenio de colaboraci\u00f3n para la cesi\u00f3n de determinadas bolsas de trabajo con el Ayuntamiento de Alc\u00e0sser<\/span><\/a><\/p>\n","protected":false},"author":2,"featured_media":0,"comment_status":"open","ping_status":"open","sticky":false,"template":"","format":"standard","meta":{"footnotes":""},"categories":[33,31,23],"tags":[],"class_list":["post-38745","post","type-post","status-publish","format-standard","hentry","category-abierto","category-bolsas-empleo","category-empleo-ayuntamiento-aldaia"],"yoast_head":"<!-- This site is optimized with the Yoast SEO plugin v26.9 - https:\/\/yoast.com\/product\/yoast-seo-wordpress\/ -->\n<title>Convenio de colaboraci\u00f3n para la cesi\u00f3n de determinadas bolsas de trabajo con el Ayuntamiento de Alc\u00e0sser - Empleo Aldaia<\/title>\n<meta name=\"robots\" content=\"index, follow, max-snippet:-1, max-image-preview:large, max-video-preview:-1\" \/>\n<link rel=\"canonical\" href=\"https:\/\/aldaia.es\/empleo\/es\/2025\/09\/24\/convenio-de-colaboracion-para-la-cesion-de-determinadas-bolsas-de-trabajo-con-el-ayuntamiento-de-alcasser\/\" \/>\n<meta property=\"og:locale\" content=\"es_ES\" \/>\n<meta property=\"og:type\" content=\"article\" \/>\n<meta property=\"og:title\" content=\"Convenio de colaboraci\u00f3n para la cesi\u00f3n de determinadas bolsas de trabajo con el Ayuntamiento de Alc\u00e0sser - Empleo Aldaia\" \/>\n<meta property=\"og:description\" content=\"Publicaci\u00f3n en el BOP del convenio de colaboraci\u00f3n interadministrativa para la cesi\u00f3n rec\u00edproca de determinadas bolsas de trabajo con el Ayuntamiento de Alc\u00e0sser Convenio de colaboraci\u00f3n interadministrativa para la cesi\u00f3n rec\u00edproca de bolsas de trabajo con el Ayuntamiento de Alc\u00e0sser [...]Leer m\u00e1s... from Convenio de colaboraci\u00f3n para la cesi\u00f3n de determinadas bolsas de trabajo con el Ayuntamiento de Alc\u00e0sser\" \/>\n<meta property=\"og:url\" content=\"https:\/\/aldaia.es\/empleo\/es\/2025\/09\/24\/convenio-de-colaboracion-para-la-cesion-de-determinadas-bolsas-de-trabajo-con-el-ayuntamiento-de-alcasser\/\" \/>\n<meta property=\"og:site_name\" content=\"Empleo Aldaia\" \/>\n<meta property=\"article:publisher\" content=\"https:\/\/www.facebook.com\/ajuntamentaldaia\" \/>\n<meta property=\"article:published_time\" content=\"2025-09-24T07:26:40+00:00\" \/>\n<meta property=\"article:modified_time\" content=\"2025-09-24T07:31:02+00:00\" \/>\n<meta name=\"author\" content=\"Recursos Humanos\" \/>\n<meta name=\"twitter:card\" content=\"summary_large_image\" \/>\n<meta name=\"twitter:creator\" content=\"@ajuntaldaia\" \/>\n<meta name=\"twitter:site\" content=\"@ajuntaldaia\" \/>\n<meta name=\"twitter:label1\" content=\"Escrito por\" \/>\n\t<meta name=\"twitter:data1\" content=\"Recursos Humanos\" \/>\n\t<meta name=\"twitter:label2\" content=\"Tiempo de lectura\" \/>\n\t<meta name=\"twitter:data2\" content=\"1 minuto\" \/>\n<script type=\"application\/ld+json\" class=\"yoast-schema-graph\">{\"@context\":\"https:\/\/schema.org\",\"@graph\":[{\"@type\":\"Article\",\"@id\":\"https:\/\/aldaia.es\/empleo\/es\/2025\/09\/24\/convenio-de-colaboracion-para-la-cesion-de-determinadas-bolsas-de-trabajo-con-el-ayuntamiento-de-alcasser\/#article\",\"isPartOf\":{\"@id\":\"https:\/\/aldaia.es\/empleo\/es\/2025\/09\/24\/convenio-de-colaboracion-para-la-cesion-de-determinadas-bolsas-de-trabajo-con-el-ayuntamiento-de-alcasser\/\"},\"author\":{\"name\":\"Recursos Humanos\",\"@id\":\"https:\/\/aldaia.es\/empleo\/#\/schema\/person\/ec0be2ce5448ee929cf230e95d14073f\"},\"headline\":\"Convenio de colaboraci\u00f3n para la cesi\u00f3n de determinadas bolsas de trabajo con el Ayuntamiento de Alc\u00e0sser\",\"datePublished\":\"2025-09-24T07:26:40+00:00\",\"dateModified\":\"2025-09-24T07:31:02+00:00\",\"mainEntityOfPage\":{\"@id\":\"https:\/\/aldaia.es\/empleo\/es\/2025\/09\/24\/convenio-de-colaboracion-para-la-cesion-de-determinadas-bolsas-de-trabajo-con-el-ayuntamiento-de-alcasser\/\"},\"wordCount\":68,\"commentCount\":0,\"publisher\":{\"@id\":\"https:\/\/aldaia.es\/empleo\/#organization\"},\"articleSection\":[\"Abierto\",\"Bolsas de empleo\",\"Empleo Ayuntamiento Aldaia\"],\"inLanguage\":\"es\",\"potentialAction\":[{\"@type\":\"CommentAction\",\"name\":\"Comment\",\"target\":[\"https:\/\/aldaia.es\/empleo\/es\/2025\/09\/24\/convenio-de-colaboracion-para-la-cesion-de-determinadas-bolsas-de-trabajo-con-el-ayuntamiento-de-alcasser\/#respond\"]}]},{\"@type\":\"WebPage\",\"@id\":\"https:\/\/aldaia.es\/empleo\/es\/2025\/09\/24\/convenio-de-colaboracion-para-la-cesion-de-determinadas-bolsas-de-trabajo-con-el-ayuntamiento-de-alcasser\/\",\"url\":\"https:\/\/aldaia.es\/empleo\/es\/2025\/09\/24\/convenio-de-colaboracion-para-la-cesion-de-determinadas-bolsas-de-trabajo-con-el-ayuntamiento-de-alcasser\/\",\"name\":\"Convenio de colaboraci\u00f3n para la cesi\u00f3n de determinadas bolsas de trabajo con el Ayuntamiento de Alc\u00e0sser - Empleo Aldaia\",\"isPartOf\":{\"@id\":\"https:\/\/aldaia.es\/empleo\/#website\"},\"datePublished\":\"2025-09-24T07:26:40+00:00\",\"dateModified\":\"2025-09-24T07:31:02+00:00\",\"breadcrumb\":{\"@id\":\"https:\/\/aldaia.es\/empleo\/es\/2025\/09\/24\/convenio-de-colaboracion-para-la-cesion-de-determinadas-bolsas-de-trabajo-con-el-ayuntamiento-de-alcasser\/#breadcrumb\"},\"inLanguage\":\"es\",\"potentialAction\":[{\"@type\":\"ReadAction\",\"target\":[\"https:\/\/aldaia.es\/empleo\/es\/2025\/09\/24\/convenio-de-colaboracion-para-la-cesion-de-determinadas-bolsas-de-trabajo-con-el-ayuntamiento-de-alcasser\/\"]}]},{\"@type\":\"BreadcrumbList\",\"@id\":\"https:\/\/aldaia.es\/empleo\/es\/2025\/09\/24\/convenio-de-colaboracion-para-la-cesion-de-determinadas-bolsas-de-trabajo-con-el-ayuntamiento-de-alcasser\/#breadcrumb\",\"itemListElement\":[{\"@type\":\"ListItem\",\"position\":1,\"name\":\"Portada\",\"item\":\"https:\/\/aldaia.es\/empleo\/\"},{\"@type\":\"ListItem\",\"position\":2,\"name\":\"Convenio de colaboraci\u00f3n para la cesi\u00f3n de determinadas bolsas de trabajo con el Ayuntamiento de Alc\u00e0sser\"}]},{\"@type\":\"WebSite\",\"@id\":\"https:\/\/aldaia.es\/empleo\/#website\",\"url\":\"https:\/\/aldaia.es\/empleo\/\",\"name\":\"Empleo Aldaia\",\"description\":\"\",\"publisher\":{\"@id\":\"https:\/\/aldaia.es\/empleo\/#organization\"},\"potentialAction\":[{\"@type\":\"SearchAction\",\"target\":{\"@type\":\"EntryPoint\",\"urlTemplate\":\"https:\/\/aldaia.es\/empleo\/?s={search_term_string}\"},\"query-input\":{\"@type\":\"PropertyValueSpecification\",\"valueRequired\":true,\"valueName\":\"search_term_string\"}}],\"inLanguage\":\"es\"},{\"@type\":\"Organization\",\"@id\":\"https:\/\/aldaia.es\/empleo\/#organization\",\"name\":\"Empleo Aldaia\",\"url\":\"https:\/\/aldaia.es\/empleo\/\",\"logo\":{\"@type\":\"ImageObject\",\"inLanguage\":\"es\",\"@id\":\"https:\/\/aldaia.es\/empleo\/#\/schema\/logo\/image\/\",\"url\":\"https:\/\/aldaia.es\/empleo\/wp-content\/uploads\/2025\/06\/logo-ajuntament-aldaia.jpg\",\"contentUrl\":\"https:\/\/aldaia.es\/empleo\/wp-content\/uploads\/2025\/06\/logo-ajuntament-aldaia.jpg\",\"width\":768,\"height\":438,\"caption\":\"Empleo Aldaia\"},\"image\":{\"@id\":\"https:\/\/aldaia.es\/empleo\/#\/schema\/logo\/image\/\"},\"sameAs\":[\"https:\/\/www.facebook.com\/ajuntamentaldaia\",\"https:\/\/x.com\/ajuntaldaia\",\"https:\/\/www.instagram.com\/ajuntamentaldaia_\/\",\"https:\/\/www.youtube.com\/@ajuntamentdaldaia8046\"]},{\"@type\":\"Person\",\"@id\":\"https:\/\/aldaia.es\/empleo\/#\/schema\/person\/ec0be2ce5448ee929cf230e95d14073f\",\"name\":\"Recursos Humanos\",\"image\":{\"@type\":\"ImageObject\",\"inLanguage\":\"es\",\"@id\":\"https:\/\/aldaia.es\/empleo\/#\/schema\/person\/image\/\",\"url\":\"https:\/\/secure.gravatar.com\/avatar\/f49d5bd49c72f0ff8cf87f9345d28f333f2f043f3878d2965490346c85e5ceb0?s=96&d=mm&r=g\",\"contentUrl\":\"https:\/\/secure.gravatar.com\/avatar\/f49d5bd49c72f0ff8cf87f9345d28f333f2f043f3878d2965490346c85e5ceb0?s=96&d=mm&r=g\",\"caption\":\"Recursos Humanos\"},\"url\":\"https:\/\/aldaia.es\/empleo\/author\/rrhh\/\"}]}<\/script>\n<!-- \/ Yoast SEO plugin. -->","yoast_head_json":{"title":"Convenio de colaboraci\u00f3n para la cesi\u00f3n de determinadas bolsas de trabajo con el Ayuntamiento de Alc\u00e0sser - Empleo Aldaia","robots":{"index":"index","follow":"follow","max-snippet":"max-snippet:-1","max-image-preview":"max-image-preview:large","max-video-preview":"max-video-preview:-1"},"canonical":"https:\/\/aldaia.es\/empleo\/es\/2025\/09\/24\/convenio-de-colaboracion-para-la-cesion-de-determinadas-bolsas-de-trabajo-con-el-ayuntamiento-de-alcasser\/","og_locale":"es_ES","og_type":"article","og_title":"Convenio de colaboraci\u00f3n para la cesi\u00f3n de determinadas bolsas de trabajo con el Ayuntamiento de Alc\u00e0sser - Empleo Aldaia","og_description":"Publicaci\u00f3n en el BOP del convenio de colaboraci\u00f3n interadministrativa para la cesi\u00f3n rec\u00edproca de determinadas bolsas de trabajo con el Ayuntamiento de Alc\u00e0sser Convenio de colaboraci\u00f3n interadministrativa para la cesi\u00f3n rec\u00edproca de bolsas de trabajo con el Ayuntamiento de Alc\u00e0sser [...]Leer m\u00e1s... from Convenio de colaboraci\u00f3n para la cesi\u00f3n de determinadas bolsas de trabajo con el Ayuntamiento de Alc\u00e0sser","og_url":"https:\/\/aldaia.es\/empleo\/es\/2025\/09\/24\/convenio-de-colaboracion-para-la-cesion-de-determinadas-bolsas-de-trabajo-con-el-ayuntamiento-de-alcasser\/","og_site_name":"Empleo Aldaia","article_publisher":"https:\/\/www.facebook.com\/ajuntamentaldaia","article_published_time":"2025-09-24T07:26:40+00:00","article_modified_time":"2025-09-24T07:31:02+00:00","author":"Recursos Humanos","twitter_card":"summary_large_image","twitter_creator":"@ajuntaldaia","twitter_site":"@ajuntaldaia","twitter_misc":{"Escrito por":"Recursos Humanos","Tiempo de lectura":"1 minuto"},"schema":{"@context":"https:\/\/schema.org","@graph":[{"@type":"Article","@id":"https:\/\/aldaia.es\/empleo\/es\/2025\/09\/24\/convenio-de-colaboracion-para-la-cesion-de-determinadas-bolsas-de-trabajo-con-el-ayuntamiento-de-alcasser\/#article","isPartOf":{"@id":"https:\/\/aldaia.es\/empleo\/es\/2025\/09\/24\/convenio-de-colaboracion-para-la-cesion-de-determinadas-bolsas-de-trabajo-con-el-ayuntamiento-de-alcasser\/"},"author":{"name":"Recursos Humanos","@id":"https:\/\/aldaia.es\/empleo\/#\/schema\/person\/ec0be2ce5448ee929cf230e95d14073f"},"headline":"Convenio de colaboraci\u00f3n para la cesi\u00f3n de determinadas bolsas de trabajo con el Ayuntamiento de Alc\u00e0sser","datePublished":"2025-09-24T07:26:40+00:00","dateModified":"2025-09-24T07:31:02+00:00","mainEntityOfPage":{"@id":"https:\/\/aldaia.es\/empleo\/es\/2025\/09\/24\/convenio-de-colaboracion-para-la-cesion-de-determinadas-bolsas-de-trabajo-con-el-ayuntamiento-de-alcasser\/"},"wordCount":68,"commentCount":0,"publisher":{"@id":"https:\/\/aldaia.es\/empleo\/#organization"},"articleSection":["Abierto","Bolsas de empleo","Empleo Ayuntamiento Aldaia"],"inLanguage":"es","potentialAction":[{"@type":"CommentAction","name":"Comment","target":["https:\/\/aldaia.es\/empleo\/es\/2025\/09\/24\/convenio-de-colaboracion-para-la-cesion-de-determinadas-bolsas-de-trabajo-con-el-ayuntamiento-de-alcasser\/#respond"]}]},{"@type":"WebPage","@id":"https:\/\/aldaia.es\/empleo\/es\/2025\/09\/24\/convenio-de-colaboracion-para-la-cesion-de-determinadas-bolsas-de-trabajo-con-el-ayuntamiento-de-alcasser\/","url":"https:\/\/aldaia.es\/empleo\/es\/2025\/09\/24\/convenio-de-colaboracion-para-la-cesion-de-determinadas-bolsas-de-trabajo-con-el-ayuntamiento-de-alcasser\/","name":"Convenio de colaboraci\u00f3n para la cesi\u00f3n de determinadas bolsas de trabajo con el Ayuntamiento de Alc\u00e0sser - Empleo Aldaia","isPartOf":{"@id":"https:\/\/aldaia.es\/empleo\/#website"},"datePublished":"2025-09-24T07:26:40+00:00","dateModified":"2025-09-24T07:31:02+00:00","breadcrumb":{"@id":"https:\/\/aldaia.es\/empleo\/es\/2025\/09\/24\/convenio-de-colaboracion-para-la-cesion-de-determinadas-bolsas-de-trabajo-con-el-ayuntamiento-de-alcasser\/#breadcrumb"},"inLanguage":"es","potentialAction":[{"@type":"ReadAction","target":["https:\/\/aldaia.es\/empleo\/es\/2025\/09\/24\/convenio-de-colaboracion-para-la-cesion-de-determinadas-bolsas-de-trabajo-con-el-ayuntamiento-de-alcasser\/"]}]},{"@type":"BreadcrumbList","@id":"https:\/\/aldaia.es\/empleo\/es\/2025\/09\/24\/convenio-de-colaboracion-para-la-cesion-de-determinadas-bolsas-de-trabajo-con-el-ayuntamiento-de-alcasser\/#breadcrumb","itemListElement":[{"@type":"ListItem","position":1,"name":"Portada","item":"https:\/\/aldaia.es\/empleo\/"},{"@type":"ListItem","position":2,"name":"Convenio de colaboraci\u00f3n para la cesi\u00f3n de determinadas bolsas de trabajo con el Ayuntamiento de Alc\u00e0sser"}]},{"@type":"WebSite","@id":"https:\/\/aldaia.es\/empleo\/#website","url":"https:\/\/aldaia.es\/empleo\/","name":"Empleo Aldaia","description":"","publisher":{"@id":"https:\/\/aldaia.es\/empleo\/#organization"},"potentialAction":[{"@type":"SearchAction","target":{"@type":"EntryPoint","urlTemplate":"https:\/\/aldaia.es\/empleo\/?s={search_term_string}"},"query-input":{"@type":"PropertyValueSpecification","valueRequired":true,"valueName":"search_term_string"}}],"inLanguage":"es"},{"@type":"Organization","@id":"https:\/\/aldaia.es\/empleo\/#organization","name":"Empleo Aldaia","url":"https:\/\/aldaia.es\/empleo\/","logo":{"@type":"ImageObject","inLanguage":"es","@id":"https:\/\/aldaia.es\/empleo\/#\/schema\/logo\/image\/","url":"https:\/\/aldaia.es\/empleo\/wp-content\/uploads\/2025\/06\/logo-ajuntament-aldaia.jpg","contentUrl":"https:\/\/aldaia.es\/empleo\/wp-content\/uploads\/2025\/06\/logo-ajuntament-aldaia.jpg","width":768,"height":438,"caption":"Empleo Aldaia"},"image":{"@id":"https:\/\/aldaia.es\/empleo\/#\/schema\/logo\/image\/"},"sameAs":["https:\/\/www.facebook.com\/ajuntamentaldaia","https:\/\/x.com\/ajuntaldaia","https:\/\/www.instagram.com\/ajuntamentaldaia_\/","https:\/\/www.youtube.com\/@ajuntamentdaldaia8046"]},{"@type":"Person","@id":"https:\/\/aldaia.es\/empleo\/#\/schema\/person\/ec0be2ce5448ee929cf230e95d14073f","name":"Recursos Humanos","image":{"@type":"ImageObject","inLanguage":"es","@id":"https:\/\/aldaia.es\/empleo\/#\/schema\/person\/image\/","url":"https:\/\/secure.gravatar.com\/avatar\/f49d5bd49c72f0ff8cf87f9345d28f333f2f043f3878d2965490346c85e5ceb0?s=96&d=mm&r=g","contentUrl":"https:\/\/secure.gravatar.com\/avatar\/f49d5bd49c72f0ff8cf87f9345d28f333f2f043f3878d2965490346c85e5ceb0?s=96&d=mm&r=g","caption":"Recursos Humanos"},"url":"https:\/\/aldaia.es\/empleo\/author\/rrhh\/"}]}},"_links":{"self":[{"href":"https:\/\/aldaia.es\/empleo\/wp-json\/wp\/v2\/posts\/38745","targetHints":{"allow":["GET"]}}],"collection":[{"href":"https:\/\/aldaia.es\/empleo\/wp-json\/wp\/v2\/posts"}],"about":[{"href":"https:\/\/aldaia.es\/empleo\/wp-json\/wp\/v2\/types\/post"}],"author":[{"embeddable":true,"href":"https:\/\/aldaia.es\/empleo\/wp-json\/wp\/v2\/users\/2"}],"replies":[{"embeddable":true,"href":"https:\/\/aldaia.es\/empleo\/wp-json\/wp\/v2\/comments?post=38745"}],"version-history":[{"count":2,"href":"https:\/\/aldaia.es\/empleo\/wp-json\/wp\/v2\/posts\/38745\/revisions"}],"predecessor-version":[{"id":38752,"href":"https:\/\/aldaia.es\/empleo\/wp-json\/wp\/v2\/posts\/38745\/revisions\/38752"}],"wp:attachment":[{"href":"https:\/\/aldaia.es\/empleo\/wp-json\/wp\/v2\/media?parent=38745"}],"wp:term":[{"taxonomy":"category","embeddable":true,"href":"https:\/\/aldaia.es\/empleo\/wp-json\/wp\/v2\/categories?post=38745"},{"taxonomy":"post_tag","embeddable":true,"href":"https:\/\/aldaia.es\/empleo\/wp-json\/wp\/v2\/tags?post=38745"}],"curies":[{"name":"wp","href":"https:\/\/api.w.org\/{rel}","templated":true}]}}