{"id":29267,"global_id":"aldaia.es\/es\/?id=29267","global_id_lineage":["aldaia.es\/es\/?id=29267"],"author":"4","status":"publish","date":"2024-07-11 10:50:48","date_utc":"2024-07-11 08:50:48","modified":"2024-07-11 10:50:48","modified_utc":"2024-07-11 08:50:48","url":"https:\/\/aldaia.es\/es\/event\/concierto-del-orfeo-daldaia-afrikanbach-el-ritme-africa-i-el-contrapunt\/","rest_url":"https:\/\/aldaia.es\/es\/wp-json\/tribe\/events\/v1\/events\/29267","title":"Concierto del Orfe\u00f3 d\u2019Aldaia \u201cAFRIKANBACH. El ritme afric\u00e0 i el contrapunt!\u201d","description":"<p>Direcci\u00f3n musical y esc\u00e9nica: Jes\u00fas Salvador \u201cCHAPI\u201d<\/p>\n<p>El Orfe\u00f3 d&#8217;Aldaia, con Fernando Taberner, prepara este proyecto singular del m\u00fasico JS Chapi dedicado al pueblo de Aldaia en el marco de nuestras Fiestas.<\/p>\n<p>Un espect\u00e1culo integral, con mucho colorido y movimiento dedicado a la m\u00fasica de J. Sebasti\u00e1n Bach, con arreglos sobre la base orquestal de percusi\u00f3n y m\u00fasicas tradicionales africanas.<\/p>\n<p>Al ORFE\u00d3 D&#8217;ALDAIA, le acompa\u00f1ar\u00e1 el Grupo de percusi\u00f3n del Conservatorio Profesional de Val\u00e8ncia \u201cProletaris del ritme\u00bb, LA LUNA DE \u00c1FRICA m\u00fasica tradicional africana, diferentes solistas y la bienvenida por parte de nuestra querida CASA \u00c1frica.<\/p>","excerpt":"","slug":"concierto-del-orfeo-daldaia-afrikanbach-el-ritme-africa-i-el-contrapunt","image":{"url":"https:\/\/aldaia.es\/wp-content\/uploads\/2024\/07\/450210290_1085431606477397_1630134612233986860_n.jpg","id":29270,"extension":"jpg","width":720,"height":509,"filesize":95962,"sizes":{"medium":{"width":300,"height":212,"mime-type":"image\/jpeg","filesize":21304,"url":"https:\/\/aldaia.es\/wp-content\/uploads\/2024\/07\/450210290_1085431606477397_1630134612233986860_n-300x212.jpg"},"thumbnail":{"width":150,"height":150,"mime-type":"image\/jpeg","filesize":8283,"url":"https:\/\/aldaia.es\/wp-content\/uploads\/2024\/07\/450210290_1085431606477397_1630134612233986860_n-150x150.jpg"},"td_150x0":{"width":150,"height":106,"mime-type":"image\/jpeg","filesize":5957,"url":"https:\/\/aldaia.es\/wp-content\/uploads\/2024\/07\/450210290_1085431606477397_1630134612233986860_n-150x106.jpg"},"td_218x150":{"width":218,"height":150,"mime-type":"image\/jpeg","filesize":11624,"url":"https:\/\/aldaia.es\/wp-content\/uploads\/2024\/07\/450210290_1085431606477397_1630134612233986860_n-218x150.jpg"},"td_300x0":{"width":300,"height":212,"mime-type":"image\/jpeg","filesize":21304,"url":"https:\/\/aldaia.es\/wp-content\/uploads\/2024\/07\/450210290_1085431606477397_1630134612233986860_n-300x212.jpg"},"td_324x400":{"width":324,"height":400,"mime-type":"image\/jpeg","filesize":37390,"url":"https:\/\/aldaia.es\/wp-content\/uploads\/2024\/07\/450210290_1085431606477397_1630134612233986860_n-324x400.jpg"},"td_485x360":{"width":485,"height":360,"mime-type":"image\/jpeg","filesize":51896,"url":"https:\/\/aldaia.es\/wp-content\/uploads\/2024\/07\/450210290_1085431606477397_1630134612233986860_n-485x360.jpg"},"td_696x0":{"width":696,"height":492,"mime-type":"image\/jpeg","filesize":90142,"url":"https:\/\/aldaia.es\/wp-content\/uploads\/2024\/07\/450210290_1085431606477397_1630134612233986860_n-696x492.jpg"}}},"all_day":false,"start_date":"2024-07-21 20:30:00","start_date_details":{"year":"2024","month":"07","day":"21","hour":"20","minutes":"30","seconds":"00"},"end_date":"2024-07-21 20:30:00","end_date_details":{"year":"2024","month":"07","day":"21","hour":"20","minutes":"30","seconds":"00"},"utc_start_date":"2024-07-21 18:30:00","utc_start_date_details":{"year":"2024","month":"07","day":"21","hour":"18","minutes":"30","seconds":"00"},"utc_end_date":"2024-07-21 18:30:00","utc_end_date_details":{"year":"2024","month":"07","day":"21","hour":"18","minutes":"30","seconds":"00"},"timezone":"Europe\/Madrid","timezone_abbr":"CEST","cost":"","cost_details":{"currency_symbol":"","currency_code":"","currency_position":"","values":[]},"website":"https:\/\/aldaia.es\/es\/event\/concierto-del-orfeo-daldaia-afrikanbach-el-ritme-africa-i-el-contrapunt\/","show_map":false,"show_map_link":true,"hide_from_listings":false,"sticky":false,"featured":false,"categories":[],"tags":[],"venue":{"id":342,"author":"1","status":"publish","date":"2022-06-17 09:55:03","date_utc":"2022-06-17 07:55:03","modified":"2022-06-17 09:55:03","modified_utc":"2022-06-17 07:55:03","url":"https:\/\/aldaia.es\/local\/tama\/","venue":"TAMA","slug":"tama","address":"Av. de la M\u00fasica, 11","city":"Aldaia","country":"Espa\u00f1a","province":"Valencia","zip":"46960","phone":"961 98 84 06","stateprovince":"Valencia","json_ld":{"@type":"Place","name":"TAMA","description":"","url":"","address":{"@type":"PostalAddress","streetAddress":"Av. de la M\u00fasica, 11","addressLocality":"Aldaia","addressRegion":"Valencia","postalCode":"46960","addressCountry":"Espa\u00f1a"},"telephone":"961 98 84 06","sameAs":""},"show_map":true,"show_map_link":true,"global_id":"aldaia.es\/es\/?id=342","global_id_lineage":["aldaia.es\/es\/?id=342"]},"organizer":[],"custom_fields":[],"json_ld":{"@context":"http:\/\/schema.org","@type":"Event","name":"Concierto del Orfe\u00f3 d\u2019Aldaia \u201cAFRIKANBACH. El ritme afric\u00e0 i el contrapunt!\u201d","description":"&lt;p&gt;Direcci\u00f3n musical y esc\u00e9nica: Jes\u00fas Salvador \u201cCHAPI\u201d El Orfe\u00f3 d\\'Aldaia, con Fernando Taberner, prepara este proyecto singular del m\u00fasico JS Chapi dedicado al pueblo de Aldaia en el marco de&lt;\/p&gt;\\n","image":"https:\/\/aldaia.es\/wp-content\/uploads\/2024\/07\/450210290_1085431606477397_1630134612233986860_n.jpg","url":"https:\/\/aldaia.es\/es\/event\/concierto-del-orfeo-daldaia-afrikanbach-el-ritme-africa-i-el-contrapunt\/","eventAttendanceMode":"https:\/\/schema.org\/OfflineEventAttendanceMode","eventStatus":"https:\/\/schema.org\/EventScheduled","startDate":"2024-07-21T20:30:00+02:00","endDate":"2024-07-21T20:30:00+02:00","location":{"@type":"Place","name":"TAMA","description":"","url":"","address":{"@type":"PostalAddress","streetAddress":"Av. de la M\u00fasica, 11","addressLocality":"Aldaia","addressRegion":"Valencia","postalCode":"46960","addressCountry":"Espa\u00f1a"},"telephone":"961 98 84 06","sameAs":""},"performer":"Organization"}}