{"id":29416,"global_id":"aldaia.es\/es\/?id=29416","global_id_lineage":["aldaia.es\/es\/?id=29416"],"author":"4","status":"publish","date":"2024-07-17 10:30:45","date_utc":"2024-07-17 08:30:45","modified":"2024-07-17 10:30:45","modified_utc":"2024-07-17 08:30:45","url":"https:\/\/aldaia.es\/es\/event\/remember-is-to-live-2\/","rest_url":"https:\/\/aldaia.es\/es\/wp-json\/tribe\/events\/v1\/events\/29416","title":"REMEMBER IS TO LIVE","description":"<p>Con la participaci\u00f3n de Jose Coll, Rub\u00e9n Esteve, M\u00f3nica X, y muchos m\u00e1s.<br \/>\nOrganiza Ayuntamiento de Aldaia.<br \/>\nColabora los Clavarios del Cristo.<\/p>","excerpt":"","slug":"remember-is-to-live-2","image":{"url":"https:\/\/aldaia.es\/wp-content\/uploads\/2024\/07\/REMEMBER-IS-TO-LIFE-27-JUL.jpg","id":29413,"extension":"jpg","width":1300,"height":1600,"filesize":409434,"sizes":{"medium":{"width":244,"height":300,"mime-type":"image\/jpeg","filesize":50297,"url":"https:\/\/aldaia.es\/wp-content\/uploads\/2024\/07\/REMEMBER-IS-TO-LIFE-27-JUL-244x300.jpg"},"large":{"width":832,"height":1024,"mime-type":"image\/jpeg","filesize":175490,"url":"https:\/\/aldaia.es\/wp-content\/uploads\/2024\/07\/REMEMBER-IS-TO-LIFE-27-JUL-832x1024.jpg"},"thumbnail":{"width":150,"height":150,"mime-type":"image\/jpeg","filesize":36917,"url":"https:\/\/aldaia.es\/wp-content\/uploads\/2024\/07\/REMEMBER-IS-TO-LIFE-27-JUL-150x150.jpg"},"medium_large":{"width":768,"height":945,"mime-type":"image\/jpeg","filesize":159841,"url":"https:\/\/aldaia.es\/wp-content\/uploads\/2024\/07\/REMEMBER-IS-TO-LIFE-27-JUL-768x945.jpg"},"1536x1536":{"width":1248,"height":1536,"mime-type":"image\/jpeg","filesize":301386,"url":"https:\/\/aldaia.es\/wp-content\/uploads\/2024\/07\/REMEMBER-IS-TO-LIFE-27-JUL-1248x1536.jpg"},"td_150x0":{"width":150,"height":185,"mime-type":"image\/jpeg","filesize":38066,"url":"https:\/\/aldaia.es\/wp-content\/uploads\/2024\/07\/REMEMBER-IS-TO-LIFE-27-JUL-150x185.jpg"},"td_218x150":{"width":218,"height":150,"mime-type":"image\/jpeg","filesize":38902,"url":"https:\/\/aldaia.es\/wp-content\/uploads\/2024\/07\/REMEMBER-IS-TO-LIFE-27-JUL-218x150.jpg"},"td_300x0":{"width":300,"height":369,"mime-type":"image\/jpeg","filesize":58817,"url":"https:\/\/aldaia.es\/wp-content\/uploads\/2024\/07\/REMEMBER-IS-TO-LIFE-27-JUL-300x369.jpg"},"td_324x400":{"width":324,"height":400,"mime-type":"image\/jpeg","filesize":63076,"url":"https:\/\/aldaia.es\/wp-content\/uploads\/2024\/07\/REMEMBER-IS-TO-LIFE-27-JUL-324x400.jpg"},"td_485x360":{"width":485,"height":360,"mime-type":"image\/jpeg","filesize":68445,"url":"https:\/\/aldaia.es\/wp-content\/uploads\/2024\/07\/REMEMBER-IS-TO-LIFE-27-JUL-485x360.jpg"},"td_696x0":{"width":696,"height":857,"mime-type":"image\/jpeg","filesize":141604,"url":"https:\/\/aldaia.es\/wp-content\/uploads\/2024\/07\/REMEMBER-IS-TO-LIFE-27-JUL-696x857.jpg"},"td_1068x0":{"width":1068,"height":1314,"mime-type":"image\/jpeg","filesize":244107,"url":"https:\/\/aldaia.es\/wp-content\/uploads\/2024\/07\/REMEMBER-IS-TO-LIFE-27-JUL-1068x1314.jpg"}}},"all_day":false,"start_date":"2024-07-27 19:00:00","start_date_details":{"year":"2024","month":"07","day":"27","hour":"19","minutes":"00","seconds":"00"},"end_date":"2024-07-28 04:30:00","end_date_details":{"year":"2024","month":"07","day":"28","hour":"04","minutes":"30","seconds":"00"},"utc_start_date":"2024-07-27 17:00:00","utc_start_date_details":{"year":"2024","month":"07","day":"27","hour":"17","minutes":"00","seconds":"00"},"utc_end_date":"2024-07-28 02:30:00","utc_end_date_details":{"year":"2024","month":"07","day":"28","hour":"02","minutes":"30","seconds":"00"},"timezone":"Europe\/Madrid","timezone_abbr":"CEST","cost":"","cost_details":{"currency_symbol":"","currency_code":"","currency_position":"","values":[]},"website":"https:\/\/aldaia.es\/es\/event\/remember-is-to-live-2\/","show_map":false,"show_map_link":true,"hide_from_listings":false,"sticky":false,"featured":false,"categories":[],"tags":[],"venue":{"id":29414,"author":"4","status":"publish","date":"2024-07-17 10:30:45","date_utc":"2024-07-17 08:30:45","modified":"2024-07-17 10:30:45","modified_utc":"2024-07-17 08:30:45","url":"https:\/\/aldaia.es\/local\/cinturo-verd\/","venue":"Cintur\u00f3 Verd","slug":"cinturo-verd","json_ld":{"@type":"Place","name":"Cintur\u00f3 Verd","description":"","url":"","address":{"@type":"PostalAddress"},"telephone":"","sameAs":""},"show_map":true,"show_map_link":true,"global_id":"aldaia.es\/es\/?id=29414","global_id_lineage":["aldaia.es\/es\/?id=29414"]},"organizer":[],"custom_fields":[],"json_ld":{"@context":"http:\/\/schema.org","@type":"Event","name":"REMEMBER IS TO LIVE","description":"&lt;p&gt;Con la participaci\u00f3n de Jose Coll, Rub\u00e9n Esteve, M\u00f3nica X, y muchos m\u00e1s. Organiza Ayuntamiento de Aldaia. Colabora los Clavarios del Cristo.&lt;\/p&gt;\\n","image":"https:\/\/aldaia.es\/wp-content\/uploads\/2024\/07\/REMEMBER-IS-TO-LIFE-27-JUL.jpg","url":"https:\/\/aldaia.es\/es\/event\/remember-is-to-live-2\/","eventAttendanceMode":"https:\/\/schema.org\/OfflineEventAttendanceMode","eventStatus":"https:\/\/schema.org\/EventScheduled","startDate":"2024-07-27T19:00:00+02:00","endDate":"2024-07-28T04:30:00+02:00","location":{"@type":"Place","name":"Cintur\u00f3 Verd","description":"","url":"","address":{"@type":"PostalAddress"},"telephone":"","sameAs":""},"performer":"Organization"}}