{"id":41791,"global_id":"aldaia.es\/es\/?id=41791","global_id_lineage":["aldaia.es\/es\/?id=41791"],"author":"4","status":"publish","date":"2026-04-27 13:01:19","date_utc":"2026-04-27 11:01:19","modified":"2026-04-28 10:57:29","modified_utc":"2026-04-28 08:57:29","url":"https:\/\/aldaia.es\/es\/event\/como-ser-un-a-cientifico-a\/","rest_url":"https:\/\/aldaia.es\/es\/wp-json\/tribe\/events\/v1\/events\/41791","title":"C\u00f3mo ser un\/a cient\u00edfico\/a","description":"<p>A cargo del cient\u00edfico Dani Jim\u00e9nez.<\/p>\n<p>Taller con experiencias que quiere acercar la ciencia y descubrir el trabajo de las personas que se dedican a hacer ciencia, y compartir las caracter\u00edsticas principales del m\u00e9todo cient\u00edfico.<\/p>\n<p>De 8 a 12 a\u00f1os.<\/p>\n<p>Incripciones en la Biblioteca o al WhatsApp 664516202.<\/p>","excerpt":"","slug":"como-ser-un-a-cientifico-a","image":{"url":"https:\/\/aldaia.es\/wp-content\/uploads\/2026\/04\/taller-cientific-infantil-dimecres-29-abril-26-17-h.png","id":41789,"extension":"png","width":2000,"height":1500,"filesize":393114,"sizes":{"medium":{"width":300,"height":225,"mime-type":"image\/png","filesize":49551,"url":"https:\/\/aldaia.es\/wp-content\/uploads\/2026\/04\/taller-cientific-infantil-dimecres-29-abril-26-17-h-300x225.png"},"large":{"width":1024,"height":768,"mime-type":"image\/png","filesize":243845,"url":"https:\/\/aldaia.es\/wp-content\/uploads\/2026\/04\/taller-cientific-infantil-dimecres-29-abril-26-17-h-1024x768.png"},"thumbnail":{"width":150,"height":150,"mime-type":"image\/png","filesize":21314,"url":"https:\/\/aldaia.es\/wp-content\/uploads\/2026\/04\/taller-cientific-infantil-dimecres-29-abril-26-17-h-150x150.png"},"medium_large":{"width":768,"height":576,"mime-type":"image\/png","filesize":171638,"url":"https:\/\/aldaia.es\/wp-content\/uploads\/2026\/04\/taller-cientific-infantil-dimecres-29-abril-26-17-h-768x576.png"},"1536x1536":{"width":1536,"height":1152,"mime-type":"image\/png","filesize":400645,"url":"https:\/\/aldaia.es\/wp-content\/uploads\/2026\/04\/taller-cientific-infantil-dimecres-29-abril-26-17-h-1536x1152.png"}}},"all_day":false,"start_date":"2026-04-29 17:00:00","start_date_details":{"year":"2026","month":"04","day":"29","hour":"17","minutes":"00","seconds":"00"},"end_date":"2026-04-29 17:00:00","end_date_details":{"year":"2026","month":"04","day":"29","hour":"17","minutes":"00","seconds":"00"},"utc_start_date":"2026-04-29 15:00:00","utc_start_date_details":{"year":"2026","month":"04","day":"29","hour":"15","minutes":"00","seconds":"00"},"utc_end_date":"2026-04-29 15:00:00","utc_end_date_details":{"year":"2026","month":"04","day":"29","hour":"15","minutes":"00","seconds":"00"},"timezone":"Europe\/Madrid","timezone_abbr":"CEST","cost":"","cost_details":{"currency_symbol":"","currency_code":"","currency_position":"prefix","values":[]},"website":"","show_map":false,"show_map_link":true,"hide_from_listings":false,"sticky":false,"featured":false,"categories":[],"tags":[],"venue":{"id":1770,"author":"4","status":"publish","date":"2022-12-02 10:54:26","date_utc":"2022-12-02 09:54:26","modified":"2022-12-02 10:54:26","modified_utc":"2022-12-02 09:54:26","url":"https:\/\/aldaia.es\/local\/biblioteca-municipal\/","venue":"Biblioteca Municipal","slug":"biblioteca-municipal","address":"Pla\u00e7a de la Cultura s\/n","city":"Aldaia","country":"Espa\u00f1a","province":"Valencia","zip":"46960","phone":"961988786","stateprovince":"Valencia","json_ld":{"@type":"Place","name":"Biblioteca Municipal","description":"","url":"","address":{"@type":"PostalAddress","streetAddress":"Pla\u00e7a de la Cultura s\/n","addressLocality":"Aldaia","addressRegion":"Valencia","postalCode":"46960","addressCountry":"Espa\u00f1a"},"telephone":"961988786","sameAs":""},"show_map":true,"show_map_link":true,"global_id":"aldaia.es\/es\/?id=1770","global_id_lineage":["aldaia.es\/es\/?id=1770"]},"organizer":[{"id":41801,"author":"4","status":"publish","date":"2026-04-27 13:04:17","date_utc":"2026-04-27 11:04:17","modified":"2026-04-27 13:13:05","modified_utc":"2026-04-27 11:13:05","url":"https:\/\/aldaia.es\/es\/organizador\/biblioteca-municipal-de-aldaia\/","organizer":"Biblioteca Municipal de Aldaia","slug":"biblioteca-municipal-de-aldaia","json_ld":{"@type":"Person","name":"Biblioteca Municipal de Aldaia","description":"","url":"","telephone":"","email":"","sameAs":""},"global_id":"aldaia.es\/es\/?id=41801","global_id_lineage":["aldaia.es\/es\/?id=41801"]}],"custom_fields":[],"json_ld":{"@context":"http:\/\/schema.org","@type":"Event","name":"C\u00f3mo ser un\/a cient\u00edfico\/a","description":"&lt;p&gt;A cargo del cient\u00edfico Dani Jim\u00e9nez. Taller con experiencias que quiere acercar la ciencia y descubrir el trabajo de las personas que se dedican a hacer ciencia, y compartir las&lt;\/p&gt;\\n","image":"https:\/\/aldaia.es\/wp-content\/uploads\/2026\/04\/taller-cientific-infantil-dimecres-29-abril-26-17-h.png","url":"https:\/\/aldaia.es\/es\/event\/como-ser-un-a-cientifico-a\/","eventAttendanceMode":"https:\/\/schema.org\/OfflineEventAttendanceMode","eventStatus":"https:\/\/schema.org\/EventScheduled","startDate":"2026-04-29T17:00:00+02:00","endDate":"2026-04-29T17:00:00+02:00","location":{"@type":"Place","name":"Biblioteca Municipal","description":"","url":"","address":{"@type":"PostalAddress","streetAddress":"Pla\u00e7a de la Cultura s\/n","addressLocality":"Aldaia","addressRegion":"Valencia","postalCode":"46960","addressCountry":"Espa\u00f1a"},"telephone":"961988786","sameAs":""},"organizer":{"@type":"Person","name":"Biblioteca Municipal de Aldaia","description":"","url":"","telephone":"","email":"","sameAs":""},"performer":"Organization"}}