{"id":29241,"date":"2024-07-10T14:16:03","date_gmt":"2024-07-10T12:16:03","guid":{"rendered":"https:\/\/aldaia.es\/2024\/07\/10\/aldaia-se-prepara-para-las-mejores-fiestas\/"},"modified":"2024-07-10T14:23:13","modified_gmt":"2024-07-10T12:23:13","slug":"aldaia-se-prepara-para-las-mejores-fiestas","status":"publish","type":"post","link":"https:\/\/aldaia.es\/es\/2024\/07\/10\/aldaia-se-prepara-para-las-mejores-fiestas\/","title":{"rendered":"Aldaia se prepara para las mejores Fiestas"},"content":{"rendered":"\n<p><strong>La localitat es vist de gala, despr<\/strong><strong>\u00e9<\/strong><strong>s d&#8217;un any de treball i col<\/strong><strong>\u00b7<\/strong><strong>laboracions, per a celebrar els dies grans de les seues festes majors, que enguany es presenten amb un cartell espectacular<\/strong><\/p>\n\n<p>Aldaia presenta unas fiestas para 2024 ilusionantes. Por una parte, la Baix\u00e0 atraer\u00e1 a visitantes de todo el territorio gracias al estatus de Fiesta de Inter\u00e9s Tur\u00edstico Provincial conseguido el pasado a\u00f1o, y por otro las iniciativas para todos los p\u00fablicos y los espect\u00e1culos gratuitos como El Cintur\u00f3 Jove Fest o el Remember ser\u00e1n protagonistas.<\/p>\n\n<p>El gran desfile de Moros y Cristianos marcar\u00e1 el primer gran hito del calendario festivo de estas fiestas que mantienen actos tradicionales como la Puj\u00e0 del Sant\u00edssim Crist o la 10K Sense L\u00edmits Aldaia, una carrera de renombre que atraer\u00e1 a atletas y aficionados de todo el pa\u00eds. Pensando en los m\u00e1s peque\u00f1os, se ha organizado &#8216;Nits a la L\u00fadica KIDS&#8217; en la piscina l\u00fadica, con noches llenas de actividades como improvisaci\u00f3n, m\u00fasica, magia y mucho m\u00e1s, dise\u00f1adas para que los ni\u00f1os disfruten al m\u00e1ximo.<\/p>\n\n<p>La m\u00fasica de banda y el folclore local tienen, como no pod\u00eda ser de otra manera, un lugar preferencial, con las actuaciones de la Uni\u00f3 Musical, la Banda Simf\u00f2nica, l\u2019Orfe\u00f3, la Banda de Cornetas y Tambores, la Ronda o el Grup de Ball de la Ronda d\u2019Aldaia entre otros.<\/p>\n\n<p>La moda tambi\u00e9n estar\u00e1 presente en las festividades, con la Pasarela de Moda de ACODA Fashion Night programada para el 25 de julio en la plaza de la Constituci\u00f3n en la que una selecci\u00f3n de comercios de moda y belleza de Aldaia mostrar\u00e1n las \u00faltimas tendencias en sus respectivas especialidades. La pasarela, bajo el lema \u201cEls Goia de la moda\u201d, har\u00e1 un gui\u00f1o al cine espa\u00f1ol, y estar\u00e1 conducida por la actriz valenciana Iris Lezcano. Como ya viene siendo habitual, la Fiesta de Asociaciones reunir\u00e1 a los colectivos del municipio en un animado evento en la plaza que contar\u00e1 con una cena de sobaquillo y un baile amenizado por la orquesta Tokio Band en la misma ubicaci\u00f3n.<\/p>\n\n<p>El 27 de julio, los m\u00e1s peque\u00f1os podr\u00e1n disfrutar del musical infantil de &#8216;La F\u00e1brica de Chocolate&#8217; en la plaza de las Cortes Valencianas y el p\u00fablico m\u00e1s experimentado del musical &#8216;Remember is to live&#8217; organizado por Jango on tour y el Ayuntamiento. Paralelamente, se presentar\u00e1 un espect\u00e1culo musical en la plaza de las Cortes valencianas.<\/p>\n\n<p>El 31 de julio llegar\u00e1 la tradicional Nit de Farolets, uno de los eventos m\u00e1s queridos por los aldaieros, seguido el espect\u00e1culo infantil del Libro de la Selva. Al d\u00eda siguiente, la plaza de las Cortes Valencianas se transformar\u00e1 en un punto de encuentro para el Tardeo Jove. Por la noche, los asistentes podr\u00e1n disfrutar de la discom\u00f3vil &#8216;Comuna 13 urban show&#8217;. El 2 de agosto, los m\u00e1s peque\u00f1os tomar\u00e1n el protagonismo en la Cabalgata infantil. A las 22 horas, el Festival Cintur\u00f3 Jove Fest pondr\u00e1 la nota musical tambi\u00e9n el 3 y 4 de agosto. El s\u00e1bado 3 a medianoche tendr\u00e1 lugar la Cord\u00e0 infantil, un espect\u00e1culo lleno de luz y emoci\u00f3n. Al d\u00eda siguiente, la Ofrenda de Flores llenar\u00e1 las calles de color y fragancia. Esa misma noche, a las 00:00 horas, el Corretraca sacudir\u00e1 el ambiente con su energ\u00eda inigualable. . Finalmente, el 5 de agosto llegar\u00e1 la Cabalgata y la Baix\u00e0 a las 23:00 horas, seguido del espect\u00e1culo musical ABBA Live TV.<\/p>\n\n<p>El 6 de agosto, Aldaia conmemorar\u00e1 el D\u00eda del Sant\u00edssim Crist dels Necessitats, patr\u00f3n principal del municipio con una masclet\u00e0 y la solemne procesi\u00f3n que culminar\u00e1 con el tradicional Cant de la Carxofa.<\/p>\n","protected":false},"excerpt":{"rendered":"<p>La localitat es vist de gala, despr\u00e9s d&#8217;un any de treball i col\u00b7laboracions, per a celebrar els dies grans de les seues festes majors, que enguany es presenten amb un <a class=\"text-decoration-none text-black\" href=\"https:\/\/aldaia.es\/es\/2024\/07\/10\/aldaia-se-prepara-para-las-mejores-fiestas\/\"> &#8230; <\/a><\/p>\n","protected":false},"author":20,"featured_media":29239,"comment_status":"closed","ping_status":"closed","sticky":false,"template":"","format":"standard","meta":{"_acf_changed":false,"footnotes":""},"categories":[188],"tags":[],"class_list":["post-29241","post","type-post","status-publish","format-standard","has-post-thumbnail","hentry","category-sense-categoritzar"],"acf":[],"yoast_head":"<!-- This site is optimized with the Yoast SEO plugin v27.0 - https:\/\/yoast.com\/product\/yoast-seo-wordpress\/ -->\n<title>Aldaia se prepara para las mejores Fiestas - Ayuntamiento de Aldaia<\/title>\n<meta name=\"description\" content=\"Aldaia se prepara para las mejores Fiestas\" \/>\n<meta name=\"robots\" content=\"index, follow, max-snippet:-1, max-image-preview:large, max-video-preview:-1\" \/>\n<link rel=\"canonical\" href=\"https:\/\/aldaia.es\/es\/2024\/07\/10\/aldaia-se-prepara-para-las-mejores-fiestas\/\" \/>\n<meta property=\"og:locale\" content=\"es_ES\" \/>\n<meta property=\"og:type\" content=\"article\" \/>\n<meta property=\"og:title\" content=\"Aldaia se prepara para las mejores Fiestas - Ayuntamiento de Aldaia\" \/>\n<meta property=\"og:description\" content=\"Aldaia se prepara para las mejores Fiestas\" \/>\n<meta property=\"og:url\" content=\"https:\/\/aldaia.es\/es\/2024\/07\/10\/aldaia-se-prepara-para-las-mejores-fiestas\/\" \/>\n<meta property=\"og:site_name\" content=\"Ayuntamiento de Aldaia\" \/>\n<meta property=\"article:published_time\" content=\"2024-07-10T12:16:03+00:00\" \/>\n<meta property=\"article:modified_time\" content=\"2024-07-10T12:23:13+00:00\" \/>\n<meta property=\"og:image\" content=\"https:\/\/aldaia.es\/wp-content\/uploads\/2024\/07\/Farolets.jpg\" \/>\n\t<meta property=\"og:image:width\" content=\"2048\" \/>\n\t<meta property=\"og:image:height\" content=\"1365\" \/>\n\t<meta property=\"og:image:type\" content=\"image\/jpeg\" \/>\n<meta name=\"author\" content=\"COMUNICACION\" \/>\n<script type=\"application\/ld+json\" class=\"yoast-schema-graph\">{\"@context\":\"https:\/\/schema.org\",\"@graph\":[{\"@type\":\"Article\",\"@id\":\"https:\/\/aldaia.es\/es\/2024\/07\/10\/aldaia-se-prepara-para-las-mejores-fiestas\/#article\",\"isPartOf\":{\"@id\":\"https:\/\/aldaia.es\/es\/2024\/07\/10\/aldaia-se-prepara-para-las-mejores-fiestas\/\"},\"author\":{\"name\":\"COMUNICACION\",\"@id\":\"https:\/\/aldaia.es\/es\/#\/schema\/person\/30857f69808336228734ad5f61baa40c\"},\"headline\":\"Aldaia se prepara para las mejores Fiestas\",\"datePublished\":\"2024-07-10T12:16:03+00:00\",\"dateModified\":\"2024-07-10T12:23:13+00:00\",\"mainEntityOfPage\":{\"@id\":\"https:\/\/aldaia.es\/es\/2024\/07\/10\/aldaia-se-prepara-para-las-mejores-fiestas\/\"},\"wordCount\":645,\"publisher\":{\"@id\":\"https:\/\/aldaia.es\/es\/#organization\"},\"image\":{\"@id\":\"https:\/\/aldaia.es\/es\/2024\/07\/10\/aldaia-se-prepara-para-las-mejores-fiestas\/#primaryimage\"},\"thumbnailUrl\":\"https:\/\/aldaia.es\/wp-content\/uploads\/2024\/07\/Farolets.jpg\",\"articleSection\":[\"Sense categoritzar\"],\"inLanguage\":\"es\"},{\"@type\":\"WebPage\",\"@id\":\"https:\/\/aldaia.es\/es\/2024\/07\/10\/aldaia-se-prepara-para-las-mejores-fiestas\/\",\"url\":\"https:\/\/aldaia.es\/es\/2024\/07\/10\/aldaia-se-prepara-para-las-mejores-fiestas\/\",\"name\":\"Aldaia se prepara para las mejores Fiestas - Ayuntamiento de Aldaia\",\"isPartOf\":{\"@id\":\"https:\/\/aldaia.es\/es\/#website\"},\"primaryImageOfPage\":{\"@id\":\"https:\/\/aldaia.es\/es\/2024\/07\/10\/aldaia-se-prepara-para-las-mejores-fiestas\/#primaryimage\"},\"image\":{\"@id\":\"https:\/\/aldaia.es\/es\/2024\/07\/10\/aldaia-se-prepara-para-las-mejores-fiestas\/#primaryimage\"},\"thumbnailUrl\":\"https:\/\/aldaia.es\/wp-content\/uploads\/2024\/07\/Farolets.jpg\",\"datePublished\":\"2024-07-10T12:16:03+00:00\",\"dateModified\":\"2024-07-10T12:23:13+00:00\",\"description\":\"Aldaia se prepara para las mejores Fiestas\",\"breadcrumb\":{\"@id\":\"https:\/\/aldaia.es\/es\/2024\/07\/10\/aldaia-se-prepara-para-las-mejores-fiestas\/#breadcrumb\"},\"inLanguage\":\"es\",\"potentialAction\":[{\"@type\":\"ReadAction\",\"target\":[\"https:\/\/aldaia.es\/es\/2024\/07\/10\/aldaia-se-prepara-para-las-mejores-fiestas\/\"]}]},{\"@type\":\"ImageObject\",\"inLanguage\":\"es\",\"@id\":\"https:\/\/aldaia.es\/es\/2024\/07\/10\/aldaia-se-prepara-para-las-mejores-fiestas\/#primaryimage\",\"url\":\"https:\/\/aldaia.es\/wp-content\/uploads\/2024\/07\/Farolets.jpg\",\"contentUrl\":\"https:\/\/aldaia.es\/wp-content\/uploads\/2024\/07\/Farolets.jpg\",\"width\":2048,\"height\":1365},{\"@type\":\"BreadcrumbList\",\"@id\":\"https:\/\/aldaia.es\/es\/2024\/07\/10\/aldaia-se-prepara-para-las-mejores-fiestas\/#breadcrumb\",\"itemListElement\":[{\"@type\":\"ListItem\",\"position\":1,\"name\":\"Portada\",\"item\":\"https:\/\/aldaia.es\/es\/\"},{\"@type\":\"ListItem\",\"position\":2,\"name\":\"Aldaia se prepara para las mejores Fiestas\"}]},{\"@type\":\"WebSite\",\"@id\":\"https:\/\/aldaia.es\/es\/#website\",\"url\":\"https:\/\/aldaia.es\/es\/\",\"name\":\"Ajuntament D'Aldaia\",\"description\":\"\",\"publisher\":{\"@id\":\"https:\/\/aldaia.es\/es\/#organization\"},\"alternateName\":\"Ajuntament D'Aldaia\",\"potentialAction\":[{\"@type\":\"SearchAction\",\"target\":{\"@type\":\"EntryPoint\",\"urlTemplate\":\"https:\/\/aldaia.es\/es\/?s={search_term_string}\"},\"query-input\":{\"@type\":\"PropertyValueSpecification\",\"valueRequired\":true,\"valueName\":\"search_term_string\"}}],\"inLanguage\":\"es\"},{\"@type\":\"Organization\",\"@id\":\"https:\/\/aldaia.es\/es\/#organization\",\"name\":\"Ajuntament D'Aldaia\",\"url\":\"https:\/\/aldaia.es\/es\/\",\"logo\":{\"@type\":\"ImageObject\",\"inLanguage\":\"es\",\"@id\":\"https:\/\/aldaia.es\/es\/#\/schema\/logo\/image\/\",\"url\":\"https:\/\/aldaia.es\/wp-content\/uploads\/2022\/06\/aldaia-negro-1.png\",\"contentUrl\":\"https:\/\/aldaia.es\/wp-content\/uploads\/2022\/06\/aldaia-negro-1.png\",\"width\":152,\"height\":70,\"caption\":\"Ajuntament D'Aldaia\"},\"image\":{\"@id\":\"https:\/\/aldaia.es\/es\/#\/schema\/logo\/image\/\"}},{\"@type\":\"Person\",\"@id\":\"https:\/\/aldaia.es\/es\/#\/schema\/person\/30857f69808336228734ad5f61baa40c\",\"name\":\"COMUNICACION\"}]}<\/script>\n<!-- \/ Yoast SEO plugin. -->","yoast_head_json":{"title":"Aldaia se prepara para las mejores Fiestas - Ayuntamiento de Aldaia","description":"Aldaia se prepara para las mejores Fiestas","robots":{"index":"index","follow":"follow","max-snippet":"max-snippet:-1","max-image-preview":"max-image-preview:large","max-video-preview":"max-video-preview:-1"},"canonical":"https:\/\/aldaia.es\/es\/2024\/07\/10\/aldaia-se-prepara-para-las-mejores-fiestas\/","og_locale":"es_ES","og_type":"article","og_title":"Aldaia se prepara para las mejores Fiestas - Ayuntamiento de Aldaia","og_description":"Aldaia se prepara para las mejores Fiestas","og_url":"https:\/\/aldaia.es\/es\/2024\/07\/10\/aldaia-se-prepara-para-las-mejores-fiestas\/","og_site_name":"Ayuntamiento de Aldaia","article_published_time":"2024-07-10T12:16:03+00:00","article_modified_time":"2024-07-10T12:23:13+00:00","og_image":[{"width":2048,"height":1365,"url":"https:\/\/aldaia.es\/wp-content\/uploads\/2024\/07\/Farolets.jpg","type":"image\/jpeg"}],"author":"COMUNICACION","schema":{"@context":"https:\/\/schema.org","@graph":[{"@type":"Article","@id":"https:\/\/aldaia.es\/es\/2024\/07\/10\/aldaia-se-prepara-para-las-mejores-fiestas\/#article","isPartOf":{"@id":"https:\/\/aldaia.es\/es\/2024\/07\/10\/aldaia-se-prepara-para-las-mejores-fiestas\/"},"author":{"name":"COMUNICACION","@id":"https:\/\/aldaia.es\/es\/#\/schema\/person\/30857f69808336228734ad5f61baa40c"},"headline":"Aldaia se prepara para las mejores Fiestas","datePublished":"2024-07-10T12:16:03+00:00","dateModified":"2024-07-10T12:23:13+00:00","mainEntityOfPage":{"@id":"https:\/\/aldaia.es\/es\/2024\/07\/10\/aldaia-se-prepara-para-las-mejores-fiestas\/"},"wordCount":645,"publisher":{"@id":"https:\/\/aldaia.es\/es\/#organization"},"image":{"@id":"https:\/\/aldaia.es\/es\/2024\/07\/10\/aldaia-se-prepara-para-las-mejores-fiestas\/#primaryimage"},"thumbnailUrl":"https:\/\/aldaia.es\/wp-content\/uploads\/2024\/07\/Farolets.jpg","articleSection":["Sense categoritzar"],"inLanguage":"es"},{"@type":"WebPage","@id":"https:\/\/aldaia.es\/es\/2024\/07\/10\/aldaia-se-prepara-para-las-mejores-fiestas\/","url":"https:\/\/aldaia.es\/es\/2024\/07\/10\/aldaia-se-prepara-para-las-mejores-fiestas\/","name":"Aldaia se prepara para las mejores Fiestas - Ayuntamiento de Aldaia","isPartOf":{"@id":"https:\/\/aldaia.es\/es\/#website"},"primaryImageOfPage":{"@id":"https:\/\/aldaia.es\/es\/2024\/07\/10\/aldaia-se-prepara-para-las-mejores-fiestas\/#primaryimage"},"image":{"@id":"https:\/\/aldaia.es\/es\/2024\/07\/10\/aldaia-se-prepara-para-las-mejores-fiestas\/#primaryimage"},"thumbnailUrl":"https:\/\/aldaia.es\/wp-content\/uploads\/2024\/07\/Farolets.jpg","datePublished":"2024-07-10T12:16:03+00:00","dateModified":"2024-07-10T12:23:13+00:00","description":"Aldaia se prepara para las mejores Fiestas","breadcrumb":{"@id":"https:\/\/aldaia.es\/es\/2024\/07\/10\/aldaia-se-prepara-para-las-mejores-fiestas\/#breadcrumb"},"inLanguage":"es","potentialAction":[{"@type":"ReadAction","target":["https:\/\/aldaia.es\/es\/2024\/07\/10\/aldaia-se-prepara-para-las-mejores-fiestas\/"]}]},{"@type":"ImageObject","inLanguage":"es","@id":"https:\/\/aldaia.es\/es\/2024\/07\/10\/aldaia-se-prepara-para-las-mejores-fiestas\/#primaryimage","url":"https:\/\/aldaia.es\/wp-content\/uploads\/2024\/07\/Farolets.jpg","contentUrl":"https:\/\/aldaia.es\/wp-content\/uploads\/2024\/07\/Farolets.jpg","width":2048,"height":1365},{"@type":"BreadcrumbList","@id":"https:\/\/aldaia.es\/es\/2024\/07\/10\/aldaia-se-prepara-para-las-mejores-fiestas\/#breadcrumb","itemListElement":[{"@type":"ListItem","position":1,"name":"Portada","item":"https:\/\/aldaia.es\/es\/"},{"@type":"ListItem","position":2,"name":"Aldaia se prepara para las mejores Fiestas"}]},{"@type":"WebSite","@id":"https:\/\/aldaia.es\/es\/#website","url":"https:\/\/aldaia.es\/es\/","name":"Ajuntament D'Aldaia","description":"","publisher":{"@id":"https:\/\/aldaia.es\/es\/#organization"},"alternateName":"Ajuntament D'Aldaia","potentialAction":[{"@type":"SearchAction","target":{"@type":"EntryPoint","urlTemplate":"https:\/\/aldaia.es\/es\/?s={search_term_string}"},"query-input":{"@type":"PropertyValueSpecification","valueRequired":true,"valueName":"search_term_string"}}],"inLanguage":"es"},{"@type":"Organization","@id":"https:\/\/aldaia.es\/es\/#organization","name":"Ajuntament D'Aldaia","url":"https:\/\/aldaia.es\/es\/","logo":{"@type":"ImageObject","inLanguage":"es","@id":"https:\/\/aldaia.es\/es\/#\/schema\/logo\/image\/","url":"https:\/\/aldaia.es\/wp-content\/uploads\/2022\/06\/aldaia-negro-1.png","contentUrl":"https:\/\/aldaia.es\/wp-content\/uploads\/2022\/06\/aldaia-negro-1.png","width":152,"height":70,"caption":"Ajuntament D'Aldaia"},"image":{"@id":"https:\/\/aldaia.es\/es\/#\/schema\/logo\/image\/"}},{"@type":"Person","@id":"https:\/\/aldaia.es\/es\/#\/schema\/person\/30857f69808336228734ad5f61baa40c","name":"COMUNICACION"}]}},"_links":{"self":[{"href":"https:\/\/aldaia.es\/es\/wp-json\/wp\/v2\/posts\/29241","targetHints":{"allow":["GET"]}}],"collection":[{"href":"https:\/\/aldaia.es\/es\/wp-json\/wp\/v2\/posts"}],"about":[{"href":"https:\/\/aldaia.es\/es\/wp-json\/wp\/v2\/types\/post"}],"author":[{"embeddable":true,"href":"https:\/\/aldaia.es\/es\/wp-json\/wp\/v2\/users\/20"}],"replies":[{"embeddable":true,"href":"https:\/\/aldaia.es\/es\/wp-json\/wp\/v2\/comments?post=29241"}],"version-history":[{"count":1,"href":"https:\/\/aldaia.es\/es\/wp-json\/wp\/v2\/posts\/29241\/revisions"}],"predecessor-version":[{"id":29242,"href":"https:\/\/aldaia.es\/es\/wp-json\/wp\/v2\/posts\/29241\/revisions\/29242"}],"wp:featuredmedia":[{"embeddable":true,"href":"https:\/\/aldaia.es\/es\/wp-json\/wp\/v2\/media\/29239"}],"wp:attachment":[{"href":"https:\/\/aldaia.es\/es\/wp-json\/wp\/v2\/media?parent=29241"}],"wp:term":[{"taxonomy":"category","embeddable":true,"href":"https:\/\/aldaia.es\/es\/wp-json\/wp\/v2\/categories?post=29241"},{"taxonomy":"post_tag","embeddable":true,"href":"https:\/\/aldaia.es\/es\/wp-json\/wp\/v2\/tags?post=29241"}],"curies":[{"name":"wp","href":"https:\/\/api.w.org\/{rel}","templated":true}]}}