{"id":6713,"date":"2023-01-01T10:55:30","date_gmt":"2023-01-01T09:55:30","guid":{"rendered":"https:\/\/aldaia.eu\/2023\/01\/01\/la-delegada-del-gobierno-afirma-con-los-fondos-europeos-es-imprescindible-el-desvio-del-barranco-de-la-saleta\/"},"modified":"2023-06-09T11:55:26","modified_gmt":"2023-06-09T09:55:26","slug":"la-delegada-del-gobierno-afirma-con-los-fondos-europeos-es-imprescindible-el-desvio-del-barranco-de-la-saleta","status":"publish","type":"post","link":"https:\/\/aldaia.es\/es\/2023\/01\/01\/la-delegada-del-gobierno-afirma-con-los-fondos-europeos-es-imprescindible-el-desvio-del-barranco-de-la-saleta\/","title":{"rendered":"La delegada del Gobierno afirma &#8220;con los fondos europeos, es imprescindible el desv\u00edo del barranco de La Saleta&#8221;"},"content":{"rendered":"<h5 class=\"western\" data-wahfont=\"16\">\u201cDesde la Confederaci\u00f3n Hidrogr\u00e1fica del J\u00facar, que es quien debe llevar la obra adelante, se est\u00e1 hablando con los t\u00e9cnicos de Conselleria para poner en com\u00fan posibles dudas y empezar lo antes posible.\u201d Es lo que ha asegurado la delegada del Gobierno en la Comunidad Valenciana, Pilar Bernab\u00e9, en Aldaia respecto al proyecto de desv\u00edo del barranco de La Saleta para evitar nuevas inundaciones y situaciones de peligro en la poblaci\u00f3n.<\/h5>\n<h5 data-wahfont=\"16\">\u00abHay soluci\u00f3n, hay proyecto y hay lo m\u00e1s importante que es la capacidad econ\u00f3mica para poder afrontarlo, y en estos momentos con los fondos europeos tenemos la posibilidad de ponerlo en marcha\u00bb .<\/h5>\n<h5 data-wahfont=\"16\">En esa misma l\u00ednea Bernab\u00e9 asegura que desde la Delegaci\u00f3n del Gobierno de Espa\u00f1a, \u201ces imprescindible y necesario que las administraciones trabajemos de forma conjunta para salir adelante en un proyecto que es vital pero especialmente imprescindible empezarlo ya porque debemos gastar ese dinero que tenemos asignado para este proyecto\u201d.<\/h5>\n<h5 data-wahfont=\"16\">En una visita institucional al consistorio, la delegada se mostr\u00f3 \u201cconvencida porque tambi\u00e9n desde la Conselleria se han puesto a trabajar para dejar posibles inconveniencias que inicialmente se hab\u00edan encontrado. Estamos todos de acuerdo en que esto es una prioridad. Cada vez estamos en una situaci\u00f3n climatol\u00f3gica donde somos m\u00e1s vulnerables y por tanto debemos dotarnos de las mejores infraestructuras para proteger de eventos que vengan causados por el cambio clim\u00e1tico que es imparable\u201d.<\/h5>\n<h5 data-wahfont=\"16\">Bernab\u00e9 incide en que hay que utilizar ese dinero que est\u00e1 a disposici\u00f3n para poner en marcha la obra \u201clo antes posible\u201d.<\/h5>\n","protected":false},"excerpt":{"rendered":"<p>\u201cDesde la Confederaci\u00f3n Hidrogr\u00e1fica del J\u00facar, que es quien debe llevar la obra adelante, se est\u00e1 hablando con los t\u00e9cnicos de Conselleria para poner en com\u00fan posibles dudas y empezar <a class=\"text-decoration-none text-black\" href=\"https:\/\/aldaia.es\/es\/2023\/01\/01\/la-delegada-del-gobierno-afirma-con-los-fondos-europeos-es-imprescindible-el-desvio-del-barranco-de-la-saleta\/\"> &#8230; <\/a><\/p>\n","protected":false},"author":4,"featured_media":5684,"comment_status":"closed","ping_status":"closed","sticky":false,"template":"","format":"standard","meta":{"_acf_changed":false,"footnotes":""},"categories":[1],"tags":[],"class_list":["post-6713","post","type-post","status-publish","format-standard","has-post-thumbnail","hentry","category-sin-categorizar"],"acf":[],"yoast_head":"<!-- This site is optimized with the Yoast SEO plugin v27.0 - https:\/\/yoast.com\/product\/yoast-seo-wordpress\/ -->\n<title>La delegada del Gobierno afirma &#8220;con los fondos europeos, es imprescindible el desv\u00edo del barranco de La Saleta&#8221; - Ayuntamiento de Aldaia<\/title>\n<meta name=\"description\" content=\"La delegada del Gobierno, Pilar Bernab\u00e9, asegura en una visita a Aldaia que &quot;hay soluci\u00f3n, hay proyecto y hay capacidad econ\u00f3mica con los fondos europeos para poder afrontar lo que es una prioridad&quot;\" \/>\n<meta name=\"robots\" content=\"index, follow, max-snippet:-1, max-image-preview:large, max-video-preview:-1\" \/>\n<link rel=\"canonical\" href=\"https:\/\/aldaia.es\/es\/2023\/01\/01\/la-delegada-del-gobierno-afirma-con-los-fondos-europeos-es-imprescindible-el-desvio-del-barranco-de-la-saleta\/\" \/>\n<meta property=\"og:locale\" content=\"es_ES\" \/>\n<meta property=\"og:type\" content=\"article\" \/>\n<meta property=\"og:title\" content=\"La delegada del Gobierno afirma &#8220;con los fondos europeos, es imprescindible el desv\u00edo del barranco de La Saleta&#8221; - Ayuntamiento de Aldaia\" \/>\n<meta property=\"og:description\" content=\"La delegada del Gobierno, Pilar Bernab\u00e9, asegura en una visita a Aldaia que &quot;hay soluci\u00f3n, hay proyecto y hay capacidad econ\u00f3mica con los fondos europeos para poder afrontar lo que es una prioridad&quot;\" \/>\n<meta property=\"og:url\" content=\"https:\/\/aldaia.es\/es\/2023\/01\/01\/la-delegada-del-gobierno-afirma-con-los-fondos-europeos-es-imprescindible-el-desvio-del-barranco-de-la-saleta\/\" \/>\n<meta property=\"og:site_name\" content=\"Ayuntamiento de Aldaia\" \/>\n<meta property=\"article:published_time\" content=\"2023-01-01T09:55:30+00:00\" \/>\n<meta property=\"article:modified_time\" content=\"2023-06-09T09:55:26+00:00\" \/>\n<meta property=\"og:image\" content=\"https:\/\/aldaia.es\/wp-content\/uploads\/2023\/01\/IMG_1103-scaled.jpg\" \/>\n\t<meta property=\"og:image:width\" content=\"2560\" \/>\n\t<meta property=\"og:image:height\" content=\"1707\" \/>\n\t<meta property=\"og:image:type\" content=\"image\/jpeg\" \/>\n<meta name=\"author\" content=\"prensa\" \/>\n<script type=\"application\/ld+json\" class=\"yoast-schema-graph\">{\"@context\":\"https:\/\/schema.org\",\"@graph\":[{\"@type\":\"Article\",\"@id\":\"https:\/\/aldaia.es\/es\/2023\/01\/01\/la-delegada-del-gobierno-afirma-con-los-fondos-europeos-es-imprescindible-el-desvio-del-barranco-de-la-saleta\/#article\",\"isPartOf\":{\"@id\":\"https:\/\/aldaia.es\/es\/2023\/01\/01\/la-delegada-del-gobierno-afirma-con-los-fondos-europeos-es-imprescindible-el-desvio-del-barranco-de-la-saleta\/\"},\"author\":{\"name\":\"prensa\",\"@id\":\"https:\/\/aldaia.es\/es\/#\/schema\/person\/a5b1ea8854570a60c6041d3b02cd465b\"},\"headline\":\"La delegada del Gobierno afirma &#8220;con los fondos europeos, es imprescindible el desv\u00edo del barranco de La Saleta&#8221;\",\"datePublished\":\"2023-01-01T09:55:30+00:00\",\"dateModified\":\"2023-06-09T09:55:26+00:00\",\"mainEntityOfPage\":{\"@id\":\"https:\/\/aldaia.es\/es\/2023\/01\/01\/la-delegada-del-gobierno-afirma-con-los-fondos-europeos-es-imprescindible-el-desvio-del-barranco-de-la-saleta\/\"},\"wordCount\":288,\"publisher\":{\"@id\":\"https:\/\/aldaia.es\/es\/#organization\"},\"image\":{\"@id\":\"https:\/\/aldaia.es\/es\/2023\/01\/01\/la-delegada-del-gobierno-afirma-con-los-fondos-europeos-es-imprescindible-el-desvio-del-barranco-de-la-saleta\/#primaryimage\"},\"thumbnailUrl\":\"https:\/\/aldaia.es\/wp-content\/uploads\/2023\/01\/IMG_1103-scaled.jpg\",\"articleSection\":[\"Sin categorizar\"],\"inLanguage\":\"es\"},{\"@type\":\"WebPage\",\"@id\":\"https:\/\/aldaia.es\/es\/2023\/01\/01\/la-delegada-del-gobierno-afirma-con-los-fondos-europeos-es-imprescindible-el-desvio-del-barranco-de-la-saleta\/\",\"url\":\"https:\/\/aldaia.es\/es\/2023\/01\/01\/la-delegada-del-gobierno-afirma-con-los-fondos-europeos-es-imprescindible-el-desvio-del-barranco-de-la-saleta\/\",\"name\":\"La delegada del Gobierno afirma &#8220;con los fondos europeos, es imprescindible el desv\u00edo del barranco de La Saleta&#8221; - Ayuntamiento de Aldaia\",\"isPartOf\":{\"@id\":\"https:\/\/aldaia.es\/es\/#website\"},\"primaryImageOfPage\":{\"@id\":\"https:\/\/aldaia.es\/es\/2023\/01\/01\/la-delegada-del-gobierno-afirma-con-los-fondos-europeos-es-imprescindible-el-desvio-del-barranco-de-la-saleta\/#primaryimage\"},\"image\":{\"@id\":\"https:\/\/aldaia.es\/es\/2023\/01\/01\/la-delegada-del-gobierno-afirma-con-los-fondos-europeos-es-imprescindible-el-desvio-del-barranco-de-la-saleta\/#primaryimage\"},\"thumbnailUrl\":\"https:\/\/aldaia.es\/wp-content\/uploads\/2023\/01\/IMG_1103-scaled.jpg\",\"datePublished\":\"2023-01-01T09:55:30+00:00\",\"dateModified\":\"2023-06-09T09:55:26+00:00\",\"description\":\"La delegada del Gobierno, Pilar Bernab\u00e9, asegura en una visita a Aldaia que \\\"hay soluci\u00f3n, hay proyecto y hay capacidad econ\u00f3mica con los fondos europeos para poder afrontar lo que es una prioridad\\\"\",\"breadcrumb\":{\"@id\":\"https:\/\/aldaia.es\/es\/2023\/01\/01\/la-delegada-del-gobierno-afirma-con-los-fondos-europeos-es-imprescindible-el-desvio-del-barranco-de-la-saleta\/#breadcrumb\"},\"inLanguage\":\"es\",\"potentialAction\":[{\"@type\":\"ReadAction\",\"target\":[\"https:\/\/aldaia.es\/es\/2023\/01\/01\/la-delegada-del-gobierno-afirma-con-los-fondos-europeos-es-imprescindible-el-desvio-del-barranco-de-la-saleta\/\"]}]},{\"@type\":\"ImageObject\",\"inLanguage\":\"es\",\"@id\":\"https:\/\/aldaia.es\/es\/2023\/01\/01\/la-delegada-del-gobierno-afirma-con-los-fondos-europeos-es-imprescindible-el-desvio-del-barranco-de-la-saleta\/#primaryimage\",\"url\":\"https:\/\/aldaia.es\/wp-content\/uploads\/2023\/01\/IMG_1103-scaled.jpg\",\"contentUrl\":\"https:\/\/aldaia.es\/wp-content\/uploads\/2023\/01\/IMG_1103-scaled.jpg\",\"width\":2560,\"height\":1707},{\"@type\":\"BreadcrumbList\",\"@id\":\"https:\/\/aldaia.es\/es\/2023\/01\/01\/la-delegada-del-gobierno-afirma-con-los-fondos-europeos-es-imprescindible-el-desvio-del-barranco-de-la-saleta\/#breadcrumb\",\"itemListElement\":[{\"@type\":\"ListItem\",\"position\":1,\"name\":\"Portada\",\"item\":\"https:\/\/aldaia.es\/es\/\"},{\"@type\":\"ListItem\",\"position\":2,\"name\":\"La delegada del Gobierno afirma &#8220;con los fondos europeos, es imprescindible el desv\u00edo del barranco de La Saleta&#8221;\"}]},{\"@type\":\"WebSite\",\"@id\":\"https:\/\/aldaia.es\/es\/#website\",\"url\":\"https:\/\/aldaia.es\/es\/\",\"name\":\"Ajuntament D'Aldaia\",\"description\":\"\",\"publisher\":{\"@id\":\"https:\/\/aldaia.es\/es\/#organization\"},\"alternateName\":\"Ajuntament D'Aldaia\",\"potentialAction\":[{\"@type\":\"SearchAction\",\"target\":{\"@type\":\"EntryPoint\",\"urlTemplate\":\"https:\/\/aldaia.es\/es\/?s={search_term_string}\"},\"query-input\":{\"@type\":\"PropertyValueSpecification\",\"valueRequired\":true,\"valueName\":\"search_term_string\"}}],\"inLanguage\":\"es\"},{\"@type\":\"Organization\",\"@id\":\"https:\/\/aldaia.es\/es\/#organization\",\"name\":\"Ajuntament D'Aldaia\",\"url\":\"https:\/\/aldaia.es\/es\/\",\"logo\":{\"@type\":\"ImageObject\",\"inLanguage\":\"es\",\"@id\":\"https:\/\/aldaia.es\/es\/#\/schema\/logo\/image\/\",\"url\":\"https:\/\/aldaia.es\/wp-content\/uploads\/2022\/06\/aldaia-negro-1.png\",\"contentUrl\":\"https:\/\/aldaia.es\/wp-content\/uploads\/2022\/06\/aldaia-negro-1.png\",\"width\":152,\"height\":70,\"caption\":\"Ajuntament D'Aldaia\"},\"image\":{\"@id\":\"https:\/\/aldaia.es\/es\/#\/schema\/logo\/image\/\"}},{\"@type\":\"Person\",\"@id\":\"https:\/\/aldaia.es\/es\/#\/schema\/person\/a5b1ea8854570a60c6041d3b02cd465b\",\"name\":\"prensa\"}]}<\/script>\n<!-- \/ Yoast SEO plugin. -->","yoast_head_json":{"title":"La delegada del Gobierno afirma &#8220;con los fondos europeos, es imprescindible el desv\u00edo del barranco de La Saleta&#8221; - Ayuntamiento de Aldaia","description":"La delegada del Gobierno, Pilar Bernab\u00e9, asegura en una visita a Aldaia que \"hay soluci\u00f3n, hay proyecto y hay capacidad econ\u00f3mica con los fondos europeos para poder afrontar lo que es una prioridad\"","robots":{"index":"index","follow":"follow","max-snippet":"max-snippet:-1","max-image-preview":"max-image-preview:large","max-video-preview":"max-video-preview:-1"},"canonical":"https:\/\/aldaia.es\/es\/2023\/01\/01\/la-delegada-del-gobierno-afirma-con-los-fondos-europeos-es-imprescindible-el-desvio-del-barranco-de-la-saleta\/","og_locale":"es_ES","og_type":"article","og_title":"La delegada del Gobierno afirma &#8220;con los fondos europeos, es imprescindible el desv\u00edo del barranco de La Saleta&#8221; - Ayuntamiento de Aldaia","og_description":"La delegada del Gobierno, Pilar Bernab\u00e9, asegura en una visita a Aldaia que \"hay soluci\u00f3n, hay proyecto y hay capacidad econ\u00f3mica con los fondos europeos para poder afrontar lo que es una prioridad\"","og_url":"https:\/\/aldaia.es\/es\/2023\/01\/01\/la-delegada-del-gobierno-afirma-con-los-fondos-europeos-es-imprescindible-el-desvio-del-barranco-de-la-saleta\/","og_site_name":"Ayuntamiento de Aldaia","article_published_time":"2023-01-01T09:55:30+00:00","article_modified_time":"2023-06-09T09:55:26+00:00","og_image":[{"width":2560,"height":1707,"url":"https:\/\/aldaia.es\/wp-content\/uploads\/2023\/01\/IMG_1103-scaled.jpg","type":"image\/jpeg"}],"author":"prensa","schema":{"@context":"https:\/\/schema.org","@graph":[{"@type":"Article","@id":"https:\/\/aldaia.es\/es\/2023\/01\/01\/la-delegada-del-gobierno-afirma-con-los-fondos-europeos-es-imprescindible-el-desvio-del-barranco-de-la-saleta\/#article","isPartOf":{"@id":"https:\/\/aldaia.es\/es\/2023\/01\/01\/la-delegada-del-gobierno-afirma-con-los-fondos-europeos-es-imprescindible-el-desvio-del-barranco-de-la-saleta\/"},"author":{"name":"prensa","@id":"https:\/\/aldaia.es\/es\/#\/schema\/person\/a5b1ea8854570a60c6041d3b02cd465b"},"headline":"La delegada del Gobierno afirma &#8220;con los fondos europeos, es imprescindible el desv\u00edo del barranco de La Saleta&#8221;","datePublished":"2023-01-01T09:55:30+00:00","dateModified":"2023-06-09T09:55:26+00:00","mainEntityOfPage":{"@id":"https:\/\/aldaia.es\/es\/2023\/01\/01\/la-delegada-del-gobierno-afirma-con-los-fondos-europeos-es-imprescindible-el-desvio-del-barranco-de-la-saleta\/"},"wordCount":288,"publisher":{"@id":"https:\/\/aldaia.es\/es\/#organization"},"image":{"@id":"https:\/\/aldaia.es\/es\/2023\/01\/01\/la-delegada-del-gobierno-afirma-con-los-fondos-europeos-es-imprescindible-el-desvio-del-barranco-de-la-saleta\/#primaryimage"},"thumbnailUrl":"https:\/\/aldaia.es\/wp-content\/uploads\/2023\/01\/IMG_1103-scaled.jpg","articleSection":["Sin categorizar"],"inLanguage":"es"},{"@type":"WebPage","@id":"https:\/\/aldaia.es\/es\/2023\/01\/01\/la-delegada-del-gobierno-afirma-con-los-fondos-europeos-es-imprescindible-el-desvio-del-barranco-de-la-saleta\/","url":"https:\/\/aldaia.es\/es\/2023\/01\/01\/la-delegada-del-gobierno-afirma-con-los-fondos-europeos-es-imprescindible-el-desvio-del-barranco-de-la-saleta\/","name":"La delegada del Gobierno afirma &#8220;con los fondos europeos, es imprescindible el desv\u00edo del barranco de La Saleta&#8221; - Ayuntamiento de Aldaia","isPartOf":{"@id":"https:\/\/aldaia.es\/es\/#website"},"primaryImageOfPage":{"@id":"https:\/\/aldaia.es\/es\/2023\/01\/01\/la-delegada-del-gobierno-afirma-con-los-fondos-europeos-es-imprescindible-el-desvio-del-barranco-de-la-saleta\/#primaryimage"},"image":{"@id":"https:\/\/aldaia.es\/es\/2023\/01\/01\/la-delegada-del-gobierno-afirma-con-los-fondos-europeos-es-imprescindible-el-desvio-del-barranco-de-la-saleta\/#primaryimage"},"thumbnailUrl":"https:\/\/aldaia.es\/wp-content\/uploads\/2023\/01\/IMG_1103-scaled.jpg","datePublished":"2023-01-01T09:55:30+00:00","dateModified":"2023-06-09T09:55:26+00:00","description":"La delegada del Gobierno, Pilar Bernab\u00e9, asegura en una visita a Aldaia que \"hay soluci\u00f3n, hay proyecto y hay capacidad econ\u00f3mica con los fondos europeos para poder afrontar lo que es una prioridad\"","breadcrumb":{"@id":"https:\/\/aldaia.es\/es\/2023\/01\/01\/la-delegada-del-gobierno-afirma-con-los-fondos-europeos-es-imprescindible-el-desvio-del-barranco-de-la-saleta\/#breadcrumb"},"inLanguage":"es","potentialAction":[{"@type":"ReadAction","target":["https:\/\/aldaia.es\/es\/2023\/01\/01\/la-delegada-del-gobierno-afirma-con-los-fondos-europeos-es-imprescindible-el-desvio-del-barranco-de-la-saleta\/"]}]},{"@type":"ImageObject","inLanguage":"es","@id":"https:\/\/aldaia.es\/es\/2023\/01\/01\/la-delegada-del-gobierno-afirma-con-los-fondos-europeos-es-imprescindible-el-desvio-del-barranco-de-la-saleta\/#primaryimage","url":"https:\/\/aldaia.es\/wp-content\/uploads\/2023\/01\/IMG_1103-scaled.jpg","contentUrl":"https:\/\/aldaia.es\/wp-content\/uploads\/2023\/01\/IMG_1103-scaled.jpg","width":2560,"height":1707},{"@type":"BreadcrumbList","@id":"https:\/\/aldaia.es\/es\/2023\/01\/01\/la-delegada-del-gobierno-afirma-con-los-fondos-europeos-es-imprescindible-el-desvio-del-barranco-de-la-saleta\/#breadcrumb","itemListElement":[{"@type":"ListItem","position":1,"name":"Portada","item":"https:\/\/aldaia.es\/es\/"},{"@type":"ListItem","position":2,"name":"La delegada del Gobierno afirma &#8220;con los fondos europeos, es imprescindible el desv\u00edo del barranco de La Saleta&#8221;"}]},{"@type":"WebSite","@id":"https:\/\/aldaia.es\/es\/#website","url":"https:\/\/aldaia.es\/es\/","name":"Ajuntament D'Aldaia","description":"","publisher":{"@id":"https:\/\/aldaia.es\/es\/#organization"},"alternateName":"Ajuntament D'Aldaia","potentialAction":[{"@type":"SearchAction","target":{"@type":"EntryPoint","urlTemplate":"https:\/\/aldaia.es\/es\/?s={search_term_string}"},"query-input":{"@type":"PropertyValueSpecification","valueRequired":true,"valueName":"search_term_string"}}],"inLanguage":"es"},{"@type":"Organization","@id":"https:\/\/aldaia.es\/es\/#organization","name":"Ajuntament D'Aldaia","url":"https:\/\/aldaia.es\/es\/","logo":{"@type":"ImageObject","inLanguage":"es","@id":"https:\/\/aldaia.es\/es\/#\/schema\/logo\/image\/","url":"https:\/\/aldaia.es\/wp-content\/uploads\/2022\/06\/aldaia-negro-1.png","contentUrl":"https:\/\/aldaia.es\/wp-content\/uploads\/2022\/06\/aldaia-negro-1.png","width":152,"height":70,"caption":"Ajuntament D'Aldaia"},"image":{"@id":"https:\/\/aldaia.es\/es\/#\/schema\/logo\/image\/"}},{"@type":"Person","@id":"https:\/\/aldaia.es\/es\/#\/schema\/person\/a5b1ea8854570a60c6041d3b02cd465b","name":"prensa"}]}},"_links":{"self":[{"href":"https:\/\/aldaia.es\/es\/wp-json\/wp\/v2\/posts\/6713","targetHints":{"allow":["GET"]}}],"collection":[{"href":"https:\/\/aldaia.es\/es\/wp-json\/wp\/v2\/posts"}],"about":[{"href":"https:\/\/aldaia.es\/es\/wp-json\/wp\/v2\/types\/post"}],"author":[{"embeddable":true,"href":"https:\/\/aldaia.es\/es\/wp-json\/wp\/v2\/users\/4"}],"replies":[{"embeddable":true,"href":"https:\/\/aldaia.es\/es\/wp-json\/wp\/v2\/comments?post=6713"}],"version-history":[{"count":3,"href":"https:\/\/aldaia.es\/es\/wp-json\/wp\/v2\/posts\/6713\/revisions"}],"predecessor-version":[{"id":8563,"href":"https:\/\/aldaia.es\/es\/wp-json\/wp\/v2\/posts\/6713\/revisions\/8563"}],"wp:featuredmedia":[{"embeddable":true,"href":"https:\/\/aldaia.es\/es\/wp-json\/wp\/v2\/media\/5684"}],"wp:attachment":[{"href":"https:\/\/aldaia.es\/es\/wp-json\/wp\/v2\/media?parent=6713"}],"wp:term":[{"taxonomy":"category","embeddable":true,"href":"https:\/\/aldaia.es\/es\/wp-json\/wp\/v2\/categories?post=6713"},{"taxonomy":"post_tag","embeddable":true,"href":"https:\/\/aldaia.es\/es\/wp-json\/wp\/v2\/tags?post=6713"}],"curies":[{"name":"wp","href":"https:\/\/api.w.org\/{rel}","templated":true}]}}