{"id":12385,"date":"2023-05-22T12:47:28","date_gmt":"2023-05-22T10:47:28","guid":{"rendered":"https:\/\/aldaia.es\/2023\/05\/22\/supermercados-consum-instalara-su-nueva-pla-taforma-logistica-en-el-parc-empresarial-pont-dels-cavalls-de-aldaia\/"},"modified":"2025-05-19T13:25:24","modified_gmt":"2025-05-19T11:25:24","slug":"supermercados-consum-instalara-su-nueva-pla-taforma-logistica-en-el-parc-empresarial-pont-dels-cavalls-de-aldaia","status":"publish","type":"post","link":"https:\/\/aldaia.es\/noticias\/es\/supermercados-consum-instalara-su-nueva-pla-taforma-logistica-en-el-parc-empresarial-pont-dels-cavalls-de-aldaia\/","title":{"rendered":"Supermercados Consum instalar\u00e1 su nueva pla-taforma log\u00edstica en el Parc Empresarial Pont dels Cavalls de Aldaia"},"content":{"rendered":"<p><strong>&#8211; La puesta en marcha del Parc Empresarial Pont dels Cavalls supondr\u00e1 una inver-si\u00f3n global de m\u00e1s de 500 millones de euros en la zona<\/strong><\/p>\n<p><strong>&#8211; Ximo Puig: \u201choy podemos celebrar que Consum va a realizar una inversi\u00f3n muy importante en esta \u00e1rea log\u00edstica que va a generar muchos puestos de trabajo\u201d<\/strong><\/p>\n<p>En su visita a Aldaia el president de la Generalitat, Ximo Puig, ha valorado \u201cmuy positi-vamente\u201d el anuncio de la instalaci\u00f3n de Supermercados Consum en el Parque Empre-sarial Pont dels Cavalls de Aldaia y ha asegurado que \u201choy podemos celebrar que Con-sum va a realizar una inversi\u00f3n muy importante en esta \u00e1rea log\u00edstica que va a generar muchos puestos de trabajo\u201d. La cooperativa valenciana anunci\u00f3 recientemente la adquisici\u00f3n de una parcela de 400.000 metros cuadrados en esta nueva zona industrial para poner en marcha una pla-taforma log\u00edstica que le permita seguir abasteciendo con normalidad a su red de super-mercados.<\/p>\n<p>La puesta en marcha del Parc Empresarial Pont dels Cavalls supondr\u00e1 una inversi\u00f3n global de m\u00e1s de 500 millones de euros en la zona \u201cy un enorme impulso no solo para el tejido econ\u00f3mico de Aldaia, sino tambi\u00e9n de toda el \u00e1rea metropolitana de Valencia, tanto por la inversi\u00f3n directa que va a atraer como por el impacto indirecto que genarar\u00e1 por ejemplo con las industrias accesorias\u201d, indica el alcalde de Aldaia, Guillermo Luj\u00e1n.<\/p>\n<h4><strong>Un mill\u00f3n de metros cuadrados<\/strong><\/h4>\n<p>El futuro Parque Empresarial Pont dels Cavalls de Aldaia tendr\u00e1 una extensi\u00f3n de un mill\u00f3n de metros cuadrados, el equivalente a la mitad del casco urbano del municipio, y ser\u00e1 un punto de desarrollo econ\u00f3mico que impulsar\u00e1 el crecimiento colateral de mu-chas actividades empresariales. El proyecto fue declarado en 2021 parque comarcal de innovaci\u00f3n por la Generalitat Va-lenciana, signific\u00e1ndolo como un proyecto viable. La empresa Consum ser\u00e1 la que lo haga viable y quien ejerza de polo de atracci\u00f3n e im-plementar\u00e1 su zona log\u00edstica aqu\u00ed. Su entorno contar\u00e1 con diferentes n\u00facleos verdes y se integrar\u00e1 de manera respetuosa con la zona colindante. \u00abQueremos ponerlo en valor y no destrozar el territorio\u00bb, explica la arquitecta municipal.<\/p>\n<p><strong> <\/strong><\/p>\n","protected":false},"excerpt":{"rendered":"<p>&#8211; La puesta en marcha del Parc Empresarial Pont dels Cavalls supondr\u00e1 una inver-si\u00f3n global de m\u00e1s de 500 millones d&#8230;<\/p>\n","protected":false},"author":3,"featured_media":12381,"comment_status":"closed","ping_status":"closed","sticky":false,"template":"","format":"standard","meta":{"_acf_changed":false,"footnotes":""},"categories":[42],"tags":[],"class_list":["post-12385","post","type-post","status-publish","format-standard","has-post-thumbnail","hentry","category-adl-comercio"],"acf":[],"yoast_head":"<!-- This site is optimized with the Yoast SEO plugin v26.9 - https:\/\/yoast.com\/product\/yoast-seo-wordpress\/ -->\n<title>Supermercados Consum instalar\u00e1 su nueva pla-taforma log\u00edstica en el Parc Empresarial Pont dels Cavalls de Aldaia - Noticias - Ayuntamiento de Aldaia<\/title>\n<meta name=\"robots\" content=\"index, follow, max-snippet:-1, max-image-preview:large, max-video-preview:-1\" \/>\n<link rel=\"canonical\" href=\"https:\/\/aldaia.es\/noticias\/es\/supermercados-consum-instalara-su-nueva-pla-taforma-logistica-en-el-parc-empresarial-pont-dels-cavalls-de-aldaia\/\" \/>\n<meta property=\"og:locale\" content=\"es_ES\" \/>\n<meta property=\"og:type\" content=\"article\" \/>\n<meta property=\"og:title\" content=\"Supermercados Consum instalar\u00e1 su nueva pla-taforma log\u00edstica en el Parc Empresarial Pont dels Cavalls de Aldaia - Noticias - Ayuntamiento de Aldaia\" \/>\n<meta property=\"og:description\" content=\"&#8211; La puesta en marcha del Parc Empresarial Pont dels Cavalls supondr\u00e1 una inver-si\u00f3n global de m\u00e1s de 500 millones d...\" \/>\n<meta property=\"og:url\" content=\"https:\/\/aldaia.es\/noticias\/es\/supermercados-consum-instalara-su-nueva-pla-taforma-logistica-en-el-parc-empresarial-pont-dels-cavalls-de-aldaia\/\" \/>\n<meta property=\"og:site_name\" content=\"Noticias - Ayuntamiento de Aldaia\" \/>\n<meta property=\"article:published_time\" content=\"2023-05-22T10:47:28+00:00\" \/>\n<meta property=\"article:modified_time\" content=\"2025-05-19T11:25:24+00:00\" \/>\n<meta property=\"og:image\" content=\"https:\/\/aldaia.es\/noticias\/wp-content\/uploads\/2023\/05\/Visita-Ximo-2.jpg\" \/>\n\t<meta property=\"og:image:width\" content=\"1421\" \/>\n\t<meta property=\"og:image:height\" content=\"1199\" \/>\n\t<meta property=\"og:image:type\" content=\"image\/jpeg\" \/>\n<meta name=\"author\" content=\"COMUNICACION\" \/>\n<meta name=\"twitter:card\" content=\"summary_large_image\" \/>\n<meta name=\"twitter:label1\" content=\"Escrito por\" \/>\n\t<meta name=\"twitter:data1\" content=\"COMUNICACION\" \/>\n\t<meta name=\"twitter:label2\" content=\"Tiempo de lectura\" \/>\n\t<meta name=\"twitter:data2\" content=\"2 minutos\" \/>\n<script type=\"application\/ld+json\" class=\"yoast-schema-graph\">{\"@context\":\"https:\/\/schema.org\",\"@graph\":[{\"@type\":\"Article\",\"@id\":\"https:\/\/aldaia.es\/noticias\/es\/supermercados-consum-instalara-su-nueva-pla-taforma-logistica-en-el-parc-empresarial-pont-dels-cavalls-de-aldaia\/#article\",\"isPartOf\":{\"@id\":\"https:\/\/aldaia.es\/noticias\/es\/supermercados-consum-instalara-su-nueva-pla-taforma-logistica-en-el-parc-empresarial-pont-dels-cavalls-de-aldaia\/\"},\"author\":{\"name\":\"COMUNICACION\",\"@id\":\"https:\/\/aldaia.es\/noticias\/es\/#\/schema\/person\/4b9d33d0d77864dfe798033366a332f5\"},\"headline\":\"Supermercados Consum instalar\u00e1 su nueva pla-taforma log\u00edstica en el Parc Empresarial Pont dels Cavalls de Aldaia\",\"datePublished\":\"2023-05-22T10:47:28+00:00\",\"dateModified\":\"2025-05-19T11:25:24+00:00\",\"mainEntityOfPage\":{\"@id\":\"https:\/\/aldaia.es\/noticias\/es\/supermercados-consum-instalara-su-nueva-pla-taforma-logistica-en-el-parc-empresarial-pont-dels-cavalls-de-aldaia\/\"},\"wordCount\":382,\"publisher\":{\"@id\":\"https:\/\/aldaia.es\/noticias\/es\/#organization\"},\"image\":{\"@id\":\"https:\/\/aldaia.es\/noticias\/es\/supermercados-consum-instalara-su-nueva-pla-taforma-logistica-en-el-parc-empresarial-pont-dels-cavalls-de-aldaia\/#primaryimage\"},\"thumbnailUrl\":\"https:\/\/aldaia.es\/noticias\/wp-content\/uploads\/2023\/05\/Visita-Ximo-2.jpg\",\"articleSection\":[\"ADL y Comercio\"],\"inLanguage\":\"es\"},{\"@type\":\"WebPage\",\"@id\":\"https:\/\/aldaia.es\/noticias\/es\/supermercados-consum-instalara-su-nueva-pla-taforma-logistica-en-el-parc-empresarial-pont-dels-cavalls-de-aldaia\/\",\"url\":\"https:\/\/aldaia.es\/noticias\/es\/supermercados-consum-instalara-su-nueva-pla-taforma-logistica-en-el-parc-empresarial-pont-dels-cavalls-de-aldaia\/\",\"name\":\"Supermercados Consum instalar\u00e1 su nueva pla-taforma log\u00edstica en el Parc Empresarial Pont dels Cavalls de Aldaia - Noticias - Ayuntamiento de Aldaia\",\"isPartOf\":{\"@id\":\"https:\/\/aldaia.es\/noticias\/es\/#website\"},\"primaryImageOfPage\":{\"@id\":\"https:\/\/aldaia.es\/noticias\/es\/supermercados-consum-instalara-su-nueva-pla-taforma-logistica-en-el-parc-empresarial-pont-dels-cavalls-de-aldaia\/#primaryimage\"},\"image\":{\"@id\":\"https:\/\/aldaia.es\/noticias\/es\/supermercados-consum-instalara-su-nueva-pla-taforma-logistica-en-el-parc-empresarial-pont-dels-cavalls-de-aldaia\/#primaryimage\"},\"thumbnailUrl\":\"https:\/\/aldaia.es\/noticias\/wp-content\/uploads\/2023\/05\/Visita-Ximo-2.jpg\",\"datePublished\":\"2023-05-22T10:47:28+00:00\",\"dateModified\":\"2025-05-19T11:25:24+00:00\",\"breadcrumb\":{\"@id\":\"https:\/\/aldaia.es\/noticias\/es\/supermercados-consum-instalara-su-nueva-pla-taforma-logistica-en-el-parc-empresarial-pont-dels-cavalls-de-aldaia\/#breadcrumb\"},\"inLanguage\":\"es\",\"potentialAction\":[{\"@type\":\"ReadAction\",\"target\":[\"https:\/\/aldaia.es\/noticias\/es\/supermercados-consum-instalara-su-nueva-pla-taforma-logistica-en-el-parc-empresarial-pont-dels-cavalls-de-aldaia\/\"]}]},{\"@type\":\"ImageObject\",\"inLanguage\":\"es\",\"@id\":\"https:\/\/aldaia.es\/noticias\/es\/supermercados-consum-instalara-su-nueva-pla-taforma-logistica-en-el-parc-empresarial-pont-dels-cavalls-de-aldaia\/#primaryimage\",\"url\":\"https:\/\/aldaia.es\/noticias\/wp-content\/uploads\/2023\/05\/Visita-Ximo-2.jpg\",\"contentUrl\":\"https:\/\/aldaia.es\/noticias\/wp-content\/uploads\/2023\/05\/Visita-Ximo-2.jpg\",\"width\":1421,\"height\":1199},{\"@type\":\"BreadcrumbList\",\"@id\":\"https:\/\/aldaia.es\/noticias\/es\/supermercados-consum-instalara-su-nueva-pla-taforma-logistica-en-el-parc-empresarial-pont-dels-cavalls-de-aldaia\/#breadcrumb\",\"itemListElement\":[{\"@type\":\"ListItem\",\"position\":1,\"name\":\"Portada\",\"item\":\"https:\/\/aldaia.es\/noticias\/es\/\"},{\"@type\":\"ListItem\",\"position\":2,\"name\":\"Supermercados Consum instalar\u00e1 su nueva pla-taforma log\u00edstica en el Parc Empresarial Pont dels Cavalls de Aldaia\"}]},{\"@type\":\"WebSite\",\"@id\":\"https:\/\/aldaia.es\/noticias\/es\/#website\",\"url\":\"https:\/\/aldaia.es\/noticias\/es\/\",\"name\":\"Noticias Aldaia\",\"description\":\"\",\"publisher\":{\"@id\":\"https:\/\/aldaia.es\/noticias\/es\/#organization\"},\"potentialAction\":[{\"@type\":\"SearchAction\",\"target\":{\"@type\":\"EntryPoint\",\"urlTemplate\":\"https:\/\/aldaia.es\/noticias\/es\/?s={search_term_string}\"},\"query-input\":{\"@type\":\"PropertyValueSpecification\",\"valueRequired\":true,\"valueName\":\"search_term_string\"}}],\"inLanguage\":\"es\"},{\"@type\":\"Organization\",\"@id\":\"https:\/\/aldaia.es\/noticias\/es\/#organization\",\"name\":\"Noticias Aldaia\",\"url\":\"https:\/\/aldaia.es\/noticias\/es\/\",\"logo\":{\"@type\":\"ImageObject\",\"inLanguage\":\"es\",\"@id\":\"https:\/\/aldaia.es\/noticias\/es\/#\/schema\/logo\/image\/\",\"url\":\"https:\/\/aldaia.es\/noticias\/wp-content\/uploads\/2025\/05\/aldaia-noticias.jpg\",\"contentUrl\":\"https:\/\/aldaia.es\/noticias\/wp-content\/uploads\/2025\/05\/aldaia-noticias.jpg\",\"width\":512,\"height\":512,\"caption\":\"Noticias Aldaia\"},\"image\":{\"@id\":\"https:\/\/aldaia.es\/noticias\/es\/#\/schema\/logo\/image\/\"}},{\"@type\":\"Person\",\"@id\":\"https:\/\/aldaia.es\/noticias\/es\/#\/schema\/person\/4b9d33d0d77864dfe798033366a332f5\",\"name\":\"COMUNICACION\",\"url\":\"https:\/\/aldaia.es\/noticias\/es\/author\/comunicacion\/\"}]}<\/script>\n<!-- \/ Yoast SEO plugin. -->","yoast_head_json":{"title":"Supermercados Consum instalar\u00e1 su nueva pla-taforma log\u00edstica en el Parc Empresarial Pont dels Cavalls de Aldaia - Noticias - Ayuntamiento de Aldaia","robots":{"index":"index","follow":"follow","max-snippet":"max-snippet:-1","max-image-preview":"max-image-preview:large","max-video-preview":"max-video-preview:-1"},"canonical":"https:\/\/aldaia.es\/noticias\/es\/supermercados-consum-instalara-su-nueva-pla-taforma-logistica-en-el-parc-empresarial-pont-dels-cavalls-de-aldaia\/","og_locale":"es_ES","og_type":"article","og_title":"Supermercados Consum instalar\u00e1 su nueva pla-taforma log\u00edstica en el Parc Empresarial Pont dels Cavalls de Aldaia - Noticias - Ayuntamiento de Aldaia","og_description":"&#8211; La puesta en marcha del Parc Empresarial Pont dels Cavalls supondr\u00e1 una inver-si\u00f3n global de m\u00e1s de 500 millones d...","og_url":"https:\/\/aldaia.es\/noticias\/es\/supermercados-consum-instalara-su-nueva-pla-taforma-logistica-en-el-parc-empresarial-pont-dels-cavalls-de-aldaia\/","og_site_name":"Noticias - Ayuntamiento de Aldaia","article_published_time":"2023-05-22T10:47:28+00:00","article_modified_time":"2025-05-19T11:25:24+00:00","og_image":[{"width":1421,"height":1199,"url":"https:\/\/aldaia.es\/noticias\/wp-content\/uploads\/2023\/05\/Visita-Ximo-2.jpg","type":"image\/jpeg"}],"author":"COMUNICACION","twitter_card":"summary_large_image","twitter_misc":{"Escrito por":"COMUNICACION","Tiempo de lectura":"2 minutos"},"schema":{"@context":"https:\/\/schema.org","@graph":[{"@type":"Article","@id":"https:\/\/aldaia.es\/noticias\/es\/supermercados-consum-instalara-su-nueva-pla-taforma-logistica-en-el-parc-empresarial-pont-dels-cavalls-de-aldaia\/#article","isPartOf":{"@id":"https:\/\/aldaia.es\/noticias\/es\/supermercados-consum-instalara-su-nueva-pla-taforma-logistica-en-el-parc-empresarial-pont-dels-cavalls-de-aldaia\/"},"author":{"name":"COMUNICACION","@id":"https:\/\/aldaia.es\/noticias\/es\/#\/schema\/person\/4b9d33d0d77864dfe798033366a332f5"},"headline":"Supermercados Consum instalar\u00e1 su nueva pla-taforma log\u00edstica en el Parc Empresarial Pont dels Cavalls de Aldaia","datePublished":"2023-05-22T10:47:28+00:00","dateModified":"2025-05-19T11:25:24+00:00","mainEntityOfPage":{"@id":"https:\/\/aldaia.es\/noticias\/es\/supermercados-consum-instalara-su-nueva-pla-taforma-logistica-en-el-parc-empresarial-pont-dels-cavalls-de-aldaia\/"},"wordCount":382,"publisher":{"@id":"https:\/\/aldaia.es\/noticias\/es\/#organization"},"image":{"@id":"https:\/\/aldaia.es\/noticias\/es\/supermercados-consum-instalara-su-nueva-pla-taforma-logistica-en-el-parc-empresarial-pont-dels-cavalls-de-aldaia\/#primaryimage"},"thumbnailUrl":"https:\/\/aldaia.es\/noticias\/wp-content\/uploads\/2023\/05\/Visita-Ximo-2.jpg","articleSection":["ADL y Comercio"],"inLanguage":"es"},{"@type":"WebPage","@id":"https:\/\/aldaia.es\/noticias\/es\/supermercados-consum-instalara-su-nueva-pla-taforma-logistica-en-el-parc-empresarial-pont-dels-cavalls-de-aldaia\/","url":"https:\/\/aldaia.es\/noticias\/es\/supermercados-consum-instalara-su-nueva-pla-taforma-logistica-en-el-parc-empresarial-pont-dels-cavalls-de-aldaia\/","name":"Supermercados Consum instalar\u00e1 su nueva pla-taforma log\u00edstica en el Parc Empresarial Pont dels Cavalls de Aldaia - Noticias - Ayuntamiento de Aldaia","isPartOf":{"@id":"https:\/\/aldaia.es\/noticias\/es\/#website"},"primaryImageOfPage":{"@id":"https:\/\/aldaia.es\/noticias\/es\/supermercados-consum-instalara-su-nueva-pla-taforma-logistica-en-el-parc-empresarial-pont-dels-cavalls-de-aldaia\/#primaryimage"},"image":{"@id":"https:\/\/aldaia.es\/noticias\/es\/supermercados-consum-instalara-su-nueva-pla-taforma-logistica-en-el-parc-empresarial-pont-dels-cavalls-de-aldaia\/#primaryimage"},"thumbnailUrl":"https:\/\/aldaia.es\/noticias\/wp-content\/uploads\/2023\/05\/Visita-Ximo-2.jpg","datePublished":"2023-05-22T10:47:28+00:00","dateModified":"2025-05-19T11:25:24+00:00","breadcrumb":{"@id":"https:\/\/aldaia.es\/noticias\/es\/supermercados-consum-instalara-su-nueva-pla-taforma-logistica-en-el-parc-empresarial-pont-dels-cavalls-de-aldaia\/#breadcrumb"},"inLanguage":"es","potentialAction":[{"@type":"ReadAction","target":["https:\/\/aldaia.es\/noticias\/es\/supermercados-consum-instalara-su-nueva-pla-taforma-logistica-en-el-parc-empresarial-pont-dels-cavalls-de-aldaia\/"]}]},{"@type":"ImageObject","inLanguage":"es","@id":"https:\/\/aldaia.es\/noticias\/es\/supermercados-consum-instalara-su-nueva-pla-taforma-logistica-en-el-parc-empresarial-pont-dels-cavalls-de-aldaia\/#primaryimage","url":"https:\/\/aldaia.es\/noticias\/wp-content\/uploads\/2023\/05\/Visita-Ximo-2.jpg","contentUrl":"https:\/\/aldaia.es\/noticias\/wp-content\/uploads\/2023\/05\/Visita-Ximo-2.jpg","width":1421,"height":1199},{"@type":"BreadcrumbList","@id":"https:\/\/aldaia.es\/noticias\/es\/supermercados-consum-instalara-su-nueva-pla-taforma-logistica-en-el-parc-empresarial-pont-dels-cavalls-de-aldaia\/#breadcrumb","itemListElement":[{"@type":"ListItem","position":1,"name":"Portada","item":"https:\/\/aldaia.es\/noticias\/es\/"},{"@type":"ListItem","position":2,"name":"Supermercados Consum instalar\u00e1 su nueva pla-taforma log\u00edstica en el Parc Empresarial Pont dels Cavalls de Aldaia"}]},{"@type":"WebSite","@id":"https:\/\/aldaia.es\/noticias\/es\/#website","url":"https:\/\/aldaia.es\/noticias\/es\/","name":"Noticias Aldaia","description":"","publisher":{"@id":"https:\/\/aldaia.es\/noticias\/es\/#organization"},"potentialAction":[{"@type":"SearchAction","target":{"@type":"EntryPoint","urlTemplate":"https:\/\/aldaia.es\/noticias\/es\/?s={search_term_string}"},"query-input":{"@type":"PropertyValueSpecification","valueRequired":true,"valueName":"search_term_string"}}],"inLanguage":"es"},{"@type":"Organization","@id":"https:\/\/aldaia.es\/noticias\/es\/#organization","name":"Noticias Aldaia","url":"https:\/\/aldaia.es\/noticias\/es\/","logo":{"@type":"ImageObject","inLanguage":"es","@id":"https:\/\/aldaia.es\/noticias\/es\/#\/schema\/logo\/image\/","url":"https:\/\/aldaia.es\/noticias\/wp-content\/uploads\/2025\/05\/aldaia-noticias.jpg","contentUrl":"https:\/\/aldaia.es\/noticias\/wp-content\/uploads\/2025\/05\/aldaia-noticias.jpg","width":512,"height":512,"caption":"Noticias Aldaia"},"image":{"@id":"https:\/\/aldaia.es\/noticias\/es\/#\/schema\/logo\/image\/"}},{"@type":"Person","@id":"https:\/\/aldaia.es\/noticias\/es\/#\/schema\/person\/4b9d33d0d77864dfe798033366a332f5","name":"COMUNICACION","url":"https:\/\/aldaia.es\/noticias\/es\/author\/comunicacion\/"}]}},"_links":{"self":[{"href":"https:\/\/aldaia.es\/noticias\/es\/wp-json\/wp\/v2\/posts\/12385","targetHints":{"allow":["GET"]}}],"collection":[{"href":"https:\/\/aldaia.es\/noticias\/es\/wp-json\/wp\/v2\/posts"}],"about":[{"href":"https:\/\/aldaia.es\/noticias\/es\/wp-json\/wp\/v2\/types\/post"}],"author":[{"embeddable":true,"href":"https:\/\/aldaia.es\/noticias\/es\/wp-json\/wp\/v2\/users\/3"}],"replies":[{"embeddable":true,"href":"https:\/\/aldaia.es\/noticias\/es\/wp-json\/wp\/v2\/comments?post=12385"}],"version-history":[{"count":1,"href":"https:\/\/aldaia.es\/noticias\/es\/wp-json\/wp\/v2\/posts\/12385\/revisions"}],"predecessor-version":[{"id":36983,"href":"https:\/\/aldaia.es\/noticias\/es\/wp-json\/wp\/v2\/posts\/12385\/revisions\/36983"}],"wp:featuredmedia":[{"embeddable":true,"href":"https:\/\/aldaia.es\/noticias\/es\/wp-json\/wp\/v2\/media\/12381"}],"wp:attachment":[{"href":"https:\/\/aldaia.es\/noticias\/es\/wp-json\/wp\/v2\/media?parent=12385"}],"wp:term":[{"taxonomy":"category","embeddable":true,"href":"https:\/\/aldaia.es\/noticias\/es\/wp-json\/wp\/v2\/categories?post=12385"},{"taxonomy":"post_tag","embeddable":true,"href":"https:\/\/aldaia.es\/noticias\/es\/wp-json\/wp\/v2\/tags?post=12385"}],"curies":[{"name":"wp","href":"https:\/\/api.w.org\/{rel}","templated":true}]}}