{"id":12726,"date":"2023-05-29T12:15:30","date_gmt":"2023-05-29T10:15:30","guid":{"rendered":"https:\/\/aldaia.es\/2023\/05\/29\/el-museo-del-palmito-de-aldaia-presenta-el-nuevo-espacio-auca-del-palmito\/"},"modified":"2025-05-19T14:25:14","modified_gmt":"2025-05-19T12:25:14","slug":"el-museo-del-palmito-de-aldaia-presenta-el-nuevo-espacio-auca-del-palmito","status":"publish","type":"post","link":"https:\/\/aldaia.es\/noticias\/es\/el-museo-del-palmito-de-aldaia-presenta-el-nuevo-espacio-auca-del-palmito\/","title":{"rendered":"El Museo del Palmito de Aldaia presenta el nuevo espacio &#8216;Auca del Palmito&#8217;"},"content":{"rendered":"<h4><strong>El MUPA crea el Auca del Palmito para mostrar de una manera divertida y amena el proceso de elaboraci\u00f3n de este instrumento para abanicarse<\/strong><\/h4>\n<p>Una auca es una historia escrita en poemas cortos ilustrada con dibujos graciosos con la t\u00e9cnica del c\u00f3mic. El Museo del Palmito de Aldaia (MUPA), consciente del valor comunicativo de este g\u00e9nero popular, ha creado el \u2018Auca del Palmito\u2019, un nuevo espacio museogr\u00e1fico que muestra en un gran panel de 220&#215;140 cm, los pasos principales de la elaboraci\u00f3n del abanico de una manera divertida y amena, destacando la importancia de Aldaia como principal productor de abanicos artesanales de Espa\u00f1a.<\/p>\n<p>El \u2018Auca del Palmito\u2019 es un proyecto museogr\u00e1fico pionero en l&#8217;Horta que tiene como finalidad did\u00e1ctica explicar con clave de humor y con un lenguaje sencillo como se hacen los abanicos. La obra tiene el sello de Camacuc Edicions y ha estado elaborada por el dibujante Manel Gimeno, autor tambi\u00e9n de los textos, los cuales est\u00e1n escritos en valenciano, castellano e ingl\u00e9s. Se trata de una auca narrativa expositiva que cuenta en una secuencia de ocho llamativas vi\u00f1etas los pasos principales que siguen los artesanos abaniqueros para confeccionar un abanico, desde el inicio al fin. As\u00ed se puede apreciar el corte del taco de madera y el modelado que dar\u00e1 lugar a las varillas que conforman el varillaje. Un paso que para quedar realmente acabado y bonito tiene que ser calado, grabado y adornado con barniz. Los siguientes pasos son el empa\u00f1ado (plegar y pegar la tela al varillaje) y el pintado a mano hasta el acabado.<\/p>\n<p>El \u2018Auca del Palmito\u2019 est\u00e1 instalada en el \u00e1rea de recepci\u00f3n e informaci\u00f3n de visitantes del MUPA. El espacio remodelado se complementa con una antigua caladora manual cedida por el caladero Francisco Garrido. El objetivo que se persigue con esta auca es captar el inter\u00e9s inmediato de los visitantes sobre los contenidos del museo ofreciendo una informaci\u00f3n b\u00e1sica de la artesan\u00eda del palmito para reconducirlos despu\u00e9s a las diversas salas del museo. Una artesan\u00eda aldaiera que, adem\u00e1s, disfruta de la declaraci\u00f3n de Bien de Relevancia Local Inmaterial de la Comunidad Valenciana.<\/p>\n<p>El autor del auca es Manel Gimeno Arandiga, dibujando de c\u00f3mico, ilustrador y editor valenciano que ha plasmado su obra en publicaciones como El gato pelado, La dulzaina, B\u00e9same Mucho y Camacuc, donde contin\u00faa publicando actualmente su personaje M en una versi\u00f3n endulzada. Gimeno trabaj\u00f3 en programas de Canal 9 TV como guionista en Babal\u00e0, as\u00ed como en la adaptaci\u00f3n animada de Cuttlas. El 2012 present\u00f3 su primera novela, El Misterio de Bola\u00f1os.<\/p>\n<h4><\/h4>\n","protected":false},"excerpt":{"rendered":"<p>El MUPA crea el Auca del Palmito para mostrar de una manera divertida y amena el proceso de elaboraci\u00f3n de este instrumento &#8230;<\/p>\n","protected":false},"author":3,"featured_media":12654,"comment_status":"closed","ping_status":"closed","sticky":false,"template":"","format":"standard","meta":{"_acf_changed":false,"footnotes":""},"categories":[53],"tags":[],"class_list":["post-12726","post","type-post","status-publish","format-standard","has-post-thumbnail","hentry","category-cultura-es"],"acf":[],"yoast_head":"<!-- This site is optimized with the Yoast SEO plugin v26.9 - https:\/\/yoast.com\/product\/yoast-seo-wordpress\/ -->\n<title>El Museo del Palmito de Aldaia presenta el nuevo espacio &#039;Auca del Palmito&#039; - Noticias - Ayuntamiento de Aldaia<\/title>\n<meta name=\"robots\" content=\"index, follow, max-snippet:-1, max-image-preview:large, max-video-preview:-1\" \/>\n<link rel=\"canonical\" href=\"https:\/\/aldaia.es\/noticias\/es\/el-museo-del-palmito-de-aldaia-presenta-el-nuevo-espacio-auca-del-palmito\/\" \/>\n<meta property=\"og:locale\" content=\"es_ES\" \/>\n<meta property=\"og:type\" content=\"article\" \/>\n<meta property=\"og:title\" content=\"El Museo del Palmito de Aldaia presenta el nuevo espacio &#039;Auca del Palmito&#039; - Noticias - Ayuntamiento de Aldaia\" \/>\n<meta property=\"og:description\" content=\"El MUPA crea el Auca del Palmito para mostrar de una manera divertida y amena el proceso de elaboraci\u00f3n de este instrumento ...\" \/>\n<meta property=\"og:url\" content=\"https:\/\/aldaia.es\/noticias\/es\/el-museo-del-palmito-de-aldaia-presenta-el-nuevo-espacio-auca-del-palmito\/\" \/>\n<meta property=\"og:site_name\" content=\"Noticias - Ayuntamiento de Aldaia\" \/>\n<meta property=\"article:published_time\" content=\"2023-05-29T10:15:30+00:00\" \/>\n<meta property=\"article:modified_time\" content=\"2025-05-19T12:25:14+00:00\" \/>\n<meta property=\"og:image\" content=\"https:\/\/aldaia.es\/noticias\/wp-content\/uploads\/2023\/05\/Auca-del-Palmito-i-Manel-Gimeno1-scaled-1.jpg\" \/>\n\t<meta property=\"og:image:width\" content=\"2560\" \/>\n\t<meta property=\"og:image:height\" content=\"2008\" \/>\n\t<meta property=\"og:image:type\" content=\"image\/jpeg\" \/>\n<meta name=\"author\" content=\"COMUNICACION\" \/>\n<meta name=\"twitter:card\" content=\"summary_large_image\" \/>\n<meta name=\"twitter:label1\" content=\"Escrito por\" \/>\n\t<meta name=\"twitter:data1\" content=\"COMUNICACION\" \/>\n\t<meta name=\"twitter:label2\" content=\"Tiempo de lectura\" \/>\n\t<meta name=\"twitter:data2\" content=\"2 minutos\" \/>\n<script type=\"application\/ld+json\" class=\"yoast-schema-graph\">{\"@context\":\"https:\/\/schema.org\",\"@graph\":[{\"@type\":\"Article\",\"@id\":\"https:\/\/aldaia.es\/noticias\/es\/el-museo-del-palmito-de-aldaia-presenta-el-nuevo-espacio-auca-del-palmito\/#article\",\"isPartOf\":{\"@id\":\"https:\/\/aldaia.es\/noticias\/es\/el-museo-del-palmito-de-aldaia-presenta-el-nuevo-espacio-auca-del-palmito\/\"},\"author\":{\"name\":\"COMUNICACION\",\"@id\":\"https:\/\/aldaia.es\/noticias\/es\/#\/schema\/person\/4b9d33d0d77864dfe798033366a332f5\"},\"headline\":\"El Museo del Palmito de Aldaia presenta el nuevo espacio &#8216;Auca del Palmito&#8217;\",\"datePublished\":\"2023-05-29T10:15:30+00:00\",\"dateModified\":\"2025-05-19T12:25:14+00:00\",\"mainEntityOfPage\":{\"@id\":\"https:\/\/aldaia.es\/noticias\/es\/el-museo-del-palmito-de-aldaia-presenta-el-nuevo-espacio-auca-del-palmito\/\"},\"wordCount\":466,\"publisher\":{\"@id\":\"https:\/\/aldaia.es\/noticias\/es\/#organization\"},\"image\":{\"@id\":\"https:\/\/aldaia.es\/noticias\/es\/el-museo-del-palmito-de-aldaia-presenta-el-nuevo-espacio-auca-del-palmito\/#primaryimage\"},\"thumbnailUrl\":\"https:\/\/aldaia.es\/noticias\/wp-content\/uploads\/2023\/05\/Auca-del-Palmito-i-Manel-Gimeno1-scaled-1.jpg\",\"articleSection\":[\"Cultura\"],\"inLanguage\":\"es\"},{\"@type\":\"WebPage\",\"@id\":\"https:\/\/aldaia.es\/noticias\/es\/el-museo-del-palmito-de-aldaia-presenta-el-nuevo-espacio-auca-del-palmito\/\",\"url\":\"https:\/\/aldaia.es\/noticias\/es\/el-museo-del-palmito-de-aldaia-presenta-el-nuevo-espacio-auca-del-palmito\/\",\"name\":\"El Museo del Palmito de Aldaia presenta el nuevo espacio 'Auca del Palmito' - Noticias - Ayuntamiento de Aldaia\",\"isPartOf\":{\"@id\":\"https:\/\/aldaia.es\/noticias\/es\/#website\"},\"primaryImageOfPage\":{\"@id\":\"https:\/\/aldaia.es\/noticias\/es\/el-museo-del-palmito-de-aldaia-presenta-el-nuevo-espacio-auca-del-palmito\/#primaryimage\"},\"image\":{\"@id\":\"https:\/\/aldaia.es\/noticias\/es\/el-museo-del-palmito-de-aldaia-presenta-el-nuevo-espacio-auca-del-palmito\/#primaryimage\"},\"thumbnailUrl\":\"https:\/\/aldaia.es\/noticias\/wp-content\/uploads\/2023\/05\/Auca-del-Palmito-i-Manel-Gimeno1-scaled-1.jpg\",\"datePublished\":\"2023-05-29T10:15:30+00:00\",\"dateModified\":\"2025-05-19T12:25:14+00:00\",\"breadcrumb\":{\"@id\":\"https:\/\/aldaia.es\/noticias\/es\/el-museo-del-palmito-de-aldaia-presenta-el-nuevo-espacio-auca-del-palmito\/#breadcrumb\"},\"inLanguage\":\"es\",\"potentialAction\":[{\"@type\":\"ReadAction\",\"target\":[\"https:\/\/aldaia.es\/noticias\/es\/el-museo-del-palmito-de-aldaia-presenta-el-nuevo-espacio-auca-del-palmito\/\"]}]},{\"@type\":\"ImageObject\",\"inLanguage\":\"es\",\"@id\":\"https:\/\/aldaia.es\/noticias\/es\/el-museo-del-palmito-de-aldaia-presenta-el-nuevo-espacio-auca-del-palmito\/#primaryimage\",\"url\":\"https:\/\/aldaia.es\/noticias\/wp-content\/uploads\/2023\/05\/Auca-del-Palmito-i-Manel-Gimeno1-scaled-1.jpg\",\"contentUrl\":\"https:\/\/aldaia.es\/noticias\/wp-content\/uploads\/2023\/05\/Auca-del-Palmito-i-Manel-Gimeno1-scaled-1.jpg\",\"width\":2560,\"height\":2008},{\"@type\":\"BreadcrumbList\",\"@id\":\"https:\/\/aldaia.es\/noticias\/es\/el-museo-del-palmito-de-aldaia-presenta-el-nuevo-espacio-auca-del-palmito\/#breadcrumb\",\"itemListElement\":[{\"@type\":\"ListItem\",\"position\":1,\"name\":\"Portada\",\"item\":\"https:\/\/aldaia.es\/noticias\/es\/\"},{\"@type\":\"ListItem\",\"position\":2,\"name\":\"El Museo del Palmito de Aldaia presenta el nuevo espacio &#8216;Auca del Palmito&#8217;\"}]},{\"@type\":\"WebSite\",\"@id\":\"https:\/\/aldaia.es\/noticias\/es\/#website\",\"url\":\"https:\/\/aldaia.es\/noticias\/es\/\",\"name\":\"Noticias Aldaia\",\"description\":\"\",\"publisher\":{\"@id\":\"https:\/\/aldaia.es\/noticias\/es\/#organization\"},\"potentialAction\":[{\"@type\":\"SearchAction\",\"target\":{\"@type\":\"EntryPoint\",\"urlTemplate\":\"https:\/\/aldaia.es\/noticias\/es\/?s={search_term_string}\"},\"query-input\":{\"@type\":\"PropertyValueSpecification\",\"valueRequired\":true,\"valueName\":\"search_term_string\"}}],\"inLanguage\":\"es\"},{\"@type\":\"Organization\",\"@id\":\"https:\/\/aldaia.es\/noticias\/es\/#organization\",\"name\":\"Noticias Aldaia\",\"url\":\"https:\/\/aldaia.es\/noticias\/es\/\",\"logo\":{\"@type\":\"ImageObject\",\"inLanguage\":\"es\",\"@id\":\"https:\/\/aldaia.es\/noticias\/es\/#\/schema\/logo\/image\/\",\"url\":\"https:\/\/aldaia.es\/noticias\/wp-content\/uploads\/2025\/05\/aldaia-noticias.jpg\",\"contentUrl\":\"https:\/\/aldaia.es\/noticias\/wp-content\/uploads\/2025\/05\/aldaia-noticias.jpg\",\"width\":512,\"height\":512,\"caption\":\"Noticias Aldaia\"},\"image\":{\"@id\":\"https:\/\/aldaia.es\/noticias\/es\/#\/schema\/logo\/image\/\"}},{\"@type\":\"Person\",\"@id\":\"https:\/\/aldaia.es\/noticias\/es\/#\/schema\/person\/4b9d33d0d77864dfe798033366a332f5\",\"name\":\"COMUNICACION\",\"url\":\"https:\/\/aldaia.es\/noticias\/es\/author\/comunicacion\/\"}]}<\/script>\n<!-- \/ Yoast SEO plugin. -->","yoast_head_json":{"title":"El Museo del Palmito de Aldaia presenta el nuevo espacio 'Auca del Palmito' - Noticias - Ayuntamiento de Aldaia","robots":{"index":"index","follow":"follow","max-snippet":"max-snippet:-1","max-image-preview":"max-image-preview:large","max-video-preview":"max-video-preview:-1"},"canonical":"https:\/\/aldaia.es\/noticias\/es\/el-museo-del-palmito-de-aldaia-presenta-el-nuevo-espacio-auca-del-palmito\/","og_locale":"es_ES","og_type":"article","og_title":"El Museo del Palmito de Aldaia presenta el nuevo espacio 'Auca del Palmito' - Noticias - Ayuntamiento de Aldaia","og_description":"El MUPA crea el Auca del Palmito para mostrar de una manera divertida y amena el proceso de elaboraci\u00f3n de este instrumento ...","og_url":"https:\/\/aldaia.es\/noticias\/es\/el-museo-del-palmito-de-aldaia-presenta-el-nuevo-espacio-auca-del-palmito\/","og_site_name":"Noticias - Ayuntamiento de Aldaia","article_published_time":"2023-05-29T10:15:30+00:00","article_modified_time":"2025-05-19T12:25:14+00:00","og_image":[{"width":2560,"height":2008,"url":"https:\/\/aldaia.es\/noticias\/wp-content\/uploads\/2023\/05\/Auca-del-Palmito-i-Manel-Gimeno1-scaled-1.jpg","type":"image\/jpeg"}],"author":"COMUNICACION","twitter_card":"summary_large_image","twitter_misc":{"Escrito por":"COMUNICACION","Tiempo de lectura":"2 minutos"},"schema":{"@context":"https:\/\/schema.org","@graph":[{"@type":"Article","@id":"https:\/\/aldaia.es\/noticias\/es\/el-museo-del-palmito-de-aldaia-presenta-el-nuevo-espacio-auca-del-palmito\/#article","isPartOf":{"@id":"https:\/\/aldaia.es\/noticias\/es\/el-museo-del-palmito-de-aldaia-presenta-el-nuevo-espacio-auca-del-palmito\/"},"author":{"name":"COMUNICACION","@id":"https:\/\/aldaia.es\/noticias\/es\/#\/schema\/person\/4b9d33d0d77864dfe798033366a332f5"},"headline":"El Museo del Palmito de Aldaia presenta el nuevo espacio &#8216;Auca del Palmito&#8217;","datePublished":"2023-05-29T10:15:30+00:00","dateModified":"2025-05-19T12:25:14+00:00","mainEntityOfPage":{"@id":"https:\/\/aldaia.es\/noticias\/es\/el-museo-del-palmito-de-aldaia-presenta-el-nuevo-espacio-auca-del-palmito\/"},"wordCount":466,"publisher":{"@id":"https:\/\/aldaia.es\/noticias\/es\/#organization"},"image":{"@id":"https:\/\/aldaia.es\/noticias\/es\/el-museo-del-palmito-de-aldaia-presenta-el-nuevo-espacio-auca-del-palmito\/#primaryimage"},"thumbnailUrl":"https:\/\/aldaia.es\/noticias\/wp-content\/uploads\/2023\/05\/Auca-del-Palmito-i-Manel-Gimeno1-scaled-1.jpg","articleSection":["Cultura"],"inLanguage":"es"},{"@type":"WebPage","@id":"https:\/\/aldaia.es\/noticias\/es\/el-museo-del-palmito-de-aldaia-presenta-el-nuevo-espacio-auca-del-palmito\/","url":"https:\/\/aldaia.es\/noticias\/es\/el-museo-del-palmito-de-aldaia-presenta-el-nuevo-espacio-auca-del-palmito\/","name":"El Museo del Palmito de Aldaia presenta el nuevo espacio 'Auca del Palmito' - Noticias - Ayuntamiento de Aldaia","isPartOf":{"@id":"https:\/\/aldaia.es\/noticias\/es\/#website"},"primaryImageOfPage":{"@id":"https:\/\/aldaia.es\/noticias\/es\/el-museo-del-palmito-de-aldaia-presenta-el-nuevo-espacio-auca-del-palmito\/#primaryimage"},"image":{"@id":"https:\/\/aldaia.es\/noticias\/es\/el-museo-del-palmito-de-aldaia-presenta-el-nuevo-espacio-auca-del-palmito\/#primaryimage"},"thumbnailUrl":"https:\/\/aldaia.es\/noticias\/wp-content\/uploads\/2023\/05\/Auca-del-Palmito-i-Manel-Gimeno1-scaled-1.jpg","datePublished":"2023-05-29T10:15:30+00:00","dateModified":"2025-05-19T12:25:14+00:00","breadcrumb":{"@id":"https:\/\/aldaia.es\/noticias\/es\/el-museo-del-palmito-de-aldaia-presenta-el-nuevo-espacio-auca-del-palmito\/#breadcrumb"},"inLanguage":"es","potentialAction":[{"@type":"ReadAction","target":["https:\/\/aldaia.es\/noticias\/es\/el-museo-del-palmito-de-aldaia-presenta-el-nuevo-espacio-auca-del-palmito\/"]}]},{"@type":"ImageObject","inLanguage":"es","@id":"https:\/\/aldaia.es\/noticias\/es\/el-museo-del-palmito-de-aldaia-presenta-el-nuevo-espacio-auca-del-palmito\/#primaryimage","url":"https:\/\/aldaia.es\/noticias\/wp-content\/uploads\/2023\/05\/Auca-del-Palmito-i-Manel-Gimeno1-scaled-1.jpg","contentUrl":"https:\/\/aldaia.es\/noticias\/wp-content\/uploads\/2023\/05\/Auca-del-Palmito-i-Manel-Gimeno1-scaled-1.jpg","width":2560,"height":2008},{"@type":"BreadcrumbList","@id":"https:\/\/aldaia.es\/noticias\/es\/el-museo-del-palmito-de-aldaia-presenta-el-nuevo-espacio-auca-del-palmito\/#breadcrumb","itemListElement":[{"@type":"ListItem","position":1,"name":"Portada","item":"https:\/\/aldaia.es\/noticias\/es\/"},{"@type":"ListItem","position":2,"name":"El Museo del Palmito de Aldaia presenta el nuevo espacio &#8216;Auca del Palmito&#8217;"}]},{"@type":"WebSite","@id":"https:\/\/aldaia.es\/noticias\/es\/#website","url":"https:\/\/aldaia.es\/noticias\/es\/","name":"Noticias Aldaia","description":"","publisher":{"@id":"https:\/\/aldaia.es\/noticias\/es\/#organization"},"potentialAction":[{"@type":"SearchAction","target":{"@type":"EntryPoint","urlTemplate":"https:\/\/aldaia.es\/noticias\/es\/?s={search_term_string}"},"query-input":{"@type":"PropertyValueSpecification","valueRequired":true,"valueName":"search_term_string"}}],"inLanguage":"es"},{"@type":"Organization","@id":"https:\/\/aldaia.es\/noticias\/es\/#organization","name":"Noticias Aldaia","url":"https:\/\/aldaia.es\/noticias\/es\/","logo":{"@type":"ImageObject","inLanguage":"es","@id":"https:\/\/aldaia.es\/noticias\/es\/#\/schema\/logo\/image\/","url":"https:\/\/aldaia.es\/noticias\/wp-content\/uploads\/2025\/05\/aldaia-noticias.jpg","contentUrl":"https:\/\/aldaia.es\/noticias\/wp-content\/uploads\/2025\/05\/aldaia-noticias.jpg","width":512,"height":512,"caption":"Noticias Aldaia"},"image":{"@id":"https:\/\/aldaia.es\/noticias\/es\/#\/schema\/logo\/image\/"}},{"@type":"Person","@id":"https:\/\/aldaia.es\/noticias\/es\/#\/schema\/person\/4b9d33d0d77864dfe798033366a332f5","name":"COMUNICACION","url":"https:\/\/aldaia.es\/noticias\/es\/author\/comunicacion\/"}]}},"_links":{"self":[{"href":"https:\/\/aldaia.es\/noticias\/es\/wp-json\/wp\/v2\/posts\/12726","targetHints":{"allow":["GET"]}}],"collection":[{"href":"https:\/\/aldaia.es\/noticias\/es\/wp-json\/wp\/v2\/posts"}],"about":[{"href":"https:\/\/aldaia.es\/noticias\/es\/wp-json\/wp\/v2\/types\/post"}],"author":[{"embeddable":true,"href":"https:\/\/aldaia.es\/noticias\/es\/wp-json\/wp\/v2\/users\/3"}],"replies":[{"embeddable":true,"href":"https:\/\/aldaia.es\/noticias\/es\/wp-json\/wp\/v2\/comments?post=12726"}],"version-history":[{"count":1,"href":"https:\/\/aldaia.es\/noticias\/es\/wp-json\/wp\/v2\/posts\/12726\/revisions"}],"predecessor-version":[{"id":37041,"href":"https:\/\/aldaia.es\/noticias\/es\/wp-json\/wp\/v2\/posts\/12726\/revisions\/37041"}],"wp:featuredmedia":[{"embeddable":true,"href":"https:\/\/aldaia.es\/noticias\/es\/wp-json\/wp\/v2\/media\/12654"}],"wp:attachment":[{"href":"https:\/\/aldaia.es\/noticias\/es\/wp-json\/wp\/v2\/media?parent=12726"}],"wp:term":[{"taxonomy":"category","embeddable":true,"href":"https:\/\/aldaia.es\/noticias\/es\/wp-json\/wp\/v2\/categories?post=12726"},{"taxonomy":"post_tag","embeddable":true,"href":"https:\/\/aldaia.es\/noticias\/es\/wp-json\/wp\/v2\/tags?post=12726"}],"curies":[{"name":"wp","href":"https:\/\/api.w.org\/{rel}","templated":true}]}}