{"id":12937,"date":"2023-05-31T12:40:58","date_gmt":"2023-05-31T10:40:58","guid":{"rendered":"https:\/\/aldaia.es\/2023\/05\/31\/campana-de-concienciacion-sobre-el-tabaco-mas-sentido-comun-menos-tabaco\/"},"modified":"2025-05-20T10:46:32","modified_gmt":"2025-05-20T08:46:32","slug":"campana-de-concienciacion-sobre-el-tabaco-mas-sentido-comun-menos-tabaco","status":"publish","type":"post","link":"https:\/\/aldaia.es\/noticias\/es\/campana-de-concienciacion-sobre-el-tabaco-mas-sentido-comun-menos-tabaco\/","title":{"rendered":"Campa\u00f1a de concienciaci\u00f3n sobre el tabaco \u201cM\u00e1s sentido com\u00fan, menos tabaco\u201d"},"content":{"rendered":"<p class=\"western\"><span style=\"font-family: Arial, sans-serif; font-size: 12pt;\">Las UPCCA en Red de la Comunidad Valenciana iniciamos la campa\u00f1a de concienciaci\u00f3n y sensibilizaci\u00f3n para el 31 de mayo, d\u00eda mundial sin tabaco, con el lema \u201cM\u00e1s sentido com\u00fan, menos tabaco\u201d, este d\u00eda se propuso el a\u00f1o 1987 por la Organizaci\u00f3n Mundial de la Salud (OMS). La campa\u00f1a tiene como objetivo sensibilizar y concienciar sobre los efectos nocivos y letales del consumo de tabaco y la exposici\u00f3n pasiva al humo de esta sustancia.<\/span><\/p>\n<p>&nbsp;<\/p>\n<p><span style=\"font-size: 12pt;\"><span style=\"font-family: Arial, sans-serif;\">Tambi\u00e9n, y en consonancia con la campa\u00f1a de la OMS del 2023, se pretende animar en los gobiernos a poner fin a las subvenciones al cultivo de tabaco y utilizar los recursos ahorrados para ayudar a los agricultores a cambiar a cultivos m\u00e1s sostenibles que mejoran la seguridad alimentaria y la nutrici\u00f3n. La campa\u00f1a comunitaria se desarrolla a trav\u00e9s de las redes sociales poniendo el foco al desmontar ideas irracionales o contradicciones que la mayor\u00eda de personas fumadoras y personas que empiezan a fumar tienen sobre el tabaco. La campa\u00f1a consta de: Materiales interactivos y juegos para trabajar por parte del profesorado a las aulas, difusi\u00f3n de p\u00edldoras informativas y carteles en las redes sociales, y finalmente, una nota de prensa para resaltar la importancia de este d\u00eda para prevenir los riesgos del tabaco.<\/span><\/span><\/p>\n<p>&nbsp;<\/p>\n<p><span style=\"font-size: 12pt;\"><span style=\"font-family: Arial, sans-serif;\">La OMS ha revelado que el tabaco causa da\u00f1o tanto al medio ambiente como a la salud, puesto que cada a\u00f1o la industria del tabaco cuesta en el mundo m\u00e1s de 8 millones de vidas humanas, 600 millones de \u00e1rboles, 200.000 hect\u00e1reas de tierra y 22.000 millones de toneladas de agua y genera 84 millones de toneladas de CO\u2082. La mayor parte del tabaco se cultiva en pa\u00edses de ingresos bajos y medianos, en los que a menudo se necesitan desesperadamente agua y tierras de cultivo para producir alimentos para la regi\u00f3n.<\/span><\/span><\/p>\n<p>&nbsp;<\/p>\n<p><span style=\"font-size: 12pt;\"><span style=\"font-family: Arial, sans-serif;\">Los productos como los cigarrillos, el tabaco sin humo y los cigarrillos electr\u00f3nicos tambi\u00e9n contribuyen a la acumulaci\u00f3n de contaminaci\u00f3n pl\u00e1stica. Los filtros de los cigarrillos contienen micropl\u00e1sticos y constituyen la segunda forma de contaminaci\u00f3n pl\u00e1stica m\u00e1s importante del mundo. La reducci\u00f3n del tabaco va ligada a una mejora de la salud humana y la salud del medio ambiente, y por esta raz\u00f3n es necesaria.<\/span><\/span><\/p>\n<p>&nbsp;<\/p>\n","protected":false},"excerpt":{"rendered":"<p>Las UPCCA en Red de la Comunidad Valenciana iniciamos la campa\u00f1a de concienciaci\u00f3n y sensibilizaci\u00f3n para el 31 de mayo, d&#8230;<\/p>\n","protected":false},"author":2,"featured_media":12934,"comment_status":"closed","ping_status":"closed","sticky":false,"template":"","format":"standard","meta":{"_acf_changed":false,"footnotes":""},"categories":[28],"tags":[],"class_list":["post-12937","post","type-post","status-publish","format-standard","has-post-thumbnail","hentry","category-sanidad-y-bienestar-animal"],"acf":[],"yoast_head":"<!-- This site is optimized with the Yoast SEO plugin v26.9 - https:\/\/yoast.com\/product\/yoast-seo-wordpress\/ -->\n<title>Campa\u00f1a de concienciaci\u00f3n sobre el tabaco \u201cM\u00e1s sentido com\u00fan, menos tabaco\u201d - Noticias - Ayuntamiento de Aldaia<\/title>\n<meta name=\"description\" content=\"Las UPCCA en Red de la Comunidad Valenciana inician campa\u00f1a de concienciaci\u00f3n para el D\u00eda Mundial sin Tabaco, destacando los efectos nocivos del consumo y la exposici\u00f3n pasiva al humo\" \/>\n<meta name=\"robots\" content=\"index, follow, max-snippet:-1, max-image-preview:large, max-video-preview:-1\" \/>\n<link rel=\"canonical\" href=\"https:\/\/aldaia.es\/noticias\/es\/campana-de-concienciacion-sobre-el-tabaco-mas-sentido-comun-menos-tabaco\/\" \/>\n<meta property=\"og:locale\" content=\"es_ES\" \/>\n<meta property=\"og:type\" content=\"article\" \/>\n<meta property=\"og:title\" content=\"Campa\u00f1a de concienciaci\u00f3n sobre el tabaco \u201cM\u00e1s sentido com\u00fan, menos tabaco\u201d - Noticias - Ayuntamiento de Aldaia\" \/>\n<meta property=\"og:description\" content=\"Las UPCCA en Red de la Comunidad Valenciana inician campa\u00f1a de concienciaci\u00f3n para el D\u00eda Mundial sin Tabaco, destacando los efectos nocivos del consumo y la exposici\u00f3n pasiva al humo\" \/>\n<meta property=\"og:url\" content=\"https:\/\/aldaia.es\/noticias\/es\/campana-de-concienciacion-sobre-el-tabaco-mas-sentido-comun-menos-tabaco\/\" \/>\n<meta property=\"og:site_name\" content=\"Noticias - Ayuntamiento de Aldaia\" \/>\n<meta property=\"article:published_time\" content=\"2023-05-31T10:40:58+00:00\" \/>\n<meta property=\"article:modified_time\" content=\"2025-05-20T08:46:32+00:00\" \/>\n<meta property=\"og:image\" content=\"https:\/\/aldaia.es\/noticias\/wp-content\/uploads\/2023\/05\/CARTELES-A3-TABACO_page-0001-scaled-1.jpg\" \/>\n\t<meta property=\"og:image:width\" content=\"1810\" \/>\n\t<meta property=\"og:image:height\" content=\"2560\" \/>\n\t<meta property=\"og:image:type\" content=\"image\/jpeg\" \/>\n<meta name=\"author\" content=\"prensa\" \/>\n<meta name=\"twitter:card\" content=\"summary_large_image\" \/>\n<meta name=\"twitter:label1\" content=\"Escrito por\" \/>\n\t<meta name=\"twitter:data1\" content=\"prensa\" \/>\n\t<meta name=\"twitter:label2\" content=\"Tiempo de lectura\" \/>\n\t<meta name=\"twitter:data2\" content=\"2 minutos\" \/>\n<script type=\"application\/ld+json\" class=\"yoast-schema-graph\">{\"@context\":\"https:\/\/schema.org\",\"@graph\":[{\"@type\":\"Article\",\"@id\":\"https:\/\/aldaia.es\/noticias\/es\/campana-de-concienciacion-sobre-el-tabaco-mas-sentido-comun-menos-tabaco\/#article\",\"isPartOf\":{\"@id\":\"https:\/\/aldaia.es\/noticias\/es\/campana-de-concienciacion-sobre-el-tabaco-mas-sentido-comun-menos-tabaco\/\"},\"author\":{\"name\":\"prensa\",\"@id\":\"https:\/\/aldaia.es\/noticias\/es\/#\/schema\/person\/736bf474749673d55971dc81c4553f7e\"},\"headline\":\"Campa\u00f1a de concienciaci\u00f3n sobre el tabaco \u201cM\u00e1s sentido com\u00fan, menos tabaco\u201d\",\"datePublished\":\"2023-05-31T10:40:58+00:00\",\"dateModified\":\"2025-05-20T08:46:32+00:00\",\"mainEntityOfPage\":{\"@id\":\"https:\/\/aldaia.es\/noticias\/es\/campana-de-concienciacion-sobre-el-tabaco-mas-sentido-comun-menos-tabaco\/\"},\"wordCount\":415,\"publisher\":{\"@id\":\"https:\/\/aldaia.es\/noticias\/es\/#organization\"},\"image\":{\"@id\":\"https:\/\/aldaia.es\/noticias\/es\/campana-de-concienciacion-sobre-el-tabaco-mas-sentido-comun-menos-tabaco\/#primaryimage\"},\"thumbnailUrl\":\"https:\/\/aldaia.es\/noticias\/wp-content\/uploads\/2023\/05\/CARTELES-A3-TABACO_page-0001-scaled-1.jpg\",\"articleSection\":[\"Sanidad y bienestar animal\"],\"inLanguage\":\"es\"},{\"@type\":\"WebPage\",\"@id\":\"https:\/\/aldaia.es\/noticias\/es\/campana-de-concienciacion-sobre-el-tabaco-mas-sentido-comun-menos-tabaco\/\",\"url\":\"https:\/\/aldaia.es\/noticias\/es\/campana-de-concienciacion-sobre-el-tabaco-mas-sentido-comun-menos-tabaco\/\",\"name\":\"Campa\u00f1a de concienciaci\u00f3n sobre el tabaco \u201cM\u00e1s sentido com\u00fan, menos tabaco\u201d - Noticias - Ayuntamiento de Aldaia\",\"isPartOf\":{\"@id\":\"https:\/\/aldaia.es\/noticias\/es\/#website\"},\"primaryImageOfPage\":{\"@id\":\"https:\/\/aldaia.es\/noticias\/es\/campana-de-concienciacion-sobre-el-tabaco-mas-sentido-comun-menos-tabaco\/#primaryimage\"},\"image\":{\"@id\":\"https:\/\/aldaia.es\/noticias\/es\/campana-de-concienciacion-sobre-el-tabaco-mas-sentido-comun-menos-tabaco\/#primaryimage\"},\"thumbnailUrl\":\"https:\/\/aldaia.es\/noticias\/wp-content\/uploads\/2023\/05\/CARTELES-A3-TABACO_page-0001-scaled-1.jpg\",\"datePublished\":\"2023-05-31T10:40:58+00:00\",\"dateModified\":\"2025-05-20T08:46:32+00:00\",\"description\":\"Las UPCCA en Red de la Comunidad Valenciana inician campa\u00f1a de concienciaci\u00f3n para el D\u00eda Mundial sin Tabaco, destacando los efectos nocivos del consumo y la exposici\u00f3n pasiva al humo\",\"breadcrumb\":{\"@id\":\"https:\/\/aldaia.es\/noticias\/es\/campana-de-concienciacion-sobre-el-tabaco-mas-sentido-comun-menos-tabaco\/#breadcrumb\"},\"inLanguage\":\"es\",\"potentialAction\":[{\"@type\":\"ReadAction\",\"target\":[\"https:\/\/aldaia.es\/noticias\/es\/campana-de-concienciacion-sobre-el-tabaco-mas-sentido-comun-menos-tabaco\/\"]}]},{\"@type\":\"ImageObject\",\"inLanguage\":\"es\",\"@id\":\"https:\/\/aldaia.es\/noticias\/es\/campana-de-concienciacion-sobre-el-tabaco-mas-sentido-comun-menos-tabaco\/#primaryimage\",\"url\":\"https:\/\/aldaia.es\/noticias\/wp-content\/uploads\/2023\/05\/CARTELES-A3-TABACO_page-0001-scaled-1.jpg\",\"contentUrl\":\"https:\/\/aldaia.es\/noticias\/wp-content\/uploads\/2023\/05\/CARTELES-A3-TABACO_page-0001-scaled-1.jpg\",\"width\":1810,\"height\":2560},{\"@type\":\"BreadcrumbList\",\"@id\":\"https:\/\/aldaia.es\/noticias\/es\/campana-de-concienciacion-sobre-el-tabaco-mas-sentido-comun-menos-tabaco\/#breadcrumb\",\"itemListElement\":[{\"@type\":\"ListItem\",\"position\":1,\"name\":\"Portada\",\"item\":\"https:\/\/aldaia.es\/noticias\/es\/\"},{\"@type\":\"ListItem\",\"position\":2,\"name\":\"Campa\u00f1a de concienciaci\u00f3n sobre el tabaco \u201cM\u00e1s sentido com\u00fan, menos tabaco\u201d\"}]},{\"@type\":\"WebSite\",\"@id\":\"https:\/\/aldaia.es\/noticias\/es\/#website\",\"url\":\"https:\/\/aldaia.es\/noticias\/es\/\",\"name\":\"Noticias Aldaia\",\"description\":\"\",\"publisher\":{\"@id\":\"https:\/\/aldaia.es\/noticias\/es\/#organization\"},\"potentialAction\":[{\"@type\":\"SearchAction\",\"target\":{\"@type\":\"EntryPoint\",\"urlTemplate\":\"https:\/\/aldaia.es\/noticias\/es\/?s={search_term_string}\"},\"query-input\":{\"@type\":\"PropertyValueSpecification\",\"valueRequired\":true,\"valueName\":\"search_term_string\"}}],\"inLanguage\":\"es\"},{\"@type\":\"Organization\",\"@id\":\"https:\/\/aldaia.es\/noticias\/es\/#organization\",\"name\":\"Noticias Aldaia\",\"url\":\"https:\/\/aldaia.es\/noticias\/es\/\",\"logo\":{\"@type\":\"ImageObject\",\"inLanguage\":\"es\",\"@id\":\"https:\/\/aldaia.es\/noticias\/es\/#\/schema\/logo\/image\/\",\"url\":\"https:\/\/aldaia.es\/noticias\/wp-content\/uploads\/2025\/05\/aldaia-noticias.jpg\",\"contentUrl\":\"https:\/\/aldaia.es\/noticias\/wp-content\/uploads\/2025\/05\/aldaia-noticias.jpg\",\"width\":512,\"height\":512,\"caption\":\"Noticias Aldaia\"},\"image\":{\"@id\":\"https:\/\/aldaia.es\/noticias\/es\/#\/schema\/logo\/image\/\"}},{\"@type\":\"Person\",\"@id\":\"https:\/\/aldaia.es\/noticias\/es\/#\/schema\/person\/736bf474749673d55971dc81c4553f7e\",\"name\":\"prensa\",\"url\":\"https:\/\/aldaia.es\/noticias\/es\/author\/prensa\/\"}]}<\/script>\n<!-- \/ Yoast SEO plugin. -->","yoast_head_json":{"title":"Campa\u00f1a de concienciaci\u00f3n sobre el tabaco \u201cM\u00e1s sentido com\u00fan, menos tabaco\u201d - Noticias - Ayuntamiento de Aldaia","description":"Las UPCCA en Red de la Comunidad Valenciana inician campa\u00f1a de concienciaci\u00f3n para el D\u00eda Mundial sin Tabaco, destacando los efectos nocivos del consumo y la exposici\u00f3n pasiva al humo","robots":{"index":"index","follow":"follow","max-snippet":"max-snippet:-1","max-image-preview":"max-image-preview:large","max-video-preview":"max-video-preview:-1"},"canonical":"https:\/\/aldaia.es\/noticias\/es\/campana-de-concienciacion-sobre-el-tabaco-mas-sentido-comun-menos-tabaco\/","og_locale":"es_ES","og_type":"article","og_title":"Campa\u00f1a de concienciaci\u00f3n sobre el tabaco \u201cM\u00e1s sentido com\u00fan, menos tabaco\u201d - Noticias - Ayuntamiento de Aldaia","og_description":"Las UPCCA en Red de la Comunidad Valenciana inician campa\u00f1a de concienciaci\u00f3n para el D\u00eda Mundial sin Tabaco, destacando los efectos nocivos del consumo y la exposici\u00f3n pasiva al humo","og_url":"https:\/\/aldaia.es\/noticias\/es\/campana-de-concienciacion-sobre-el-tabaco-mas-sentido-comun-menos-tabaco\/","og_site_name":"Noticias - Ayuntamiento de Aldaia","article_published_time":"2023-05-31T10:40:58+00:00","article_modified_time":"2025-05-20T08:46:32+00:00","og_image":[{"width":1810,"height":2560,"url":"https:\/\/aldaia.es\/noticias\/wp-content\/uploads\/2023\/05\/CARTELES-A3-TABACO_page-0001-scaled-1.jpg","type":"image\/jpeg"}],"author":"prensa","twitter_card":"summary_large_image","twitter_misc":{"Escrito por":"prensa","Tiempo de lectura":"2 minutos"},"schema":{"@context":"https:\/\/schema.org","@graph":[{"@type":"Article","@id":"https:\/\/aldaia.es\/noticias\/es\/campana-de-concienciacion-sobre-el-tabaco-mas-sentido-comun-menos-tabaco\/#article","isPartOf":{"@id":"https:\/\/aldaia.es\/noticias\/es\/campana-de-concienciacion-sobre-el-tabaco-mas-sentido-comun-menos-tabaco\/"},"author":{"name":"prensa","@id":"https:\/\/aldaia.es\/noticias\/es\/#\/schema\/person\/736bf474749673d55971dc81c4553f7e"},"headline":"Campa\u00f1a de concienciaci\u00f3n sobre el tabaco \u201cM\u00e1s sentido com\u00fan, menos tabaco\u201d","datePublished":"2023-05-31T10:40:58+00:00","dateModified":"2025-05-20T08:46:32+00:00","mainEntityOfPage":{"@id":"https:\/\/aldaia.es\/noticias\/es\/campana-de-concienciacion-sobre-el-tabaco-mas-sentido-comun-menos-tabaco\/"},"wordCount":415,"publisher":{"@id":"https:\/\/aldaia.es\/noticias\/es\/#organization"},"image":{"@id":"https:\/\/aldaia.es\/noticias\/es\/campana-de-concienciacion-sobre-el-tabaco-mas-sentido-comun-menos-tabaco\/#primaryimage"},"thumbnailUrl":"https:\/\/aldaia.es\/noticias\/wp-content\/uploads\/2023\/05\/CARTELES-A3-TABACO_page-0001-scaled-1.jpg","articleSection":["Sanidad y bienestar animal"],"inLanguage":"es"},{"@type":"WebPage","@id":"https:\/\/aldaia.es\/noticias\/es\/campana-de-concienciacion-sobre-el-tabaco-mas-sentido-comun-menos-tabaco\/","url":"https:\/\/aldaia.es\/noticias\/es\/campana-de-concienciacion-sobre-el-tabaco-mas-sentido-comun-menos-tabaco\/","name":"Campa\u00f1a de concienciaci\u00f3n sobre el tabaco \u201cM\u00e1s sentido com\u00fan, menos tabaco\u201d - Noticias - Ayuntamiento de Aldaia","isPartOf":{"@id":"https:\/\/aldaia.es\/noticias\/es\/#website"},"primaryImageOfPage":{"@id":"https:\/\/aldaia.es\/noticias\/es\/campana-de-concienciacion-sobre-el-tabaco-mas-sentido-comun-menos-tabaco\/#primaryimage"},"image":{"@id":"https:\/\/aldaia.es\/noticias\/es\/campana-de-concienciacion-sobre-el-tabaco-mas-sentido-comun-menos-tabaco\/#primaryimage"},"thumbnailUrl":"https:\/\/aldaia.es\/noticias\/wp-content\/uploads\/2023\/05\/CARTELES-A3-TABACO_page-0001-scaled-1.jpg","datePublished":"2023-05-31T10:40:58+00:00","dateModified":"2025-05-20T08:46:32+00:00","description":"Las UPCCA en Red de la Comunidad Valenciana inician campa\u00f1a de concienciaci\u00f3n para el D\u00eda Mundial sin Tabaco, destacando los efectos nocivos del consumo y la exposici\u00f3n pasiva al humo","breadcrumb":{"@id":"https:\/\/aldaia.es\/noticias\/es\/campana-de-concienciacion-sobre-el-tabaco-mas-sentido-comun-menos-tabaco\/#breadcrumb"},"inLanguage":"es","potentialAction":[{"@type":"ReadAction","target":["https:\/\/aldaia.es\/noticias\/es\/campana-de-concienciacion-sobre-el-tabaco-mas-sentido-comun-menos-tabaco\/"]}]},{"@type":"ImageObject","inLanguage":"es","@id":"https:\/\/aldaia.es\/noticias\/es\/campana-de-concienciacion-sobre-el-tabaco-mas-sentido-comun-menos-tabaco\/#primaryimage","url":"https:\/\/aldaia.es\/noticias\/wp-content\/uploads\/2023\/05\/CARTELES-A3-TABACO_page-0001-scaled-1.jpg","contentUrl":"https:\/\/aldaia.es\/noticias\/wp-content\/uploads\/2023\/05\/CARTELES-A3-TABACO_page-0001-scaled-1.jpg","width":1810,"height":2560},{"@type":"BreadcrumbList","@id":"https:\/\/aldaia.es\/noticias\/es\/campana-de-concienciacion-sobre-el-tabaco-mas-sentido-comun-menos-tabaco\/#breadcrumb","itemListElement":[{"@type":"ListItem","position":1,"name":"Portada","item":"https:\/\/aldaia.es\/noticias\/es\/"},{"@type":"ListItem","position":2,"name":"Campa\u00f1a de concienciaci\u00f3n sobre el tabaco \u201cM\u00e1s sentido com\u00fan, menos tabaco\u201d"}]},{"@type":"WebSite","@id":"https:\/\/aldaia.es\/noticias\/es\/#website","url":"https:\/\/aldaia.es\/noticias\/es\/","name":"Noticias Aldaia","description":"","publisher":{"@id":"https:\/\/aldaia.es\/noticias\/es\/#organization"},"potentialAction":[{"@type":"SearchAction","target":{"@type":"EntryPoint","urlTemplate":"https:\/\/aldaia.es\/noticias\/es\/?s={search_term_string}"},"query-input":{"@type":"PropertyValueSpecification","valueRequired":true,"valueName":"search_term_string"}}],"inLanguage":"es"},{"@type":"Organization","@id":"https:\/\/aldaia.es\/noticias\/es\/#organization","name":"Noticias Aldaia","url":"https:\/\/aldaia.es\/noticias\/es\/","logo":{"@type":"ImageObject","inLanguage":"es","@id":"https:\/\/aldaia.es\/noticias\/es\/#\/schema\/logo\/image\/","url":"https:\/\/aldaia.es\/noticias\/wp-content\/uploads\/2025\/05\/aldaia-noticias.jpg","contentUrl":"https:\/\/aldaia.es\/noticias\/wp-content\/uploads\/2025\/05\/aldaia-noticias.jpg","width":512,"height":512,"caption":"Noticias Aldaia"},"image":{"@id":"https:\/\/aldaia.es\/noticias\/es\/#\/schema\/logo\/image\/"}},{"@type":"Person","@id":"https:\/\/aldaia.es\/noticias\/es\/#\/schema\/person\/736bf474749673d55971dc81c4553f7e","name":"prensa","url":"https:\/\/aldaia.es\/noticias\/es\/author\/prensa\/"}]}},"_links":{"self":[{"href":"https:\/\/aldaia.es\/noticias\/es\/wp-json\/wp\/v2\/posts\/12937","targetHints":{"allow":["GET"]}}],"collection":[{"href":"https:\/\/aldaia.es\/noticias\/es\/wp-json\/wp\/v2\/posts"}],"about":[{"href":"https:\/\/aldaia.es\/noticias\/es\/wp-json\/wp\/v2\/types\/post"}],"author":[{"embeddable":true,"href":"https:\/\/aldaia.es\/noticias\/es\/wp-json\/wp\/v2\/users\/2"}],"replies":[{"embeddable":true,"href":"https:\/\/aldaia.es\/noticias\/es\/wp-json\/wp\/v2\/comments?post=12937"}],"version-history":[{"count":1,"href":"https:\/\/aldaia.es\/noticias\/es\/wp-json\/wp\/v2\/posts\/12937\/revisions"}],"predecessor-version":[{"id":34110,"href":"https:\/\/aldaia.es\/noticias\/es\/wp-json\/wp\/v2\/posts\/12937\/revisions\/34110"}],"wp:featuredmedia":[{"embeddable":true,"href":"https:\/\/aldaia.es\/noticias\/es\/wp-json\/wp\/v2\/media\/12934"}],"wp:attachment":[{"href":"https:\/\/aldaia.es\/noticias\/es\/wp-json\/wp\/v2\/media?parent=12937"}],"wp:term":[{"taxonomy":"category","embeddable":true,"href":"https:\/\/aldaia.es\/noticias\/es\/wp-json\/wp\/v2\/categories?post=12937"},{"taxonomy":"post_tag","embeddable":true,"href":"https:\/\/aldaia.es\/noticias\/es\/wp-json\/wp\/v2\/tags?post=12937"}],"curies":[{"name":"wp","href":"https:\/\/api.w.org\/{rel}","templated":true}]}}