{"id":13122,"date":"2023-06-02T14:32:01","date_gmt":"2023-06-02T12:32:01","guid":{"rendered":"https:\/\/aldaia.es\/2023\/06\/02\/la-baixa-del-crist-de-aldaia-ya-es-fiesta-de-interes-turisticc-provincial-de-la-comunidad-valenciana\/"},"modified":"2025-05-20T13:59:02","modified_gmt":"2025-05-20T11:59:02","slug":"la-baixa-del-crist-de-aldaia-ya-es-fiesta-de-interes-turisticc-provincial-de-la-comunidad-valenciana","status":"publish","type":"post","link":"https:\/\/aldaia.es\/noticias\/es\/la-baixa-del-crist-de-aldaia-ya-es-fiesta-de-interes-turisticc-provincial-de-la-comunidad-valenciana\/","title":{"rendered":"La \u201cBaix\u00e0 del Crist\u201d de Aldaia ya es Fiesta de Inter\u00e9s Tur\u00edstic Provincial de la Comunitat Valenciana"},"content":{"rendered":"\n<p><strong><strong>La Direcci\u00f3n General de Turismo acepta la petici\u00f3n formulada por el Ayuntamiento de Aldaia para que la \u201cBaix\u00e0 del Crist\u201d tenga el t\u00edtulo honor\u00edfico que aporta m\u00e1s reconocimiento, prestigio y notoriedad a la fiesta<\/strong><\/strong><\/p>\n\n\n\n<p>La \u201cBaix\u00e0 del Crist dels Necessitats\u201d de Aldaia ha sido declarada Fiesta de Inter\u00e9s Tur\u00edstico Provincial de la Comunidad Valenciana. La Direcci\u00f3n General de Turismo ha aceptado la petici\u00f3n formulada por el Ayuntamiento de Aldaia para que la \u201cBaix\u00e0 del Crist\u201d tenga este t\u00edtulo honor\u00edfico que aporta m\u00e1s reconocimiento, prestigio y notoriedad a la fiesta. Esta declaraci\u00f3n ha sido otorgada por Presidencia de la Generalitat Valenciana mediante resoluci\u00f3n del 25 de mayo de 2023, hecho que supone la inscripci\u00f3n de la \u201cBaix\u00e0 del Crist\u201d de Aldaia en el registro especial de fiestas e itinerarios de inter\u00e9s tur\u00edstico del territorio valenciano.<\/p>\n\n\n\n<p>Hay que recordar que la \u201cBaix\u00e0 del Crist\u201d obtuvo en 2010 la declaraci\u00f3n de Fiesta de Inter\u00e9s Tur\u00edstico Local, pero ahora con el actual reconocimiento provincial la fiesta m\u00e1s emblem\u00e1tica de Aldaia adquiere m\u00e1s relevancia y una mayor consideraci\u00f3n.<\/p>\n\n\n\n<p>La \u201cBaix\u00e0\u201d es un acto abierto al p\u00fablico, creyentes o no y de todas las condiciones sociales y culturas, unidos en un espect\u00e1culo de luz, p\u00f3lvora y color entre una multitud de gente de dentro y fuera de Aldaia que presencia el acto. La \u201cBaix\u00e0 del Crist\u201d forma parte del patrimonio inmaterial o intangible de Aldaia. Es una expresi\u00f3n popular de la ciudadan\u00eda, un acto colectivo en el cual mezclan religiosidad popular, la fiesta del fuego y tradici\u00f3n cultural.<\/p>\n\n\n\n<p>La Baix\u00e0 del Crist de Aldaia tiene caracter\u00edsticas singulares de car\u00e1cter patrimonial, festivo y cultural que definen su originalidad y que explican su declaraci\u00f3n como Fiesta de Inter\u00e9s Tur\u00edstico Provincial:<\/p>\n\n\n\n<p>Una fiesta con m\u00e1s de cien a\u00f1os de historia<\/p>\n\n\n\n<p>La \u201cBaix\u00e0\u201d, fiesta abierta a personas de todas las creencias, culturas y condiciones sociales<\/p>\n\n\n\n<p>La \u201cBaix\u00e0 del Crist\u201d, ritual de la cultura valenciana del fuego<\/p>\n\n\n\n<p>La \u201cBaix\u00e0\u201d est\u00e1 integrada en la trilog\u00eda festiva dedicada al \u201cCrist dels Necessitats\u201d<\/p>\n\n\n\n<p>La Baix\u00e0, festa participativa amb organitzaci\u00f3 local pr\u00f2pia que es transmet generacionalment.<\/p>\n","protected":false},"excerpt":{"rendered":"<p>La Direcci\u00f3n General de Turismo acepta la petici\u00f3n formulada por el Ayuntamiento de Aldaia para que la \u201cBaix\u00e0 del Crist?&#8230;<\/p>\n","protected":false},"author":3,"featured_media":13071,"comment_status":"closed","ping_status":"closed","sticky":false,"template":"","format":"standard","meta":{"_acf_changed":false,"footnotes":""},"categories":[53],"tags":[],"class_list":["post-13122","post","type-post","status-publish","format-standard","has-post-thumbnail","hentry","category-cultura-es"],"acf":[],"yoast_head":"<!-- This site is optimized with the Yoast SEO plugin v26.9 - https:\/\/yoast.com\/product\/yoast-seo-wordpress\/ -->\n<title>La \u201cBaix\u00e0 del Crist\u201d de Aldaia ya es Fiesta de Inter\u00e9s Tur\u00edstic Provincial de la Comunitat Valenciana - Noticias - Ayuntamiento de Aldaia<\/title>\n<meta name=\"robots\" content=\"index, follow, max-snippet:-1, max-image-preview:large, max-video-preview:-1\" \/>\n<link rel=\"canonical\" href=\"https:\/\/aldaia.es\/noticias\/es\/la-baixa-del-crist-de-aldaia-ya-es-fiesta-de-interes-turisticc-provincial-de-la-comunidad-valenciana\/\" \/>\n<meta property=\"og:locale\" content=\"es_ES\" \/>\n<meta property=\"og:type\" content=\"article\" \/>\n<meta property=\"og:title\" content=\"La \u201cBaix\u00e0 del Crist\u201d de Aldaia ya es Fiesta de Inter\u00e9s Tur\u00edstic Provincial de la Comunitat Valenciana - Noticias - Ayuntamiento de Aldaia\" \/>\n<meta property=\"og:description\" content=\"\" \/>\n<meta property=\"og:url\" content=\"https:\/\/aldaia.es\/noticias\/es\/la-baixa-del-crist-de-aldaia-ya-es-fiesta-de-interes-turisticc-provincial-de-la-comunidad-valenciana\/\" \/>\n<meta property=\"og:site_name\" content=\"Noticias - Ayuntamiento de Aldaia\" \/>\n<meta property=\"article:published_time\" content=\"2023-06-02T12:32:01+00:00\" \/>\n<meta property=\"article:modified_time\" content=\"2025-05-20T11:59:02+00:00\" \/>\n<meta property=\"og:image\" content=\"https:\/\/aldaia.es\/noticias\/wp-content\/uploads\/2023\/06\/IMG_2450-scaled-1.jpg\" \/>\n\t<meta property=\"og:image:width\" content=\"2560\" \/>\n\t<meta property=\"og:image:height\" content=\"1920\" \/>\n\t<meta property=\"og:image:type\" content=\"image\/jpeg\" \/>\n<meta name=\"author\" content=\"COMUNICACION\" \/>\n<meta name=\"twitter:card\" content=\"summary_large_image\" \/>\n<meta name=\"twitter:label1\" content=\"Escrito por\" \/>\n\t<meta name=\"twitter:data1\" content=\"COMUNICACION\" \/>\n\t<meta name=\"twitter:label2\" content=\"Tiempo de lectura\" \/>\n\t<meta name=\"twitter:data2\" content=\"2 minutos\" \/>\n<script type=\"application\/ld+json\" class=\"yoast-schema-graph\">{\"@context\":\"https:\/\/schema.org\",\"@graph\":[{\"@type\":\"Article\",\"@id\":\"https:\/\/aldaia.es\/noticias\/es\/la-baixa-del-crist-de-aldaia-ya-es-fiesta-de-interes-turisticc-provincial-de-la-comunidad-valenciana\/#article\",\"isPartOf\":{\"@id\":\"https:\/\/aldaia.es\/noticias\/es\/la-baixa-del-crist-de-aldaia-ya-es-fiesta-de-interes-turisticc-provincial-de-la-comunidad-valenciana\/\"},\"author\":{\"name\":\"COMUNICACION\",\"@id\":\"https:\/\/aldaia.es\/noticias\/es\/#\/schema\/person\/4b9d33d0d77864dfe798033366a332f5\"},\"headline\":\"La \u201cBaix\u00e0 del Crist\u201d de Aldaia ya es Fiesta de Inter\u00e9s Tur\u00edstic Provincial de la Comunitat Valenciana\",\"datePublished\":\"2023-06-02T12:32:01+00:00\",\"dateModified\":\"2025-05-20T11:59:02+00:00\",\"mainEntityOfPage\":{\"@id\":\"https:\/\/aldaia.es\/noticias\/es\/la-baixa-del-crist-de-aldaia-ya-es-fiesta-de-interes-turisticc-provincial-de-la-comunidad-valenciana\/\"},\"wordCount\":396,\"publisher\":{\"@id\":\"https:\/\/aldaia.es\/noticias\/es\/#organization\"},\"image\":{\"@id\":\"https:\/\/aldaia.es\/noticias\/es\/la-baixa-del-crist-de-aldaia-ya-es-fiesta-de-interes-turisticc-provincial-de-la-comunidad-valenciana\/#primaryimage\"},\"thumbnailUrl\":\"https:\/\/aldaia.es\/noticias\/wp-content\/uploads\/2023\/06\/IMG_2450-scaled-1.jpg\",\"articleSection\":[\"Cultura\"],\"inLanguage\":\"es\"},{\"@type\":\"WebPage\",\"@id\":\"https:\/\/aldaia.es\/noticias\/es\/la-baixa-del-crist-de-aldaia-ya-es-fiesta-de-interes-turisticc-provincial-de-la-comunidad-valenciana\/\",\"url\":\"https:\/\/aldaia.es\/noticias\/es\/la-baixa-del-crist-de-aldaia-ya-es-fiesta-de-interes-turisticc-provincial-de-la-comunidad-valenciana\/\",\"name\":\"La \u201cBaix\u00e0 del Crist\u201d de Aldaia ya es Fiesta de Inter\u00e9s Tur\u00edstic Provincial de la Comunitat Valenciana - Noticias - Ayuntamiento de Aldaia\",\"isPartOf\":{\"@id\":\"https:\/\/aldaia.es\/noticias\/es\/#website\"},\"primaryImageOfPage\":{\"@id\":\"https:\/\/aldaia.es\/noticias\/es\/la-baixa-del-crist-de-aldaia-ya-es-fiesta-de-interes-turisticc-provincial-de-la-comunidad-valenciana\/#primaryimage\"},\"image\":{\"@id\":\"https:\/\/aldaia.es\/noticias\/es\/la-baixa-del-crist-de-aldaia-ya-es-fiesta-de-interes-turisticc-provincial-de-la-comunidad-valenciana\/#primaryimage\"},\"thumbnailUrl\":\"https:\/\/aldaia.es\/noticias\/wp-content\/uploads\/2023\/06\/IMG_2450-scaled-1.jpg\",\"datePublished\":\"2023-06-02T12:32:01+00:00\",\"dateModified\":\"2025-05-20T11:59:02+00:00\",\"breadcrumb\":{\"@id\":\"https:\/\/aldaia.es\/noticias\/es\/la-baixa-del-crist-de-aldaia-ya-es-fiesta-de-interes-turisticc-provincial-de-la-comunidad-valenciana\/#breadcrumb\"},\"inLanguage\":\"es\",\"potentialAction\":[{\"@type\":\"ReadAction\",\"target\":[\"https:\/\/aldaia.es\/noticias\/es\/la-baixa-del-crist-de-aldaia-ya-es-fiesta-de-interes-turisticc-provincial-de-la-comunidad-valenciana\/\"]}]},{\"@type\":\"ImageObject\",\"inLanguage\":\"es\",\"@id\":\"https:\/\/aldaia.es\/noticias\/es\/la-baixa-del-crist-de-aldaia-ya-es-fiesta-de-interes-turisticc-provincial-de-la-comunidad-valenciana\/#primaryimage\",\"url\":\"https:\/\/aldaia.es\/noticias\/wp-content\/uploads\/2023\/06\/IMG_2450-scaled-1.jpg\",\"contentUrl\":\"https:\/\/aldaia.es\/noticias\/wp-content\/uploads\/2023\/06\/IMG_2450-scaled-1.jpg\",\"width\":2560,\"height\":1920},{\"@type\":\"BreadcrumbList\",\"@id\":\"https:\/\/aldaia.es\/noticias\/es\/la-baixa-del-crist-de-aldaia-ya-es-fiesta-de-interes-turisticc-provincial-de-la-comunidad-valenciana\/#breadcrumb\",\"itemListElement\":[{\"@type\":\"ListItem\",\"position\":1,\"name\":\"Portada\",\"item\":\"https:\/\/aldaia.es\/noticias\/es\/\"},{\"@type\":\"ListItem\",\"position\":2,\"name\":\"La \u201cBaix\u00e0 del Crist\u201d de Aldaia ya es Fiesta de Inter\u00e9s Tur\u00edstic Provincial de la Comunitat Valenciana\"}]},{\"@type\":\"WebSite\",\"@id\":\"https:\/\/aldaia.es\/noticias\/es\/#website\",\"url\":\"https:\/\/aldaia.es\/noticias\/es\/\",\"name\":\"Noticias Aldaia\",\"description\":\"\",\"publisher\":{\"@id\":\"https:\/\/aldaia.es\/noticias\/es\/#organization\"},\"potentialAction\":[{\"@type\":\"SearchAction\",\"target\":{\"@type\":\"EntryPoint\",\"urlTemplate\":\"https:\/\/aldaia.es\/noticias\/es\/?s={search_term_string}\"},\"query-input\":{\"@type\":\"PropertyValueSpecification\",\"valueRequired\":true,\"valueName\":\"search_term_string\"}}],\"inLanguage\":\"es\"},{\"@type\":\"Organization\",\"@id\":\"https:\/\/aldaia.es\/noticias\/es\/#organization\",\"name\":\"Noticias Aldaia\",\"url\":\"https:\/\/aldaia.es\/noticias\/es\/\",\"logo\":{\"@type\":\"ImageObject\",\"inLanguage\":\"es\",\"@id\":\"https:\/\/aldaia.es\/noticias\/es\/#\/schema\/logo\/image\/\",\"url\":\"https:\/\/aldaia.es\/noticias\/wp-content\/uploads\/2025\/05\/aldaia-noticias.jpg\",\"contentUrl\":\"https:\/\/aldaia.es\/noticias\/wp-content\/uploads\/2025\/05\/aldaia-noticias.jpg\",\"width\":512,\"height\":512,\"caption\":\"Noticias Aldaia\"},\"image\":{\"@id\":\"https:\/\/aldaia.es\/noticias\/es\/#\/schema\/logo\/image\/\"}},{\"@type\":\"Person\",\"@id\":\"https:\/\/aldaia.es\/noticias\/es\/#\/schema\/person\/4b9d33d0d77864dfe798033366a332f5\",\"name\":\"COMUNICACION\",\"url\":\"https:\/\/aldaia.es\/noticias\/es\/author\/comunicacion\/\"}]}<\/script>\n<!-- \/ Yoast SEO plugin. -->","yoast_head_json":{"title":"La \u201cBaix\u00e0 del Crist\u201d de Aldaia ya es Fiesta de Inter\u00e9s Tur\u00edstic Provincial de la Comunitat Valenciana - Noticias - Ayuntamiento de Aldaia","robots":{"index":"index","follow":"follow","max-snippet":"max-snippet:-1","max-image-preview":"max-image-preview:large","max-video-preview":"max-video-preview:-1"},"canonical":"https:\/\/aldaia.es\/noticias\/es\/la-baixa-del-crist-de-aldaia-ya-es-fiesta-de-interes-turisticc-provincial-de-la-comunidad-valenciana\/","og_locale":"es_ES","og_type":"article","og_title":"La \u201cBaix\u00e0 del Crist\u201d de Aldaia ya es Fiesta de Inter\u00e9s Tur\u00edstic Provincial de la Comunitat Valenciana - Noticias - Ayuntamiento de Aldaia","og_description":"La Direcci\u00f3n General de Turismo acepta la petici\u00f3n formulada por el Ayuntamiento de Aldaia para que la \u201cBaix\u00e0 del Crist?...","og_url":"https:\/\/aldaia.es\/noticias\/es\/la-baixa-del-crist-de-aldaia-ya-es-fiesta-de-interes-turisticc-provincial-de-la-comunidad-valenciana\/","og_site_name":"Noticias - Ayuntamiento de Aldaia","article_published_time":"2023-06-02T12:32:01+00:00","article_modified_time":"2025-05-20T11:59:02+00:00","og_image":[{"width":2560,"height":1920,"url":"https:\/\/aldaia.es\/noticias\/wp-content\/uploads\/2023\/06\/IMG_2450-scaled-1.jpg","type":"image\/jpeg"}],"author":"COMUNICACION","twitter_card":"summary_large_image","twitter_misc":{"Escrito por":"COMUNICACION","Tiempo de lectura":"2 minutos"},"schema":{"@context":"https:\/\/schema.org","@graph":[{"@type":"Article","@id":"https:\/\/aldaia.es\/noticias\/es\/la-baixa-del-crist-de-aldaia-ya-es-fiesta-de-interes-turisticc-provincial-de-la-comunidad-valenciana\/#article","isPartOf":{"@id":"https:\/\/aldaia.es\/noticias\/es\/la-baixa-del-crist-de-aldaia-ya-es-fiesta-de-interes-turisticc-provincial-de-la-comunidad-valenciana\/"},"author":{"name":"COMUNICACION","@id":"https:\/\/aldaia.es\/noticias\/es\/#\/schema\/person\/4b9d33d0d77864dfe798033366a332f5"},"headline":"La \u201cBaix\u00e0 del Crist\u201d de Aldaia ya es Fiesta de Inter\u00e9s Tur\u00edstic Provincial de la Comunitat Valenciana","datePublished":"2023-06-02T12:32:01+00:00","dateModified":"2025-05-20T11:59:02+00:00","mainEntityOfPage":{"@id":"https:\/\/aldaia.es\/noticias\/es\/la-baixa-del-crist-de-aldaia-ya-es-fiesta-de-interes-turisticc-provincial-de-la-comunidad-valenciana\/"},"wordCount":396,"publisher":{"@id":"https:\/\/aldaia.es\/noticias\/es\/#organization"},"image":{"@id":"https:\/\/aldaia.es\/noticias\/es\/la-baixa-del-crist-de-aldaia-ya-es-fiesta-de-interes-turisticc-provincial-de-la-comunidad-valenciana\/#primaryimage"},"thumbnailUrl":"https:\/\/aldaia.es\/noticias\/wp-content\/uploads\/2023\/06\/IMG_2450-scaled-1.jpg","articleSection":["Cultura"],"inLanguage":"es"},{"@type":"WebPage","@id":"https:\/\/aldaia.es\/noticias\/es\/la-baixa-del-crist-de-aldaia-ya-es-fiesta-de-interes-turisticc-provincial-de-la-comunidad-valenciana\/","url":"https:\/\/aldaia.es\/noticias\/es\/la-baixa-del-crist-de-aldaia-ya-es-fiesta-de-interes-turisticc-provincial-de-la-comunidad-valenciana\/","name":"La \u201cBaix\u00e0 del Crist\u201d de Aldaia ya es Fiesta de Inter\u00e9s Tur\u00edstic Provincial de la Comunitat Valenciana - Noticias - Ayuntamiento de Aldaia","isPartOf":{"@id":"https:\/\/aldaia.es\/noticias\/es\/#website"},"primaryImageOfPage":{"@id":"https:\/\/aldaia.es\/noticias\/es\/la-baixa-del-crist-de-aldaia-ya-es-fiesta-de-interes-turisticc-provincial-de-la-comunidad-valenciana\/#primaryimage"},"image":{"@id":"https:\/\/aldaia.es\/noticias\/es\/la-baixa-del-crist-de-aldaia-ya-es-fiesta-de-interes-turisticc-provincial-de-la-comunidad-valenciana\/#primaryimage"},"thumbnailUrl":"https:\/\/aldaia.es\/noticias\/wp-content\/uploads\/2023\/06\/IMG_2450-scaled-1.jpg","datePublished":"2023-06-02T12:32:01+00:00","dateModified":"2025-05-20T11:59:02+00:00","breadcrumb":{"@id":"https:\/\/aldaia.es\/noticias\/es\/la-baixa-del-crist-de-aldaia-ya-es-fiesta-de-interes-turisticc-provincial-de-la-comunidad-valenciana\/#breadcrumb"},"inLanguage":"es","potentialAction":[{"@type":"ReadAction","target":["https:\/\/aldaia.es\/noticias\/es\/la-baixa-del-crist-de-aldaia-ya-es-fiesta-de-interes-turisticc-provincial-de-la-comunidad-valenciana\/"]}]},{"@type":"ImageObject","inLanguage":"es","@id":"https:\/\/aldaia.es\/noticias\/es\/la-baixa-del-crist-de-aldaia-ya-es-fiesta-de-interes-turisticc-provincial-de-la-comunidad-valenciana\/#primaryimage","url":"https:\/\/aldaia.es\/noticias\/wp-content\/uploads\/2023\/06\/IMG_2450-scaled-1.jpg","contentUrl":"https:\/\/aldaia.es\/noticias\/wp-content\/uploads\/2023\/06\/IMG_2450-scaled-1.jpg","width":2560,"height":1920},{"@type":"BreadcrumbList","@id":"https:\/\/aldaia.es\/noticias\/es\/la-baixa-del-crist-de-aldaia-ya-es-fiesta-de-interes-turisticc-provincial-de-la-comunidad-valenciana\/#breadcrumb","itemListElement":[{"@type":"ListItem","position":1,"name":"Portada","item":"https:\/\/aldaia.es\/noticias\/es\/"},{"@type":"ListItem","position":2,"name":"La \u201cBaix\u00e0 del Crist\u201d de Aldaia ya es Fiesta de Inter\u00e9s Tur\u00edstic Provincial de la Comunitat Valenciana"}]},{"@type":"WebSite","@id":"https:\/\/aldaia.es\/noticias\/es\/#website","url":"https:\/\/aldaia.es\/noticias\/es\/","name":"Noticias Aldaia","description":"","publisher":{"@id":"https:\/\/aldaia.es\/noticias\/es\/#organization"},"potentialAction":[{"@type":"SearchAction","target":{"@type":"EntryPoint","urlTemplate":"https:\/\/aldaia.es\/noticias\/es\/?s={search_term_string}"},"query-input":{"@type":"PropertyValueSpecification","valueRequired":true,"valueName":"search_term_string"}}],"inLanguage":"es"},{"@type":"Organization","@id":"https:\/\/aldaia.es\/noticias\/es\/#organization","name":"Noticias Aldaia","url":"https:\/\/aldaia.es\/noticias\/es\/","logo":{"@type":"ImageObject","inLanguage":"es","@id":"https:\/\/aldaia.es\/noticias\/es\/#\/schema\/logo\/image\/","url":"https:\/\/aldaia.es\/noticias\/wp-content\/uploads\/2025\/05\/aldaia-noticias.jpg","contentUrl":"https:\/\/aldaia.es\/noticias\/wp-content\/uploads\/2025\/05\/aldaia-noticias.jpg","width":512,"height":512,"caption":"Noticias Aldaia"},"image":{"@id":"https:\/\/aldaia.es\/noticias\/es\/#\/schema\/logo\/image\/"}},{"@type":"Person","@id":"https:\/\/aldaia.es\/noticias\/es\/#\/schema\/person\/4b9d33d0d77864dfe798033366a332f5","name":"COMUNICACION","url":"https:\/\/aldaia.es\/noticias\/es\/author\/comunicacion\/"}]}},"_links":{"self":[{"href":"https:\/\/aldaia.es\/noticias\/es\/wp-json\/wp\/v2\/posts\/13122","targetHints":{"allow":["GET"]}}],"collection":[{"href":"https:\/\/aldaia.es\/noticias\/es\/wp-json\/wp\/v2\/posts"}],"about":[{"href":"https:\/\/aldaia.es\/noticias\/es\/wp-json\/wp\/v2\/types\/post"}],"author":[{"embeddable":true,"href":"https:\/\/aldaia.es\/noticias\/es\/wp-json\/wp\/v2\/users\/3"}],"replies":[{"embeddable":true,"href":"https:\/\/aldaia.es\/noticias\/es\/wp-json\/wp\/v2\/comments?post=13122"}],"version-history":[{"count":2,"href":"https:\/\/aldaia.es\/noticias\/es\/wp-json\/wp\/v2\/posts\/13122\/revisions"}],"predecessor-version":[{"id":37552,"href":"https:\/\/aldaia.es\/noticias\/es\/wp-json\/wp\/v2\/posts\/13122\/revisions\/37552"}],"wp:featuredmedia":[{"embeddable":true,"href":"https:\/\/aldaia.es\/noticias\/es\/wp-json\/wp\/v2\/media\/13071"}],"wp:attachment":[{"href":"https:\/\/aldaia.es\/noticias\/es\/wp-json\/wp\/v2\/media?parent=13122"}],"wp:term":[{"taxonomy":"category","embeddable":true,"href":"https:\/\/aldaia.es\/noticias\/es\/wp-json\/wp\/v2\/categories?post=13122"},{"taxonomy":"post_tag","embeddable":true,"href":"https:\/\/aldaia.es\/noticias\/es\/wp-json\/wp\/v2\/tags?post=13122"}],"curies":[{"name":"wp","href":"https:\/\/api.w.org\/{rel}","templated":true}]}}