{"id":16908,"date":"2020-12-15T09:58:11","date_gmt":"2020-12-15T08:58:11","guid":{"rendered":"https:\/\/aldaia.es\/?p=16908"},"modified":"2025-05-20T11:05:20","modified_gmt":"2025-05-20T09:05:20","slug":"aldaia-destina-11-millones-de-euros-a-inversiones-en-reformas-y-nuevas-infraestructuras","status":"publish","type":"post","link":"https:\/\/aldaia.es\/noticias\/es\/aldaia-destina-11-millones-de-euros-a-inversiones-en-reformas-y-nuevas-infraestructuras\/","title":{"rendered":"Aldaia destina 1,1 millones de euros a inversiones en reformas y nuevas infraestructuras"},"content":{"rendered":"<p class=\"v-p\"><span style=\"font-size: 12pt; font-family: arial, helvetica, sans-serif;\">A trav\u00e9s del plan de Inversiones de la Diputaci\u00f3n de Valencia el Ayuntamiento de<span id=\"U14436756681mRO\">\u00a0Aldaia recibir\u00e1 1,1 millones de euros<\/span>\u00a0que se destinar\u00e1n a reformas estructurales en las pasarelas peatonales de la localidad, la instalaci\u00f3n de las nuevas cubiertas en la piscina y la construcci\u00f3n de una pista de patinaje cubierta, entre otras.<\/span><\/p>\n<p>&nbsp;<\/p>\n<p class=\"v-p\"><span style=\"font-size: 12pt; font-family: arial, helvetica, sans-serif;\">El alcalde de la localidad, Guillermo Luj\u00e1n, explica que desde el Consistorio, \u201ctrabajamos constantemente para traer dinero de otras instituciones que nos posibilite ejecutar inversiones\u201d y recuerda que de forma paralela \u00abse dispondr\u00e1 de\u00a0<span id=\"U33662584673Twb\">un mill\u00f3n de euros provenientes de los fondos europeos Feder<\/span>\u00a0para ejecutar una obra muy necesaria como la del cambio del alumbrado p\u00fablico de todo el municipio\u201d.<\/span><\/p>\n<p>&nbsp;<\/p>\n<p class=\"v-p\"><span style=\"font-size: 12pt; font-family: arial, helvetica, sans-serif;\">El proyecto m\u00e1s relevante o a cargo de este plan es la\u00a0<span id=\"U22510832677kca\">adecuaci\u00f3n y la implementaci\u00f3n de mejoras en la estructura de las pasarelas peatonales<\/span>. \u201cSe trata de unas infraestructuras que utilizan a diario cientos de aldaieros y aldaieras y queremos que est\u00e9n en las mejores condiciones posibles\u201d, indican fuentes municipales. De forma paralela, se sustituir\u00e1n las barandillas en los pasos inferiores urbanos para adecuarlas a las nuevos est\u00e1ndares de seguridad vial y funcionalidad.<\/span><\/p>\n<p>&nbsp;<\/p>\n<div class=\"v-c-cmp v-n-mrg\">\n<h3 class=\"v-d-cmp-sub-hl\"><strong><span style=\"font-size: 14pt; font-family: arial, helvetica, sans-serif;\">Otras inversiones<\/span><\/strong><\/h3>\n<\/div>\n<p class=\"v-p\"><span style=\"font-size: 12pt; font-family: arial, helvetica, sans-serif;\">La\u00a0<span id=\"U76344742880Til\">piscina cubierta contar\u00e1 con un\u00a0<span id=\"U22266081868kcT\">nuevo techo con aislamiento t\u00e9rmico<\/span><\/span><span id=\"U22266081868kcT\">\u00a0que ayudar\u00e1 a mejorar la eficiencia energ\u00e9tica<\/span>\u00a0de estas instalaciones. Desde el departamento de Urbanismo y Medio Ambiente explican que a trav\u00e9s de esta obra se van a conjuntar dos objetivos, \u201caumentar de forma notable la comodidad de las personas usuarias de las instalaciones, y por otra parte incidir en una de las metas planteadas en la Estrategia Municipal de Aldaia por el Clima EAC2030 como es reducir las emisiones de CO2 a la atm\u00f3sfera, a trav\u00e9s de la disminuci\u00f3n del gasto energ\u00e9tico\u00bb.<\/span><\/p>\n<p>&nbsp;<\/p>\n<p class=\"v-p\"><span style=\"font-size: 12pt; font-family: arial, helvetica, sans-serif;\">Por otra parte, en la zona anexa al parque de las Encrucijadas (calle Juan S\u00e1nchez)<span id=\"U67470110437FBR\">\u00a0se construir\u00e1 una pista de patinaje cubierta<\/span>, \u201ccon lo que se seguir\u00e1 sumando zonas deportivas y puntos en los que los vecinos y vecinas pueden practicar las distintas modalidades deportivas\u201d.<\/span><\/p>\n<p>&nbsp;<\/p>\n<p class=\"v-p\"><span style=\"font-size: 12pt; font-family: arial, helvetica, sans-serif;\">Otras de las inversiones previstas consisten en la realizaci\u00f3n del\u00a0<span id=\"U83366600300pKr\">Plan Urbano de Actuaci\u00f3n Municipal<\/span>\u00a0o la construcci\u00f3n de\u00a0<span id=\"U40440178132Esr\">dos nuevas naves de nichos para el cementerio<\/span>\u00a0municipal. Desde el consistorio recuerdan que las ampliaciones de la capacidad del cementerio \u201cse suelen realizar de forma peri\u00f3dica el sucesivos ejercicios\u201d.<\/span><\/p>\n","protected":false},"excerpt":{"rendered":"<p>A trav\u00e9s del plan de Inversiones de la Diputaci\u00f3n de Valencia el Ayuntamiento de\u00a0Aldaia recibir\u00e1 1,1 millones de euros\u00a0q&#8230;<\/p>\n","protected":false},"author":2,"featured_media":16910,"comment_status":"open","ping_status":"open","sticky":false,"template":"","format":"standard","meta":{"_acf_changed":false,"footnotes":""},"categories":[68],"tags":[],"class_list":["post-16908","post","type-post","status-publish","format-standard","has-post-thumbnail","hentry","category-urbanismo-y-medio-ambiente"],"acf":[],"yoast_head":"<!-- This site is optimized with the Yoast SEO plugin v26.9 - https:\/\/yoast.com\/product\/yoast-seo-wordpress\/ -->\n<title>Aldaia destina 1,1 millones de euros a inversiones en reformas y nuevas infraestructuras - Noticias - Ayuntamiento de Aldaia<\/title>\n<meta name=\"description\" content=\"Los fondos, provenientes de la Diputaci\u00f3n, servir\u00e1n para rehabilitar pasarelas peatonales, la instalaci\u00f3n de las nuevas cubiertas en la piscina y una pista de patinaje cubierta\" \/>\n<meta name=\"robots\" content=\"index, follow, max-snippet:-1, max-image-preview:large, max-video-preview:-1\" \/>\n<link rel=\"canonical\" href=\"https:\/\/aldaia.es\/noticias\/es\/aldaia-destina-11-millones-de-euros-a-inversiones-en-reformas-y-nuevas-infraestructuras\/\" \/>\n<meta property=\"og:locale\" content=\"es_ES\" \/>\n<meta property=\"og:type\" content=\"article\" \/>\n<meta property=\"og:title\" content=\"Aldaia destina 1,1 millones de euros a inversiones en reformas y nuevas infraestructuras - Noticias - Ayuntamiento de Aldaia\" \/>\n<meta property=\"og:description\" content=\"Los fondos, provenientes de la Diputaci\u00f3n, servir\u00e1n para rehabilitar pasarelas peatonales, la instalaci\u00f3n de las nuevas cubiertas en la piscina y una pista de patinaje cubierta\" \/>\n<meta property=\"og:url\" content=\"https:\/\/aldaia.es\/noticias\/es\/aldaia-destina-11-millones-de-euros-a-inversiones-en-reformas-y-nuevas-infraestructuras\/\" \/>\n<meta property=\"og:site_name\" content=\"Noticias - Ayuntamiento de Aldaia\" \/>\n<meta property=\"article:published_time\" content=\"2020-12-15T08:58:11+00:00\" \/>\n<meta property=\"article:modified_time\" content=\"2025-05-20T09:05:20+00:00\" \/>\n<meta property=\"og:image\" content=\"https:\/\/aldaia.es\/noticias\/wp-content\/uploads\/2023\/09\/pasarela-Aldaia-RrSKm6G6Adh7qtaNR8bsu8K-624x385@Las-Provincias.jpg\" \/>\n\t<meta property=\"og:image:width\" content=\"624\" \/>\n\t<meta property=\"og:image:height\" content=\"385\" \/>\n\t<meta property=\"og:image:type\" content=\"image\/jpeg\" \/>\n<meta name=\"author\" content=\"prensa\" \/>\n<meta name=\"twitter:card\" content=\"summary_large_image\" \/>\n<meta name=\"twitter:label1\" content=\"Escrito por\" \/>\n\t<meta name=\"twitter:data1\" content=\"prensa\" \/>\n\t<meta name=\"twitter:label2\" content=\"Tiempo de lectura\" \/>\n\t<meta name=\"twitter:data2\" content=\"2 minutos\" \/>\n<script type=\"application\/ld+json\" class=\"yoast-schema-graph\">{\"@context\":\"https:\/\/schema.org\",\"@graph\":[{\"@type\":\"Article\",\"@id\":\"https:\/\/aldaia.es\/noticias\/es\/aldaia-destina-11-millones-de-euros-a-inversiones-en-reformas-y-nuevas-infraestructuras\/#article\",\"isPartOf\":{\"@id\":\"https:\/\/aldaia.es\/noticias\/es\/aldaia-destina-11-millones-de-euros-a-inversiones-en-reformas-y-nuevas-infraestructuras\/\"},\"author\":{\"name\":\"prensa\",\"@id\":\"https:\/\/aldaia.es\/noticias\/es\/#\/schema\/person\/736bf474749673d55971dc81c4553f7e\"},\"headline\":\"Aldaia destina 1,1 millones de euros a inversiones en reformas y nuevas infraestructuras\",\"datePublished\":\"2020-12-15T08:58:11+00:00\",\"dateModified\":\"2025-05-20T09:05:20+00:00\",\"mainEntityOfPage\":{\"@id\":\"https:\/\/aldaia.es\/noticias\/es\/aldaia-destina-11-millones-de-euros-a-inversiones-en-reformas-y-nuevas-infraestructuras\/\"},\"wordCount\":420,\"commentCount\":0,\"publisher\":{\"@id\":\"https:\/\/aldaia.es\/noticias\/es\/#organization\"},\"image\":{\"@id\":\"https:\/\/aldaia.es\/noticias\/es\/aldaia-destina-11-millones-de-euros-a-inversiones-en-reformas-y-nuevas-infraestructuras\/#primaryimage\"},\"thumbnailUrl\":\"https:\/\/aldaia.es\/noticias\/wp-content\/uploads\/2023\/09\/pasarela-Aldaia-RrSKm6G6Adh7qtaNR8bsu8K-624x385@Las-Provincias.jpg\",\"articleSection\":[\"Urbanismo y Medio ambiente\"],\"inLanguage\":\"es\",\"potentialAction\":[{\"@type\":\"CommentAction\",\"name\":\"Comment\",\"target\":[\"https:\/\/aldaia.es\/noticias\/es\/aldaia-destina-11-millones-de-euros-a-inversiones-en-reformas-y-nuevas-infraestructuras\/#respond\"]}]},{\"@type\":\"WebPage\",\"@id\":\"https:\/\/aldaia.es\/noticias\/es\/aldaia-destina-11-millones-de-euros-a-inversiones-en-reformas-y-nuevas-infraestructuras\/\",\"url\":\"https:\/\/aldaia.es\/noticias\/es\/aldaia-destina-11-millones-de-euros-a-inversiones-en-reformas-y-nuevas-infraestructuras\/\",\"name\":\"Aldaia destina 1,1 millones de euros a inversiones en reformas y nuevas infraestructuras - Noticias - Ayuntamiento de Aldaia\",\"isPartOf\":{\"@id\":\"https:\/\/aldaia.es\/noticias\/es\/#website\"},\"primaryImageOfPage\":{\"@id\":\"https:\/\/aldaia.es\/noticias\/es\/aldaia-destina-11-millones-de-euros-a-inversiones-en-reformas-y-nuevas-infraestructuras\/#primaryimage\"},\"image\":{\"@id\":\"https:\/\/aldaia.es\/noticias\/es\/aldaia-destina-11-millones-de-euros-a-inversiones-en-reformas-y-nuevas-infraestructuras\/#primaryimage\"},\"thumbnailUrl\":\"https:\/\/aldaia.es\/noticias\/wp-content\/uploads\/2023\/09\/pasarela-Aldaia-RrSKm6G6Adh7qtaNR8bsu8K-624x385@Las-Provincias.jpg\",\"datePublished\":\"2020-12-15T08:58:11+00:00\",\"dateModified\":\"2025-05-20T09:05:20+00:00\",\"description\":\"Los fondos, provenientes de la Diputaci\u00f3n, servir\u00e1n para rehabilitar pasarelas peatonales, la instalaci\u00f3n de las nuevas cubiertas en la piscina y una pista de patinaje cubierta\",\"breadcrumb\":{\"@id\":\"https:\/\/aldaia.es\/noticias\/es\/aldaia-destina-11-millones-de-euros-a-inversiones-en-reformas-y-nuevas-infraestructuras\/#breadcrumb\"},\"inLanguage\":\"es\",\"potentialAction\":[{\"@type\":\"ReadAction\",\"target\":[\"https:\/\/aldaia.es\/noticias\/es\/aldaia-destina-11-millones-de-euros-a-inversiones-en-reformas-y-nuevas-infraestructuras\/\"]}]},{\"@type\":\"ImageObject\",\"inLanguage\":\"es\",\"@id\":\"https:\/\/aldaia.es\/noticias\/es\/aldaia-destina-11-millones-de-euros-a-inversiones-en-reformas-y-nuevas-infraestructuras\/#primaryimage\",\"url\":\"https:\/\/aldaia.es\/noticias\/wp-content\/uploads\/2023\/09\/pasarela-Aldaia-RrSKm6G6Adh7qtaNR8bsu8K-624x385@Las-Provincias.jpg\",\"contentUrl\":\"https:\/\/aldaia.es\/noticias\/wp-content\/uploads\/2023\/09\/pasarela-Aldaia-RrSKm6G6Adh7qtaNR8bsu8K-624x385@Las-Provincias.jpg\",\"width\":624,\"height\":385},{\"@type\":\"BreadcrumbList\",\"@id\":\"https:\/\/aldaia.es\/noticias\/es\/aldaia-destina-11-millones-de-euros-a-inversiones-en-reformas-y-nuevas-infraestructuras\/#breadcrumb\",\"itemListElement\":[{\"@type\":\"ListItem\",\"position\":1,\"name\":\"Portada\",\"item\":\"https:\/\/aldaia.es\/noticias\/es\/\"},{\"@type\":\"ListItem\",\"position\":2,\"name\":\"Aldaia destina 1,1 millones de euros a inversiones en reformas y nuevas infraestructuras\"}]},{\"@type\":\"WebSite\",\"@id\":\"https:\/\/aldaia.es\/noticias\/es\/#website\",\"url\":\"https:\/\/aldaia.es\/noticias\/es\/\",\"name\":\"Noticias Aldaia\",\"description\":\"\",\"publisher\":{\"@id\":\"https:\/\/aldaia.es\/noticias\/es\/#organization\"},\"potentialAction\":[{\"@type\":\"SearchAction\",\"target\":{\"@type\":\"EntryPoint\",\"urlTemplate\":\"https:\/\/aldaia.es\/noticias\/es\/?s={search_term_string}\"},\"query-input\":{\"@type\":\"PropertyValueSpecification\",\"valueRequired\":true,\"valueName\":\"search_term_string\"}}],\"inLanguage\":\"es\"},{\"@type\":\"Organization\",\"@id\":\"https:\/\/aldaia.es\/noticias\/es\/#organization\",\"name\":\"Noticias Aldaia\",\"url\":\"https:\/\/aldaia.es\/noticias\/es\/\",\"logo\":{\"@type\":\"ImageObject\",\"inLanguage\":\"es\",\"@id\":\"https:\/\/aldaia.es\/noticias\/es\/#\/schema\/logo\/image\/\",\"url\":\"https:\/\/aldaia.es\/noticias\/wp-content\/uploads\/2025\/05\/aldaia-noticias.jpg\",\"contentUrl\":\"https:\/\/aldaia.es\/noticias\/wp-content\/uploads\/2025\/05\/aldaia-noticias.jpg\",\"width\":512,\"height\":512,\"caption\":\"Noticias Aldaia\"},\"image\":{\"@id\":\"https:\/\/aldaia.es\/noticias\/es\/#\/schema\/logo\/image\/\"}},{\"@type\":\"Person\",\"@id\":\"https:\/\/aldaia.es\/noticias\/es\/#\/schema\/person\/736bf474749673d55971dc81c4553f7e\",\"name\":\"prensa\",\"url\":\"https:\/\/aldaia.es\/noticias\/es\/author\/prensa\/\"}]}<\/script>\n<!-- \/ Yoast SEO plugin. -->","yoast_head_json":{"title":"Aldaia destina 1,1 millones de euros a inversiones en reformas y nuevas infraestructuras - Noticias - Ayuntamiento de Aldaia","description":"Los fondos, provenientes de la Diputaci\u00f3n, servir\u00e1n para rehabilitar pasarelas peatonales, la instalaci\u00f3n de las nuevas cubiertas en la piscina y una pista de patinaje cubierta","robots":{"index":"index","follow":"follow","max-snippet":"max-snippet:-1","max-image-preview":"max-image-preview:large","max-video-preview":"max-video-preview:-1"},"canonical":"https:\/\/aldaia.es\/noticias\/es\/aldaia-destina-11-millones-de-euros-a-inversiones-en-reformas-y-nuevas-infraestructuras\/","og_locale":"es_ES","og_type":"article","og_title":"Aldaia destina 1,1 millones de euros a inversiones en reformas y nuevas infraestructuras - Noticias - Ayuntamiento de Aldaia","og_description":"Los fondos, provenientes de la Diputaci\u00f3n, servir\u00e1n para rehabilitar pasarelas peatonales, la instalaci\u00f3n de las nuevas cubiertas en la piscina y una pista de patinaje cubierta","og_url":"https:\/\/aldaia.es\/noticias\/es\/aldaia-destina-11-millones-de-euros-a-inversiones-en-reformas-y-nuevas-infraestructuras\/","og_site_name":"Noticias - Ayuntamiento de Aldaia","article_published_time":"2020-12-15T08:58:11+00:00","article_modified_time":"2025-05-20T09:05:20+00:00","og_image":[{"width":624,"height":385,"url":"https:\/\/aldaia.es\/noticias\/wp-content\/uploads\/2023\/09\/pasarela-Aldaia-RrSKm6G6Adh7qtaNR8bsu8K-624x385@Las-Provincias.jpg","type":"image\/jpeg"}],"author":"prensa","twitter_card":"summary_large_image","twitter_misc":{"Escrito por":"prensa","Tiempo de lectura":"2 minutos"},"schema":{"@context":"https:\/\/schema.org","@graph":[{"@type":"Article","@id":"https:\/\/aldaia.es\/noticias\/es\/aldaia-destina-11-millones-de-euros-a-inversiones-en-reformas-y-nuevas-infraestructuras\/#article","isPartOf":{"@id":"https:\/\/aldaia.es\/noticias\/es\/aldaia-destina-11-millones-de-euros-a-inversiones-en-reformas-y-nuevas-infraestructuras\/"},"author":{"name":"prensa","@id":"https:\/\/aldaia.es\/noticias\/es\/#\/schema\/person\/736bf474749673d55971dc81c4553f7e"},"headline":"Aldaia destina 1,1 millones de euros a inversiones en reformas y nuevas infraestructuras","datePublished":"2020-12-15T08:58:11+00:00","dateModified":"2025-05-20T09:05:20+00:00","mainEntityOfPage":{"@id":"https:\/\/aldaia.es\/noticias\/es\/aldaia-destina-11-millones-de-euros-a-inversiones-en-reformas-y-nuevas-infraestructuras\/"},"wordCount":420,"commentCount":0,"publisher":{"@id":"https:\/\/aldaia.es\/noticias\/es\/#organization"},"image":{"@id":"https:\/\/aldaia.es\/noticias\/es\/aldaia-destina-11-millones-de-euros-a-inversiones-en-reformas-y-nuevas-infraestructuras\/#primaryimage"},"thumbnailUrl":"https:\/\/aldaia.es\/noticias\/wp-content\/uploads\/2023\/09\/pasarela-Aldaia-RrSKm6G6Adh7qtaNR8bsu8K-624x385@Las-Provincias.jpg","articleSection":["Urbanismo y Medio ambiente"],"inLanguage":"es","potentialAction":[{"@type":"CommentAction","name":"Comment","target":["https:\/\/aldaia.es\/noticias\/es\/aldaia-destina-11-millones-de-euros-a-inversiones-en-reformas-y-nuevas-infraestructuras\/#respond"]}]},{"@type":"WebPage","@id":"https:\/\/aldaia.es\/noticias\/es\/aldaia-destina-11-millones-de-euros-a-inversiones-en-reformas-y-nuevas-infraestructuras\/","url":"https:\/\/aldaia.es\/noticias\/es\/aldaia-destina-11-millones-de-euros-a-inversiones-en-reformas-y-nuevas-infraestructuras\/","name":"Aldaia destina 1,1 millones de euros a inversiones en reformas y nuevas infraestructuras - Noticias - Ayuntamiento de Aldaia","isPartOf":{"@id":"https:\/\/aldaia.es\/noticias\/es\/#website"},"primaryImageOfPage":{"@id":"https:\/\/aldaia.es\/noticias\/es\/aldaia-destina-11-millones-de-euros-a-inversiones-en-reformas-y-nuevas-infraestructuras\/#primaryimage"},"image":{"@id":"https:\/\/aldaia.es\/noticias\/es\/aldaia-destina-11-millones-de-euros-a-inversiones-en-reformas-y-nuevas-infraestructuras\/#primaryimage"},"thumbnailUrl":"https:\/\/aldaia.es\/noticias\/wp-content\/uploads\/2023\/09\/pasarela-Aldaia-RrSKm6G6Adh7qtaNR8bsu8K-624x385@Las-Provincias.jpg","datePublished":"2020-12-15T08:58:11+00:00","dateModified":"2025-05-20T09:05:20+00:00","description":"Los fondos, provenientes de la Diputaci\u00f3n, servir\u00e1n para rehabilitar pasarelas peatonales, la instalaci\u00f3n de las nuevas cubiertas en la piscina y una pista de patinaje cubierta","breadcrumb":{"@id":"https:\/\/aldaia.es\/noticias\/es\/aldaia-destina-11-millones-de-euros-a-inversiones-en-reformas-y-nuevas-infraestructuras\/#breadcrumb"},"inLanguage":"es","potentialAction":[{"@type":"ReadAction","target":["https:\/\/aldaia.es\/noticias\/es\/aldaia-destina-11-millones-de-euros-a-inversiones-en-reformas-y-nuevas-infraestructuras\/"]}]},{"@type":"ImageObject","inLanguage":"es","@id":"https:\/\/aldaia.es\/noticias\/es\/aldaia-destina-11-millones-de-euros-a-inversiones-en-reformas-y-nuevas-infraestructuras\/#primaryimage","url":"https:\/\/aldaia.es\/noticias\/wp-content\/uploads\/2023\/09\/pasarela-Aldaia-RrSKm6G6Adh7qtaNR8bsu8K-624x385@Las-Provincias.jpg","contentUrl":"https:\/\/aldaia.es\/noticias\/wp-content\/uploads\/2023\/09\/pasarela-Aldaia-RrSKm6G6Adh7qtaNR8bsu8K-624x385@Las-Provincias.jpg","width":624,"height":385},{"@type":"BreadcrumbList","@id":"https:\/\/aldaia.es\/noticias\/es\/aldaia-destina-11-millones-de-euros-a-inversiones-en-reformas-y-nuevas-infraestructuras\/#breadcrumb","itemListElement":[{"@type":"ListItem","position":1,"name":"Portada","item":"https:\/\/aldaia.es\/noticias\/es\/"},{"@type":"ListItem","position":2,"name":"Aldaia destina 1,1 millones de euros a inversiones en reformas y nuevas infraestructuras"}]},{"@type":"WebSite","@id":"https:\/\/aldaia.es\/noticias\/es\/#website","url":"https:\/\/aldaia.es\/noticias\/es\/","name":"Noticias Aldaia","description":"","publisher":{"@id":"https:\/\/aldaia.es\/noticias\/es\/#organization"},"potentialAction":[{"@type":"SearchAction","target":{"@type":"EntryPoint","urlTemplate":"https:\/\/aldaia.es\/noticias\/es\/?s={search_term_string}"},"query-input":{"@type":"PropertyValueSpecification","valueRequired":true,"valueName":"search_term_string"}}],"inLanguage":"es"},{"@type":"Organization","@id":"https:\/\/aldaia.es\/noticias\/es\/#organization","name":"Noticias Aldaia","url":"https:\/\/aldaia.es\/noticias\/es\/","logo":{"@type":"ImageObject","inLanguage":"es","@id":"https:\/\/aldaia.es\/noticias\/es\/#\/schema\/logo\/image\/","url":"https:\/\/aldaia.es\/noticias\/wp-content\/uploads\/2025\/05\/aldaia-noticias.jpg","contentUrl":"https:\/\/aldaia.es\/noticias\/wp-content\/uploads\/2025\/05\/aldaia-noticias.jpg","width":512,"height":512,"caption":"Noticias Aldaia"},"image":{"@id":"https:\/\/aldaia.es\/noticias\/es\/#\/schema\/logo\/image\/"}},{"@type":"Person","@id":"https:\/\/aldaia.es\/noticias\/es\/#\/schema\/person\/736bf474749673d55971dc81c4553f7e","name":"prensa","url":"https:\/\/aldaia.es\/noticias\/es\/author\/prensa\/"}]}},"_links":{"self":[{"href":"https:\/\/aldaia.es\/noticias\/es\/wp-json\/wp\/v2\/posts\/16908","targetHints":{"allow":["GET"]}}],"collection":[{"href":"https:\/\/aldaia.es\/noticias\/es\/wp-json\/wp\/v2\/posts"}],"about":[{"href":"https:\/\/aldaia.es\/noticias\/es\/wp-json\/wp\/v2\/types\/post"}],"author":[{"embeddable":true,"href":"https:\/\/aldaia.es\/noticias\/es\/wp-json\/wp\/v2\/users\/2"}],"replies":[{"embeddable":true,"href":"https:\/\/aldaia.es\/noticias\/es\/wp-json\/wp\/v2\/comments?post=16908"}],"version-history":[{"count":1,"href":"https:\/\/aldaia.es\/noticias\/es\/wp-json\/wp\/v2\/posts\/16908\/revisions"}],"predecessor-version":[{"id":37501,"href":"https:\/\/aldaia.es\/noticias\/es\/wp-json\/wp\/v2\/posts\/16908\/revisions\/37501"}],"wp:featuredmedia":[{"embeddable":true,"href":"https:\/\/aldaia.es\/noticias\/es\/wp-json\/wp\/v2\/media\/16910"}],"wp:attachment":[{"href":"https:\/\/aldaia.es\/noticias\/es\/wp-json\/wp\/v2\/media?parent=16908"}],"wp:term":[{"taxonomy":"category","embeddable":true,"href":"https:\/\/aldaia.es\/noticias\/es\/wp-json\/wp\/v2\/categories?post=16908"},{"taxonomy":"post_tag","embeddable":true,"href":"https:\/\/aldaia.es\/noticias\/es\/wp-json\/wp\/v2\/tags?post=16908"}],"curies":[{"name":"wp","href":"https:\/\/api.w.org\/{rel}","templated":true}]}}