{"id":16959,"date":"2023-09-21T14:59:54","date_gmt":"2023-09-21T12:59:54","guid":{"rendered":"https:\/\/aldaia.es\/2023\/09\/21\/aldaia-recibe-a-320-estudiantes-de-la-universitat-politecnica-de-valencia-upv-que-colaboraran-en-la-ampliacion-del-cinturon-verde\/"},"modified":"2025-05-20T11:05:19","modified_gmt":"2025-05-20T09:05:19","slug":"aldaia-recibe-a-320-estudiantes-de-la-universitat-politecnica-de-valencia-upv-que-colaboraran-en-la-ampliacion-del-cinturon-verde","status":"publish","type":"post","link":"https:\/\/aldaia.es\/noticias\/es\/aldaia-recibe-a-320-estudiantes-de-la-universitat-politecnica-de-valencia-upv-que-colaboraran-en-la-ampliacion-del-cinturon-verde\/","title":{"rendered":"Aldaia recibe a 320 estudiantes de la Universitat Polit\u00e8cnica de Val\u00e8ncia (UPV) que colaborar\u00e1n en la ampliaci\u00f3n del Cintur\u00f3n Verde"},"content":{"rendered":"<h4><strong>La Universidad elaborar\u00e1 el trabajo de estudio \u00abEvoluci\u00f3n Urbana y Territorial de Aldaia\u00bb adem\u00e1s de aportar propuestas sobre la ampliaci\u00f3n del Cintur\u00f3n<\/strong><\/h4>\n<h4>El TAMA ha sido el escenario de la calurosa bienvenida que el Ayuntamiento de Aldaia ha ofrecido uno al alumnado de Arquitectura e Ingenier\u00eda Industrial de la Universitat Polit\u00e8cnica de Val\u00e8ncia (UPV) que durante el curso que recientemente ha comenzado, dentro de sus actividades curriculares, analizar\u00e1 el t\u00e9rmino municipal de la localidad. Buscar\u00e1n \u00ablas posibles situaciones a mejorar\u00bb en el municipio desde el plan urban\u00edstico y aportar ideas y propuestas \u00abponiendo especial \u00e9nfasis en la ampliaci\u00f3n del Cintur\u00f3n Verde como eje estructural urbano, territorial y social de Aldaia\u00bb.<\/h4>\n<h4>Mar\u00eda de Carmen Blasco S\u00e1nchez, coordinadora de la UPV y profesora titular de la Escuela T\u00e9cnica Superior de Arquitectura ha destacado que \u00abnunca un ayuntamiento hab\u00eda participado con la UPV de forma tan amplia como la est\u00e1 haciendo el de Aldaia\u00bb y ha felicitado al alumnado porque \u00abformar\u00e1n parte de un trabajo de investigaci\u00f3n de primer nivel\u00bb.<\/h4>\n<h4>El alcalde de Aldaia, Guillermo Luj\u00e1n, al que ha acompa\u00f1ado la secretaria municipal, Nieves Barrachina, el equipo de Urbanismo del Ayuntamiento y una nutrida representaci\u00f3n de la corporaci\u00f3n, ha recordado que la colaboraci\u00f3n entre el Ayuntamiento y la UPV \u00abcomenz\u00f3 con el proyecto del Parque Empresarial Puente de los Caballos\u00bb y ha puesto el \u00e9nfasis en que \u00abvuestra mirada seguro que aportar\u00e1 nuevas e interesantes perspectivas a algo tan ilusionante para nuestro pueblo como es la ampliaci\u00f3n del Cintur\u00f3n Verde\u00bb. En la misma l\u00ednea, Luj\u00e1n ha querido agradecer a la UPV \u00absu plena predisposici\u00f3n a buscar nuevas v\u00edas de colaboraci\u00f3n\u00bb entre las dos instituciones. Por su parte, el profesorado de Arquitectura e Ingenier\u00eda elaborar\u00e1 el trabajo de investigaci\u00f3n \u00abEvoluci\u00f3n Urbana y Territorial de Aldaia\u00bb que se publicar\u00e1 \u00aben una editorial de prestigio, realizando un an\u00e1lisis del crecimiento de la localidad desde vertientes como la hist\u00f3rica, la social o la demogr\u00e1fica.<\/h4>\n","protected":false},"excerpt":{"rendered":"<p>La Universidad elaborar\u00e1 el trabajo de estudio \u00abEvoluci\u00f3n Urbana y Territorial de Aldaia\u00bb adem\u00e1s de aportar propuestas s&#8230;<\/p>\n","protected":false},"author":3,"featured_media":16956,"comment_status":"open","ping_status":"open","sticky":false,"template":"","format":"standard","meta":{"_acf_changed":false,"footnotes":""},"categories":[68],"tags":[],"class_list":["post-16959","post","type-post","status-publish","format-standard","has-post-thumbnail","hentry","category-urbanismo-y-medio-ambiente"],"acf":[],"yoast_head":"<!-- This site is optimized with the Yoast SEO plugin v26.9 - https:\/\/yoast.com\/product\/yoast-seo-wordpress\/ -->\n<title>Aldaia recibe a 320 estudiantes de la Universitat Polit\u00e8cnica de Val\u00e8ncia (UPV) que colaborar\u00e1n en la ampliaci\u00f3n del Cintur\u00f3n Verde - Noticias - Ayuntamiento de Aldaia<\/title>\n<meta name=\"robots\" content=\"index, follow, max-snippet:-1, max-image-preview:large, max-video-preview:-1\" \/>\n<link rel=\"canonical\" href=\"https:\/\/aldaia.es\/noticias\/es\/aldaia-recibe-a-320-estudiantes-de-la-universitat-politecnica-de-valencia-upv-que-colaboraran-en-la-ampliacion-del-cinturon-verde\/\" \/>\n<meta property=\"og:locale\" content=\"es_ES\" \/>\n<meta property=\"og:type\" content=\"article\" \/>\n<meta property=\"og:title\" content=\"Aldaia recibe a 320 estudiantes de la Universitat Polit\u00e8cnica de Val\u00e8ncia (UPV) que colaborar\u00e1n en la ampliaci\u00f3n del Cintur\u00f3n Verde - Noticias - Ayuntamiento de Aldaia\" \/>\n<meta property=\"og:description\" content=\"La Universidad elaborar\u00e1 el trabajo de estudio \u00abEvoluci\u00f3n Urbana y Territorial de Aldaia\u00bb adem\u00e1s de aportar propuestas s...\" \/>\n<meta property=\"og:url\" content=\"https:\/\/aldaia.es\/noticias\/es\/aldaia-recibe-a-320-estudiantes-de-la-universitat-politecnica-de-valencia-upv-que-colaboraran-en-la-ampliacion-del-cinturon-verde\/\" \/>\n<meta property=\"og:site_name\" content=\"Noticias - Ayuntamiento de Aldaia\" \/>\n<meta property=\"article:published_time\" content=\"2023-09-21T12:59:54+00:00\" \/>\n<meta property=\"article:modified_time\" content=\"2025-05-20T09:05:19+00:00\" \/>\n<meta property=\"og:image\" content=\"https:\/\/aldaia.es\/noticias\/wp-content\/uploads\/2023\/09\/UPV-Aldaia.jpg\" \/>\n\t<meta property=\"og:image:width\" content=\"1600\" \/>\n\t<meta property=\"og:image:height\" content=\"1066\" \/>\n\t<meta property=\"og:image:type\" content=\"image\/jpeg\" \/>\n<meta name=\"author\" content=\"COMUNICACION\" \/>\n<meta name=\"twitter:card\" content=\"summary_large_image\" \/>\n<meta name=\"twitter:label1\" content=\"Escrito por\" \/>\n\t<meta name=\"twitter:data1\" content=\"COMUNICACION\" \/>\n\t<meta name=\"twitter:label2\" content=\"Tiempo de lectura\" \/>\n\t<meta name=\"twitter:data2\" content=\"2 minutos\" \/>\n<script type=\"application\/ld+json\" class=\"yoast-schema-graph\">{\"@context\":\"https:\/\/schema.org\",\"@graph\":[{\"@type\":\"Article\",\"@id\":\"https:\/\/aldaia.es\/noticias\/es\/aldaia-recibe-a-320-estudiantes-de-la-universitat-politecnica-de-valencia-upv-que-colaboraran-en-la-ampliacion-del-cinturon-verde\/#article\",\"isPartOf\":{\"@id\":\"https:\/\/aldaia.es\/noticias\/es\/aldaia-recibe-a-320-estudiantes-de-la-universitat-politecnica-de-valencia-upv-que-colaboraran-en-la-ampliacion-del-cinturon-verde\/\"},\"author\":{\"name\":\"COMUNICACION\",\"@id\":\"https:\/\/aldaia.es\/noticias\/es\/#\/schema\/person\/4b9d33d0d77864dfe798033366a332f5\"},\"headline\":\"Aldaia recibe a 320 estudiantes de la Universitat Polit\u00e8cnica de Val\u00e8ncia (UPV) que colaborar\u00e1n en la ampliaci\u00f3n del Cintur\u00f3n Verde\",\"datePublished\":\"2023-09-21T12:59:54+00:00\",\"dateModified\":\"2025-05-20T09:05:19+00:00\",\"mainEntityOfPage\":{\"@id\":\"https:\/\/aldaia.es\/noticias\/es\/aldaia-recibe-a-320-estudiantes-de-la-universitat-politecnica-de-valencia-upv-que-colaboraran-en-la-ampliacion-del-cinturon-verde\/\"},\"wordCount\":377,\"commentCount\":0,\"publisher\":{\"@id\":\"https:\/\/aldaia.es\/noticias\/es\/#organization\"},\"image\":{\"@id\":\"https:\/\/aldaia.es\/noticias\/es\/aldaia-recibe-a-320-estudiantes-de-la-universitat-politecnica-de-valencia-upv-que-colaboraran-en-la-ampliacion-del-cinturon-verde\/#primaryimage\"},\"thumbnailUrl\":\"https:\/\/aldaia.es\/noticias\/wp-content\/uploads\/2023\/09\/UPV-Aldaia.jpg\",\"articleSection\":[\"Urbanismo y Medio ambiente\"],\"inLanguage\":\"es\",\"potentialAction\":[{\"@type\":\"CommentAction\",\"name\":\"Comment\",\"target\":[\"https:\/\/aldaia.es\/noticias\/es\/aldaia-recibe-a-320-estudiantes-de-la-universitat-politecnica-de-valencia-upv-que-colaboraran-en-la-ampliacion-del-cinturon-verde\/#respond\"]}]},{\"@type\":\"WebPage\",\"@id\":\"https:\/\/aldaia.es\/noticias\/es\/aldaia-recibe-a-320-estudiantes-de-la-universitat-politecnica-de-valencia-upv-que-colaboraran-en-la-ampliacion-del-cinturon-verde\/\",\"url\":\"https:\/\/aldaia.es\/noticias\/es\/aldaia-recibe-a-320-estudiantes-de-la-universitat-politecnica-de-valencia-upv-que-colaboraran-en-la-ampliacion-del-cinturon-verde\/\",\"name\":\"Aldaia recibe a 320 estudiantes de la Universitat Polit\u00e8cnica de Val\u00e8ncia (UPV) que colaborar\u00e1n en la ampliaci\u00f3n del Cintur\u00f3n Verde - Noticias - Ayuntamiento de Aldaia\",\"isPartOf\":{\"@id\":\"https:\/\/aldaia.es\/noticias\/es\/#website\"},\"primaryImageOfPage\":{\"@id\":\"https:\/\/aldaia.es\/noticias\/es\/aldaia-recibe-a-320-estudiantes-de-la-universitat-politecnica-de-valencia-upv-que-colaboraran-en-la-ampliacion-del-cinturon-verde\/#primaryimage\"},\"image\":{\"@id\":\"https:\/\/aldaia.es\/noticias\/es\/aldaia-recibe-a-320-estudiantes-de-la-universitat-politecnica-de-valencia-upv-que-colaboraran-en-la-ampliacion-del-cinturon-verde\/#primaryimage\"},\"thumbnailUrl\":\"https:\/\/aldaia.es\/noticias\/wp-content\/uploads\/2023\/09\/UPV-Aldaia.jpg\",\"datePublished\":\"2023-09-21T12:59:54+00:00\",\"dateModified\":\"2025-05-20T09:05:19+00:00\",\"breadcrumb\":{\"@id\":\"https:\/\/aldaia.es\/noticias\/es\/aldaia-recibe-a-320-estudiantes-de-la-universitat-politecnica-de-valencia-upv-que-colaboraran-en-la-ampliacion-del-cinturon-verde\/#breadcrumb\"},\"inLanguage\":\"es\",\"potentialAction\":[{\"@type\":\"ReadAction\",\"target\":[\"https:\/\/aldaia.es\/noticias\/es\/aldaia-recibe-a-320-estudiantes-de-la-universitat-politecnica-de-valencia-upv-que-colaboraran-en-la-ampliacion-del-cinturon-verde\/\"]}]},{\"@type\":\"ImageObject\",\"inLanguage\":\"es\",\"@id\":\"https:\/\/aldaia.es\/noticias\/es\/aldaia-recibe-a-320-estudiantes-de-la-universitat-politecnica-de-valencia-upv-que-colaboraran-en-la-ampliacion-del-cinturon-verde\/#primaryimage\",\"url\":\"https:\/\/aldaia.es\/noticias\/wp-content\/uploads\/2023\/09\/UPV-Aldaia.jpg\",\"contentUrl\":\"https:\/\/aldaia.es\/noticias\/wp-content\/uploads\/2023\/09\/UPV-Aldaia.jpg\",\"width\":1600,\"height\":1066},{\"@type\":\"BreadcrumbList\",\"@id\":\"https:\/\/aldaia.es\/noticias\/es\/aldaia-recibe-a-320-estudiantes-de-la-universitat-politecnica-de-valencia-upv-que-colaboraran-en-la-ampliacion-del-cinturon-verde\/#breadcrumb\",\"itemListElement\":[{\"@type\":\"ListItem\",\"position\":1,\"name\":\"Portada\",\"item\":\"https:\/\/aldaia.es\/noticias\/es\/\"},{\"@type\":\"ListItem\",\"position\":2,\"name\":\"Aldaia recibe a 320 estudiantes de la Universitat Polit\u00e8cnica de Val\u00e8ncia (UPV) que colaborar\u00e1n en la ampliaci\u00f3n del Cintur\u00f3n Verde\"}]},{\"@type\":\"WebSite\",\"@id\":\"https:\/\/aldaia.es\/noticias\/es\/#website\",\"url\":\"https:\/\/aldaia.es\/noticias\/es\/\",\"name\":\"Noticias Aldaia\",\"description\":\"\",\"publisher\":{\"@id\":\"https:\/\/aldaia.es\/noticias\/es\/#organization\"},\"potentialAction\":[{\"@type\":\"SearchAction\",\"target\":{\"@type\":\"EntryPoint\",\"urlTemplate\":\"https:\/\/aldaia.es\/noticias\/es\/?s={search_term_string}\"},\"query-input\":{\"@type\":\"PropertyValueSpecification\",\"valueRequired\":true,\"valueName\":\"search_term_string\"}}],\"inLanguage\":\"es\"},{\"@type\":\"Organization\",\"@id\":\"https:\/\/aldaia.es\/noticias\/es\/#organization\",\"name\":\"Noticias Aldaia\",\"url\":\"https:\/\/aldaia.es\/noticias\/es\/\",\"logo\":{\"@type\":\"ImageObject\",\"inLanguage\":\"es\",\"@id\":\"https:\/\/aldaia.es\/noticias\/es\/#\/schema\/logo\/image\/\",\"url\":\"https:\/\/aldaia.es\/noticias\/wp-content\/uploads\/2025\/05\/aldaia-noticias.jpg\",\"contentUrl\":\"https:\/\/aldaia.es\/noticias\/wp-content\/uploads\/2025\/05\/aldaia-noticias.jpg\",\"width\":512,\"height\":512,\"caption\":\"Noticias Aldaia\"},\"image\":{\"@id\":\"https:\/\/aldaia.es\/noticias\/es\/#\/schema\/logo\/image\/\"}},{\"@type\":\"Person\",\"@id\":\"https:\/\/aldaia.es\/noticias\/es\/#\/schema\/person\/4b9d33d0d77864dfe798033366a332f5\",\"name\":\"COMUNICACION\",\"url\":\"https:\/\/aldaia.es\/noticias\/es\/author\/comunicacion\/\"}]}<\/script>\n<!-- \/ Yoast SEO plugin. -->","yoast_head_json":{"title":"Aldaia recibe a 320 estudiantes de la Universitat Polit\u00e8cnica de Val\u00e8ncia (UPV) que colaborar\u00e1n en la ampliaci\u00f3n del Cintur\u00f3n Verde - Noticias - Ayuntamiento de Aldaia","robots":{"index":"index","follow":"follow","max-snippet":"max-snippet:-1","max-image-preview":"max-image-preview:large","max-video-preview":"max-video-preview:-1"},"canonical":"https:\/\/aldaia.es\/noticias\/es\/aldaia-recibe-a-320-estudiantes-de-la-universitat-politecnica-de-valencia-upv-que-colaboraran-en-la-ampliacion-del-cinturon-verde\/","og_locale":"es_ES","og_type":"article","og_title":"Aldaia recibe a 320 estudiantes de la Universitat Polit\u00e8cnica de Val\u00e8ncia (UPV) que colaborar\u00e1n en la ampliaci\u00f3n del Cintur\u00f3n Verde - Noticias - Ayuntamiento de Aldaia","og_description":"La Universidad elaborar\u00e1 el trabajo de estudio \u00abEvoluci\u00f3n Urbana y Territorial de Aldaia\u00bb adem\u00e1s de aportar propuestas s...","og_url":"https:\/\/aldaia.es\/noticias\/es\/aldaia-recibe-a-320-estudiantes-de-la-universitat-politecnica-de-valencia-upv-que-colaboraran-en-la-ampliacion-del-cinturon-verde\/","og_site_name":"Noticias - Ayuntamiento de Aldaia","article_published_time":"2023-09-21T12:59:54+00:00","article_modified_time":"2025-05-20T09:05:19+00:00","og_image":[{"width":1600,"height":1066,"url":"https:\/\/aldaia.es\/noticias\/wp-content\/uploads\/2023\/09\/UPV-Aldaia.jpg","type":"image\/jpeg"}],"author":"COMUNICACION","twitter_card":"summary_large_image","twitter_misc":{"Escrito por":"COMUNICACION","Tiempo de lectura":"2 minutos"},"schema":{"@context":"https:\/\/schema.org","@graph":[{"@type":"Article","@id":"https:\/\/aldaia.es\/noticias\/es\/aldaia-recibe-a-320-estudiantes-de-la-universitat-politecnica-de-valencia-upv-que-colaboraran-en-la-ampliacion-del-cinturon-verde\/#article","isPartOf":{"@id":"https:\/\/aldaia.es\/noticias\/es\/aldaia-recibe-a-320-estudiantes-de-la-universitat-politecnica-de-valencia-upv-que-colaboraran-en-la-ampliacion-del-cinturon-verde\/"},"author":{"name":"COMUNICACION","@id":"https:\/\/aldaia.es\/noticias\/es\/#\/schema\/person\/4b9d33d0d77864dfe798033366a332f5"},"headline":"Aldaia recibe a 320 estudiantes de la Universitat Polit\u00e8cnica de Val\u00e8ncia (UPV) que colaborar\u00e1n en la ampliaci\u00f3n del Cintur\u00f3n Verde","datePublished":"2023-09-21T12:59:54+00:00","dateModified":"2025-05-20T09:05:19+00:00","mainEntityOfPage":{"@id":"https:\/\/aldaia.es\/noticias\/es\/aldaia-recibe-a-320-estudiantes-de-la-universitat-politecnica-de-valencia-upv-que-colaboraran-en-la-ampliacion-del-cinturon-verde\/"},"wordCount":377,"commentCount":0,"publisher":{"@id":"https:\/\/aldaia.es\/noticias\/es\/#organization"},"image":{"@id":"https:\/\/aldaia.es\/noticias\/es\/aldaia-recibe-a-320-estudiantes-de-la-universitat-politecnica-de-valencia-upv-que-colaboraran-en-la-ampliacion-del-cinturon-verde\/#primaryimage"},"thumbnailUrl":"https:\/\/aldaia.es\/noticias\/wp-content\/uploads\/2023\/09\/UPV-Aldaia.jpg","articleSection":["Urbanismo y Medio ambiente"],"inLanguage":"es","potentialAction":[{"@type":"CommentAction","name":"Comment","target":["https:\/\/aldaia.es\/noticias\/es\/aldaia-recibe-a-320-estudiantes-de-la-universitat-politecnica-de-valencia-upv-que-colaboraran-en-la-ampliacion-del-cinturon-verde\/#respond"]}]},{"@type":"WebPage","@id":"https:\/\/aldaia.es\/noticias\/es\/aldaia-recibe-a-320-estudiantes-de-la-universitat-politecnica-de-valencia-upv-que-colaboraran-en-la-ampliacion-del-cinturon-verde\/","url":"https:\/\/aldaia.es\/noticias\/es\/aldaia-recibe-a-320-estudiantes-de-la-universitat-politecnica-de-valencia-upv-que-colaboraran-en-la-ampliacion-del-cinturon-verde\/","name":"Aldaia recibe a 320 estudiantes de la Universitat Polit\u00e8cnica de Val\u00e8ncia (UPV) que colaborar\u00e1n en la ampliaci\u00f3n del Cintur\u00f3n Verde - Noticias - Ayuntamiento de Aldaia","isPartOf":{"@id":"https:\/\/aldaia.es\/noticias\/es\/#website"},"primaryImageOfPage":{"@id":"https:\/\/aldaia.es\/noticias\/es\/aldaia-recibe-a-320-estudiantes-de-la-universitat-politecnica-de-valencia-upv-que-colaboraran-en-la-ampliacion-del-cinturon-verde\/#primaryimage"},"image":{"@id":"https:\/\/aldaia.es\/noticias\/es\/aldaia-recibe-a-320-estudiantes-de-la-universitat-politecnica-de-valencia-upv-que-colaboraran-en-la-ampliacion-del-cinturon-verde\/#primaryimage"},"thumbnailUrl":"https:\/\/aldaia.es\/noticias\/wp-content\/uploads\/2023\/09\/UPV-Aldaia.jpg","datePublished":"2023-09-21T12:59:54+00:00","dateModified":"2025-05-20T09:05:19+00:00","breadcrumb":{"@id":"https:\/\/aldaia.es\/noticias\/es\/aldaia-recibe-a-320-estudiantes-de-la-universitat-politecnica-de-valencia-upv-que-colaboraran-en-la-ampliacion-del-cinturon-verde\/#breadcrumb"},"inLanguage":"es","potentialAction":[{"@type":"ReadAction","target":["https:\/\/aldaia.es\/noticias\/es\/aldaia-recibe-a-320-estudiantes-de-la-universitat-politecnica-de-valencia-upv-que-colaboraran-en-la-ampliacion-del-cinturon-verde\/"]}]},{"@type":"ImageObject","inLanguage":"es","@id":"https:\/\/aldaia.es\/noticias\/es\/aldaia-recibe-a-320-estudiantes-de-la-universitat-politecnica-de-valencia-upv-que-colaboraran-en-la-ampliacion-del-cinturon-verde\/#primaryimage","url":"https:\/\/aldaia.es\/noticias\/wp-content\/uploads\/2023\/09\/UPV-Aldaia.jpg","contentUrl":"https:\/\/aldaia.es\/noticias\/wp-content\/uploads\/2023\/09\/UPV-Aldaia.jpg","width":1600,"height":1066},{"@type":"BreadcrumbList","@id":"https:\/\/aldaia.es\/noticias\/es\/aldaia-recibe-a-320-estudiantes-de-la-universitat-politecnica-de-valencia-upv-que-colaboraran-en-la-ampliacion-del-cinturon-verde\/#breadcrumb","itemListElement":[{"@type":"ListItem","position":1,"name":"Portada","item":"https:\/\/aldaia.es\/noticias\/es\/"},{"@type":"ListItem","position":2,"name":"Aldaia recibe a 320 estudiantes de la Universitat Polit\u00e8cnica de Val\u00e8ncia (UPV) que colaborar\u00e1n en la ampliaci\u00f3n del Cintur\u00f3n Verde"}]},{"@type":"WebSite","@id":"https:\/\/aldaia.es\/noticias\/es\/#website","url":"https:\/\/aldaia.es\/noticias\/es\/","name":"Noticias Aldaia","description":"","publisher":{"@id":"https:\/\/aldaia.es\/noticias\/es\/#organization"},"potentialAction":[{"@type":"SearchAction","target":{"@type":"EntryPoint","urlTemplate":"https:\/\/aldaia.es\/noticias\/es\/?s={search_term_string}"},"query-input":{"@type":"PropertyValueSpecification","valueRequired":true,"valueName":"search_term_string"}}],"inLanguage":"es"},{"@type":"Organization","@id":"https:\/\/aldaia.es\/noticias\/es\/#organization","name":"Noticias Aldaia","url":"https:\/\/aldaia.es\/noticias\/es\/","logo":{"@type":"ImageObject","inLanguage":"es","@id":"https:\/\/aldaia.es\/noticias\/es\/#\/schema\/logo\/image\/","url":"https:\/\/aldaia.es\/noticias\/wp-content\/uploads\/2025\/05\/aldaia-noticias.jpg","contentUrl":"https:\/\/aldaia.es\/noticias\/wp-content\/uploads\/2025\/05\/aldaia-noticias.jpg","width":512,"height":512,"caption":"Noticias Aldaia"},"image":{"@id":"https:\/\/aldaia.es\/noticias\/es\/#\/schema\/logo\/image\/"}},{"@type":"Person","@id":"https:\/\/aldaia.es\/noticias\/es\/#\/schema\/person\/4b9d33d0d77864dfe798033366a332f5","name":"COMUNICACION","url":"https:\/\/aldaia.es\/noticias\/es\/author\/comunicacion\/"}]}},"_links":{"self":[{"href":"https:\/\/aldaia.es\/noticias\/es\/wp-json\/wp\/v2\/posts\/16959","targetHints":{"allow":["GET"]}}],"collection":[{"href":"https:\/\/aldaia.es\/noticias\/es\/wp-json\/wp\/v2\/posts"}],"about":[{"href":"https:\/\/aldaia.es\/noticias\/es\/wp-json\/wp\/v2\/types\/post"}],"author":[{"embeddable":true,"href":"https:\/\/aldaia.es\/noticias\/es\/wp-json\/wp\/v2\/users\/3"}],"replies":[{"embeddable":true,"href":"https:\/\/aldaia.es\/noticias\/es\/wp-json\/wp\/v2\/comments?post=16959"}],"version-history":[{"count":1,"href":"https:\/\/aldaia.es\/noticias\/es\/wp-json\/wp\/v2\/posts\/16959\/revisions"}],"predecessor-version":[{"id":37493,"href":"https:\/\/aldaia.es\/noticias\/es\/wp-json\/wp\/v2\/posts\/16959\/revisions\/37493"}],"wp:featuredmedia":[{"embeddable":true,"href":"https:\/\/aldaia.es\/noticias\/es\/wp-json\/wp\/v2\/media\/16956"}],"wp:attachment":[{"href":"https:\/\/aldaia.es\/noticias\/es\/wp-json\/wp\/v2\/media?parent=16959"}],"wp:term":[{"taxonomy":"category","embeddable":true,"href":"https:\/\/aldaia.es\/noticias\/es\/wp-json\/wp\/v2\/categories?post=16959"},{"taxonomy":"post_tag","embeddable":true,"href":"https:\/\/aldaia.es\/noticias\/es\/wp-json\/wp\/v2\/tags?post=16959"}],"curies":[{"name":"wp","href":"https:\/\/api.w.org\/{rel}","templated":true}]}}