{"id":18310,"date":"2023-10-25T14:26:07","date_gmt":"2023-10-25T12:26:07","guid":{"rendered":"https:\/\/aldaia.es\/?p=18310"},"modified":"2025-05-20T10:28:52","modified_gmt":"2025-05-20T08:28:52","slug":"joves-net-revalida-a-sergio-gomez-como-presidente","status":"publish","type":"post","link":"https:\/\/aldaia.es\/noticias\/es\/joves-net-revalida-a-sergio-gomez-como-presidente\/","title":{"rendered":"Joves.net revalida a Sergio G\u00f3mez como presidente"},"content":{"rendered":"<p class=\"western\"><span style=\"color: #000000; font-size: 12pt;\"><span style=\"font-family: Arial, sans-serif;\">El nuevo consorcio de Xarxa Joves.net se ha constituido esta semana, en la sala de plenos del ayuntamiento de Torrent, tras el nuevo mandato municipal. De este modo, Sergio G\u00f3mez, concejal de juventud del Ayuntamiento de Aldaia, fue nombrado de nuevo presidente junto a Luc\u00eda Fern\u00e1ndez y Juan Jos\u00e9 Sus\u00edn, ediles del Barrio del Cristo y Quart de Poblet, respectivamente, en las vicepresidencias. Representantes de Alaqu\u00e0s, Catarroja, Manises, Mislata, Silla y Moncada completan la comisi\u00f3n ejecutiva de la red provincial.<\/span><\/span><\/p>\n<p>&nbsp;<\/p>\n<p class=\"western\"><span style=\"color: #000000; font-size: 12pt;\"><span style=\"font-family: Arial, sans-serif;\">En la actualidad, ya son 24 los municipios de la provincia (con la reciente incorporaci\u00f3n de Massanassa y Alc\u00e0sser) que conforman la Xarxa Joves.net. El presidente, que repite en el cargo, se\u00f1ala la importancia de que cada vez sean m\u00e1s los municipios que se sumen a lo que considera \u201cuna etapa que abre un horizonte con diferentes sensibilidades y la apuesta firme por el trabajo en red para la juventud\u201d.<\/span><\/span><\/p>\n<p>&nbsp;<\/p>\n<p class=\"western\"><span style=\"color: #000000;\"><span style=\"font-family: Arial, sans-serif;\"><span style=\"font-size: small;\"><span style=\"font-size: 12pt;\">De este modo, y tras la sesi\u00f3n organizativa, se asegura que Joves.Net es un \u201cproyecto colaborativo-participativo imprescindible por las personas j\u00f3venes de nuestra provincia. Participar, colaborar y compartir, son y ser\u00e1n siempre las claves que nos hacen crecer cada d\u00eda\u201d. G\u00f3mez destaca campa\u00f1as como la <\/span><\/span><\/span><\/span><span style=\"font-size: 12pt;\"><span style=\"color: #000000;\"><span style=\"font-family: Arial, sans-serif;\"><i>Prejudice Collection<\/i><\/span><\/span><span style=\"color: #000000;\"><span style=\"font-family: Arial, sans-serif;\">, contra el racismo, o el proyecto Joves.sex.<\/span><\/span><\/span><\/p>\n<p>&nbsp;<\/p>\n<p class=\"western\"><span style=\"color: #000000; font-size: 12pt;\"><span style=\"font-family: Arial, sans-serif;\">Se trata de un consorcio de m\u00e1s de 30 a\u00f1os de trayectoria \u201csolvente, como han demostrado los t\u00e9cnicos y t\u00e9cnicas que han conformado la organizaci\u00f3n\u201d. Una uni\u00f3n de municipios que potencia como denominador com\u00fan \u201cel trabajo en red\u201d, y sobre esta base y tal como explica el presidente, el consorcio pretende \u201ccrear una nueva l\u00ednea de trabajo a trav\u00e9s de la Cultura y sus diferentes ramas, para acercarnos a las personas j\u00f3venes\u201d.<\/span><\/span><\/p>\n<p>&nbsp;<\/p>\n<p class=\"western\"><span style=\"color: #000000; font-size: 12pt;\"><span style=\"font-family: Arial, sans-serif;\">Con la aprobaci\u00f3n adem\u00e1s de los presupuestos, y por unanimidad, G\u00f3mez afronta esta etapa como un reto, \u201ccon ilusi\u00f3n para apostar por seguir creciendo en los encuentros de Corresponsales hacia un ocio alternativo y saludable\u201d.<\/span><\/span><\/p>\n<p>&nbsp;<\/p>\n<p class=\"western\"><span style=\"font-size: 12pt;\"><span style=\"color: #000000;\"><span style=\"font-family: Arial, sans-serif;\">En total hablamos de una poblaci\u00f3n juvenil de m\u00e1s de 130.000 personas de entre 12 y 30 a\u00f1os a la que se dirige esta red. Un consorcio para la gesti\u00f3n de la Xarxa Joves.net, de recursos de informaci\u00f3n y participaci\u00f3n para j\u00f3venes, est\u00e1 integrado por los Ayuntamientos de: Alaqu<\/span><\/span><span style=\"color: #000000;\"><span style=\"font-family: Arial, sans-serif;\">\u00e0<\/span><\/span><span style=\"color: #000000;\"><span style=\"font-family: Arial, sans-serif;\">s, Albal, Alc<\/span><\/span><span style=\"color: #000000;\"><span style=\"font-family: Arial, sans-serif;\">\u00e0<\/span><\/span><span style=\"color: #000000;\"><span style=\"font-family: Arial, sans-serif;\">sser, Aldaia, Almussafes, Barri del Crist, Benet<\/span><\/span><span style=\"color: #000000;\"><span style=\"font-family: Arial, sans-serif;\">\u00fa<\/span><\/span><span style=\"color: #000000;\"><span style=\"font-family: Arial, sans-serif;\">sser, Catarroja, Godella, La Pobla de Farnals, Manises, Massanassa, Mislata, Moncada, Paiporta, Paterna, Picanya, Picassent, Quart de Poblet, Sagunt, Sedav<\/span><\/span><span style=\"color: #000000;\"><span style=\"font-family: Arial, sans-serif;\">\u00ed<\/span><\/span><span style=\"color: #000000;\"><span style=\"font-family: Arial, sans-serif;\">, Silla, Torrent i Xirivella.<\/span><\/span><\/span><\/p>\n","protected":false},"excerpt":{"rendered":"<p>El nuevo consorcio de Xarxa Joves.net se ha constituido esta semana, en la sala de plenos del ayuntamiento de Torrent, tras e&#8230;<\/p>\n","protected":false},"author":2,"featured_media":18313,"comment_status":"open","ping_status":"open","sticky":false,"template":"","format":"standard","meta":{"_acf_changed":false,"footnotes":""},"categories":[61],"tags":[],"class_list":["post-18310","post","type-post","status-publish","format-standard","has-post-thumbnail","hentry","category-juventud"],"acf":[],"yoast_head":"<!-- This site is optimized with the Yoast SEO plugin v26.9 - https:\/\/yoast.com\/product\/yoast-seo-wordpress\/ -->\n<title>Joves.net revalida a Sergio G\u00f3mez como presidente - Noticias - Ayuntamiento de Aldaia<\/title>\n<meta name=\"description\" content=\"Campa\u00f1as contra el racismo, proyectos de asesoramiento sexoafectivo, y el apoyo y trabajo en valores, o el acompa\u00f1amiento juvenil de Corresponsales centrar\u00e1n la nueva etapa intermunicipal\" \/>\n<meta name=\"robots\" content=\"index, follow, max-snippet:-1, max-image-preview:large, max-video-preview:-1\" \/>\n<link rel=\"canonical\" href=\"https:\/\/aldaia.es\/noticias\/es\/joves-net-revalida-a-sergio-gomez-como-presidente\/\" \/>\n<meta property=\"og:locale\" content=\"es_ES\" \/>\n<meta property=\"og:type\" content=\"article\" \/>\n<meta property=\"og:title\" content=\"Joves.net revalida a Sergio G\u00f3mez como presidente - Noticias - Ayuntamiento de Aldaia\" \/>\n<meta property=\"og:description\" content=\"Campa\u00f1as contra el racismo, proyectos de asesoramiento sexoafectivo, y el apoyo y trabajo en valores, o el acompa\u00f1amiento juvenil de Corresponsales centrar\u00e1n la nueva etapa intermunicipal\" \/>\n<meta property=\"og:url\" content=\"https:\/\/aldaia.es\/noticias\/es\/joves-net-revalida-a-sergio-gomez-como-presidente\/\" \/>\n<meta property=\"og:site_name\" content=\"Noticias - Ayuntamiento de Aldaia\" \/>\n<meta property=\"article:published_time\" content=\"2023-10-25T12:26:07+00:00\" \/>\n<meta property=\"article:modified_time\" content=\"2025-05-20T08:28:52+00:00\" \/>\n<meta property=\"og:image\" content=\"https:\/\/aldaia.es\/noticias\/wp-content\/uploads\/2023\/10\/consorcio.jpeg\" \/>\n\t<meta property=\"og:image:width\" content=\"1600\" \/>\n\t<meta property=\"og:image:height\" content=\"1189\" \/>\n\t<meta property=\"og:image:type\" content=\"image\/jpeg\" \/>\n<meta name=\"author\" content=\"prensa\" \/>\n<meta name=\"twitter:card\" content=\"summary_large_image\" \/>\n<meta name=\"twitter:label1\" content=\"Escrito por\" \/>\n\t<meta name=\"twitter:data1\" content=\"prensa\" \/>\n\t<meta name=\"twitter:label2\" content=\"Tiempo de lectura\" \/>\n\t<meta name=\"twitter:data2\" content=\"2 minutos\" \/>\n<script type=\"application\/ld+json\" class=\"yoast-schema-graph\">{\"@context\":\"https:\/\/schema.org\",\"@graph\":[{\"@type\":\"Article\",\"@id\":\"https:\/\/aldaia.es\/noticias\/es\/joves-net-revalida-a-sergio-gomez-como-presidente\/#article\",\"isPartOf\":{\"@id\":\"https:\/\/aldaia.es\/noticias\/es\/joves-net-revalida-a-sergio-gomez-como-presidente\/\"},\"author\":{\"name\":\"prensa\",\"@id\":\"https:\/\/aldaia.es\/noticias\/es\/#\/schema\/person\/736bf474749673d55971dc81c4553f7e\"},\"headline\":\"Joves.net revalida a Sergio G\u00f3mez como presidente\",\"datePublished\":\"2023-10-25T12:26:07+00:00\",\"dateModified\":\"2025-05-20T08:28:52+00:00\",\"mainEntityOfPage\":{\"@id\":\"https:\/\/aldaia.es\/noticias\/es\/joves-net-revalida-a-sergio-gomez-como-presidente\/\"},\"wordCount\":445,\"commentCount\":0,\"publisher\":{\"@id\":\"https:\/\/aldaia.es\/noticias\/es\/#organization\"},\"image\":{\"@id\":\"https:\/\/aldaia.es\/noticias\/es\/joves-net-revalida-a-sergio-gomez-como-presidente\/#primaryimage\"},\"thumbnailUrl\":\"https:\/\/aldaia.es\/noticias\/wp-content\/uploads\/2023\/10\/consorcio.jpeg\",\"articleSection\":[\"Juventud\"],\"inLanguage\":\"es\",\"potentialAction\":[{\"@type\":\"CommentAction\",\"name\":\"Comment\",\"target\":[\"https:\/\/aldaia.es\/noticias\/es\/joves-net-revalida-a-sergio-gomez-como-presidente\/#respond\"]}]},{\"@type\":\"WebPage\",\"@id\":\"https:\/\/aldaia.es\/noticias\/es\/joves-net-revalida-a-sergio-gomez-como-presidente\/\",\"url\":\"https:\/\/aldaia.es\/noticias\/es\/joves-net-revalida-a-sergio-gomez-como-presidente\/\",\"name\":\"Joves.net revalida a Sergio G\u00f3mez como presidente - Noticias - Ayuntamiento de Aldaia\",\"isPartOf\":{\"@id\":\"https:\/\/aldaia.es\/noticias\/es\/#website\"},\"primaryImageOfPage\":{\"@id\":\"https:\/\/aldaia.es\/noticias\/es\/joves-net-revalida-a-sergio-gomez-como-presidente\/#primaryimage\"},\"image\":{\"@id\":\"https:\/\/aldaia.es\/noticias\/es\/joves-net-revalida-a-sergio-gomez-como-presidente\/#primaryimage\"},\"thumbnailUrl\":\"https:\/\/aldaia.es\/noticias\/wp-content\/uploads\/2023\/10\/consorcio.jpeg\",\"datePublished\":\"2023-10-25T12:26:07+00:00\",\"dateModified\":\"2025-05-20T08:28:52+00:00\",\"description\":\"Campa\u00f1as contra el racismo, proyectos de asesoramiento sexoafectivo, y el apoyo y trabajo en valores, o el acompa\u00f1amiento juvenil de Corresponsales centrar\u00e1n la nueva etapa intermunicipal\",\"breadcrumb\":{\"@id\":\"https:\/\/aldaia.es\/noticias\/es\/joves-net-revalida-a-sergio-gomez-como-presidente\/#breadcrumb\"},\"inLanguage\":\"es\",\"potentialAction\":[{\"@type\":\"ReadAction\",\"target\":[\"https:\/\/aldaia.es\/noticias\/es\/joves-net-revalida-a-sergio-gomez-como-presidente\/\"]}]},{\"@type\":\"ImageObject\",\"inLanguage\":\"es\",\"@id\":\"https:\/\/aldaia.es\/noticias\/es\/joves-net-revalida-a-sergio-gomez-como-presidente\/#primaryimage\",\"url\":\"https:\/\/aldaia.es\/noticias\/wp-content\/uploads\/2023\/10\/consorcio.jpeg\",\"contentUrl\":\"https:\/\/aldaia.es\/noticias\/wp-content\/uploads\/2023\/10\/consorcio.jpeg\",\"width\":1600,\"height\":1189},{\"@type\":\"BreadcrumbList\",\"@id\":\"https:\/\/aldaia.es\/noticias\/es\/joves-net-revalida-a-sergio-gomez-como-presidente\/#breadcrumb\",\"itemListElement\":[{\"@type\":\"ListItem\",\"position\":1,\"name\":\"Portada\",\"item\":\"https:\/\/aldaia.es\/noticias\/es\/\"},{\"@type\":\"ListItem\",\"position\":2,\"name\":\"Joves.net revalida a Sergio G\u00f3mez como presidente\"}]},{\"@type\":\"WebSite\",\"@id\":\"https:\/\/aldaia.es\/noticias\/es\/#website\",\"url\":\"https:\/\/aldaia.es\/noticias\/es\/\",\"name\":\"Noticias Aldaia\",\"description\":\"\",\"publisher\":{\"@id\":\"https:\/\/aldaia.es\/noticias\/es\/#organization\"},\"potentialAction\":[{\"@type\":\"SearchAction\",\"target\":{\"@type\":\"EntryPoint\",\"urlTemplate\":\"https:\/\/aldaia.es\/noticias\/es\/?s={search_term_string}\"},\"query-input\":{\"@type\":\"PropertyValueSpecification\",\"valueRequired\":true,\"valueName\":\"search_term_string\"}}],\"inLanguage\":\"es\"},{\"@type\":\"Organization\",\"@id\":\"https:\/\/aldaia.es\/noticias\/es\/#organization\",\"name\":\"Noticias Aldaia\",\"url\":\"https:\/\/aldaia.es\/noticias\/es\/\",\"logo\":{\"@type\":\"ImageObject\",\"inLanguage\":\"es\",\"@id\":\"https:\/\/aldaia.es\/noticias\/es\/#\/schema\/logo\/image\/\",\"url\":\"https:\/\/aldaia.es\/noticias\/wp-content\/uploads\/2025\/05\/aldaia-noticias.jpg\",\"contentUrl\":\"https:\/\/aldaia.es\/noticias\/wp-content\/uploads\/2025\/05\/aldaia-noticias.jpg\",\"width\":512,\"height\":512,\"caption\":\"Noticias Aldaia\"},\"image\":{\"@id\":\"https:\/\/aldaia.es\/noticias\/es\/#\/schema\/logo\/image\/\"}},{\"@type\":\"Person\",\"@id\":\"https:\/\/aldaia.es\/noticias\/es\/#\/schema\/person\/736bf474749673d55971dc81c4553f7e\",\"name\":\"prensa\",\"url\":\"https:\/\/aldaia.es\/noticias\/es\/author\/prensa\/\"}]}<\/script>\n<!-- \/ Yoast SEO plugin. -->","yoast_head_json":{"title":"Joves.net revalida a Sergio G\u00f3mez como presidente - Noticias - Ayuntamiento de Aldaia","description":"Campa\u00f1as contra el racismo, proyectos de asesoramiento sexoafectivo, y el apoyo y trabajo en valores, o el acompa\u00f1amiento juvenil de Corresponsales centrar\u00e1n la nueva etapa intermunicipal","robots":{"index":"index","follow":"follow","max-snippet":"max-snippet:-1","max-image-preview":"max-image-preview:large","max-video-preview":"max-video-preview:-1"},"canonical":"https:\/\/aldaia.es\/noticias\/es\/joves-net-revalida-a-sergio-gomez-como-presidente\/","og_locale":"es_ES","og_type":"article","og_title":"Joves.net revalida a Sergio G\u00f3mez como presidente - Noticias - Ayuntamiento de Aldaia","og_description":"Campa\u00f1as contra el racismo, proyectos de asesoramiento sexoafectivo, y el apoyo y trabajo en valores, o el acompa\u00f1amiento juvenil de Corresponsales centrar\u00e1n la nueva etapa intermunicipal","og_url":"https:\/\/aldaia.es\/noticias\/es\/joves-net-revalida-a-sergio-gomez-como-presidente\/","og_site_name":"Noticias - Ayuntamiento de Aldaia","article_published_time":"2023-10-25T12:26:07+00:00","article_modified_time":"2025-05-20T08:28:52+00:00","og_image":[{"width":1600,"height":1189,"url":"https:\/\/aldaia.es\/noticias\/wp-content\/uploads\/2023\/10\/consorcio.jpeg","type":"image\/jpeg"}],"author":"prensa","twitter_card":"summary_large_image","twitter_misc":{"Escrito por":"prensa","Tiempo de lectura":"2 minutos"},"schema":{"@context":"https:\/\/schema.org","@graph":[{"@type":"Article","@id":"https:\/\/aldaia.es\/noticias\/es\/joves-net-revalida-a-sergio-gomez-como-presidente\/#article","isPartOf":{"@id":"https:\/\/aldaia.es\/noticias\/es\/joves-net-revalida-a-sergio-gomez-como-presidente\/"},"author":{"name":"prensa","@id":"https:\/\/aldaia.es\/noticias\/es\/#\/schema\/person\/736bf474749673d55971dc81c4553f7e"},"headline":"Joves.net revalida a Sergio G\u00f3mez como presidente","datePublished":"2023-10-25T12:26:07+00:00","dateModified":"2025-05-20T08:28:52+00:00","mainEntityOfPage":{"@id":"https:\/\/aldaia.es\/noticias\/es\/joves-net-revalida-a-sergio-gomez-como-presidente\/"},"wordCount":445,"commentCount":0,"publisher":{"@id":"https:\/\/aldaia.es\/noticias\/es\/#organization"},"image":{"@id":"https:\/\/aldaia.es\/noticias\/es\/joves-net-revalida-a-sergio-gomez-como-presidente\/#primaryimage"},"thumbnailUrl":"https:\/\/aldaia.es\/noticias\/wp-content\/uploads\/2023\/10\/consorcio.jpeg","articleSection":["Juventud"],"inLanguage":"es","potentialAction":[{"@type":"CommentAction","name":"Comment","target":["https:\/\/aldaia.es\/noticias\/es\/joves-net-revalida-a-sergio-gomez-como-presidente\/#respond"]}]},{"@type":"WebPage","@id":"https:\/\/aldaia.es\/noticias\/es\/joves-net-revalida-a-sergio-gomez-como-presidente\/","url":"https:\/\/aldaia.es\/noticias\/es\/joves-net-revalida-a-sergio-gomez-como-presidente\/","name":"Joves.net revalida a Sergio G\u00f3mez como presidente - Noticias - Ayuntamiento de Aldaia","isPartOf":{"@id":"https:\/\/aldaia.es\/noticias\/es\/#website"},"primaryImageOfPage":{"@id":"https:\/\/aldaia.es\/noticias\/es\/joves-net-revalida-a-sergio-gomez-como-presidente\/#primaryimage"},"image":{"@id":"https:\/\/aldaia.es\/noticias\/es\/joves-net-revalida-a-sergio-gomez-como-presidente\/#primaryimage"},"thumbnailUrl":"https:\/\/aldaia.es\/noticias\/wp-content\/uploads\/2023\/10\/consorcio.jpeg","datePublished":"2023-10-25T12:26:07+00:00","dateModified":"2025-05-20T08:28:52+00:00","description":"Campa\u00f1as contra el racismo, proyectos de asesoramiento sexoafectivo, y el apoyo y trabajo en valores, o el acompa\u00f1amiento juvenil de Corresponsales centrar\u00e1n la nueva etapa intermunicipal","breadcrumb":{"@id":"https:\/\/aldaia.es\/noticias\/es\/joves-net-revalida-a-sergio-gomez-como-presidente\/#breadcrumb"},"inLanguage":"es","potentialAction":[{"@type":"ReadAction","target":["https:\/\/aldaia.es\/noticias\/es\/joves-net-revalida-a-sergio-gomez-como-presidente\/"]}]},{"@type":"ImageObject","inLanguage":"es","@id":"https:\/\/aldaia.es\/noticias\/es\/joves-net-revalida-a-sergio-gomez-como-presidente\/#primaryimage","url":"https:\/\/aldaia.es\/noticias\/wp-content\/uploads\/2023\/10\/consorcio.jpeg","contentUrl":"https:\/\/aldaia.es\/noticias\/wp-content\/uploads\/2023\/10\/consorcio.jpeg","width":1600,"height":1189},{"@type":"BreadcrumbList","@id":"https:\/\/aldaia.es\/noticias\/es\/joves-net-revalida-a-sergio-gomez-como-presidente\/#breadcrumb","itemListElement":[{"@type":"ListItem","position":1,"name":"Portada","item":"https:\/\/aldaia.es\/noticias\/es\/"},{"@type":"ListItem","position":2,"name":"Joves.net revalida a Sergio G\u00f3mez como presidente"}]},{"@type":"WebSite","@id":"https:\/\/aldaia.es\/noticias\/es\/#website","url":"https:\/\/aldaia.es\/noticias\/es\/","name":"Noticias Aldaia","description":"","publisher":{"@id":"https:\/\/aldaia.es\/noticias\/es\/#organization"},"potentialAction":[{"@type":"SearchAction","target":{"@type":"EntryPoint","urlTemplate":"https:\/\/aldaia.es\/noticias\/es\/?s={search_term_string}"},"query-input":{"@type":"PropertyValueSpecification","valueRequired":true,"valueName":"search_term_string"}}],"inLanguage":"es"},{"@type":"Organization","@id":"https:\/\/aldaia.es\/noticias\/es\/#organization","name":"Noticias Aldaia","url":"https:\/\/aldaia.es\/noticias\/es\/","logo":{"@type":"ImageObject","inLanguage":"es","@id":"https:\/\/aldaia.es\/noticias\/es\/#\/schema\/logo\/image\/","url":"https:\/\/aldaia.es\/noticias\/wp-content\/uploads\/2025\/05\/aldaia-noticias.jpg","contentUrl":"https:\/\/aldaia.es\/noticias\/wp-content\/uploads\/2025\/05\/aldaia-noticias.jpg","width":512,"height":512,"caption":"Noticias Aldaia"},"image":{"@id":"https:\/\/aldaia.es\/noticias\/es\/#\/schema\/logo\/image\/"}},{"@type":"Person","@id":"https:\/\/aldaia.es\/noticias\/es\/#\/schema\/person\/736bf474749673d55971dc81c4553f7e","name":"prensa","url":"https:\/\/aldaia.es\/noticias\/es\/author\/prensa\/"}]}},"_links":{"self":[{"href":"https:\/\/aldaia.es\/noticias\/es\/wp-json\/wp\/v2\/posts\/18310","targetHints":{"allow":["GET"]}}],"collection":[{"href":"https:\/\/aldaia.es\/noticias\/es\/wp-json\/wp\/v2\/posts"}],"about":[{"href":"https:\/\/aldaia.es\/noticias\/es\/wp-json\/wp\/v2\/types\/post"}],"author":[{"embeddable":true,"href":"https:\/\/aldaia.es\/noticias\/es\/wp-json\/wp\/v2\/users\/2"}],"replies":[{"embeddable":true,"href":"https:\/\/aldaia.es\/noticias\/es\/wp-json\/wp\/v2\/comments?post=18310"}],"version-history":[{"count":1,"href":"https:\/\/aldaia.es\/noticias\/es\/wp-json\/wp\/v2\/posts\/18310\/revisions"}],"predecessor-version":[{"id":37342,"href":"https:\/\/aldaia.es\/noticias\/es\/wp-json\/wp\/v2\/posts\/18310\/revisions\/37342"}],"wp:featuredmedia":[{"embeddable":true,"href":"https:\/\/aldaia.es\/noticias\/es\/wp-json\/wp\/v2\/media\/18313"}],"wp:attachment":[{"href":"https:\/\/aldaia.es\/noticias\/es\/wp-json\/wp\/v2\/media?parent=18310"}],"wp:term":[{"taxonomy":"category","embeddable":true,"href":"https:\/\/aldaia.es\/noticias\/es\/wp-json\/wp\/v2\/categories?post=18310"},{"taxonomy":"post_tag","embeddable":true,"href":"https:\/\/aldaia.es\/noticias\/es\/wp-json\/wp\/v2\/tags?post=18310"}],"curies":[{"name":"wp","href":"https:\/\/api.w.org\/{rel}","templated":true}]}}