{"id":18418,"date":"2023-11-02T13:37:34","date_gmt":"2023-11-02T12:37:34","guid":{"rendered":"https:\/\/aldaia.es\/2023\/11\/02\/exito-en-el-pasaje-del-terror-de-halloween-del-centro-matilde-salvador-de-aldaia\/"},"modified":"2025-05-20T10:28:52","modified_gmt":"2025-05-20T08:28:52","slug":"exito-en-el-pasaje-del-terror-de-halloween-del-centro-matilde-salvador-de-aldaia","status":"publish","type":"post","link":"https:\/\/aldaia.es\/noticias\/es\/exito-en-el-pasaje-del-terror-de-halloween-del-centro-matilde-salvador-de-aldaia\/","title":{"rendered":"\u00c9xito en el Pasaje del Terror, de Halloween, del Centro Matilde Salvador de Aldaia"},"content":{"rendered":"<h3><strong>M\u00e1s de 300 j\u00f3venes disfrutan de las actividades terror\u00edficas dise\u00f1adas por el grupo de Corresponsales de Aldaia. Destacan los ic\u00f3nicos disfraces de Katrina y personajes de anime en una fiesta por la Noche de almas llena de emoci\u00f3n y diversi\u00f3n<\/strong><\/h3>\n<h3>El viernes pasado, 27 de octubre, el Centro Matilde Salvador de Aldaia se llen\u00f3 de emociones aterradoras y diversi\u00f3n en la celebraci\u00f3n de la Noche de Todos los Santos, o Halloween, organizada por Gent Jove Aldaia. El evento fue un rotundo \u00e9xito y cont\u00f3 con la participaci\u00f3n de j\u00f3venes de entre 12 y 18 a\u00f1os, tanto del propio municipio como de localidades vecinas como Xirivella y Alaqu\u00e0s.<\/h3>\n<h3>Uno de los momentos m\u00e1s destacados de la noche fue el pasaje del terror, preparado por un grupo de 27 j\u00f3venes pertenecientes al grupo de Corresponsales de Aldaia. Durante un mes y medio, estas j\u00f3venes trabajaron en la creaci\u00f3n de una experiencia aterrorizada, ideando una historia, dise\u00f1ando personajes, elaborando la decoraci\u00f3n y confeccionando los vestuarios. M\u00e1s de 300 personas j\u00f3venes valientes se aventuraron a adentrarse en el pasaje, viviendo momentos de puro terror, emoci\u00f3n y diversi\u00f3n.<\/h3>\n<h3>El evento continu\u00f3 con una animada fiesta en la que la m\u00fasica y la decoraci\u00f3n tem\u00e1tica crearon un buen ambiente. Se celebr\u00f3 un concurso de disfraces con premios tanto individuales como para grupos, y las personas asistentes demostraron su creatividad con trajes impresionantes. Los disfraces m\u00e1s populares de la noche fueron las ic\u00f3nicas \u00abkatrinas\u00bb y los personajes de anime.<\/h3>\n<h3>En definitiva, la iniciativa recibi\u00f3 una respuesta muy positiva de participaci\u00f3n: \u00abMuchas gracias por hacerme pasar miedo y por hacer todo esto; me ha gustado mucho, lo repetir\u00eda diez veces m\u00e1s\u00bb, \u00abLos corresponsales lo han hecho muy bien, la verdad es que ha sido muy bien organizado y bien hecho en todo el pasaje\u00bb.<\/h3>\n<h3><\/h3>\n<h3><strong>Biblioteca encantada<\/strong><\/h3>\n<h3>La Biblioteca Municipal tambi\u00e9n se sum\u00f3 a la celebraci\u00f3n con actividades programadas durante la semana. As\u00ed, ni\u00f1os y ni\u00f1as de entre 8 y 11 a\u00f1os pudieron crear sus propios disfraces en un taller dedicado a los monstruos valencianos. Y adem\u00e1s, el centro abri\u00f3 sus puertas durante la noche del 27 de octubre con \u00abLa biblioteca encantada\u00bb para que los m\u00e1s peque\u00f1os disfrutaran de una velada nocturna protagonizada por los sacos de dormir y las historias de miedo.<\/h3>\n","protected":false},"excerpt":{"rendered":"<p>M\u00e1s de 300 j\u00f3venes disfrutan de las actividades terror\u00edficas dise\u00f1adas por el grupo de Corresponsales de Aldaia. Destacan&#8230;<\/p>\n","protected":false},"author":3,"featured_media":18414,"comment_status":"open","ping_status":"open","sticky":false,"template":"","format":"standard","meta":{"_acf_changed":false,"footnotes":""},"categories":[61],"tags":[],"class_list":["post-18418","post","type-post","status-publish","format-standard","has-post-thumbnail","hentry","category-juventud"],"acf":[],"yoast_head":"<!-- This site is optimized with the Yoast SEO plugin v26.9 - https:\/\/yoast.com\/product\/yoast-seo-wordpress\/ -->\n<title>\u00c9xito en el Pasaje del Terror, de Halloween, del Centro Matilde Salvador de Aldaia - Noticias - Ayuntamiento de Aldaia<\/title>\n<meta name=\"robots\" content=\"index, follow, max-snippet:-1, max-image-preview:large, max-video-preview:-1\" \/>\n<link rel=\"canonical\" href=\"https:\/\/aldaia.es\/noticias\/es\/exito-en-el-pasaje-del-terror-de-halloween-del-centro-matilde-salvador-de-aldaia\/\" \/>\n<meta property=\"og:locale\" content=\"es_ES\" \/>\n<meta property=\"og:type\" content=\"article\" \/>\n<meta property=\"og:title\" content=\"\u00c9xito en el Pasaje del Terror, de Halloween, del Centro Matilde Salvador de Aldaia - Noticias - Ayuntamiento de Aldaia\" \/>\n<meta property=\"og:description\" content=\"M\u00e1s de 300 j\u00f3venes disfrutan de las actividades terror\u00edficas dise\u00f1adas por el grupo de Corresponsales de Aldaia. Destacan...\" \/>\n<meta property=\"og:url\" content=\"https:\/\/aldaia.es\/noticias\/es\/exito-en-el-pasaje-del-terror-de-halloween-del-centro-matilde-salvador-de-aldaia\/\" \/>\n<meta property=\"og:site_name\" content=\"Noticias - Ayuntamiento de Aldaia\" \/>\n<meta property=\"article:published_time\" content=\"2023-11-02T12:37:34+00:00\" \/>\n<meta property=\"article:modified_time\" content=\"2025-05-20T08:28:52+00:00\" \/>\n<meta property=\"og:image\" content=\"https:\/\/aldaia.es\/noticias\/wp-content\/uploads\/2023\/11\/terror.jpeg\" \/>\n\t<meta property=\"og:image:width\" content=\"1600\" \/>\n\t<meta property=\"og:image:height\" content=\"1200\" \/>\n\t<meta property=\"og:image:type\" content=\"image\/jpeg\" \/>\n<meta name=\"author\" content=\"COMUNICACION\" \/>\n<meta name=\"twitter:card\" content=\"summary_large_image\" \/>\n<meta name=\"twitter:label1\" content=\"Escrito por\" \/>\n\t<meta name=\"twitter:data1\" content=\"COMUNICACION\" \/>\n\t<meta name=\"twitter:label2\" content=\"Tiempo de lectura\" \/>\n\t<meta name=\"twitter:data2\" content=\"2 minutos\" \/>\n<script type=\"application\/ld+json\" class=\"yoast-schema-graph\">{\"@context\":\"https:\/\/schema.org\",\"@graph\":[{\"@type\":\"Article\",\"@id\":\"https:\/\/aldaia.es\/noticias\/es\/exito-en-el-pasaje-del-terror-de-halloween-del-centro-matilde-salvador-de-aldaia\/#article\",\"isPartOf\":{\"@id\":\"https:\/\/aldaia.es\/noticias\/es\/exito-en-el-pasaje-del-terror-de-halloween-del-centro-matilde-salvador-de-aldaia\/\"},\"author\":{\"name\":\"COMUNICACION\",\"@id\":\"https:\/\/aldaia.es\/noticias\/es\/#\/schema\/person\/4b9d33d0d77864dfe798033366a332f5\"},\"headline\":\"\u00c9xito en el Pasaje del Terror, de Halloween, del Centro Matilde Salvador de Aldaia\",\"datePublished\":\"2023-11-02T12:37:34+00:00\",\"dateModified\":\"2025-05-20T08:28:52+00:00\",\"mainEntityOfPage\":{\"@id\":\"https:\/\/aldaia.es\/noticias\/es\/exito-en-el-pasaje-del-terror-de-halloween-del-centro-matilde-salvador-de-aldaia\/\"},\"wordCount\":419,\"commentCount\":0,\"publisher\":{\"@id\":\"https:\/\/aldaia.es\/noticias\/es\/#organization\"},\"image\":{\"@id\":\"https:\/\/aldaia.es\/noticias\/es\/exito-en-el-pasaje-del-terror-de-halloween-del-centro-matilde-salvador-de-aldaia\/#primaryimage\"},\"thumbnailUrl\":\"https:\/\/aldaia.es\/noticias\/wp-content\/uploads\/2023\/11\/terror.jpeg\",\"articleSection\":[\"Juventud\"],\"inLanguage\":\"es\",\"potentialAction\":[{\"@type\":\"CommentAction\",\"name\":\"Comment\",\"target\":[\"https:\/\/aldaia.es\/noticias\/es\/exito-en-el-pasaje-del-terror-de-halloween-del-centro-matilde-salvador-de-aldaia\/#respond\"]}]},{\"@type\":\"WebPage\",\"@id\":\"https:\/\/aldaia.es\/noticias\/es\/exito-en-el-pasaje-del-terror-de-halloween-del-centro-matilde-salvador-de-aldaia\/\",\"url\":\"https:\/\/aldaia.es\/noticias\/es\/exito-en-el-pasaje-del-terror-de-halloween-del-centro-matilde-salvador-de-aldaia\/\",\"name\":\"\u00c9xito en el Pasaje del Terror, de Halloween, del Centro Matilde Salvador de Aldaia - Noticias - Ayuntamiento de Aldaia\",\"isPartOf\":{\"@id\":\"https:\/\/aldaia.es\/noticias\/es\/#website\"},\"primaryImageOfPage\":{\"@id\":\"https:\/\/aldaia.es\/noticias\/es\/exito-en-el-pasaje-del-terror-de-halloween-del-centro-matilde-salvador-de-aldaia\/#primaryimage\"},\"image\":{\"@id\":\"https:\/\/aldaia.es\/noticias\/es\/exito-en-el-pasaje-del-terror-de-halloween-del-centro-matilde-salvador-de-aldaia\/#primaryimage\"},\"thumbnailUrl\":\"https:\/\/aldaia.es\/noticias\/wp-content\/uploads\/2023\/11\/terror.jpeg\",\"datePublished\":\"2023-11-02T12:37:34+00:00\",\"dateModified\":\"2025-05-20T08:28:52+00:00\",\"breadcrumb\":{\"@id\":\"https:\/\/aldaia.es\/noticias\/es\/exito-en-el-pasaje-del-terror-de-halloween-del-centro-matilde-salvador-de-aldaia\/#breadcrumb\"},\"inLanguage\":\"es\",\"potentialAction\":[{\"@type\":\"ReadAction\",\"target\":[\"https:\/\/aldaia.es\/noticias\/es\/exito-en-el-pasaje-del-terror-de-halloween-del-centro-matilde-salvador-de-aldaia\/\"]}]},{\"@type\":\"ImageObject\",\"inLanguage\":\"es\",\"@id\":\"https:\/\/aldaia.es\/noticias\/es\/exito-en-el-pasaje-del-terror-de-halloween-del-centro-matilde-salvador-de-aldaia\/#primaryimage\",\"url\":\"https:\/\/aldaia.es\/noticias\/wp-content\/uploads\/2023\/11\/terror.jpeg\",\"contentUrl\":\"https:\/\/aldaia.es\/noticias\/wp-content\/uploads\/2023\/11\/terror.jpeg\",\"width\":1600,\"height\":1200},{\"@type\":\"BreadcrumbList\",\"@id\":\"https:\/\/aldaia.es\/noticias\/es\/exito-en-el-pasaje-del-terror-de-halloween-del-centro-matilde-salvador-de-aldaia\/#breadcrumb\",\"itemListElement\":[{\"@type\":\"ListItem\",\"position\":1,\"name\":\"Portada\",\"item\":\"https:\/\/aldaia.es\/noticias\/es\/\"},{\"@type\":\"ListItem\",\"position\":2,\"name\":\"\u00c9xito en el Pasaje del Terror, de Halloween, del Centro Matilde Salvador de Aldaia\"}]},{\"@type\":\"WebSite\",\"@id\":\"https:\/\/aldaia.es\/noticias\/es\/#website\",\"url\":\"https:\/\/aldaia.es\/noticias\/es\/\",\"name\":\"Noticias Aldaia\",\"description\":\"\",\"publisher\":{\"@id\":\"https:\/\/aldaia.es\/noticias\/es\/#organization\"},\"potentialAction\":[{\"@type\":\"SearchAction\",\"target\":{\"@type\":\"EntryPoint\",\"urlTemplate\":\"https:\/\/aldaia.es\/noticias\/es\/?s={search_term_string}\"},\"query-input\":{\"@type\":\"PropertyValueSpecification\",\"valueRequired\":true,\"valueName\":\"search_term_string\"}}],\"inLanguage\":\"es\"},{\"@type\":\"Organization\",\"@id\":\"https:\/\/aldaia.es\/noticias\/es\/#organization\",\"name\":\"Noticias Aldaia\",\"url\":\"https:\/\/aldaia.es\/noticias\/es\/\",\"logo\":{\"@type\":\"ImageObject\",\"inLanguage\":\"es\",\"@id\":\"https:\/\/aldaia.es\/noticias\/es\/#\/schema\/logo\/image\/\",\"url\":\"https:\/\/aldaia.es\/noticias\/wp-content\/uploads\/2025\/05\/aldaia-noticias.jpg\",\"contentUrl\":\"https:\/\/aldaia.es\/noticias\/wp-content\/uploads\/2025\/05\/aldaia-noticias.jpg\",\"width\":512,\"height\":512,\"caption\":\"Noticias Aldaia\"},\"image\":{\"@id\":\"https:\/\/aldaia.es\/noticias\/es\/#\/schema\/logo\/image\/\"}},{\"@type\":\"Person\",\"@id\":\"https:\/\/aldaia.es\/noticias\/es\/#\/schema\/person\/4b9d33d0d77864dfe798033366a332f5\",\"name\":\"COMUNICACION\",\"url\":\"https:\/\/aldaia.es\/noticias\/es\/author\/comunicacion\/\"}]}<\/script>\n<!-- \/ Yoast SEO plugin. -->","yoast_head_json":{"title":"\u00c9xito en el Pasaje del Terror, de Halloween, del Centro Matilde Salvador de Aldaia - Noticias - Ayuntamiento de Aldaia","robots":{"index":"index","follow":"follow","max-snippet":"max-snippet:-1","max-image-preview":"max-image-preview:large","max-video-preview":"max-video-preview:-1"},"canonical":"https:\/\/aldaia.es\/noticias\/es\/exito-en-el-pasaje-del-terror-de-halloween-del-centro-matilde-salvador-de-aldaia\/","og_locale":"es_ES","og_type":"article","og_title":"\u00c9xito en el Pasaje del Terror, de Halloween, del Centro Matilde Salvador de Aldaia - Noticias - Ayuntamiento de Aldaia","og_description":"M\u00e1s de 300 j\u00f3venes disfrutan de las actividades terror\u00edficas dise\u00f1adas por el grupo de Corresponsales de Aldaia. Destacan...","og_url":"https:\/\/aldaia.es\/noticias\/es\/exito-en-el-pasaje-del-terror-de-halloween-del-centro-matilde-salvador-de-aldaia\/","og_site_name":"Noticias - Ayuntamiento de Aldaia","article_published_time":"2023-11-02T12:37:34+00:00","article_modified_time":"2025-05-20T08:28:52+00:00","og_image":[{"width":1600,"height":1200,"url":"https:\/\/aldaia.es\/noticias\/wp-content\/uploads\/2023\/11\/terror.jpeg","type":"image\/jpeg"}],"author":"COMUNICACION","twitter_card":"summary_large_image","twitter_misc":{"Escrito por":"COMUNICACION","Tiempo de lectura":"2 minutos"},"schema":{"@context":"https:\/\/schema.org","@graph":[{"@type":"Article","@id":"https:\/\/aldaia.es\/noticias\/es\/exito-en-el-pasaje-del-terror-de-halloween-del-centro-matilde-salvador-de-aldaia\/#article","isPartOf":{"@id":"https:\/\/aldaia.es\/noticias\/es\/exito-en-el-pasaje-del-terror-de-halloween-del-centro-matilde-salvador-de-aldaia\/"},"author":{"name":"COMUNICACION","@id":"https:\/\/aldaia.es\/noticias\/es\/#\/schema\/person\/4b9d33d0d77864dfe798033366a332f5"},"headline":"\u00c9xito en el Pasaje del Terror, de Halloween, del Centro Matilde Salvador de Aldaia","datePublished":"2023-11-02T12:37:34+00:00","dateModified":"2025-05-20T08:28:52+00:00","mainEntityOfPage":{"@id":"https:\/\/aldaia.es\/noticias\/es\/exito-en-el-pasaje-del-terror-de-halloween-del-centro-matilde-salvador-de-aldaia\/"},"wordCount":419,"commentCount":0,"publisher":{"@id":"https:\/\/aldaia.es\/noticias\/es\/#organization"},"image":{"@id":"https:\/\/aldaia.es\/noticias\/es\/exito-en-el-pasaje-del-terror-de-halloween-del-centro-matilde-salvador-de-aldaia\/#primaryimage"},"thumbnailUrl":"https:\/\/aldaia.es\/noticias\/wp-content\/uploads\/2023\/11\/terror.jpeg","articleSection":["Juventud"],"inLanguage":"es","potentialAction":[{"@type":"CommentAction","name":"Comment","target":["https:\/\/aldaia.es\/noticias\/es\/exito-en-el-pasaje-del-terror-de-halloween-del-centro-matilde-salvador-de-aldaia\/#respond"]}]},{"@type":"WebPage","@id":"https:\/\/aldaia.es\/noticias\/es\/exito-en-el-pasaje-del-terror-de-halloween-del-centro-matilde-salvador-de-aldaia\/","url":"https:\/\/aldaia.es\/noticias\/es\/exito-en-el-pasaje-del-terror-de-halloween-del-centro-matilde-salvador-de-aldaia\/","name":"\u00c9xito en el Pasaje del Terror, de Halloween, del Centro Matilde Salvador de Aldaia - Noticias - Ayuntamiento de Aldaia","isPartOf":{"@id":"https:\/\/aldaia.es\/noticias\/es\/#website"},"primaryImageOfPage":{"@id":"https:\/\/aldaia.es\/noticias\/es\/exito-en-el-pasaje-del-terror-de-halloween-del-centro-matilde-salvador-de-aldaia\/#primaryimage"},"image":{"@id":"https:\/\/aldaia.es\/noticias\/es\/exito-en-el-pasaje-del-terror-de-halloween-del-centro-matilde-salvador-de-aldaia\/#primaryimage"},"thumbnailUrl":"https:\/\/aldaia.es\/noticias\/wp-content\/uploads\/2023\/11\/terror.jpeg","datePublished":"2023-11-02T12:37:34+00:00","dateModified":"2025-05-20T08:28:52+00:00","breadcrumb":{"@id":"https:\/\/aldaia.es\/noticias\/es\/exito-en-el-pasaje-del-terror-de-halloween-del-centro-matilde-salvador-de-aldaia\/#breadcrumb"},"inLanguage":"es","potentialAction":[{"@type":"ReadAction","target":["https:\/\/aldaia.es\/noticias\/es\/exito-en-el-pasaje-del-terror-de-halloween-del-centro-matilde-salvador-de-aldaia\/"]}]},{"@type":"ImageObject","inLanguage":"es","@id":"https:\/\/aldaia.es\/noticias\/es\/exito-en-el-pasaje-del-terror-de-halloween-del-centro-matilde-salvador-de-aldaia\/#primaryimage","url":"https:\/\/aldaia.es\/noticias\/wp-content\/uploads\/2023\/11\/terror.jpeg","contentUrl":"https:\/\/aldaia.es\/noticias\/wp-content\/uploads\/2023\/11\/terror.jpeg","width":1600,"height":1200},{"@type":"BreadcrumbList","@id":"https:\/\/aldaia.es\/noticias\/es\/exito-en-el-pasaje-del-terror-de-halloween-del-centro-matilde-salvador-de-aldaia\/#breadcrumb","itemListElement":[{"@type":"ListItem","position":1,"name":"Portada","item":"https:\/\/aldaia.es\/noticias\/es\/"},{"@type":"ListItem","position":2,"name":"\u00c9xito en el Pasaje del Terror, de Halloween, del Centro Matilde Salvador de Aldaia"}]},{"@type":"WebSite","@id":"https:\/\/aldaia.es\/noticias\/es\/#website","url":"https:\/\/aldaia.es\/noticias\/es\/","name":"Noticias Aldaia","description":"","publisher":{"@id":"https:\/\/aldaia.es\/noticias\/es\/#organization"},"potentialAction":[{"@type":"SearchAction","target":{"@type":"EntryPoint","urlTemplate":"https:\/\/aldaia.es\/noticias\/es\/?s={search_term_string}"},"query-input":{"@type":"PropertyValueSpecification","valueRequired":true,"valueName":"search_term_string"}}],"inLanguage":"es"},{"@type":"Organization","@id":"https:\/\/aldaia.es\/noticias\/es\/#organization","name":"Noticias Aldaia","url":"https:\/\/aldaia.es\/noticias\/es\/","logo":{"@type":"ImageObject","inLanguage":"es","@id":"https:\/\/aldaia.es\/noticias\/es\/#\/schema\/logo\/image\/","url":"https:\/\/aldaia.es\/noticias\/wp-content\/uploads\/2025\/05\/aldaia-noticias.jpg","contentUrl":"https:\/\/aldaia.es\/noticias\/wp-content\/uploads\/2025\/05\/aldaia-noticias.jpg","width":512,"height":512,"caption":"Noticias Aldaia"},"image":{"@id":"https:\/\/aldaia.es\/noticias\/es\/#\/schema\/logo\/image\/"}},{"@type":"Person","@id":"https:\/\/aldaia.es\/noticias\/es\/#\/schema\/person\/4b9d33d0d77864dfe798033366a332f5","name":"COMUNICACION","url":"https:\/\/aldaia.es\/noticias\/es\/author\/comunicacion\/"}]}},"_links":{"self":[{"href":"https:\/\/aldaia.es\/noticias\/es\/wp-json\/wp\/v2\/posts\/18418","targetHints":{"allow":["GET"]}}],"collection":[{"href":"https:\/\/aldaia.es\/noticias\/es\/wp-json\/wp\/v2\/posts"}],"about":[{"href":"https:\/\/aldaia.es\/noticias\/es\/wp-json\/wp\/v2\/types\/post"}],"author":[{"embeddable":true,"href":"https:\/\/aldaia.es\/noticias\/es\/wp-json\/wp\/v2\/users\/3"}],"replies":[{"embeddable":true,"href":"https:\/\/aldaia.es\/noticias\/es\/wp-json\/wp\/v2\/comments?post=18418"}],"version-history":[{"count":1,"href":"https:\/\/aldaia.es\/noticias\/es\/wp-json\/wp\/v2\/posts\/18418\/revisions"}],"predecessor-version":[{"id":37341,"href":"https:\/\/aldaia.es\/noticias\/es\/wp-json\/wp\/v2\/posts\/18418\/revisions\/37341"}],"wp:featuredmedia":[{"embeddable":true,"href":"https:\/\/aldaia.es\/noticias\/es\/wp-json\/wp\/v2\/media\/18414"}],"wp:attachment":[{"href":"https:\/\/aldaia.es\/noticias\/es\/wp-json\/wp\/v2\/media?parent=18418"}],"wp:term":[{"taxonomy":"category","embeddable":true,"href":"https:\/\/aldaia.es\/noticias\/es\/wp-json\/wp\/v2\/categories?post=18418"},{"taxonomy":"post_tag","embeddable":true,"href":"https:\/\/aldaia.es\/noticias\/es\/wp-json\/wp\/v2\/tags?post=18418"}],"curies":[{"name":"wp","href":"https:\/\/api.w.org\/{rel}","templated":true}]}}