{"id":18774,"date":"2023-11-08T13:09:07","date_gmt":"2023-11-08T12:09:07","guid":{"rendered":"https:\/\/aldaia.es\/?p=18774"},"modified":"2025-05-20T10:57:51","modified_gmt":"2025-05-20T08:57:51","slug":"la-generalitat-anula-la-ampliacion-de-la-residencia-de-mayores-de-aldaia-que-iba-a-empezar-proximamente","status":"publish","type":"post","link":"https:\/\/aldaia.es\/noticias\/es\/la-generalitat-anula-la-ampliacion-de-la-residencia-de-mayores-de-aldaia-que-iba-a-empezar-proximamente\/","title":{"rendered":"La Generalitat anula la ampliaci\u00f3n de la Residencia de Mayores de Aldaia que iba a empezar pr\u00f3ximamente"},"content":{"rendered":"<h3><strong>El alcalde Luj\u00e1n: \u201c<\/strong><strong>Es una noticia muy triste, y desde Aldaia iremos donde haya que ir para exigir que este proyecto tan esperado por los aldaieros y aldaieras se pueda realizar\u201d<\/strong><\/h3>\n<h3><\/h3>\n<h3>La noticia ha saltado en la \u00faltima Comisi\u00f3n de Econom\u00eda de las Cortes Valencianas, donde desde el gobierno de la Generalitat ha confirmado que el \u201cPlan Conviure\u201d queda suprimido, y con \u00e9l se descarta el proyecto de reforma y ampliaci\u00f3n de la Resdiencia P\u00fablica de Mayores de Aldaia que iba a comenzar en pr\u00f3ximas fechas. El alcalde de la localidad, Guillermo Luj\u00e1n, califica el anuncio de \u201cmuy triste\u201d y asegura que \u201cdesde Aldaia iremos donde haga falta para exigir el cumplimiento de este proyecto y el inicio de estas obras que iban empezar en breves fechas\u201d.<\/h3>\n<h3><\/h3>\n<h3><strong>52 plazas residenciales y 50 de atenci\u00f3n diurna<\/strong><\/h3>\n<h3>Con este proyecto de reforma y ampliaci\u00f3n, la residencia de Aldaia pasar\u00eda a tener una capacidad de 52 plazas residenciales para personas mayores, 38 de las cuales se iban a situar en un bloque destinado a personas mayores dependientes y 14 m\u00e1s en otro edificio para grandes dependientes. As\u00ed mismo, se preve\u00eda un tercer bloque, donde se iba a situar el centro de d\u00eda con capacidad para la atenci\u00f3n de 50 personas mayores.<\/h3>\n<h3>El primer bloque destinado a residencia de personas mayores dependientes se iba a organizar en torno a dos m\u00f3dulos de convivencia, cada uno de los cuales con capacidad para albergar 19 residentes en siete habitaciones dobles y cinco individuales distribuidas en dos plantas.<\/h3>\n<h3>Por su parte, la residencia para grandes dependientes iba a estar en otro edificio con dos plantas, con un total de ocho habitaciones con capacidad total para 14 personas usuarias y una tercera planta destinada a la equipaci\u00f3n del centro.<\/h3>\n<h3>Finalmente, en el bloque destinado a albergar el centro de d\u00eda, los servicios se repartir\u00edan en una planta baja y dos plantas con sala de rehabilitaci\u00f3n; sala de actividades y convivencia; consulta m\u00e9dica, psicol\u00f3gica y de podolog\u00eda; sala de tratamiento y curas, y peluquer\u00eda.<\/h3>\n<h3>Adem\u00e1s, dispondr\u00eda de una zona ajardinada interior de uso exclusivo para los usuarios y usuarias del centro de personas mayores L&#8217;Horta, en la que se ha preve\u00eda una adecuaci\u00f3n para incluir recorridos m\u00e1s accesibles y espacios intergeneracionales con juegos infantiles.<\/h3>\n","protected":false},"excerpt":{"rendered":"<p>El alcalde Luj\u00e1n: \u201cEs una noticia muy triste, y desde Aldaia iremos donde haya que ir para exigir que este proyecto tan es&#8230;<\/p>\n","protected":false},"author":3,"featured_media":18777,"comment_status":"open","ping_status":"open","sticky":false,"template":"","format":"standard","meta":{"_acf_changed":false,"footnotes":""},"categories":[67],"tags":[],"class_list":["post-18774","post","type-post","status-publish","format-standard","has-post-thumbnail","hentry","category-servicios-sociales-igualdad"],"acf":[],"yoast_head":"<!-- This site is optimized with the Yoast SEO plugin v26.9 - https:\/\/yoast.com\/product\/yoast-seo-wordpress\/ -->\n<title>La Generalitat anula la ampliaci\u00f3n de la Residencia de Mayores de Aldaia que iba a empezar pr\u00f3ximamente - Noticias - Ayuntamiento de Aldaia<\/title>\n<meta name=\"robots\" content=\"index, follow, max-snippet:-1, max-image-preview:large, max-video-preview:-1\" \/>\n<link rel=\"canonical\" href=\"https:\/\/aldaia.es\/noticias\/es\/la-generalitat-anula-la-ampliacion-de-la-residencia-de-mayores-de-aldaia-que-iba-a-empezar-proximamente\/\" \/>\n<meta property=\"og:locale\" content=\"es_ES\" \/>\n<meta property=\"og:type\" content=\"article\" \/>\n<meta property=\"og:title\" content=\"La Generalitat anula la ampliaci\u00f3n de la Residencia de Mayores de Aldaia que iba a empezar pr\u00f3ximamente - Noticias - Ayuntamiento de Aldaia\" \/>\n<meta property=\"og:description\" content=\"El alcalde Luj\u00e1n: \u201cEs una noticia muy triste, y desde Aldaia iremos donde haya que ir para exigir que este proyecto tan es...\" \/>\n<meta property=\"og:url\" content=\"https:\/\/aldaia.es\/noticias\/es\/la-generalitat-anula-la-ampliacion-de-la-residencia-de-mayores-de-aldaia-que-iba-a-empezar-proximamente\/\" \/>\n<meta property=\"og:site_name\" content=\"Noticias - Ayuntamiento de Aldaia\" \/>\n<meta property=\"article:published_time\" content=\"2023-11-08T12:09:07+00:00\" \/>\n<meta property=\"article:modified_time\" content=\"2025-05-20T08:57:51+00:00\" \/>\n<meta property=\"og:image\" content=\"https:\/\/aldaia.es\/noticias\/wp-content\/uploads\/2023\/11\/WhatsApp-Image-2023-11-08-at-13.02.20.jpeg\" \/>\n\t<meta property=\"og:image:width\" content=\"1200\" \/>\n\t<meta property=\"og:image:height\" content=\"1600\" \/>\n\t<meta property=\"og:image:type\" content=\"image\/jpeg\" \/>\n<meta name=\"author\" content=\"COMUNICACION\" \/>\n<meta name=\"twitter:card\" content=\"summary_large_image\" \/>\n<meta name=\"twitter:label1\" content=\"Escrito por\" \/>\n\t<meta name=\"twitter:data1\" content=\"COMUNICACION\" \/>\n\t<meta name=\"twitter:label2\" content=\"Tiempo de lectura\" \/>\n\t<meta name=\"twitter:data2\" content=\"2 minutos\" \/>\n<script type=\"application\/ld+json\" class=\"yoast-schema-graph\">{\"@context\":\"https:\/\/schema.org\",\"@graph\":[{\"@type\":\"Article\",\"@id\":\"https:\/\/aldaia.es\/noticias\/es\/la-generalitat-anula-la-ampliacion-de-la-residencia-de-mayores-de-aldaia-que-iba-a-empezar-proximamente\/#article\",\"isPartOf\":{\"@id\":\"https:\/\/aldaia.es\/noticias\/es\/la-generalitat-anula-la-ampliacion-de-la-residencia-de-mayores-de-aldaia-que-iba-a-empezar-proximamente\/\"},\"author\":{\"name\":\"COMUNICACION\",\"@id\":\"https:\/\/aldaia.es\/noticias\/es\/#\/schema\/person\/4b9d33d0d77864dfe798033366a332f5\"},\"headline\":\"La Generalitat anula la ampliaci\u00f3n de la Residencia de Mayores de Aldaia que iba a empezar pr\u00f3ximamente\",\"datePublished\":\"2023-11-08T12:09:07+00:00\",\"dateModified\":\"2025-05-20T08:57:51+00:00\",\"mainEntityOfPage\":{\"@id\":\"https:\/\/aldaia.es\/noticias\/es\/la-generalitat-anula-la-ampliacion-de-la-residencia-de-mayores-de-aldaia-que-iba-a-empezar-proximamente\/\"},\"wordCount\":415,\"commentCount\":0,\"publisher\":{\"@id\":\"https:\/\/aldaia.es\/noticias\/es\/#organization\"},\"image\":{\"@id\":\"https:\/\/aldaia.es\/noticias\/es\/la-generalitat-anula-la-ampliacion-de-la-residencia-de-mayores-de-aldaia-que-iba-a-empezar-proximamente\/#primaryimage\"},\"thumbnailUrl\":\"https:\/\/aldaia.es\/noticias\/wp-content\/uploads\/2023\/11\/WhatsApp-Image-2023-11-08-at-13.02.20.jpeg\",\"articleSection\":[\"Servicios Sociales e Igualdad\"],\"inLanguage\":\"es\",\"potentialAction\":[{\"@type\":\"CommentAction\",\"name\":\"Comment\",\"target\":[\"https:\/\/aldaia.es\/noticias\/es\/la-generalitat-anula-la-ampliacion-de-la-residencia-de-mayores-de-aldaia-que-iba-a-empezar-proximamente\/#respond\"]}]},{\"@type\":\"WebPage\",\"@id\":\"https:\/\/aldaia.es\/noticias\/es\/la-generalitat-anula-la-ampliacion-de-la-residencia-de-mayores-de-aldaia-que-iba-a-empezar-proximamente\/\",\"url\":\"https:\/\/aldaia.es\/noticias\/es\/la-generalitat-anula-la-ampliacion-de-la-residencia-de-mayores-de-aldaia-que-iba-a-empezar-proximamente\/\",\"name\":\"La Generalitat anula la ampliaci\u00f3n de la Residencia de Mayores de Aldaia que iba a empezar pr\u00f3ximamente - Noticias - Ayuntamiento de Aldaia\",\"isPartOf\":{\"@id\":\"https:\/\/aldaia.es\/noticias\/es\/#website\"},\"primaryImageOfPage\":{\"@id\":\"https:\/\/aldaia.es\/noticias\/es\/la-generalitat-anula-la-ampliacion-de-la-residencia-de-mayores-de-aldaia-que-iba-a-empezar-proximamente\/#primaryimage\"},\"image\":{\"@id\":\"https:\/\/aldaia.es\/noticias\/es\/la-generalitat-anula-la-ampliacion-de-la-residencia-de-mayores-de-aldaia-que-iba-a-empezar-proximamente\/#primaryimage\"},\"thumbnailUrl\":\"https:\/\/aldaia.es\/noticias\/wp-content\/uploads\/2023\/11\/WhatsApp-Image-2023-11-08-at-13.02.20.jpeg\",\"datePublished\":\"2023-11-08T12:09:07+00:00\",\"dateModified\":\"2025-05-20T08:57:51+00:00\",\"breadcrumb\":{\"@id\":\"https:\/\/aldaia.es\/noticias\/es\/la-generalitat-anula-la-ampliacion-de-la-residencia-de-mayores-de-aldaia-que-iba-a-empezar-proximamente\/#breadcrumb\"},\"inLanguage\":\"es\",\"potentialAction\":[{\"@type\":\"ReadAction\",\"target\":[\"https:\/\/aldaia.es\/noticias\/es\/la-generalitat-anula-la-ampliacion-de-la-residencia-de-mayores-de-aldaia-que-iba-a-empezar-proximamente\/\"]}]},{\"@type\":\"ImageObject\",\"inLanguage\":\"es\",\"@id\":\"https:\/\/aldaia.es\/noticias\/es\/la-generalitat-anula-la-ampliacion-de-la-residencia-de-mayores-de-aldaia-que-iba-a-empezar-proximamente\/#primaryimage\",\"url\":\"https:\/\/aldaia.es\/noticias\/wp-content\/uploads\/2023\/11\/WhatsApp-Image-2023-11-08-at-13.02.20.jpeg\",\"contentUrl\":\"https:\/\/aldaia.es\/noticias\/wp-content\/uploads\/2023\/11\/WhatsApp-Image-2023-11-08-at-13.02.20.jpeg\",\"width\":1200,\"height\":1600},{\"@type\":\"BreadcrumbList\",\"@id\":\"https:\/\/aldaia.es\/noticias\/es\/la-generalitat-anula-la-ampliacion-de-la-residencia-de-mayores-de-aldaia-que-iba-a-empezar-proximamente\/#breadcrumb\",\"itemListElement\":[{\"@type\":\"ListItem\",\"position\":1,\"name\":\"Portada\",\"item\":\"https:\/\/aldaia.es\/noticias\/es\/\"},{\"@type\":\"ListItem\",\"position\":2,\"name\":\"La Generalitat anula la ampliaci\u00f3n de la Residencia de Mayores de Aldaia que iba a empezar pr\u00f3ximamente\"}]},{\"@type\":\"WebSite\",\"@id\":\"https:\/\/aldaia.es\/noticias\/es\/#website\",\"url\":\"https:\/\/aldaia.es\/noticias\/es\/\",\"name\":\"Noticias Aldaia\",\"description\":\"\",\"publisher\":{\"@id\":\"https:\/\/aldaia.es\/noticias\/es\/#organization\"},\"potentialAction\":[{\"@type\":\"SearchAction\",\"target\":{\"@type\":\"EntryPoint\",\"urlTemplate\":\"https:\/\/aldaia.es\/noticias\/es\/?s={search_term_string}\"},\"query-input\":{\"@type\":\"PropertyValueSpecification\",\"valueRequired\":true,\"valueName\":\"search_term_string\"}}],\"inLanguage\":\"es\"},{\"@type\":\"Organization\",\"@id\":\"https:\/\/aldaia.es\/noticias\/es\/#organization\",\"name\":\"Noticias Aldaia\",\"url\":\"https:\/\/aldaia.es\/noticias\/es\/\",\"logo\":{\"@type\":\"ImageObject\",\"inLanguage\":\"es\",\"@id\":\"https:\/\/aldaia.es\/noticias\/es\/#\/schema\/logo\/image\/\",\"url\":\"https:\/\/aldaia.es\/noticias\/wp-content\/uploads\/2025\/05\/aldaia-noticias.jpg\",\"contentUrl\":\"https:\/\/aldaia.es\/noticias\/wp-content\/uploads\/2025\/05\/aldaia-noticias.jpg\",\"width\":512,\"height\":512,\"caption\":\"Noticias Aldaia\"},\"image\":{\"@id\":\"https:\/\/aldaia.es\/noticias\/es\/#\/schema\/logo\/image\/\"}},{\"@type\":\"Person\",\"@id\":\"https:\/\/aldaia.es\/noticias\/es\/#\/schema\/person\/4b9d33d0d77864dfe798033366a332f5\",\"name\":\"COMUNICACION\",\"url\":\"https:\/\/aldaia.es\/noticias\/es\/author\/comunicacion\/\"}]}<\/script>\n<!-- \/ Yoast SEO plugin. -->","yoast_head_json":{"title":"La Generalitat anula la ampliaci\u00f3n de la Residencia de Mayores de Aldaia que iba a empezar pr\u00f3ximamente - Noticias - Ayuntamiento de Aldaia","robots":{"index":"index","follow":"follow","max-snippet":"max-snippet:-1","max-image-preview":"max-image-preview:large","max-video-preview":"max-video-preview:-1"},"canonical":"https:\/\/aldaia.es\/noticias\/es\/la-generalitat-anula-la-ampliacion-de-la-residencia-de-mayores-de-aldaia-que-iba-a-empezar-proximamente\/","og_locale":"es_ES","og_type":"article","og_title":"La Generalitat anula la ampliaci\u00f3n de la Residencia de Mayores de Aldaia que iba a empezar pr\u00f3ximamente - Noticias - Ayuntamiento de Aldaia","og_description":"El alcalde Luj\u00e1n: \u201cEs una noticia muy triste, y desde Aldaia iremos donde haya que ir para exigir que este proyecto tan es...","og_url":"https:\/\/aldaia.es\/noticias\/es\/la-generalitat-anula-la-ampliacion-de-la-residencia-de-mayores-de-aldaia-que-iba-a-empezar-proximamente\/","og_site_name":"Noticias - Ayuntamiento de Aldaia","article_published_time":"2023-11-08T12:09:07+00:00","article_modified_time":"2025-05-20T08:57:51+00:00","og_image":[{"width":1200,"height":1600,"url":"https:\/\/aldaia.es\/noticias\/wp-content\/uploads\/2023\/11\/WhatsApp-Image-2023-11-08-at-13.02.20.jpeg","type":"image\/jpeg"}],"author":"COMUNICACION","twitter_card":"summary_large_image","twitter_misc":{"Escrito por":"COMUNICACION","Tiempo de lectura":"2 minutos"},"schema":{"@context":"https:\/\/schema.org","@graph":[{"@type":"Article","@id":"https:\/\/aldaia.es\/noticias\/es\/la-generalitat-anula-la-ampliacion-de-la-residencia-de-mayores-de-aldaia-que-iba-a-empezar-proximamente\/#article","isPartOf":{"@id":"https:\/\/aldaia.es\/noticias\/es\/la-generalitat-anula-la-ampliacion-de-la-residencia-de-mayores-de-aldaia-que-iba-a-empezar-proximamente\/"},"author":{"name":"COMUNICACION","@id":"https:\/\/aldaia.es\/noticias\/es\/#\/schema\/person\/4b9d33d0d77864dfe798033366a332f5"},"headline":"La Generalitat anula la ampliaci\u00f3n de la Residencia de Mayores de Aldaia que iba a empezar pr\u00f3ximamente","datePublished":"2023-11-08T12:09:07+00:00","dateModified":"2025-05-20T08:57:51+00:00","mainEntityOfPage":{"@id":"https:\/\/aldaia.es\/noticias\/es\/la-generalitat-anula-la-ampliacion-de-la-residencia-de-mayores-de-aldaia-que-iba-a-empezar-proximamente\/"},"wordCount":415,"commentCount":0,"publisher":{"@id":"https:\/\/aldaia.es\/noticias\/es\/#organization"},"image":{"@id":"https:\/\/aldaia.es\/noticias\/es\/la-generalitat-anula-la-ampliacion-de-la-residencia-de-mayores-de-aldaia-que-iba-a-empezar-proximamente\/#primaryimage"},"thumbnailUrl":"https:\/\/aldaia.es\/noticias\/wp-content\/uploads\/2023\/11\/WhatsApp-Image-2023-11-08-at-13.02.20.jpeg","articleSection":["Servicios Sociales e Igualdad"],"inLanguage":"es","potentialAction":[{"@type":"CommentAction","name":"Comment","target":["https:\/\/aldaia.es\/noticias\/es\/la-generalitat-anula-la-ampliacion-de-la-residencia-de-mayores-de-aldaia-que-iba-a-empezar-proximamente\/#respond"]}]},{"@type":"WebPage","@id":"https:\/\/aldaia.es\/noticias\/es\/la-generalitat-anula-la-ampliacion-de-la-residencia-de-mayores-de-aldaia-que-iba-a-empezar-proximamente\/","url":"https:\/\/aldaia.es\/noticias\/es\/la-generalitat-anula-la-ampliacion-de-la-residencia-de-mayores-de-aldaia-que-iba-a-empezar-proximamente\/","name":"La Generalitat anula la ampliaci\u00f3n de la Residencia de Mayores de Aldaia que iba a empezar pr\u00f3ximamente - Noticias - Ayuntamiento de Aldaia","isPartOf":{"@id":"https:\/\/aldaia.es\/noticias\/es\/#website"},"primaryImageOfPage":{"@id":"https:\/\/aldaia.es\/noticias\/es\/la-generalitat-anula-la-ampliacion-de-la-residencia-de-mayores-de-aldaia-que-iba-a-empezar-proximamente\/#primaryimage"},"image":{"@id":"https:\/\/aldaia.es\/noticias\/es\/la-generalitat-anula-la-ampliacion-de-la-residencia-de-mayores-de-aldaia-que-iba-a-empezar-proximamente\/#primaryimage"},"thumbnailUrl":"https:\/\/aldaia.es\/noticias\/wp-content\/uploads\/2023\/11\/WhatsApp-Image-2023-11-08-at-13.02.20.jpeg","datePublished":"2023-11-08T12:09:07+00:00","dateModified":"2025-05-20T08:57:51+00:00","breadcrumb":{"@id":"https:\/\/aldaia.es\/noticias\/es\/la-generalitat-anula-la-ampliacion-de-la-residencia-de-mayores-de-aldaia-que-iba-a-empezar-proximamente\/#breadcrumb"},"inLanguage":"es","potentialAction":[{"@type":"ReadAction","target":["https:\/\/aldaia.es\/noticias\/es\/la-generalitat-anula-la-ampliacion-de-la-residencia-de-mayores-de-aldaia-que-iba-a-empezar-proximamente\/"]}]},{"@type":"ImageObject","inLanguage":"es","@id":"https:\/\/aldaia.es\/noticias\/es\/la-generalitat-anula-la-ampliacion-de-la-residencia-de-mayores-de-aldaia-que-iba-a-empezar-proximamente\/#primaryimage","url":"https:\/\/aldaia.es\/noticias\/wp-content\/uploads\/2023\/11\/WhatsApp-Image-2023-11-08-at-13.02.20.jpeg","contentUrl":"https:\/\/aldaia.es\/noticias\/wp-content\/uploads\/2023\/11\/WhatsApp-Image-2023-11-08-at-13.02.20.jpeg","width":1200,"height":1600},{"@type":"BreadcrumbList","@id":"https:\/\/aldaia.es\/noticias\/es\/la-generalitat-anula-la-ampliacion-de-la-residencia-de-mayores-de-aldaia-que-iba-a-empezar-proximamente\/#breadcrumb","itemListElement":[{"@type":"ListItem","position":1,"name":"Portada","item":"https:\/\/aldaia.es\/noticias\/es\/"},{"@type":"ListItem","position":2,"name":"La Generalitat anula la ampliaci\u00f3n de la Residencia de Mayores de Aldaia que iba a empezar pr\u00f3ximamente"}]},{"@type":"WebSite","@id":"https:\/\/aldaia.es\/noticias\/es\/#website","url":"https:\/\/aldaia.es\/noticias\/es\/","name":"Noticias Aldaia","description":"","publisher":{"@id":"https:\/\/aldaia.es\/noticias\/es\/#organization"},"potentialAction":[{"@type":"SearchAction","target":{"@type":"EntryPoint","urlTemplate":"https:\/\/aldaia.es\/noticias\/es\/?s={search_term_string}"},"query-input":{"@type":"PropertyValueSpecification","valueRequired":true,"valueName":"search_term_string"}}],"inLanguage":"es"},{"@type":"Organization","@id":"https:\/\/aldaia.es\/noticias\/es\/#organization","name":"Noticias Aldaia","url":"https:\/\/aldaia.es\/noticias\/es\/","logo":{"@type":"ImageObject","inLanguage":"es","@id":"https:\/\/aldaia.es\/noticias\/es\/#\/schema\/logo\/image\/","url":"https:\/\/aldaia.es\/noticias\/wp-content\/uploads\/2025\/05\/aldaia-noticias.jpg","contentUrl":"https:\/\/aldaia.es\/noticias\/wp-content\/uploads\/2025\/05\/aldaia-noticias.jpg","width":512,"height":512,"caption":"Noticias Aldaia"},"image":{"@id":"https:\/\/aldaia.es\/noticias\/es\/#\/schema\/logo\/image\/"}},{"@type":"Person","@id":"https:\/\/aldaia.es\/noticias\/es\/#\/schema\/person\/4b9d33d0d77864dfe798033366a332f5","name":"COMUNICACION","url":"https:\/\/aldaia.es\/noticias\/es\/author\/comunicacion\/"}]}},"_links":{"self":[{"href":"https:\/\/aldaia.es\/noticias\/es\/wp-json\/wp\/v2\/posts\/18774","targetHints":{"allow":["GET"]}}],"collection":[{"href":"https:\/\/aldaia.es\/noticias\/es\/wp-json\/wp\/v2\/posts"}],"about":[{"href":"https:\/\/aldaia.es\/noticias\/es\/wp-json\/wp\/v2\/types\/post"}],"author":[{"embeddable":true,"href":"https:\/\/aldaia.es\/noticias\/es\/wp-json\/wp\/v2\/users\/3"}],"replies":[{"embeddable":true,"href":"https:\/\/aldaia.es\/noticias\/es\/wp-json\/wp\/v2\/comments?post=18774"}],"version-history":[{"count":1,"href":"https:\/\/aldaia.es\/noticias\/es\/wp-json\/wp\/v2\/posts\/18774\/revisions"}],"predecessor-version":[{"id":37375,"href":"https:\/\/aldaia.es\/noticias\/es\/wp-json\/wp\/v2\/posts\/18774\/revisions\/37375"}],"wp:featuredmedia":[{"embeddable":true,"href":"https:\/\/aldaia.es\/noticias\/es\/wp-json\/wp\/v2\/media\/18777"}],"wp:attachment":[{"href":"https:\/\/aldaia.es\/noticias\/es\/wp-json\/wp\/v2\/media?parent=18774"}],"wp:term":[{"taxonomy":"category","embeddable":true,"href":"https:\/\/aldaia.es\/noticias\/es\/wp-json\/wp\/v2\/categories?post=18774"},{"taxonomy":"post_tag","embeddable":true,"href":"https:\/\/aldaia.es\/noticias\/es\/wp-json\/wp\/v2\/tags?post=18774"}],"curies":[{"name":"wp","href":"https:\/\/api.w.org\/{rel}","templated":true}]}}