{"id":19793,"date":"2023-12-13T14:36:52","date_gmt":"2023-12-13T13:36:52","guid":{"rendered":"https:\/\/aldaia.es\/?p=19793"},"modified":"2025-05-20T11:05:19","modified_gmt":"2025-05-20T09:05:19","slug":"aldaia-activa-el-protocolo-para-la-puesta-en-marcha-del-censo-canino-a-traves-de-la-muestra-de-adn-de-los-animales","status":"publish","type":"post","link":"https:\/\/aldaia.es\/noticias\/es\/aldaia-activa-el-protocolo-para-la-puesta-en-marcha-del-censo-canino-a-traves-de-la-muestra-de-adn-de-los-animales\/","title":{"rendered":"Aldaia activa el protocolo para la puesta en marcha del censo canino a trav\u00e9s de la muestra de ADN de los animales"},"content":{"rendered":"<p class=\"western\"><span style=\"color: #000000;\"><span style=\"font-family: Arial, sans-serif;\"><span style=\"font-size: medium;\"><span lang=\"es-ES\">Con ella se podr\u00e1 evitar la p\u00e9rdida de animales y facilitar su localizaci\u00f3n ante robos, trabajar contra el abandono de animales y especialmente profundizar en la higiene del municipio evitando conductas inc\u00edvicas, como por ejemplo dejar los excrementos a la v\u00eda p\u00fablica. As\u00ed, el ayuntamiento celebr\u00f3 la pasada semana una reuni\u00f3n t\u00e9cnica con Polic\u00eda Local, Brigada de Obras, alcald\u00eda y el \u00e1rea de Protecci\u00f3n y Bienestar Animal, para la coordinaci\u00f3n de todos los grupos de trabajo y \u00e1reas implicadas. El objetivo era la puesta en marcha de recogida de las primeras muestras y pruebas piloto en el municipio.<\/span><\/span><\/span><\/span><\/p>\n<p class=\"western\"><span style=\"color: #000000;\"><span style=\"font-family: Arial, sans-serif;\"><span style=\"font-size: medium;\"><span lang=\"es-ES\">La regidora de Bienestar y Protecci\u00f3n animal, Laura Delgado, asegura que \u201cdesde el \u00e1rea de Bienestar y Protecci\u00f3n Animal la intenci\u00f3n es eliminar conductas <\/span><\/span><\/span><\/span><span style=\"color: #000000;\"><span style=\"font-family: Arial, sans-serif;\"><span style=\"font-size: medium;\"><span lang=\"es-ES\">irrespetuosas<\/span><\/span><\/span><\/span><span style=\"color: #000000;\"><span style=\"font-family: Arial, sans-serif;\"><span style=\"font-size: medium;\"><span lang=\"es-ES\"> de las personas que abandonan los excrementos en espacios p\u00fablicos y fomentar una mejor convivencia en Aldaia.\u201d<\/span><\/span><\/span><\/span><\/p>\n<p class=\"western\"><span style=\"color: #000000;\"><span style=\"font-family: Arial, sans-serif;\"><span style=\"font-size: medium;\">La Mancomunidad de l&#8217;Horta Sur trabaja de este modo con cada ayuntamiento compartiendo la base de datos para la convivencia de personas y animales entre los diferentes municipios de la comarca. Adem\u00e1s se hace extensiva la campa\u00f1a de concienciaci\u00f3n para el censo gen\u00e9tico de cada mascota y animal, especialmente canino, para el fomento de la convivencia, protecci\u00f3n y tenencia responsable de mascotas.<\/span><\/span><\/span><\/p>\n","protected":false},"excerpt":{"rendered":"<p>Con ella se podr\u00e1 evitar la p\u00e9rdida de animales y facilitar su localizaci\u00f3n ante robos, trabajar contra el abandono de ani&#8230;<\/p>\n","protected":false},"author":2,"featured_media":19794,"comment_status":"open","ping_status":"open","sticky":false,"template":"","format":"standard","meta":{"_acf_changed":false,"footnotes":""},"categories":[28,68],"tags":[],"class_list":["post-19793","post","type-post","status-publish","format-standard","has-post-thumbnail","hentry","category-sanidad-y-bienestar-animal","category-urbanismo-y-medio-ambiente"],"acf":[],"yoast_head":"<!-- This site is optimized with the Yoast SEO plugin v26.9 - https:\/\/yoast.com\/product\/yoast-seo-wordpress\/ -->\n<title>Aldaia activa el protocolo para la puesta en marcha del censo canino a trav\u00e9s de la muestra de ADN de los animales - Noticias - Ayuntamiento de Aldaia<\/title>\n<meta name=\"robots\" content=\"index, follow, max-snippet:-1, max-image-preview:large, max-video-preview:-1\" \/>\n<link rel=\"canonical\" href=\"https:\/\/aldaia.es\/noticias\/es\/aldaia-activa-el-protocolo-para-la-puesta-en-marcha-del-censo-canino-a-traves-de-la-muestra-de-adn-de-los-animales\/\" \/>\n<meta property=\"og:locale\" content=\"es_ES\" \/>\n<meta property=\"og:type\" content=\"article\" \/>\n<meta property=\"og:title\" content=\"Aldaia activa el protocolo para la puesta en marcha del censo canino a trav\u00e9s de la muestra de ADN de los animales - Noticias - Ayuntamiento de Aldaia\" \/>\n<meta property=\"og:description\" content=\"Con ella se podr\u00e1 evitar la p\u00e9rdida de animales y facilitar su localizaci\u00f3n ante robos, trabajar contra el abandono de ani...\" \/>\n<meta property=\"og:url\" content=\"https:\/\/aldaia.es\/noticias\/es\/aldaia-activa-el-protocolo-para-la-puesta-en-marcha-del-censo-canino-a-traves-de-la-muestra-de-adn-de-los-animales\/\" \/>\n<meta property=\"og:site_name\" content=\"Noticias - Ayuntamiento de Aldaia\" \/>\n<meta property=\"article:published_time\" content=\"2023-12-13T13:36:52+00:00\" \/>\n<meta property=\"article:modified_time\" content=\"2025-05-20T09:05:19+00:00\" \/>\n<meta property=\"og:image\" content=\"https:\/\/aldaia.es\/noticias\/wp-content\/uploads\/2023\/12\/DSC_0648-min_11zon-scaled-1.jpg\" \/>\n\t<meta property=\"og:image:width\" content=\"2560\" \/>\n\t<meta property=\"og:image:height\" content=\"1707\" \/>\n\t<meta property=\"og:image:type\" content=\"image\/jpeg\" \/>\n<meta name=\"author\" content=\"prensa\" \/>\n<meta name=\"twitter:card\" content=\"summary_large_image\" \/>\n<meta name=\"twitter:label1\" content=\"Escrito por\" \/>\n\t<meta name=\"twitter:data1\" content=\"prensa\" \/>\n\t<meta name=\"twitter:label2\" content=\"Tiempo de lectura\" \/>\n\t<meta name=\"twitter:data2\" content=\"1 minuto\" \/>\n<script type=\"application\/ld+json\" class=\"yoast-schema-graph\">{\"@context\":\"https:\/\/schema.org\",\"@graph\":[{\"@type\":\"Article\",\"@id\":\"https:\/\/aldaia.es\/noticias\/es\/aldaia-activa-el-protocolo-para-la-puesta-en-marcha-del-censo-canino-a-traves-de-la-muestra-de-adn-de-los-animales\/#article\",\"isPartOf\":{\"@id\":\"https:\/\/aldaia.es\/noticias\/es\/aldaia-activa-el-protocolo-para-la-puesta-en-marcha-del-censo-canino-a-traves-de-la-muestra-de-adn-de-los-animales\/\"},\"author\":{\"name\":\"prensa\",\"@id\":\"https:\/\/aldaia.es\/noticias\/es\/#\/schema\/person\/736bf474749673d55971dc81c4553f7e\"},\"headline\":\"Aldaia activa el protocolo para la puesta en marcha del censo canino a trav\u00e9s de la muestra de ADN de los animales\",\"datePublished\":\"2023-12-13T13:36:52+00:00\",\"dateModified\":\"2025-05-20T09:05:19+00:00\",\"mainEntityOfPage\":{\"@id\":\"https:\/\/aldaia.es\/noticias\/es\/aldaia-activa-el-protocolo-para-la-puesta-en-marcha-del-censo-canino-a-traves-de-la-muestra-de-adn-de-los-animales\/\"},\"wordCount\":246,\"commentCount\":0,\"publisher\":{\"@id\":\"https:\/\/aldaia.es\/noticias\/es\/#organization\"},\"image\":{\"@id\":\"https:\/\/aldaia.es\/noticias\/es\/aldaia-activa-el-protocolo-para-la-puesta-en-marcha-del-censo-canino-a-traves-de-la-muestra-de-adn-de-los-animales\/#primaryimage\"},\"thumbnailUrl\":\"https:\/\/aldaia.es\/noticias\/wp-content\/uploads\/2023\/12\/DSC_0648-min_11zon-scaled-1.jpg\",\"articleSection\":[\"Sanidad y bienestar animal\",\"Urbanismo y Medio ambiente\"],\"inLanguage\":\"es\",\"potentialAction\":[{\"@type\":\"CommentAction\",\"name\":\"Comment\",\"target\":[\"https:\/\/aldaia.es\/noticias\/es\/aldaia-activa-el-protocolo-para-la-puesta-en-marcha-del-censo-canino-a-traves-de-la-muestra-de-adn-de-los-animales\/#respond\"]}]},{\"@type\":\"WebPage\",\"@id\":\"https:\/\/aldaia.es\/noticias\/es\/aldaia-activa-el-protocolo-para-la-puesta-en-marcha-del-censo-canino-a-traves-de-la-muestra-de-adn-de-los-animales\/\",\"url\":\"https:\/\/aldaia.es\/noticias\/es\/aldaia-activa-el-protocolo-para-la-puesta-en-marcha-del-censo-canino-a-traves-de-la-muestra-de-adn-de-los-animales\/\",\"name\":\"Aldaia activa el protocolo para la puesta en marcha del censo canino a trav\u00e9s de la muestra de ADN de los animales - Noticias - Ayuntamiento de Aldaia\",\"isPartOf\":{\"@id\":\"https:\/\/aldaia.es\/noticias\/es\/#website\"},\"primaryImageOfPage\":{\"@id\":\"https:\/\/aldaia.es\/noticias\/es\/aldaia-activa-el-protocolo-para-la-puesta-en-marcha-del-censo-canino-a-traves-de-la-muestra-de-adn-de-los-animales\/#primaryimage\"},\"image\":{\"@id\":\"https:\/\/aldaia.es\/noticias\/es\/aldaia-activa-el-protocolo-para-la-puesta-en-marcha-del-censo-canino-a-traves-de-la-muestra-de-adn-de-los-animales\/#primaryimage\"},\"thumbnailUrl\":\"https:\/\/aldaia.es\/noticias\/wp-content\/uploads\/2023\/12\/DSC_0648-min_11zon-scaled-1.jpg\",\"datePublished\":\"2023-12-13T13:36:52+00:00\",\"dateModified\":\"2025-05-20T09:05:19+00:00\",\"breadcrumb\":{\"@id\":\"https:\/\/aldaia.es\/noticias\/es\/aldaia-activa-el-protocolo-para-la-puesta-en-marcha-del-censo-canino-a-traves-de-la-muestra-de-adn-de-los-animales\/#breadcrumb\"},\"inLanguage\":\"es\",\"potentialAction\":[{\"@type\":\"ReadAction\",\"target\":[\"https:\/\/aldaia.es\/noticias\/es\/aldaia-activa-el-protocolo-para-la-puesta-en-marcha-del-censo-canino-a-traves-de-la-muestra-de-adn-de-los-animales\/\"]}]},{\"@type\":\"ImageObject\",\"inLanguage\":\"es\",\"@id\":\"https:\/\/aldaia.es\/noticias\/es\/aldaia-activa-el-protocolo-para-la-puesta-en-marcha-del-censo-canino-a-traves-de-la-muestra-de-adn-de-los-animales\/#primaryimage\",\"url\":\"https:\/\/aldaia.es\/noticias\/wp-content\/uploads\/2023\/12\/DSC_0648-min_11zon-scaled-1.jpg\",\"contentUrl\":\"https:\/\/aldaia.es\/noticias\/wp-content\/uploads\/2023\/12\/DSC_0648-min_11zon-scaled-1.jpg\",\"width\":2560,\"height\":1707},{\"@type\":\"BreadcrumbList\",\"@id\":\"https:\/\/aldaia.es\/noticias\/es\/aldaia-activa-el-protocolo-para-la-puesta-en-marcha-del-censo-canino-a-traves-de-la-muestra-de-adn-de-los-animales\/#breadcrumb\",\"itemListElement\":[{\"@type\":\"ListItem\",\"position\":1,\"name\":\"Portada\",\"item\":\"https:\/\/aldaia.es\/noticias\/es\/\"},{\"@type\":\"ListItem\",\"position\":2,\"name\":\"Aldaia activa el protocolo para la puesta en marcha del censo canino a trav\u00e9s de la muestra de ADN de los animales\"}]},{\"@type\":\"WebSite\",\"@id\":\"https:\/\/aldaia.es\/noticias\/es\/#website\",\"url\":\"https:\/\/aldaia.es\/noticias\/es\/\",\"name\":\"Noticias Aldaia\",\"description\":\"\",\"publisher\":{\"@id\":\"https:\/\/aldaia.es\/noticias\/es\/#organization\"},\"potentialAction\":[{\"@type\":\"SearchAction\",\"target\":{\"@type\":\"EntryPoint\",\"urlTemplate\":\"https:\/\/aldaia.es\/noticias\/es\/?s={search_term_string}\"},\"query-input\":{\"@type\":\"PropertyValueSpecification\",\"valueRequired\":true,\"valueName\":\"search_term_string\"}}],\"inLanguage\":\"es\"},{\"@type\":\"Organization\",\"@id\":\"https:\/\/aldaia.es\/noticias\/es\/#organization\",\"name\":\"Noticias Aldaia\",\"url\":\"https:\/\/aldaia.es\/noticias\/es\/\",\"logo\":{\"@type\":\"ImageObject\",\"inLanguage\":\"es\",\"@id\":\"https:\/\/aldaia.es\/noticias\/es\/#\/schema\/logo\/image\/\",\"url\":\"https:\/\/aldaia.es\/noticias\/wp-content\/uploads\/2025\/05\/aldaia-noticias.jpg\",\"contentUrl\":\"https:\/\/aldaia.es\/noticias\/wp-content\/uploads\/2025\/05\/aldaia-noticias.jpg\",\"width\":512,\"height\":512,\"caption\":\"Noticias Aldaia\"},\"image\":{\"@id\":\"https:\/\/aldaia.es\/noticias\/es\/#\/schema\/logo\/image\/\"}},{\"@type\":\"Person\",\"@id\":\"https:\/\/aldaia.es\/noticias\/es\/#\/schema\/person\/736bf474749673d55971dc81c4553f7e\",\"name\":\"prensa\",\"url\":\"https:\/\/aldaia.es\/noticias\/es\/author\/prensa\/\"}]}<\/script>\n<!-- \/ Yoast SEO plugin. -->","yoast_head_json":{"title":"Aldaia activa el protocolo para la puesta en marcha del censo canino a trav\u00e9s de la muestra de ADN de los animales - Noticias - Ayuntamiento de Aldaia","robots":{"index":"index","follow":"follow","max-snippet":"max-snippet:-1","max-image-preview":"max-image-preview:large","max-video-preview":"max-video-preview:-1"},"canonical":"https:\/\/aldaia.es\/noticias\/es\/aldaia-activa-el-protocolo-para-la-puesta-en-marcha-del-censo-canino-a-traves-de-la-muestra-de-adn-de-los-animales\/","og_locale":"es_ES","og_type":"article","og_title":"Aldaia activa el protocolo para la puesta en marcha del censo canino a trav\u00e9s de la muestra de ADN de los animales - Noticias - Ayuntamiento de Aldaia","og_description":"Con ella se podr\u00e1 evitar la p\u00e9rdida de animales y facilitar su localizaci\u00f3n ante robos, trabajar contra el abandono de ani...","og_url":"https:\/\/aldaia.es\/noticias\/es\/aldaia-activa-el-protocolo-para-la-puesta-en-marcha-del-censo-canino-a-traves-de-la-muestra-de-adn-de-los-animales\/","og_site_name":"Noticias - Ayuntamiento de Aldaia","article_published_time":"2023-12-13T13:36:52+00:00","article_modified_time":"2025-05-20T09:05:19+00:00","og_image":[{"width":2560,"height":1707,"url":"https:\/\/aldaia.es\/noticias\/wp-content\/uploads\/2023\/12\/DSC_0648-min_11zon-scaled-1.jpg","type":"image\/jpeg"}],"author":"prensa","twitter_card":"summary_large_image","twitter_misc":{"Escrito por":"prensa","Tiempo de lectura":"1 minuto"},"schema":{"@context":"https:\/\/schema.org","@graph":[{"@type":"Article","@id":"https:\/\/aldaia.es\/noticias\/es\/aldaia-activa-el-protocolo-para-la-puesta-en-marcha-del-censo-canino-a-traves-de-la-muestra-de-adn-de-los-animales\/#article","isPartOf":{"@id":"https:\/\/aldaia.es\/noticias\/es\/aldaia-activa-el-protocolo-para-la-puesta-en-marcha-del-censo-canino-a-traves-de-la-muestra-de-adn-de-los-animales\/"},"author":{"name":"prensa","@id":"https:\/\/aldaia.es\/noticias\/es\/#\/schema\/person\/736bf474749673d55971dc81c4553f7e"},"headline":"Aldaia activa el protocolo para la puesta en marcha del censo canino a trav\u00e9s de la muestra de ADN de los animales","datePublished":"2023-12-13T13:36:52+00:00","dateModified":"2025-05-20T09:05:19+00:00","mainEntityOfPage":{"@id":"https:\/\/aldaia.es\/noticias\/es\/aldaia-activa-el-protocolo-para-la-puesta-en-marcha-del-censo-canino-a-traves-de-la-muestra-de-adn-de-los-animales\/"},"wordCount":246,"commentCount":0,"publisher":{"@id":"https:\/\/aldaia.es\/noticias\/es\/#organization"},"image":{"@id":"https:\/\/aldaia.es\/noticias\/es\/aldaia-activa-el-protocolo-para-la-puesta-en-marcha-del-censo-canino-a-traves-de-la-muestra-de-adn-de-los-animales\/#primaryimage"},"thumbnailUrl":"https:\/\/aldaia.es\/noticias\/wp-content\/uploads\/2023\/12\/DSC_0648-min_11zon-scaled-1.jpg","articleSection":["Sanidad y bienestar animal","Urbanismo y Medio ambiente"],"inLanguage":"es","potentialAction":[{"@type":"CommentAction","name":"Comment","target":["https:\/\/aldaia.es\/noticias\/es\/aldaia-activa-el-protocolo-para-la-puesta-en-marcha-del-censo-canino-a-traves-de-la-muestra-de-adn-de-los-animales\/#respond"]}]},{"@type":"WebPage","@id":"https:\/\/aldaia.es\/noticias\/es\/aldaia-activa-el-protocolo-para-la-puesta-en-marcha-del-censo-canino-a-traves-de-la-muestra-de-adn-de-los-animales\/","url":"https:\/\/aldaia.es\/noticias\/es\/aldaia-activa-el-protocolo-para-la-puesta-en-marcha-del-censo-canino-a-traves-de-la-muestra-de-adn-de-los-animales\/","name":"Aldaia activa el protocolo para la puesta en marcha del censo canino a trav\u00e9s de la muestra de ADN de los animales - Noticias - Ayuntamiento de Aldaia","isPartOf":{"@id":"https:\/\/aldaia.es\/noticias\/es\/#website"},"primaryImageOfPage":{"@id":"https:\/\/aldaia.es\/noticias\/es\/aldaia-activa-el-protocolo-para-la-puesta-en-marcha-del-censo-canino-a-traves-de-la-muestra-de-adn-de-los-animales\/#primaryimage"},"image":{"@id":"https:\/\/aldaia.es\/noticias\/es\/aldaia-activa-el-protocolo-para-la-puesta-en-marcha-del-censo-canino-a-traves-de-la-muestra-de-adn-de-los-animales\/#primaryimage"},"thumbnailUrl":"https:\/\/aldaia.es\/noticias\/wp-content\/uploads\/2023\/12\/DSC_0648-min_11zon-scaled-1.jpg","datePublished":"2023-12-13T13:36:52+00:00","dateModified":"2025-05-20T09:05:19+00:00","breadcrumb":{"@id":"https:\/\/aldaia.es\/noticias\/es\/aldaia-activa-el-protocolo-para-la-puesta-en-marcha-del-censo-canino-a-traves-de-la-muestra-de-adn-de-los-animales\/#breadcrumb"},"inLanguage":"es","potentialAction":[{"@type":"ReadAction","target":["https:\/\/aldaia.es\/noticias\/es\/aldaia-activa-el-protocolo-para-la-puesta-en-marcha-del-censo-canino-a-traves-de-la-muestra-de-adn-de-los-animales\/"]}]},{"@type":"ImageObject","inLanguage":"es","@id":"https:\/\/aldaia.es\/noticias\/es\/aldaia-activa-el-protocolo-para-la-puesta-en-marcha-del-censo-canino-a-traves-de-la-muestra-de-adn-de-los-animales\/#primaryimage","url":"https:\/\/aldaia.es\/noticias\/wp-content\/uploads\/2023\/12\/DSC_0648-min_11zon-scaled-1.jpg","contentUrl":"https:\/\/aldaia.es\/noticias\/wp-content\/uploads\/2023\/12\/DSC_0648-min_11zon-scaled-1.jpg","width":2560,"height":1707},{"@type":"BreadcrumbList","@id":"https:\/\/aldaia.es\/noticias\/es\/aldaia-activa-el-protocolo-para-la-puesta-en-marcha-del-censo-canino-a-traves-de-la-muestra-de-adn-de-los-animales\/#breadcrumb","itemListElement":[{"@type":"ListItem","position":1,"name":"Portada","item":"https:\/\/aldaia.es\/noticias\/es\/"},{"@type":"ListItem","position":2,"name":"Aldaia activa el protocolo para la puesta en marcha del censo canino a trav\u00e9s de la muestra de ADN de los animales"}]},{"@type":"WebSite","@id":"https:\/\/aldaia.es\/noticias\/es\/#website","url":"https:\/\/aldaia.es\/noticias\/es\/","name":"Noticias Aldaia","description":"","publisher":{"@id":"https:\/\/aldaia.es\/noticias\/es\/#organization"},"potentialAction":[{"@type":"SearchAction","target":{"@type":"EntryPoint","urlTemplate":"https:\/\/aldaia.es\/noticias\/es\/?s={search_term_string}"},"query-input":{"@type":"PropertyValueSpecification","valueRequired":true,"valueName":"search_term_string"}}],"inLanguage":"es"},{"@type":"Organization","@id":"https:\/\/aldaia.es\/noticias\/es\/#organization","name":"Noticias Aldaia","url":"https:\/\/aldaia.es\/noticias\/es\/","logo":{"@type":"ImageObject","inLanguage":"es","@id":"https:\/\/aldaia.es\/noticias\/es\/#\/schema\/logo\/image\/","url":"https:\/\/aldaia.es\/noticias\/wp-content\/uploads\/2025\/05\/aldaia-noticias.jpg","contentUrl":"https:\/\/aldaia.es\/noticias\/wp-content\/uploads\/2025\/05\/aldaia-noticias.jpg","width":512,"height":512,"caption":"Noticias Aldaia"},"image":{"@id":"https:\/\/aldaia.es\/noticias\/es\/#\/schema\/logo\/image\/"}},{"@type":"Person","@id":"https:\/\/aldaia.es\/noticias\/es\/#\/schema\/person\/736bf474749673d55971dc81c4553f7e","name":"prensa","url":"https:\/\/aldaia.es\/noticias\/es\/author\/prensa\/"}]}},"_links":{"self":[{"href":"https:\/\/aldaia.es\/noticias\/es\/wp-json\/wp\/v2\/posts\/19793","targetHints":{"allow":["GET"]}}],"collection":[{"href":"https:\/\/aldaia.es\/noticias\/es\/wp-json\/wp\/v2\/posts"}],"about":[{"href":"https:\/\/aldaia.es\/noticias\/es\/wp-json\/wp\/v2\/types\/post"}],"author":[{"embeddable":true,"href":"https:\/\/aldaia.es\/noticias\/es\/wp-json\/wp\/v2\/users\/2"}],"replies":[{"embeddable":true,"href":"https:\/\/aldaia.es\/noticias\/es\/wp-json\/wp\/v2\/comments?post=19793"}],"version-history":[{"count":1,"href":"https:\/\/aldaia.es\/noticias\/es\/wp-json\/wp\/v2\/posts\/19793\/revisions"}],"predecessor-version":[{"id":34108,"href":"https:\/\/aldaia.es\/noticias\/es\/wp-json\/wp\/v2\/posts\/19793\/revisions\/34108"}],"wp:featuredmedia":[{"embeddable":true,"href":"https:\/\/aldaia.es\/noticias\/es\/wp-json\/wp\/v2\/media\/19794"}],"wp:attachment":[{"href":"https:\/\/aldaia.es\/noticias\/es\/wp-json\/wp\/v2\/media?parent=19793"}],"wp:term":[{"taxonomy":"category","embeddable":true,"href":"https:\/\/aldaia.es\/noticias\/es\/wp-json\/wp\/v2\/categories?post=19793"},{"taxonomy":"post_tag","embeddable":true,"href":"https:\/\/aldaia.es\/noticias\/es\/wp-json\/wp\/v2\/tags?post=19793"}],"curies":[{"name":"wp","href":"https:\/\/api.w.org\/{rel}","templated":true}]}}