{"id":20656,"date":"2024-02-08T14:00:44","date_gmt":"2024-02-08T13:00:44","guid":{"rendered":"https:\/\/aldaia.es\/2024\/02\/08\/iii-forum-jove-para-mejorar-aldaia\/"},"modified":"2025-05-20T10:28:52","modified_gmt":"2025-05-20T08:28:52","slug":"iii-forum-jove-para-mejorar-aldaia","status":"publish","type":"post","link":"https:\/\/aldaia.es\/noticias\/es\/iii-forum-jove-para-mejorar-aldaia\/","title":{"rendered":"III F\u00f2rum Jove para mejorar Aldaia"},"content":{"rendered":"<h4><strong>\u00bfQuieres hacerte escuchar? El Gent Jove d\u2019Aldaia recoge propuestas de personas entre 18 y 30 a\u00f1os para mejorar, tambi\u00e9n bajo su punto de vista, la convivencia y la localidad en un encuentro abierto y participativo.<\/strong><\/h4>\n<h4>El \u00e1rea de Juventud del Ayuntamiento de Aldaia presenta una nova propuesta para implicar a las personas j\u00f3venes del municipio La tercera edici\u00f3n del F\u00d2RUM JOVE ALDAIA 2024 es un espacio seguro donde el objetivo es recoger las \u2018propuestas j\u00f3venes\u2019 hasta el 22 de febrero, cuando tendr\u00e1 lugar el gran encuentro para poner sobre la mesa las ideas, en el propio pleno del consistorio.<\/h4>\n<h4>Para lo cual, desde Gent Jove lanzan la propuesta: \u2018Como persona joven, \u00bftienes alguna idea para mejorar Aldaia? El jueves 22 de febrero es tu momento: el FORO JOVEN ALDAIA 2024\u2019.<\/h4>\n<h4>Desde el equipo de trabajo de Juventud, de hecho, plantean una serie de quedadas para dar forma a las ideas de los y las j\u00f3venes y transformarlas en propuestas, en el mejor ambiente e invitando a merendar a las personas participantes.<\/h4>\n<h4>De este modo, para j\u00f3venes de entre 12 y 17 a\u00f1os la tarde de mi\u00e9rcoles 7 de febrero la cita estuvo en el Centro Matilde Salvador. Si tienes de 18 a 30 a\u00f1os puedes acercarte el jueves 8 de febrero, a las 18 horas, donde tambi\u00e9n tendr\u00e1s tu oportunidad en el Centro Matilde Salvador.<\/h4>\n<h4>Finalmente, despu\u00e9s de trabajarlas, todas las propuestas ser\u00e1n expuestas en el FORO JOVEN ALDAIA 2024 el jueves 22 de febrero, en las 19 horas, en el Sal\u00f3n de Plenos del Ayuntamiento de Aldaia.<\/h4>\n<h4>Vida saludable, espacios p\u00fablicos y carriles bici, educaci\u00f3n, formaci\u00f3n o educaci\u00f3n emocional, fueron las propuestas debatidas el a\u00f1o pasado para enriquecer la programaci\u00f3n juvenil de la localidad. De hecho, muchas de estas propuestas han tomado forma en y este a\u00f1o se han sumado a la oferta activa de Gent Jove Aldaia.<\/h4>\n<p>&nbsp;<\/p>\n","protected":false},"excerpt":{"rendered":"<p>\u00bfQuieres hacerte escuchar? El Gent Jove d\u2019Aldaia recoge propuestas de personas entre 18 y 30 a\u00f1os para mejorar, tambi\u00e9n &#8230;<\/p>\n","protected":false},"author":3,"featured_media":20659,"comment_status":"closed","ping_status":"closed","sticky":false,"template":"","format":"standard","meta":{"_acf_changed":false,"footnotes":""},"categories":[61],"tags":[],"class_list":["post-20656","post","type-post","status-publish","format-standard","has-post-thumbnail","hentry","category-juventud"],"acf":[],"yoast_head":"<!-- This site is optimized with the Yoast SEO plugin v26.9 - https:\/\/yoast.com\/product\/yoast-seo-wordpress\/ -->\n<title>III F\u00f2rum Jove para mejorar Aldaia - Noticias - Ayuntamiento de Aldaia<\/title>\n<meta name=\"robots\" content=\"index, follow, max-snippet:-1, max-image-preview:large, max-video-preview:-1\" \/>\n<link rel=\"canonical\" href=\"https:\/\/aldaia.es\/noticias\/es\/iii-forum-jove-para-mejorar-aldaia\/\" \/>\n<meta property=\"og:locale\" content=\"es_ES\" \/>\n<meta property=\"og:type\" content=\"article\" \/>\n<meta property=\"og:title\" content=\"III F\u00f2rum Jove para mejorar Aldaia - Noticias - Ayuntamiento de Aldaia\" \/>\n<meta property=\"og:description\" content=\"\u00bfQuieres hacerte escuchar? El Gent Jove d\u2019Aldaia recoge propuestas de personas entre 18 y 30 a\u00f1os para mejorar, tambi\u00e9n ...\" \/>\n<meta property=\"og:url\" content=\"https:\/\/aldaia.es\/noticias\/es\/iii-forum-jove-para-mejorar-aldaia\/\" \/>\n<meta property=\"og:site_name\" content=\"Noticias - Ayuntamiento de Aldaia\" \/>\n<meta property=\"article:published_time\" content=\"2024-02-08T13:00:44+00:00\" \/>\n<meta property=\"article:modified_time\" content=\"2025-05-20T08:28:52+00:00\" \/>\n<meta property=\"og:image\" content=\"https:\/\/aldaia.es\/noticias\/wp-content\/uploads\/2024\/02\/forum.jpeg\" \/>\n\t<meta property=\"og:image:width\" content=\"1600\" \/>\n\t<meta property=\"og:image:height\" content=\"719\" \/>\n\t<meta property=\"og:image:type\" content=\"image\/jpeg\" \/>\n<meta name=\"author\" content=\"COMUNICACION\" \/>\n<meta name=\"twitter:card\" content=\"summary_large_image\" \/>\n<meta name=\"twitter:label1\" content=\"Escrito por\" \/>\n\t<meta name=\"twitter:data1\" content=\"COMUNICACION\" \/>\n\t<meta name=\"twitter:label2\" content=\"Tiempo de lectura\" \/>\n\t<meta name=\"twitter:data2\" content=\"2 minutos\" \/>\n<script type=\"application\/ld+json\" class=\"yoast-schema-graph\">{\"@context\":\"https:\/\/schema.org\",\"@graph\":[{\"@type\":\"Article\",\"@id\":\"https:\/\/aldaia.es\/noticias\/es\/iii-forum-jove-para-mejorar-aldaia\/#article\",\"isPartOf\":{\"@id\":\"https:\/\/aldaia.es\/noticias\/es\/iii-forum-jove-para-mejorar-aldaia\/\"},\"author\":{\"name\":\"COMUNICACION\",\"@id\":\"https:\/\/aldaia.es\/noticias\/es\/#\/schema\/person\/4b9d33d0d77864dfe798033366a332f5\"},\"headline\":\"III F\u00f2rum Jove para mejorar Aldaia\",\"datePublished\":\"2024-02-08T13:00:44+00:00\",\"dateModified\":\"2025-05-20T08:28:52+00:00\",\"mainEntityOfPage\":{\"@id\":\"https:\/\/aldaia.es\/noticias\/es\/iii-forum-jove-para-mejorar-aldaia\/\"},\"wordCount\":325,\"publisher\":{\"@id\":\"https:\/\/aldaia.es\/noticias\/es\/#organization\"},\"image\":{\"@id\":\"https:\/\/aldaia.es\/noticias\/es\/iii-forum-jove-para-mejorar-aldaia\/#primaryimage\"},\"thumbnailUrl\":\"https:\/\/aldaia.es\/noticias\/wp-content\/uploads\/2024\/02\/forum.jpeg\",\"articleSection\":[\"Juventud\"],\"inLanguage\":\"es\"},{\"@type\":\"WebPage\",\"@id\":\"https:\/\/aldaia.es\/noticias\/es\/iii-forum-jove-para-mejorar-aldaia\/\",\"url\":\"https:\/\/aldaia.es\/noticias\/es\/iii-forum-jove-para-mejorar-aldaia\/\",\"name\":\"III F\u00f2rum Jove para mejorar Aldaia - Noticias - Ayuntamiento de Aldaia\",\"isPartOf\":{\"@id\":\"https:\/\/aldaia.es\/noticias\/es\/#website\"},\"primaryImageOfPage\":{\"@id\":\"https:\/\/aldaia.es\/noticias\/es\/iii-forum-jove-para-mejorar-aldaia\/#primaryimage\"},\"image\":{\"@id\":\"https:\/\/aldaia.es\/noticias\/es\/iii-forum-jove-para-mejorar-aldaia\/#primaryimage\"},\"thumbnailUrl\":\"https:\/\/aldaia.es\/noticias\/wp-content\/uploads\/2024\/02\/forum.jpeg\",\"datePublished\":\"2024-02-08T13:00:44+00:00\",\"dateModified\":\"2025-05-20T08:28:52+00:00\",\"breadcrumb\":{\"@id\":\"https:\/\/aldaia.es\/noticias\/es\/iii-forum-jove-para-mejorar-aldaia\/#breadcrumb\"},\"inLanguage\":\"es\",\"potentialAction\":[{\"@type\":\"ReadAction\",\"target\":[\"https:\/\/aldaia.es\/noticias\/es\/iii-forum-jove-para-mejorar-aldaia\/\"]}]},{\"@type\":\"ImageObject\",\"inLanguage\":\"es\",\"@id\":\"https:\/\/aldaia.es\/noticias\/es\/iii-forum-jove-para-mejorar-aldaia\/#primaryimage\",\"url\":\"https:\/\/aldaia.es\/noticias\/wp-content\/uploads\/2024\/02\/forum.jpeg\",\"contentUrl\":\"https:\/\/aldaia.es\/noticias\/wp-content\/uploads\/2024\/02\/forum.jpeg\",\"width\":1600,\"height\":719},{\"@type\":\"BreadcrumbList\",\"@id\":\"https:\/\/aldaia.es\/noticias\/es\/iii-forum-jove-para-mejorar-aldaia\/#breadcrumb\",\"itemListElement\":[{\"@type\":\"ListItem\",\"position\":1,\"name\":\"Portada\",\"item\":\"https:\/\/aldaia.es\/noticias\/es\/\"},{\"@type\":\"ListItem\",\"position\":2,\"name\":\"III F\u00f2rum Jove para mejorar Aldaia\"}]},{\"@type\":\"WebSite\",\"@id\":\"https:\/\/aldaia.es\/noticias\/es\/#website\",\"url\":\"https:\/\/aldaia.es\/noticias\/es\/\",\"name\":\"Noticias Aldaia\",\"description\":\"\",\"publisher\":{\"@id\":\"https:\/\/aldaia.es\/noticias\/es\/#organization\"},\"potentialAction\":[{\"@type\":\"SearchAction\",\"target\":{\"@type\":\"EntryPoint\",\"urlTemplate\":\"https:\/\/aldaia.es\/noticias\/es\/?s={search_term_string}\"},\"query-input\":{\"@type\":\"PropertyValueSpecification\",\"valueRequired\":true,\"valueName\":\"search_term_string\"}}],\"inLanguage\":\"es\"},{\"@type\":\"Organization\",\"@id\":\"https:\/\/aldaia.es\/noticias\/es\/#organization\",\"name\":\"Noticias Aldaia\",\"url\":\"https:\/\/aldaia.es\/noticias\/es\/\",\"logo\":{\"@type\":\"ImageObject\",\"inLanguage\":\"es\",\"@id\":\"https:\/\/aldaia.es\/noticias\/es\/#\/schema\/logo\/image\/\",\"url\":\"https:\/\/aldaia.es\/noticias\/wp-content\/uploads\/2025\/05\/aldaia-noticias.jpg\",\"contentUrl\":\"https:\/\/aldaia.es\/noticias\/wp-content\/uploads\/2025\/05\/aldaia-noticias.jpg\",\"width\":512,\"height\":512,\"caption\":\"Noticias Aldaia\"},\"image\":{\"@id\":\"https:\/\/aldaia.es\/noticias\/es\/#\/schema\/logo\/image\/\"}},{\"@type\":\"Person\",\"@id\":\"https:\/\/aldaia.es\/noticias\/es\/#\/schema\/person\/4b9d33d0d77864dfe798033366a332f5\",\"name\":\"COMUNICACION\",\"url\":\"https:\/\/aldaia.es\/noticias\/es\/author\/comunicacion\/\"}]}<\/script>\n<!-- \/ Yoast SEO plugin. -->","yoast_head_json":{"title":"III F\u00f2rum Jove para mejorar Aldaia - Noticias - Ayuntamiento de Aldaia","robots":{"index":"index","follow":"follow","max-snippet":"max-snippet:-1","max-image-preview":"max-image-preview:large","max-video-preview":"max-video-preview:-1"},"canonical":"https:\/\/aldaia.es\/noticias\/es\/iii-forum-jove-para-mejorar-aldaia\/","og_locale":"es_ES","og_type":"article","og_title":"III F\u00f2rum Jove para mejorar Aldaia - Noticias - Ayuntamiento de Aldaia","og_description":"\u00bfQuieres hacerte escuchar? El Gent Jove d\u2019Aldaia recoge propuestas de personas entre 18 y 30 a\u00f1os para mejorar, tambi\u00e9n ...","og_url":"https:\/\/aldaia.es\/noticias\/es\/iii-forum-jove-para-mejorar-aldaia\/","og_site_name":"Noticias - Ayuntamiento de Aldaia","article_published_time":"2024-02-08T13:00:44+00:00","article_modified_time":"2025-05-20T08:28:52+00:00","og_image":[{"width":1600,"height":719,"url":"https:\/\/aldaia.es\/noticias\/wp-content\/uploads\/2024\/02\/forum.jpeg","type":"image\/jpeg"}],"author":"COMUNICACION","twitter_card":"summary_large_image","twitter_misc":{"Escrito por":"COMUNICACION","Tiempo de lectura":"2 minutos"},"schema":{"@context":"https:\/\/schema.org","@graph":[{"@type":"Article","@id":"https:\/\/aldaia.es\/noticias\/es\/iii-forum-jove-para-mejorar-aldaia\/#article","isPartOf":{"@id":"https:\/\/aldaia.es\/noticias\/es\/iii-forum-jove-para-mejorar-aldaia\/"},"author":{"name":"COMUNICACION","@id":"https:\/\/aldaia.es\/noticias\/es\/#\/schema\/person\/4b9d33d0d77864dfe798033366a332f5"},"headline":"III F\u00f2rum Jove para mejorar Aldaia","datePublished":"2024-02-08T13:00:44+00:00","dateModified":"2025-05-20T08:28:52+00:00","mainEntityOfPage":{"@id":"https:\/\/aldaia.es\/noticias\/es\/iii-forum-jove-para-mejorar-aldaia\/"},"wordCount":325,"publisher":{"@id":"https:\/\/aldaia.es\/noticias\/es\/#organization"},"image":{"@id":"https:\/\/aldaia.es\/noticias\/es\/iii-forum-jove-para-mejorar-aldaia\/#primaryimage"},"thumbnailUrl":"https:\/\/aldaia.es\/noticias\/wp-content\/uploads\/2024\/02\/forum.jpeg","articleSection":["Juventud"],"inLanguage":"es"},{"@type":"WebPage","@id":"https:\/\/aldaia.es\/noticias\/es\/iii-forum-jove-para-mejorar-aldaia\/","url":"https:\/\/aldaia.es\/noticias\/es\/iii-forum-jove-para-mejorar-aldaia\/","name":"III F\u00f2rum Jove para mejorar Aldaia - Noticias - Ayuntamiento de Aldaia","isPartOf":{"@id":"https:\/\/aldaia.es\/noticias\/es\/#website"},"primaryImageOfPage":{"@id":"https:\/\/aldaia.es\/noticias\/es\/iii-forum-jove-para-mejorar-aldaia\/#primaryimage"},"image":{"@id":"https:\/\/aldaia.es\/noticias\/es\/iii-forum-jove-para-mejorar-aldaia\/#primaryimage"},"thumbnailUrl":"https:\/\/aldaia.es\/noticias\/wp-content\/uploads\/2024\/02\/forum.jpeg","datePublished":"2024-02-08T13:00:44+00:00","dateModified":"2025-05-20T08:28:52+00:00","breadcrumb":{"@id":"https:\/\/aldaia.es\/noticias\/es\/iii-forum-jove-para-mejorar-aldaia\/#breadcrumb"},"inLanguage":"es","potentialAction":[{"@type":"ReadAction","target":["https:\/\/aldaia.es\/noticias\/es\/iii-forum-jove-para-mejorar-aldaia\/"]}]},{"@type":"ImageObject","inLanguage":"es","@id":"https:\/\/aldaia.es\/noticias\/es\/iii-forum-jove-para-mejorar-aldaia\/#primaryimage","url":"https:\/\/aldaia.es\/noticias\/wp-content\/uploads\/2024\/02\/forum.jpeg","contentUrl":"https:\/\/aldaia.es\/noticias\/wp-content\/uploads\/2024\/02\/forum.jpeg","width":1600,"height":719},{"@type":"BreadcrumbList","@id":"https:\/\/aldaia.es\/noticias\/es\/iii-forum-jove-para-mejorar-aldaia\/#breadcrumb","itemListElement":[{"@type":"ListItem","position":1,"name":"Portada","item":"https:\/\/aldaia.es\/noticias\/es\/"},{"@type":"ListItem","position":2,"name":"III F\u00f2rum Jove para mejorar Aldaia"}]},{"@type":"WebSite","@id":"https:\/\/aldaia.es\/noticias\/es\/#website","url":"https:\/\/aldaia.es\/noticias\/es\/","name":"Noticias Aldaia","description":"","publisher":{"@id":"https:\/\/aldaia.es\/noticias\/es\/#organization"},"potentialAction":[{"@type":"SearchAction","target":{"@type":"EntryPoint","urlTemplate":"https:\/\/aldaia.es\/noticias\/es\/?s={search_term_string}"},"query-input":{"@type":"PropertyValueSpecification","valueRequired":true,"valueName":"search_term_string"}}],"inLanguage":"es"},{"@type":"Organization","@id":"https:\/\/aldaia.es\/noticias\/es\/#organization","name":"Noticias Aldaia","url":"https:\/\/aldaia.es\/noticias\/es\/","logo":{"@type":"ImageObject","inLanguage":"es","@id":"https:\/\/aldaia.es\/noticias\/es\/#\/schema\/logo\/image\/","url":"https:\/\/aldaia.es\/noticias\/wp-content\/uploads\/2025\/05\/aldaia-noticias.jpg","contentUrl":"https:\/\/aldaia.es\/noticias\/wp-content\/uploads\/2025\/05\/aldaia-noticias.jpg","width":512,"height":512,"caption":"Noticias Aldaia"},"image":{"@id":"https:\/\/aldaia.es\/noticias\/es\/#\/schema\/logo\/image\/"}},{"@type":"Person","@id":"https:\/\/aldaia.es\/noticias\/es\/#\/schema\/person\/4b9d33d0d77864dfe798033366a332f5","name":"COMUNICACION","url":"https:\/\/aldaia.es\/noticias\/es\/author\/comunicacion\/"}]}},"_links":{"self":[{"href":"https:\/\/aldaia.es\/noticias\/es\/wp-json\/wp\/v2\/posts\/20656","targetHints":{"allow":["GET"]}}],"collection":[{"href":"https:\/\/aldaia.es\/noticias\/es\/wp-json\/wp\/v2\/posts"}],"about":[{"href":"https:\/\/aldaia.es\/noticias\/es\/wp-json\/wp\/v2\/types\/post"}],"author":[{"embeddable":true,"href":"https:\/\/aldaia.es\/noticias\/es\/wp-json\/wp\/v2\/users\/3"}],"replies":[{"embeddable":true,"href":"https:\/\/aldaia.es\/noticias\/es\/wp-json\/wp\/v2\/comments?post=20656"}],"version-history":[{"count":1,"href":"https:\/\/aldaia.es\/noticias\/es\/wp-json\/wp\/v2\/posts\/20656\/revisions"}],"predecessor-version":[{"id":37340,"href":"https:\/\/aldaia.es\/noticias\/es\/wp-json\/wp\/v2\/posts\/20656\/revisions\/37340"}],"wp:featuredmedia":[{"embeddable":true,"href":"https:\/\/aldaia.es\/noticias\/es\/wp-json\/wp\/v2\/media\/20659"}],"wp:attachment":[{"href":"https:\/\/aldaia.es\/noticias\/es\/wp-json\/wp\/v2\/media?parent=20656"}],"wp:term":[{"taxonomy":"category","embeddable":true,"href":"https:\/\/aldaia.es\/noticias\/es\/wp-json\/wp\/v2\/categories?post=20656"},{"taxonomy":"post_tag","embeddable":true,"href":"https:\/\/aldaia.es\/noticias\/es\/wp-json\/wp\/v2\/tags?post=20656"}],"curies":[{"name":"wp","href":"https:\/\/api.w.org\/{rel}","templated":true}]}}