{"id":28420,"date":"2024-06-07T13:30:07","date_gmt":"2024-06-07T11:30:07","guid":{"rendered":"https:\/\/aldaia.es\/2024\/06\/07\/la-ii-feria-animalista-de-aldaia-fomenta-la-solidaridad-y-convivencia\/"},"modified":"2025-05-20T10:46:12","modified_gmt":"2025-05-20T08:46:12","slug":"la-ii-feria-animalista-de-aldaia-fomenta-la-solidaridad-y-convivencia","status":"publish","type":"post","link":"https:\/\/aldaia.es\/noticias\/es\/la-ii-feria-animalista-de-aldaia-fomenta-la-solidaridad-y-convivencia\/","title":{"rendered":"La II Feria animalista de Aldaia fomenta la solidaridad y convivencia"},"content":{"rendered":"\n<p><strong>El pasado s\u00e1bado la plaza Europa de Aldaia acogi\u00f3 con gran \u00e9xito la II Feria Animalista con actividades, concursos, donaciones y adopciones. Un evento enfocado a la diversi\u00f3n, la solidaridad y la concienciaci\u00f3n sobre el bienestar animal<\/strong><\/p>\n\n<p>El pasado s\u00e1bado 1 de junio, la plaza Europa de Aldaia vibr\u00f3 con la energ\u00eda y entusiasmo de la II Feria Animalista que se celebr\u00f3 con una notable afluencia de p\u00fablico, y sus animales, as\u00ed como un ambiente festivo desde las 10 de la ma\u00f1ana.<\/p>\n\n<p>El encuentro ofreci\u00f3 una amplia gama de actividades para todas las edades, incluyendo juegos, concursos, actividades infantiles y pintacaras, que mantuvo entretenido al p\u00fablico a lo largo de todo el d\u00eda. El momento m\u00e1s esperado llegaba con el concurso canino, donde los perros desfilaron en una pasarela compitiendo en las categor\u00edas de encanto, simpat\u00eda y educaci\u00f3n. Los ganadores se llevaron aplausos y premios, destacando por su carisma y habilidades.<\/p>\n\n<p>Adem\u00e1s, se realiz\u00f3 una impresionante exhibici\u00f3n de <em>agility<\/em>, mostrando la destreza y velocidad de los animales, as\u00ed como un taller de correcci\u00f3n de conducta canina, con consejos para mejorar la convivencia con sus mascotas.<\/p>\n\n<p>La feria tambi\u00e9n cont\u00f3 con numerosos estands de asociaciones animalistas, que no solo ofrecieron informaci\u00f3n y productos relacionados con el cuidado animal, sino que tambi\u00e9n promovieron la adopci\u00f3n responsable, una iniciativa que foment\u00f3 el encuentro de nuevos hogares y sensibiliz\u00f3 al p\u00fablico sobre la importancia de la adopci\u00f3n.<\/p>\n\n<p>El grupo de Corresponsales Aldaia destac\u00f3 por su colaboraci\u00f3n, encarg\u00e1ndose de la distribuci\u00f3n de dorsales para el concurso canino y organizando una colecta de productos de segunda mano y alimentos para donar a las protectoras. Su labor solidaria fue fundamental para el \u00e9xito del evento y demostr\u00f3 el compromiso de la juventud y toda la comunidad con la causa animalista.<\/p>\n\n<p>Entre los asistentes, el alcalde Guillermo Luj\u00e1n y la concejala de Bienestar Animal Laura Delgado, entregaron los premios y aplaudieron a cada participante: \u201cEn Aldaia apostamos siempre por la convivencia y trabajamos fomentando los mejores valores de bienestar animal en actividades como esta, pensadas para toda la familia\u201d.<\/p>\n\n<p>La jornada culmin\u00f3 con una obra de teatro infantil, dedicada a la concienciaci\u00f3n sobre el problema del abandono de mascotas. Esta representaci\u00f3n dej\u00f3 un mensaje claro y emotivo a los m\u00e1s peque\u00f1os y peque\u00f1as sobre la responsabilidad y el cuidado que requieren los animales de compa\u00f1\u00eda. Una feria en la que se realiz\u00f3 gratuitamente el censo gen\u00e9tico canino de ADN a cada can que pas\u00f3 por el stand y no dispon\u00eda del registro obligatorio.<\/p>\n","protected":false},"excerpt":{"rendered":"<p>El pasado s\u00e1bado la plaza Europa de Aldaia acogi\u00f3 con gran \u00e9xito la II Feria Animalista con actividades, concursos, donaci&#8230;<\/p>\n","protected":false},"author":3,"featured_media":28418,"comment_status":"closed","ping_status":"closed","sticky":false,"template":"","format":"standard","meta":{"_acf_changed":false,"footnotes":""},"categories":[28],"tags":[],"class_list":["post-28420","post","type-post","status-publish","format-standard","has-post-thumbnail","hentry","category-sanidad-y-bienestar-animal"],"acf":[],"yoast_head":"<!-- This site is optimized with the Yoast SEO plugin v26.9 - https:\/\/yoast.com\/product\/yoast-seo-wordpress\/ -->\n<title>La II Feria animalista de Aldaia fomenta la solidaridad y convivencia - Noticias - Ayuntamiento de Aldaia<\/title>\n<meta name=\"robots\" content=\"index, follow, max-snippet:-1, max-image-preview:large, max-video-preview:-1\" \/>\n<link rel=\"canonical\" href=\"https:\/\/aldaia.es\/noticias\/es\/la-ii-feria-animalista-de-aldaia-fomenta-la-solidaridad-y-convivencia\/\" \/>\n<meta property=\"og:locale\" content=\"es_ES\" \/>\n<meta property=\"og:type\" content=\"article\" \/>\n<meta property=\"og:title\" content=\"La II Feria animalista de Aldaia fomenta la solidaridad y convivencia - Noticias - Ayuntamiento de Aldaia\" \/>\n<meta property=\"og:description\" content=\"El pasado s\u00e1bado la plaza Europa de Aldaia acogi\u00f3 con gran \u00e9xito la II Feria Animalista con actividades, concursos, donaci...\" \/>\n<meta property=\"og:url\" content=\"https:\/\/aldaia.es\/noticias\/es\/la-ii-feria-animalista-de-aldaia-fomenta-la-solidaridad-y-convivencia\/\" \/>\n<meta property=\"og:site_name\" content=\"Noticias - Ayuntamiento de Aldaia\" \/>\n<meta property=\"article:published_time\" content=\"2024-06-07T11:30:07+00:00\" \/>\n<meta property=\"article:modified_time\" content=\"2025-05-20T08:46:12+00:00\" \/>\n<meta property=\"og:image\" content=\"https:\/\/aldaia.es\/noticias\/wp-content\/uploads\/2024\/06\/resolbaja-1.png\" \/>\n\t<meta property=\"og:image:width\" content=\"1168\" \/>\n\t<meta property=\"og:image:height\" content=\"667\" \/>\n\t<meta property=\"og:image:type\" content=\"image\/png\" \/>\n<meta name=\"author\" content=\"COMUNICACION\" \/>\n<meta name=\"twitter:card\" content=\"summary_large_image\" \/>\n<meta name=\"twitter:label1\" content=\"Escrito por\" \/>\n\t<meta name=\"twitter:data1\" content=\"COMUNICACION\" \/>\n\t<meta name=\"twitter:label2\" content=\"Tiempo de lectura\" \/>\n\t<meta name=\"twitter:data2\" content=\"2 minutos\" \/>\n<script type=\"application\/ld+json\" class=\"yoast-schema-graph\">{\"@context\":\"https:\/\/schema.org\",\"@graph\":[{\"@type\":\"Article\",\"@id\":\"https:\/\/aldaia.es\/noticias\/es\/la-ii-feria-animalista-de-aldaia-fomenta-la-solidaridad-y-convivencia\/#article\",\"isPartOf\":{\"@id\":\"https:\/\/aldaia.es\/noticias\/es\/la-ii-feria-animalista-de-aldaia-fomenta-la-solidaridad-y-convivencia\/\"},\"author\":{\"name\":\"COMUNICACION\",\"@id\":\"https:\/\/aldaia.es\/noticias\/es\/#\/schema\/person\/4b9d33d0d77864dfe798033366a332f5\"},\"headline\":\"La II Feria animalista de Aldaia fomenta la solidaridad y convivencia\",\"datePublished\":\"2024-06-07T11:30:07+00:00\",\"dateModified\":\"2025-05-20T08:46:12+00:00\",\"mainEntityOfPage\":{\"@id\":\"https:\/\/aldaia.es\/noticias\/es\/la-ii-feria-animalista-de-aldaia-fomenta-la-solidaridad-y-convivencia\/\"},\"wordCount\":458,\"publisher\":{\"@id\":\"https:\/\/aldaia.es\/noticias\/es\/#organization\"},\"image\":{\"@id\":\"https:\/\/aldaia.es\/noticias\/es\/la-ii-feria-animalista-de-aldaia-fomenta-la-solidaridad-y-convivencia\/#primaryimage\"},\"thumbnailUrl\":\"https:\/\/aldaia.es\/noticias\/wp-content\/uploads\/2024\/06\/resolbaja-1.png\",\"articleSection\":[\"Sanidad y bienestar animal\"],\"inLanguage\":\"es\"},{\"@type\":\"WebPage\",\"@id\":\"https:\/\/aldaia.es\/noticias\/es\/la-ii-feria-animalista-de-aldaia-fomenta-la-solidaridad-y-convivencia\/\",\"url\":\"https:\/\/aldaia.es\/noticias\/es\/la-ii-feria-animalista-de-aldaia-fomenta-la-solidaridad-y-convivencia\/\",\"name\":\"La II Feria animalista de Aldaia fomenta la solidaridad y convivencia - Noticias - Ayuntamiento de Aldaia\",\"isPartOf\":{\"@id\":\"https:\/\/aldaia.es\/noticias\/es\/#website\"},\"primaryImageOfPage\":{\"@id\":\"https:\/\/aldaia.es\/noticias\/es\/la-ii-feria-animalista-de-aldaia-fomenta-la-solidaridad-y-convivencia\/#primaryimage\"},\"image\":{\"@id\":\"https:\/\/aldaia.es\/noticias\/es\/la-ii-feria-animalista-de-aldaia-fomenta-la-solidaridad-y-convivencia\/#primaryimage\"},\"thumbnailUrl\":\"https:\/\/aldaia.es\/noticias\/wp-content\/uploads\/2024\/06\/resolbaja-1.png\",\"datePublished\":\"2024-06-07T11:30:07+00:00\",\"dateModified\":\"2025-05-20T08:46:12+00:00\",\"breadcrumb\":{\"@id\":\"https:\/\/aldaia.es\/noticias\/es\/la-ii-feria-animalista-de-aldaia-fomenta-la-solidaridad-y-convivencia\/#breadcrumb\"},\"inLanguage\":\"es\",\"potentialAction\":[{\"@type\":\"ReadAction\",\"target\":[\"https:\/\/aldaia.es\/noticias\/es\/la-ii-feria-animalista-de-aldaia-fomenta-la-solidaridad-y-convivencia\/\"]}]},{\"@type\":\"ImageObject\",\"inLanguage\":\"es\",\"@id\":\"https:\/\/aldaia.es\/noticias\/es\/la-ii-feria-animalista-de-aldaia-fomenta-la-solidaridad-y-convivencia\/#primaryimage\",\"url\":\"https:\/\/aldaia.es\/noticias\/wp-content\/uploads\/2024\/06\/resolbaja-1.png\",\"contentUrl\":\"https:\/\/aldaia.es\/noticias\/wp-content\/uploads\/2024\/06\/resolbaja-1.png\",\"width\":1168,\"height\":667},{\"@type\":\"BreadcrumbList\",\"@id\":\"https:\/\/aldaia.es\/noticias\/es\/la-ii-feria-animalista-de-aldaia-fomenta-la-solidaridad-y-convivencia\/#breadcrumb\",\"itemListElement\":[{\"@type\":\"ListItem\",\"position\":1,\"name\":\"Portada\",\"item\":\"https:\/\/aldaia.es\/noticias\/es\/\"},{\"@type\":\"ListItem\",\"position\":2,\"name\":\"La II Feria animalista de Aldaia fomenta la solidaridad y convivencia\"}]},{\"@type\":\"WebSite\",\"@id\":\"https:\/\/aldaia.es\/noticias\/es\/#website\",\"url\":\"https:\/\/aldaia.es\/noticias\/es\/\",\"name\":\"Noticias Aldaia\",\"description\":\"\",\"publisher\":{\"@id\":\"https:\/\/aldaia.es\/noticias\/es\/#organization\"},\"potentialAction\":[{\"@type\":\"SearchAction\",\"target\":{\"@type\":\"EntryPoint\",\"urlTemplate\":\"https:\/\/aldaia.es\/noticias\/es\/?s={search_term_string}\"},\"query-input\":{\"@type\":\"PropertyValueSpecification\",\"valueRequired\":true,\"valueName\":\"search_term_string\"}}],\"inLanguage\":\"es\"},{\"@type\":\"Organization\",\"@id\":\"https:\/\/aldaia.es\/noticias\/es\/#organization\",\"name\":\"Noticias Aldaia\",\"url\":\"https:\/\/aldaia.es\/noticias\/es\/\",\"logo\":{\"@type\":\"ImageObject\",\"inLanguage\":\"es\",\"@id\":\"https:\/\/aldaia.es\/noticias\/es\/#\/schema\/logo\/image\/\",\"url\":\"https:\/\/aldaia.es\/noticias\/wp-content\/uploads\/2025\/05\/aldaia-noticias.jpg\",\"contentUrl\":\"https:\/\/aldaia.es\/noticias\/wp-content\/uploads\/2025\/05\/aldaia-noticias.jpg\",\"width\":512,\"height\":512,\"caption\":\"Noticias Aldaia\"},\"image\":{\"@id\":\"https:\/\/aldaia.es\/noticias\/es\/#\/schema\/logo\/image\/\"}},{\"@type\":\"Person\",\"@id\":\"https:\/\/aldaia.es\/noticias\/es\/#\/schema\/person\/4b9d33d0d77864dfe798033366a332f5\",\"name\":\"COMUNICACION\",\"url\":\"https:\/\/aldaia.es\/noticias\/es\/author\/comunicacion\/\"}]}<\/script>\n<!-- \/ Yoast SEO plugin. -->","yoast_head_json":{"title":"La II Feria animalista de Aldaia fomenta la solidaridad y convivencia - Noticias - Ayuntamiento de Aldaia","robots":{"index":"index","follow":"follow","max-snippet":"max-snippet:-1","max-image-preview":"max-image-preview:large","max-video-preview":"max-video-preview:-1"},"canonical":"https:\/\/aldaia.es\/noticias\/es\/la-ii-feria-animalista-de-aldaia-fomenta-la-solidaridad-y-convivencia\/","og_locale":"es_ES","og_type":"article","og_title":"La II Feria animalista de Aldaia fomenta la solidaridad y convivencia - Noticias - Ayuntamiento de Aldaia","og_description":"El pasado s\u00e1bado la plaza Europa de Aldaia acogi\u00f3 con gran \u00e9xito la II Feria Animalista con actividades, concursos, donaci...","og_url":"https:\/\/aldaia.es\/noticias\/es\/la-ii-feria-animalista-de-aldaia-fomenta-la-solidaridad-y-convivencia\/","og_site_name":"Noticias - Ayuntamiento de Aldaia","article_published_time":"2024-06-07T11:30:07+00:00","article_modified_time":"2025-05-20T08:46:12+00:00","og_image":[{"width":1168,"height":667,"url":"https:\/\/aldaia.es\/noticias\/wp-content\/uploads\/2024\/06\/resolbaja-1.png","type":"image\/png"}],"author":"COMUNICACION","twitter_card":"summary_large_image","twitter_misc":{"Escrito por":"COMUNICACION","Tiempo de lectura":"2 minutos"},"schema":{"@context":"https:\/\/schema.org","@graph":[{"@type":"Article","@id":"https:\/\/aldaia.es\/noticias\/es\/la-ii-feria-animalista-de-aldaia-fomenta-la-solidaridad-y-convivencia\/#article","isPartOf":{"@id":"https:\/\/aldaia.es\/noticias\/es\/la-ii-feria-animalista-de-aldaia-fomenta-la-solidaridad-y-convivencia\/"},"author":{"name":"COMUNICACION","@id":"https:\/\/aldaia.es\/noticias\/es\/#\/schema\/person\/4b9d33d0d77864dfe798033366a332f5"},"headline":"La II Feria animalista de Aldaia fomenta la solidaridad y convivencia","datePublished":"2024-06-07T11:30:07+00:00","dateModified":"2025-05-20T08:46:12+00:00","mainEntityOfPage":{"@id":"https:\/\/aldaia.es\/noticias\/es\/la-ii-feria-animalista-de-aldaia-fomenta-la-solidaridad-y-convivencia\/"},"wordCount":458,"publisher":{"@id":"https:\/\/aldaia.es\/noticias\/es\/#organization"},"image":{"@id":"https:\/\/aldaia.es\/noticias\/es\/la-ii-feria-animalista-de-aldaia-fomenta-la-solidaridad-y-convivencia\/#primaryimage"},"thumbnailUrl":"https:\/\/aldaia.es\/noticias\/wp-content\/uploads\/2024\/06\/resolbaja-1.png","articleSection":["Sanidad y bienestar animal"],"inLanguage":"es"},{"@type":"WebPage","@id":"https:\/\/aldaia.es\/noticias\/es\/la-ii-feria-animalista-de-aldaia-fomenta-la-solidaridad-y-convivencia\/","url":"https:\/\/aldaia.es\/noticias\/es\/la-ii-feria-animalista-de-aldaia-fomenta-la-solidaridad-y-convivencia\/","name":"La II Feria animalista de Aldaia fomenta la solidaridad y convivencia - Noticias - Ayuntamiento de Aldaia","isPartOf":{"@id":"https:\/\/aldaia.es\/noticias\/es\/#website"},"primaryImageOfPage":{"@id":"https:\/\/aldaia.es\/noticias\/es\/la-ii-feria-animalista-de-aldaia-fomenta-la-solidaridad-y-convivencia\/#primaryimage"},"image":{"@id":"https:\/\/aldaia.es\/noticias\/es\/la-ii-feria-animalista-de-aldaia-fomenta-la-solidaridad-y-convivencia\/#primaryimage"},"thumbnailUrl":"https:\/\/aldaia.es\/noticias\/wp-content\/uploads\/2024\/06\/resolbaja-1.png","datePublished":"2024-06-07T11:30:07+00:00","dateModified":"2025-05-20T08:46:12+00:00","breadcrumb":{"@id":"https:\/\/aldaia.es\/noticias\/es\/la-ii-feria-animalista-de-aldaia-fomenta-la-solidaridad-y-convivencia\/#breadcrumb"},"inLanguage":"es","potentialAction":[{"@type":"ReadAction","target":["https:\/\/aldaia.es\/noticias\/es\/la-ii-feria-animalista-de-aldaia-fomenta-la-solidaridad-y-convivencia\/"]}]},{"@type":"ImageObject","inLanguage":"es","@id":"https:\/\/aldaia.es\/noticias\/es\/la-ii-feria-animalista-de-aldaia-fomenta-la-solidaridad-y-convivencia\/#primaryimage","url":"https:\/\/aldaia.es\/noticias\/wp-content\/uploads\/2024\/06\/resolbaja-1.png","contentUrl":"https:\/\/aldaia.es\/noticias\/wp-content\/uploads\/2024\/06\/resolbaja-1.png","width":1168,"height":667},{"@type":"BreadcrumbList","@id":"https:\/\/aldaia.es\/noticias\/es\/la-ii-feria-animalista-de-aldaia-fomenta-la-solidaridad-y-convivencia\/#breadcrumb","itemListElement":[{"@type":"ListItem","position":1,"name":"Portada","item":"https:\/\/aldaia.es\/noticias\/es\/"},{"@type":"ListItem","position":2,"name":"La II Feria animalista de Aldaia fomenta la solidaridad y convivencia"}]},{"@type":"WebSite","@id":"https:\/\/aldaia.es\/noticias\/es\/#website","url":"https:\/\/aldaia.es\/noticias\/es\/","name":"Noticias Aldaia","description":"","publisher":{"@id":"https:\/\/aldaia.es\/noticias\/es\/#organization"},"potentialAction":[{"@type":"SearchAction","target":{"@type":"EntryPoint","urlTemplate":"https:\/\/aldaia.es\/noticias\/es\/?s={search_term_string}"},"query-input":{"@type":"PropertyValueSpecification","valueRequired":true,"valueName":"search_term_string"}}],"inLanguage":"es"},{"@type":"Organization","@id":"https:\/\/aldaia.es\/noticias\/es\/#organization","name":"Noticias Aldaia","url":"https:\/\/aldaia.es\/noticias\/es\/","logo":{"@type":"ImageObject","inLanguage":"es","@id":"https:\/\/aldaia.es\/noticias\/es\/#\/schema\/logo\/image\/","url":"https:\/\/aldaia.es\/noticias\/wp-content\/uploads\/2025\/05\/aldaia-noticias.jpg","contentUrl":"https:\/\/aldaia.es\/noticias\/wp-content\/uploads\/2025\/05\/aldaia-noticias.jpg","width":512,"height":512,"caption":"Noticias Aldaia"},"image":{"@id":"https:\/\/aldaia.es\/noticias\/es\/#\/schema\/logo\/image\/"}},{"@type":"Person","@id":"https:\/\/aldaia.es\/noticias\/es\/#\/schema\/person\/4b9d33d0d77864dfe798033366a332f5","name":"COMUNICACION","url":"https:\/\/aldaia.es\/noticias\/es\/author\/comunicacion\/"}]}},"_links":{"self":[{"href":"https:\/\/aldaia.es\/noticias\/es\/wp-json\/wp\/v2\/posts\/28420","targetHints":{"allow":["GET"]}}],"collection":[{"href":"https:\/\/aldaia.es\/noticias\/es\/wp-json\/wp\/v2\/posts"}],"about":[{"href":"https:\/\/aldaia.es\/noticias\/es\/wp-json\/wp\/v2\/types\/post"}],"author":[{"embeddable":true,"href":"https:\/\/aldaia.es\/noticias\/es\/wp-json\/wp\/v2\/users\/3"}],"replies":[{"embeddable":true,"href":"https:\/\/aldaia.es\/noticias\/es\/wp-json\/wp\/v2\/comments?post=28420"}],"version-history":[{"count":1,"href":"https:\/\/aldaia.es\/noticias\/es\/wp-json\/wp\/v2\/posts\/28420\/revisions"}],"predecessor-version":[{"id":34107,"href":"https:\/\/aldaia.es\/noticias\/es\/wp-json\/wp\/v2\/posts\/28420\/revisions\/34107"}],"wp:featuredmedia":[{"embeddable":true,"href":"https:\/\/aldaia.es\/noticias\/es\/wp-json\/wp\/v2\/media\/28418"}],"wp:attachment":[{"href":"https:\/\/aldaia.es\/noticias\/es\/wp-json\/wp\/v2\/media?parent=28420"}],"wp:term":[{"taxonomy":"category","embeddable":true,"href":"https:\/\/aldaia.es\/noticias\/es\/wp-json\/wp\/v2\/categories?post=28420"},{"taxonomy":"post_tag","embeddable":true,"href":"https:\/\/aldaia.es\/noticias\/es\/wp-json\/wp\/v2\/tags?post=28420"}],"curies":[{"name":"wp","href":"https:\/\/api.w.org\/{rel}","templated":true}]}}