{"id":28433,"date":"2024-06-11T09:44:45","date_gmt":"2024-06-11T07:44:45","guid":{"rendered":"https:\/\/aldaia.es\/2024\/06\/11\/aldaia-radio-a-escena-triunfa-en-su-primera-edicion\/"},"modified":"2025-05-20T10:39:59","modified_gmt":"2025-05-20T08:39:59","slug":"aldaia-radio-a-escena-triunfa-en-su-primera-edicion","status":"publish","type":"post","link":"https:\/\/aldaia.es\/noticias\/es\/aldaia-radio-a-escena-triunfa-en-su-primera-edicion\/","title":{"rendered":"\u2018Aldaia R\u00e0dio a escena\u2019 triunfa en su primera edici\u00f3n"},"content":{"rendered":"\n<p><strong><br>El p\u00fablico pudo re\u00edr, participar, aplaudir y ganar con la primera edici\u00f3n de la iniciativa de la emisora municipal \u2018Aldaia R\u00e0dio a escena\u2019, con m\u00e1s de 150 personas y el equipo del programa <em>Sense Filtres<\/em><\/strong><\/p>\n\n\n\n<p>Aldaia R\u00e0dio ha celebrado a lo grande la primera edici\u00f3n de <em>Aldaia R\u00e0dio a escena<\/em>, un ciclo de programas en vivo, con p\u00fablico y sobre el escenario del Teatre del Mercat donde se gener\u00f3 el mejor ambiente entre el equipo colaborador y un p\u00fablico entregado y con entrada libre. <em>Sense Filtre<\/em>s fue el primer programa en probar esta nueva opci\u00f3n de comunicaci\u00f3n de proximidad y participativa con el galardonado nadador aldaiero, Javi Catal\u00e0, como invitado especial.<\/p>\n\n\n\n<p>De este modo, el podcast arrancaba entre aplausos y con el conductor del espacio, Jordi Gadea, animando el p\u00fablico desde el primer momento. Seguidamente, junto al resto del equipo Ram\u00f3n Pages, Alberto Manzanera y Marieta Garc\u00eda, se dio paso a la entrevista, con su formato fresco y divertido. Despu\u00e9s hicieron part\u00edcipe al p\u00fablico eligiendo cinco preguntas que los asistentes hab\u00edan depositado previamente en una urna. En esa l\u00ednea de buen rollo se respondieron las preguntas, dirigidas al invitado o al equipo del programa, y entre las personas del p\u00fablico participantes se regalaron cinco entradas dobles para la pr\u00f3xima temporada del TAMA.<\/p>\n\n\n\n<p>El invitado del programa, Javi Catal\u00e0, respondiendo a todo el que se le preguntaba entre risas, improvis\u00f3 una demostraci\u00f3n en directo de algunos consejos de c\u00f3mo reaccionar en caso de que alguien entre en un paro card\u00edaco. El mismo Jordi se prest\u00f3 para la demostraci\u00f3n que se gan\u00f3 la gran ovaci\u00f3n del p\u00fablico.<\/p>\n\n\n\n<p>La pausa del podcast llegaba a ritmo de m\u00fasica en vivo, con el grupo <em>Sume <\/em> que cre\u00f3 un bonito ambiente con voz y guitarra. A continuaci\u00f3n, empez\u00f3 el concurso de adivinar series m\u00edticas de la televisi\u00f3n con solo las primeras notas de sus sinton\u00edas, y dos fueron las personas ganadoras de dos conjuntos de regalos de Aldaia R\u00e0dio entre los presentes. Finalmente, la iniciativa de la emisora municipal cumpl\u00eda expectativas, seg\u00fan la concejala, Laura Delgado: \u201cUn balance m\u00e1s que positivo, desde Aldaia R\u00e0dio, puesto que el objetivo era acercar a la gente a su emisora municipal y ofrecer nuevas formas de comunicaci\u00f3n divertidas, frescas y fomentando los mejores valores de nuestro pueblo. Todo un \u00e9xito que seguir\u00e1, esperamos, durante muchos a\u00f1os sobre el escenario del Teatre del Mercat\u201d.<\/p>\n","protected":false},"excerpt":{"rendered":"<p>El p\u00fablico pudo re\u00edr, participar, aplaudir y ganar con la primera edici\u00f3n de la iniciativa de la emisora municipal \u2018Alda&#8230;<\/p>\n","protected":false},"author":3,"featured_media":28430,"comment_status":"closed","ping_status":"closed","sticky":false,"template":"","format":"standard","meta":{"_acf_changed":false,"footnotes":""},"categories":[62],"tags":[],"class_list":["post-28433","post","type-post","status-publish","format-standard","has-post-thumbnail","hentry","category-radio-es"],"acf":[],"yoast_head":"<!-- This site is optimized with the Yoast SEO plugin v26.9 - https:\/\/yoast.com\/product\/yoast-seo-wordpress\/ -->\n<title>\u2018Aldaia R\u00e0dio a escena\u2019 triunfa en su primera edici\u00f3n - Noticias - Ayuntamiento de Aldaia<\/title>\n<meta name=\"robots\" content=\"index, follow, max-snippet:-1, max-image-preview:large, max-video-preview:-1\" \/>\n<link rel=\"canonical\" href=\"https:\/\/aldaia.es\/noticias\/es\/aldaia-radio-a-escena-triunfa-en-su-primera-edicion\/\" \/>\n<meta property=\"og:locale\" content=\"es_ES\" \/>\n<meta property=\"og:type\" content=\"article\" \/>\n<meta property=\"og:title\" content=\"\u2018Aldaia R\u00e0dio a escena\u2019 triunfa en su primera edici\u00f3n - Noticias - Ayuntamiento de Aldaia\" \/>\n<meta property=\"og:description\" content=\"El p\u00fablico pudo re\u00edr, participar, aplaudir y ganar con la primera edici\u00f3n de la iniciativa de la emisora municipal \u2018Alda...\" \/>\n<meta property=\"og:url\" content=\"https:\/\/aldaia.es\/noticias\/es\/aldaia-radio-a-escena-triunfa-en-su-primera-edicion\/\" \/>\n<meta property=\"og:site_name\" content=\"Noticias - Ayuntamiento de Aldaia\" \/>\n<meta property=\"article:published_time\" content=\"2024-06-11T07:44:45+00:00\" \/>\n<meta property=\"article:modified_time\" content=\"2025-05-20T08:39:59+00:00\" \/>\n<meta property=\"og:image\" content=\"https:\/\/aldaia.es\/noticias\/wp-content\/uploads\/2024\/06\/foto-ligth.png\" \/>\n\t<meta property=\"og:image:width\" content=\"1197\" \/>\n\t<meta property=\"og:image:height\" content=\"674\" \/>\n\t<meta property=\"og:image:type\" content=\"image\/png\" \/>\n<meta name=\"author\" content=\"COMUNICACION\" \/>\n<meta name=\"twitter:card\" content=\"summary_large_image\" \/>\n<meta name=\"twitter:label1\" content=\"Escrito por\" \/>\n\t<meta name=\"twitter:data1\" content=\"COMUNICACION\" \/>\n\t<meta name=\"twitter:label2\" content=\"Tiempo de lectura\" \/>\n\t<meta name=\"twitter:data2\" content=\"3 minutos\" \/>\n<script type=\"application\/ld+json\" class=\"yoast-schema-graph\">{\"@context\":\"https:\/\/schema.org\",\"@graph\":[{\"@type\":\"Article\",\"@id\":\"https:\/\/aldaia.es\/noticias\/es\/aldaia-radio-a-escena-triunfa-en-su-primera-edicion\/#article\",\"isPartOf\":{\"@id\":\"https:\/\/aldaia.es\/noticias\/es\/aldaia-radio-a-escena-triunfa-en-su-primera-edicion\/\"},\"author\":{\"name\":\"COMUNICACION\",\"@id\":\"https:\/\/aldaia.es\/noticias\/es\/#\/schema\/person\/4b9d33d0d77864dfe798033366a332f5\"},\"headline\":\"\u2018Aldaia R\u00e0dio a escena\u2019 triunfa en su primera edici\u00f3n\",\"datePublished\":\"2024-06-11T07:44:45+00:00\",\"dateModified\":\"2025-05-20T08:39:59+00:00\",\"mainEntityOfPage\":{\"@id\":\"https:\/\/aldaia.es\/noticias\/es\/aldaia-radio-a-escena-triunfa-en-su-primera-edicion\/\"},\"wordCount\":443,\"publisher\":{\"@id\":\"https:\/\/aldaia.es\/noticias\/es\/#organization\"},\"image\":{\"@id\":\"https:\/\/aldaia.es\/noticias\/es\/aldaia-radio-a-escena-triunfa-en-su-primera-edicion\/#primaryimage\"},\"thumbnailUrl\":\"https:\/\/aldaia.es\/noticias\/wp-content\/uploads\/2024\/06\/foto-ligth.png\",\"articleSection\":[\"Radio\"],\"inLanguage\":\"es\"},{\"@type\":\"WebPage\",\"@id\":\"https:\/\/aldaia.es\/noticias\/es\/aldaia-radio-a-escena-triunfa-en-su-primera-edicion\/\",\"url\":\"https:\/\/aldaia.es\/noticias\/es\/aldaia-radio-a-escena-triunfa-en-su-primera-edicion\/\",\"name\":\"\u2018Aldaia R\u00e0dio a escena\u2019 triunfa en su primera edici\u00f3n - Noticias - Ayuntamiento de Aldaia\",\"isPartOf\":{\"@id\":\"https:\/\/aldaia.es\/noticias\/es\/#website\"},\"primaryImageOfPage\":{\"@id\":\"https:\/\/aldaia.es\/noticias\/es\/aldaia-radio-a-escena-triunfa-en-su-primera-edicion\/#primaryimage\"},\"image\":{\"@id\":\"https:\/\/aldaia.es\/noticias\/es\/aldaia-radio-a-escena-triunfa-en-su-primera-edicion\/#primaryimage\"},\"thumbnailUrl\":\"https:\/\/aldaia.es\/noticias\/wp-content\/uploads\/2024\/06\/foto-ligth.png\",\"datePublished\":\"2024-06-11T07:44:45+00:00\",\"dateModified\":\"2025-05-20T08:39:59+00:00\",\"breadcrumb\":{\"@id\":\"https:\/\/aldaia.es\/noticias\/es\/aldaia-radio-a-escena-triunfa-en-su-primera-edicion\/#breadcrumb\"},\"inLanguage\":\"es\",\"potentialAction\":[{\"@type\":\"ReadAction\",\"target\":[\"https:\/\/aldaia.es\/noticias\/es\/aldaia-radio-a-escena-triunfa-en-su-primera-edicion\/\"]}]},{\"@type\":\"ImageObject\",\"inLanguage\":\"es\",\"@id\":\"https:\/\/aldaia.es\/noticias\/es\/aldaia-radio-a-escena-triunfa-en-su-primera-edicion\/#primaryimage\",\"url\":\"https:\/\/aldaia.es\/noticias\/wp-content\/uploads\/2024\/06\/foto-ligth.png\",\"contentUrl\":\"https:\/\/aldaia.es\/noticias\/wp-content\/uploads\/2024\/06\/foto-ligth.png\",\"width\":1197,\"height\":674},{\"@type\":\"BreadcrumbList\",\"@id\":\"https:\/\/aldaia.es\/noticias\/es\/aldaia-radio-a-escena-triunfa-en-su-primera-edicion\/#breadcrumb\",\"itemListElement\":[{\"@type\":\"ListItem\",\"position\":1,\"name\":\"Portada\",\"item\":\"https:\/\/aldaia.es\/noticias\/es\/\"},{\"@type\":\"ListItem\",\"position\":2,\"name\":\"\u2018Aldaia R\u00e0dio a escena\u2019 triunfa en su primera edici\u00f3n\"}]},{\"@type\":\"WebSite\",\"@id\":\"https:\/\/aldaia.es\/noticias\/es\/#website\",\"url\":\"https:\/\/aldaia.es\/noticias\/es\/\",\"name\":\"Noticias Aldaia\",\"description\":\"\",\"publisher\":{\"@id\":\"https:\/\/aldaia.es\/noticias\/es\/#organization\"},\"potentialAction\":[{\"@type\":\"SearchAction\",\"target\":{\"@type\":\"EntryPoint\",\"urlTemplate\":\"https:\/\/aldaia.es\/noticias\/es\/?s={search_term_string}\"},\"query-input\":{\"@type\":\"PropertyValueSpecification\",\"valueRequired\":true,\"valueName\":\"search_term_string\"}}],\"inLanguage\":\"es\"},{\"@type\":\"Organization\",\"@id\":\"https:\/\/aldaia.es\/noticias\/es\/#organization\",\"name\":\"Noticias Aldaia\",\"url\":\"https:\/\/aldaia.es\/noticias\/es\/\",\"logo\":{\"@type\":\"ImageObject\",\"inLanguage\":\"es\",\"@id\":\"https:\/\/aldaia.es\/noticias\/es\/#\/schema\/logo\/image\/\",\"url\":\"https:\/\/aldaia.es\/noticias\/wp-content\/uploads\/2025\/05\/aldaia-noticias.jpg\",\"contentUrl\":\"https:\/\/aldaia.es\/noticias\/wp-content\/uploads\/2025\/05\/aldaia-noticias.jpg\",\"width\":512,\"height\":512,\"caption\":\"Noticias Aldaia\"},\"image\":{\"@id\":\"https:\/\/aldaia.es\/noticias\/es\/#\/schema\/logo\/image\/\"}},{\"@type\":\"Person\",\"@id\":\"https:\/\/aldaia.es\/noticias\/es\/#\/schema\/person\/4b9d33d0d77864dfe798033366a332f5\",\"name\":\"COMUNICACION\",\"url\":\"https:\/\/aldaia.es\/noticias\/es\/author\/comunicacion\/\"}]}<\/script>\n<!-- \/ Yoast SEO plugin. -->","yoast_head_json":{"title":"\u2018Aldaia R\u00e0dio a escena\u2019 triunfa en su primera edici\u00f3n - Noticias - Ayuntamiento de Aldaia","robots":{"index":"index","follow":"follow","max-snippet":"max-snippet:-1","max-image-preview":"max-image-preview:large","max-video-preview":"max-video-preview:-1"},"canonical":"https:\/\/aldaia.es\/noticias\/es\/aldaia-radio-a-escena-triunfa-en-su-primera-edicion\/","og_locale":"es_ES","og_type":"article","og_title":"\u2018Aldaia R\u00e0dio a escena\u2019 triunfa en su primera edici\u00f3n - Noticias - Ayuntamiento de Aldaia","og_description":"El p\u00fablico pudo re\u00edr, participar, aplaudir y ganar con la primera edici\u00f3n de la iniciativa de la emisora municipal \u2018Alda...","og_url":"https:\/\/aldaia.es\/noticias\/es\/aldaia-radio-a-escena-triunfa-en-su-primera-edicion\/","og_site_name":"Noticias - Ayuntamiento de Aldaia","article_published_time":"2024-06-11T07:44:45+00:00","article_modified_time":"2025-05-20T08:39:59+00:00","og_image":[{"width":1197,"height":674,"url":"https:\/\/aldaia.es\/noticias\/wp-content\/uploads\/2024\/06\/foto-ligth.png","type":"image\/png"}],"author":"COMUNICACION","twitter_card":"summary_large_image","twitter_misc":{"Escrito por":"COMUNICACION","Tiempo de lectura":"3 minutos"},"schema":{"@context":"https:\/\/schema.org","@graph":[{"@type":"Article","@id":"https:\/\/aldaia.es\/noticias\/es\/aldaia-radio-a-escena-triunfa-en-su-primera-edicion\/#article","isPartOf":{"@id":"https:\/\/aldaia.es\/noticias\/es\/aldaia-radio-a-escena-triunfa-en-su-primera-edicion\/"},"author":{"name":"COMUNICACION","@id":"https:\/\/aldaia.es\/noticias\/es\/#\/schema\/person\/4b9d33d0d77864dfe798033366a332f5"},"headline":"\u2018Aldaia R\u00e0dio a escena\u2019 triunfa en su primera edici\u00f3n","datePublished":"2024-06-11T07:44:45+00:00","dateModified":"2025-05-20T08:39:59+00:00","mainEntityOfPage":{"@id":"https:\/\/aldaia.es\/noticias\/es\/aldaia-radio-a-escena-triunfa-en-su-primera-edicion\/"},"wordCount":443,"publisher":{"@id":"https:\/\/aldaia.es\/noticias\/es\/#organization"},"image":{"@id":"https:\/\/aldaia.es\/noticias\/es\/aldaia-radio-a-escena-triunfa-en-su-primera-edicion\/#primaryimage"},"thumbnailUrl":"https:\/\/aldaia.es\/noticias\/wp-content\/uploads\/2024\/06\/foto-ligth.png","articleSection":["Radio"],"inLanguage":"es"},{"@type":"WebPage","@id":"https:\/\/aldaia.es\/noticias\/es\/aldaia-radio-a-escena-triunfa-en-su-primera-edicion\/","url":"https:\/\/aldaia.es\/noticias\/es\/aldaia-radio-a-escena-triunfa-en-su-primera-edicion\/","name":"\u2018Aldaia R\u00e0dio a escena\u2019 triunfa en su primera edici\u00f3n - Noticias - Ayuntamiento de Aldaia","isPartOf":{"@id":"https:\/\/aldaia.es\/noticias\/es\/#website"},"primaryImageOfPage":{"@id":"https:\/\/aldaia.es\/noticias\/es\/aldaia-radio-a-escena-triunfa-en-su-primera-edicion\/#primaryimage"},"image":{"@id":"https:\/\/aldaia.es\/noticias\/es\/aldaia-radio-a-escena-triunfa-en-su-primera-edicion\/#primaryimage"},"thumbnailUrl":"https:\/\/aldaia.es\/noticias\/wp-content\/uploads\/2024\/06\/foto-ligth.png","datePublished":"2024-06-11T07:44:45+00:00","dateModified":"2025-05-20T08:39:59+00:00","breadcrumb":{"@id":"https:\/\/aldaia.es\/noticias\/es\/aldaia-radio-a-escena-triunfa-en-su-primera-edicion\/#breadcrumb"},"inLanguage":"es","potentialAction":[{"@type":"ReadAction","target":["https:\/\/aldaia.es\/noticias\/es\/aldaia-radio-a-escena-triunfa-en-su-primera-edicion\/"]}]},{"@type":"ImageObject","inLanguage":"es","@id":"https:\/\/aldaia.es\/noticias\/es\/aldaia-radio-a-escena-triunfa-en-su-primera-edicion\/#primaryimage","url":"https:\/\/aldaia.es\/noticias\/wp-content\/uploads\/2024\/06\/foto-ligth.png","contentUrl":"https:\/\/aldaia.es\/noticias\/wp-content\/uploads\/2024\/06\/foto-ligth.png","width":1197,"height":674},{"@type":"BreadcrumbList","@id":"https:\/\/aldaia.es\/noticias\/es\/aldaia-radio-a-escena-triunfa-en-su-primera-edicion\/#breadcrumb","itemListElement":[{"@type":"ListItem","position":1,"name":"Portada","item":"https:\/\/aldaia.es\/noticias\/es\/"},{"@type":"ListItem","position":2,"name":"\u2018Aldaia R\u00e0dio a escena\u2019 triunfa en su primera edici\u00f3n"}]},{"@type":"WebSite","@id":"https:\/\/aldaia.es\/noticias\/es\/#website","url":"https:\/\/aldaia.es\/noticias\/es\/","name":"Noticias Aldaia","description":"","publisher":{"@id":"https:\/\/aldaia.es\/noticias\/es\/#organization"},"potentialAction":[{"@type":"SearchAction","target":{"@type":"EntryPoint","urlTemplate":"https:\/\/aldaia.es\/noticias\/es\/?s={search_term_string}"},"query-input":{"@type":"PropertyValueSpecification","valueRequired":true,"valueName":"search_term_string"}}],"inLanguage":"es"},{"@type":"Organization","@id":"https:\/\/aldaia.es\/noticias\/es\/#organization","name":"Noticias Aldaia","url":"https:\/\/aldaia.es\/noticias\/es\/","logo":{"@type":"ImageObject","inLanguage":"es","@id":"https:\/\/aldaia.es\/noticias\/es\/#\/schema\/logo\/image\/","url":"https:\/\/aldaia.es\/noticias\/wp-content\/uploads\/2025\/05\/aldaia-noticias.jpg","contentUrl":"https:\/\/aldaia.es\/noticias\/wp-content\/uploads\/2025\/05\/aldaia-noticias.jpg","width":512,"height":512,"caption":"Noticias Aldaia"},"image":{"@id":"https:\/\/aldaia.es\/noticias\/es\/#\/schema\/logo\/image\/"}},{"@type":"Person","@id":"https:\/\/aldaia.es\/noticias\/es\/#\/schema\/person\/4b9d33d0d77864dfe798033366a332f5","name":"COMUNICACION","url":"https:\/\/aldaia.es\/noticias\/es\/author\/comunicacion\/"}]}},"_links":{"self":[{"href":"https:\/\/aldaia.es\/noticias\/es\/wp-json\/wp\/v2\/posts\/28433","targetHints":{"allow":["GET"]}}],"collection":[{"href":"https:\/\/aldaia.es\/noticias\/es\/wp-json\/wp\/v2\/posts"}],"about":[{"href":"https:\/\/aldaia.es\/noticias\/es\/wp-json\/wp\/v2\/types\/post"}],"author":[{"embeddable":true,"href":"https:\/\/aldaia.es\/noticias\/es\/wp-json\/wp\/v2\/users\/3"}],"replies":[{"embeddable":true,"href":"https:\/\/aldaia.es\/noticias\/es\/wp-json\/wp\/v2\/comments?post=28433"}],"version-history":[{"count":1,"href":"https:\/\/aldaia.es\/noticias\/es\/wp-json\/wp\/v2\/posts\/28433\/revisions"}],"predecessor-version":[{"id":37352,"href":"https:\/\/aldaia.es\/noticias\/es\/wp-json\/wp\/v2\/posts\/28433\/revisions\/37352"}],"wp:featuredmedia":[{"embeddable":true,"href":"https:\/\/aldaia.es\/noticias\/es\/wp-json\/wp\/v2\/media\/28430"}],"wp:attachment":[{"href":"https:\/\/aldaia.es\/noticias\/es\/wp-json\/wp\/v2\/media?parent=28433"}],"wp:term":[{"taxonomy":"category","embeddable":true,"href":"https:\/\/aldaia.es\/noticias\/es\/wp-json\/wp\/v2\/categories?post=28433"},{"taxonomy":"post_tag","embeddable":true,"href":"https:\/\/aldaia.es\/noticias\/es\/wp-json\/wp\/v2\/tags?post=28433"}],"curies":[{"name":"wp","href":"https:\/\/api.w.org\/{rel}","templated":true}]}}