{"id":28487,"date":"2024-06-14T11:07:00","date_gmt":"2024-06-14T09:07:00","guid":{"rendered":"https:\/\/aldaia.es\/2024\/06\/14\/aldaia-rinde-homenaje-a-juan-sanchez\/"},"modified":"2025-05-19T12:55:35","modified_gmt":"2025-05-19T10:55:35","slug":"aldaia-rinde-homenaje-a-juan-sanchez","status":"publish","type":"post","link":"https:\/\/aldaia.es\/noticias\/es\/aldaia-rinde-homenaje-a-juan-sanchez\/","title":{"rendered":"Aldaia rinde homenaje a Juan S\u00e1nchez"},"content":{"rendered":"\n<p>El Teatro Auditorio Municipal TAMA de Aldaia vivi\u00f3 una gala de gran emoci\u00f3n con el homenaje al que fuera uno de los protagonistas de la \u00e9poca dorada del Valencia CF, entre 1999 y 2004, Juan S\u00e1nchez el \u201cRomario de Aldaia\u201d.<\/p>\n\n<p>El periodista Fran Guaita, y amigo de S\u00e1nchez, ide\u00f3 la fiesta tras meses de trabajo de campo y redacci\u00f3n del libro biogr\u00e0fico \u2018Juan\u2019 que se present\u00f3 entre sorpresas y emociones para el futbolista que no pudo evitar las l\u00e1grimas, especialmente al recordar a su familia en aquellos a\u00f1os: \u201cA m\u00ed s\u00f3lo se me ocurre \u2018gracias\u2019. Gracias a todo el mundo. Creo que no tendr\u00e9 vida para poder agradecer todo el cari\u00f1o\u2026\u201d. S\u00e1nchez arranc\u00f3 varias largas y sentidas ovaciones del p\u00fablico.<\/p>\n\n<p>En el evento, de puertas abiertas, se proyectaron im\u00e1genes de toda una trayectoria, as\u00ed como del avance de una localidad en crecimiento, y v\u00eddeos de amigos y compa\u00f1eros, y se realizaron entrevistas in situ a personas importantes en la vida de Juan como su profesor de la infancia, el exfutbolista m\u00edtico tambi\u00e9n de Aldaia, Vicente Guillot, o sus hijas.<\/p>\n\n<p>El colof\u00f3n era, por tanto, la presentaci\u00f3n del libro que recoge la biograf\u00eda del delantero aldaiero, una obra \u201cimprescindible\u201d para todos aquellos que han disfrutado con los goles de S\u00e1nchez.<\/p>\n\n<p>El alcalde de Aldaia, Guillermo Luj\u00e1n, cerraba con palabras de admiraci\u00f3n y agradecimiento invitando a la lectura del libro y alabando \u201cla humildad y el ser siempre con orgullo de Aldaia\u201d. El libro, editado por el ayuntamiento, se reparti\u00f3 de manera gratuita entre los asistentes.<\/p>\n\n<p>Finalmente, la fiesta terminaba con m\u00fasica en directo y unas largas colas para recoger la firma de su protagonista en su libro, que ya pasa a recoger parte importante de la historia de Aldaia.<\/p>\n","protected":false},"excerpt":{"rendered":"<p>El Teatro Auditorio Municipal TAMA de Aldaia vivi\u00f3 una gala de gran emoci\u00f3n con el homenaje al que fuera uno de los protago&#8230;<\/p>\n","protected":false},"author":2,"featured_media":28484,"comment_status":"closed","ping_status":"closed","sticky":false,"template":"","format":"standard","meta":{"_acf_changed":false,"footnotes":""},"categories":[34],"tags":[],"class_list":["post-28487","post","type-post","status-publish","format-standard","has-post-thumbnail","hentry","category-deportes"],"acf":[],"yoast_head":"<!-- This site is optimized with the Yoast SEO plugin v26.9 - https:\/\/yoast.com\/product\/yoast-seo-wordpress\/ -->\n<title>Aldaia rinde homenaje a Juan S\u00e1nchez - Noticias - Ayuntamiento de Aldaia<\/title>\n<meta name=\"description\" content=\"La localidad natal del ex jugador del Valencia CF y la selecci\u00f3n espa\u00f1ola se emociona junto con al aldaiero en la presentaci\u00f3n de su biograf\u00eda \u2018Juan\u2019, del periodista y tambi\u00e9n de Aldaia, Fran Guaita\" \/>\n<meta name=\"robots\" content=\"index, follow, max-snippet:-1, max-image-preview:large, max-video-preview:-1\" \/>\n<link rel=\"canonical\" href=\"https:\/\/aldaia.es\/noticias\/es\/aldaia-rinde-homenaje-a-juan-sanchez\/\" \/>\n<meta property=\"og:locale\" content=\"es_ES\" \/>\n<meta property=\"og:type\" content=\"article\" \/>\n<meta property=\"og:title\" content=\"Aldaia rinde homenaje a Juan S\u00e1nchez - Noticias - Ayuntamiento de Aldaia\" \/>\n<meta property=\"og:description\" content=\"La localidad natal del ex jugador del Valencia CF y la selecci\u00f3n espa\u00f1ola se emociona junto con al aldaiero en la presentaci\u00f3n de su biograf\u00eda \u2018Juan\u2019, del periodista y tambi\u00e9n de Aldaia, Fran Guaita\" \/>\n<meta property=\"og:url\" content=\"https:\/\/aldaia.es\/noticias\/es\/aldaia-rinde-homenaje-a-juan-sanchez\/\" \/>\n<meta property=\"og:site_name\" content=\"Noticias - Ayuntamiento de Aldaia\" \/>\n<meta property=\"article:published_time\" content=\"2024-06-14T09:07:00+00:00\" \/>\n<meta property=\"article:modified_time\" content=\"2025-05-19T10:55:35+00:00\" \/>\n<meta property=\"og:image\" content=\"https:\/\/aldaia.es\/noticias\/wp-content\/uploads\/2024\/06\/Homenaje-Sanchez-OK.jpg\" \/>\n\t<meta property=\"og:image:width\" content=\"1200\" \/>\n\t<meta property=\"og:image:height\" content=\"1600\" \/>\n\t<meta property=\"og:image:type\" content=\"image\/jpeg\" \/>\n<meta name=\"author\" content=\"prensa\" \/>\n<meta name=\"twitter:card\" content=\"summary_large_image\" \/>\n<meta name=\"twitter:label1\" content=\"Escrito por\" \/>\n\t<meta name=\"twitter:data1\" content=\"prensa\" \/>\n\t<meta name=\"twitter:label2\" content=\"Tiempo de lectura\" \/>\n\t<meta name=\"twitter:data2\" content=\"2 minutos\" \/>\n<script type=\"application\/ld+json\" class=\"yoast-schema-graph\">{\"@context\":\"https:\/\/schema.org\",\"@graph\":[{\"@type\":\"Article\",\"@id\":\"https:\/\/aldaia.es\/noticias\/es\/aldaia-rinde-homenaje-a-juan-sanchez\/#article\",\"isPartOf\":{\"@id\":\"https:\/\/aldaia.es\/noticias\/es\/aldaia-rinde-homenaje-a-juan-sanchez\/\"},\"author\":{\"name\":\"prensa\",\"@id\":\"https:\/\/aldaia.es\/noticias\/es\/#\/schema\/person\/736bf474749673d55971dc81c4553f7e\"},\"headline\":\"Aldaia rinde homenaje a Juan S\u00e1nchez\",\"datePublished\":\"2024-06-14T09:07:00+00:00\",\"dateModified\":\"2025-05-19T10:55:35+00:00\",\"mainEntityOfPage\":{\"@id\":\"https:\/\/aldaia.es\/noticias\/es\/aldaia-rinde-homenaje-a-juan-sanchez\/\"},\"wordCount\":316,\"publisher\":{\"@id\":\"https:\/\/aldaia.es\/noticias\/es\/#organization\"},\"image\":{\"@id\":\"https:\/\/aldaia.es\/noticias\/es\/aldaia-rinde-homenaje-a-juan-sanchez\/#primaryimage\"},\"thumbnailUrl\":\"https:\/\/aldaia.es\/noticias\/wp-content\/uploads\/2024\/06\/Homenaje-Sanchez-OK.jpg\",\"articleSection\":[\"Deportes\"],\"inLanguage\":\"es\"},{\"@type\":\"WebPage\",\"@id\":\"https:\/\/aldaia.es\/noticias\/es\/aldaia-rinde-homenaje-a-juan-sanchez\/\",\"url\":\"https:\/\/aldaia.es\/noticias\/es\/aldaia-rinde-homenaje-a-juan-sanchez\/\",\"name\":\"Aldaia rinde homenaje a Juan S\u00e1nchez - Noticias - Ayuntamiento de Aldaia\",\"isPartOf\":{\"@id\":\"https:\/\/aldaia.es\/noticias\/es\/#website\"},\"primaryImageOfPage\":{\"@id\":\"https:\/\/aldaia.es\/noticias\/es\/aldaia-rinde-homenaje-a-juan-sanchez\/#primaryimage\"},\"image\":{\"@id\":\"https:\/\/aldaia.es\/noticias\/es\/aldaia-rinde-homenaje-a-juan-sanchez\/#primaryimage\"},\"thumbnailUrl\":\"https:\/\/aldaia.es\/noticias\/wp-content\/uploads\/2024\/06\/Homenaje-Sanchez-OK.jpg\",\"datePublished\":\"2024-06-14T09:07:00+00:00\",\"dateModified\":\"2025-05-19T10:55:35+00:00\",\"description\":\"La localidad natal del ex jugador del Valencia CF y la selecci\u00f3n espa\u00f1ola se emociona junto con al aldaiero en la presentaci\u00f3n de su biograf\u00eda \u2018Juan\u2019, del periodista y tambi\u00e9n de Aldaia, Fran Guaita\",\"breadcrumb\":{\"@id\":\"https:\/\/aldaia.es\/noticias\/es\/aldaia-rinde-homenaje-a-juan-sanchez\/#breadcrumb\"},\"inLanguage\":\"es\",\"potentialAction\":[{\"@type\":\"ReadAction\",\"target\":[\"https:\/\/aldaia.es\/noticias\/es\/aldaia-rinde-homenaje-a-juan-sanchez\/\"]}]},{\"@type\":\"ImageObject\",\"inLanguage\":\"es\",\"@id\":\"https:\/\/aldaia.es\/noticias\/es\/aldaia-rinde-homenaje-a-juan-sanchez\/#primaryimage\",\"url\":\"https:\/\/aldaia.es\/noticias\/wp-content\/uploads\/2024\/06\/Homenaje-Sanchez-OK.jpg\",\"contentUrl\":\"https:\/\/aldaia.es\/noticias\/wp-content\/uploads\/2024\/06\/Homenaje-Sanchez-OK.jpg\",\"width\":1200,\"height\":1600},{\"@type\":\"BreadcrumbList\",\"@id\":\"https:\/\/aldaia.es\/noticias\/es\/aldaia-rinde-homenaje-a-juan-sanchez\/#breadcrumb\",\"itemListElement\":[{\"@type\":\"ListItem\",\"position\":1,\"name\":\"Portada\",\"item\":\"https:\/\/aldaia.es\/noticias\/es\/\"},{\"@type\":\"ListItem\",\"position\":2,\"name\":\"Aldaia rinde homenaje a Juan S\u00e1nchez\"}]},{\"@type\":\"WebSite\",\"@id\":\"https:\/\/aldaia.es\/noticias\/es\/#website\",\"url\":\"https:\/\/aldaia.es\/noticias\/es\/\",\"name\":\"Noticias Aldaia\",\"description\":\"\",\"publisher\":{\"@id\":\"https:\/\/aldaia.es\/noticias\/es\/#organization\"},\"potentialAction\":[{\"@type\":\"SearchAction\",\"target\":{\"@type\":\"EntryPoint\",\"urlTemplate\":\"https:\/\/aldaia.es\/noticias\/es\/?s={search_term_string}\"},\"query-input\":{\"@type\":\"PropertyValueSpecification\",\"valueRequired\":true,\"valueName\":\"search_term_string\"}}],\"inLanguage\":\"es\"},{\"@type\":\"Organization\",\"@id\":\"https:\/\/aldaia.es\/noticias\/es\/#organization\",\"name\":\"Noticias Aldaia\",\"url\":\"https:\/\/aldaia.es\/noticias\/es\/\",\"logo\":{\"@type\":\"ImageObject\",\"inLanguage\":\"es\",\"@id\":\"https:\/\/aldaia.es\/noticias\/es\/#\/schema\/logo\/image\/\",\"url\":\"https:\/\/aldaia.es\/noticias\/wp-content\/uploads\/2025\/05\/aldaia-noticias.jpg\",\"contentUrl\":\"https:\/\/aldaia.es\/noticias\/wp-content\/uploads\/2025\/05\/aldaia-noticias.jpg\",\"width\":512,\"height\":512,\"caption\":\"Noticias Aldaia\"},\"image\":{\"@id\":\"https:\/\/aldaia.es\/noticias\/es\/#\/schema\/logo\/image\/\"}},{\"@type\":\"Person\",\"@id\":\"https:\/\/aldaia.es\/noticias\/es\/#\/schema\/person\/736bf474749673d55971dc81c4553f7e\",\"name\":\"prensa\",\"url\":\"https:\/\/aldaia.es\/noticias\/es\/author\/prensa\/\"}]}<\/script>\n<!-- \/ Yoast SEO plugin. -->","yoast_head_json":{"title":"Aldaia rinde homenaje a Juan S\u00e1nchez - Noticias - Ayuntamiento de Aldaia","description":"La localidad natal del ex jugador del Valencia CF y la selecci\u00f3n espa\u00f1ola se emociona junto con al aldaiero en la presentaci\u00f3n de su biograf\u00eda \u2018Juan\u2019, del periodista y tambi\u00e9n de Aldaia, Fran Guaita","robots":{"index":"index","follow":"follow","max-snippet":"max-snippet:-1","max-image-preview":"max-image-preview:large","max-video-preview":"max-video-preview:-1"},"canonical":"https:\/\/aldaia.es\/noticias\/es\/aldaia-rinde-homenaje-a-juan-sanchez\/","og_locale":"es_ES","og_type":"article","og_title":"Aldaia rinde homenaje a Juan S\u00e1nchez - Noticias - Ayuntamiento de Aldaia","og_description":"La localidad natal del ex jugador del Valencia CF y la selecci\u00f3n espa\u00f1ola se emociona junto con al aldaiero en la presentaci\u00f3n de su biograf\u00eda \u2018Juan\u2019, del periodista y tambi\u00e9n de Aldaia, Fran Guaita","og_url":"https:\/\/aldaia.es\/noticias\/es\/aldaia-rinde-homenaje-a-juan-sanchez\/","og_site_name":"Noticias - Ayuntamiento de Aldaia","article_published_time":"2024-06-14T09:07:00+00:00","article_modified_time":"2025-05-19T10:55:35+00:00","og_image":[{"width":1200,"height":1600,"url":"https:\/\/aldaia.es\/noticias\/wp-content\/uploads\/2024\/06\/Homenaje-Sanchez-OK.jpg","type":"image\/jpeg"}],"author":"prensa","twitter_card":"summary_large_image","twitter_misc":{"Escrito por":"prensa","Tiempo de lectura":"2 minutos"},"schema":{"@context":"https:\/\/schema.org","@graph":[{"@type":"Article","@id":"https:\/\/aldaia.es\/noticias\/es\/aldaia-rinde-homenaje-a-juan-sanchez\/#article","isPartOf":{"@id":"https:\/\/aldaia.es\/noticias\/es\/aldaia-rinde-homenaje-a-juan-sanchez\/"},"author":{"name":"prensa","@id":"https:\/\/aldaia.es\/noticias\/es\/#\/schema\/person\/736bf474749673d55971dc81c4553f7e"},"headline":"Aldaia rinde homenaje a Juan S\u00e1nchez","datePublished":"2024-06-14T09:07:00+00:00","dateModified":"2025-05-19T10:55:35+00:00","mainEntityOfPage":{"@id":"https:\/\/aldaia.es\/noticias\/es\/aldaia-rinde-homenaje-a-juan-sanchez\/"},"wordCount":316,"publisher":{"@id":"https:\/\/aldaia.es\/noticias\/es\/#organization"},"image":{"@id":"https:\/\/aldaia.es\/noticias\/es\/aldaia-rinde-homenaje-a-juan-sanchez\/#primaryimage"},"thumbnailUrl":"https:\/\/aldaia.es\/noticias\/wp-content\/uploads\/2024\/06\/Homenaje-Sanchez-OK.jpg","articleSection":["Deportes"],"inLanguage":"es"},{"@type":"WebPage","@id":"https:\/\/aldaia.es\/noticias\/es\/aldaia-rinde-homenaje-a-juan-sanchez\/","url":"https:\/\/aldaia.es\/noticias\/es\/aldaia-rinde-homenaje-a-juan-sanchez\/","name":"Aldaia rinde homenaje a Juan S\u00e1nchez - Noticias - Ayuntamiento de Aldaia","isPartOf":{"@id":"https:\/\/aldaia.es\/noticias\/es\/#website"},"primaryImageOfPage":{"@id":"https:\/\/aldaia.es\/noticias\/es\/aldaia-rinde-homenaje-a-juan-sanchez\/#primaryimage"},"image":{"@id":"https:\/\/aldaia.es\/noticias\/es\/aldaia-rinde-homenaje-a-juan-sanchez\/#primaryimage"},"thumbnailUrl":"https:\/\/aldaia.es\/noticias\/wp-content\/uploads\/2024\/06\/Homenaje-Sanchez-OK.jpg","datePublished":"2024-06-14T09:07:00+00:00","dateModified":"2025-05-19T10:55:35+00:00","description":"La localidad natal del ex jugador del Valencia CF y la selecci\u00f3n espa\u00f1ola se emociona junto con al aldaiero en la presentaci\u00f3n de su biograf\u00eda \u2018Juan\u2019, del periodista y tambi\u00e9n de Aldaia, Fran Guaita","breadcrumb":{"@id":"https:\/\/aldaia.es\/noticias\/es\/aldaia-rinde-homenaje-a-juan-sanchez\/#breadcrumb"},"inLanguage":"es","potentialAction":[{"@type":"ReadAction","target":["https:\/\/aldaia.es\/noticias\/es\/aldaia-rinde-homenaje-a-juan-sanchez\/"]}]},{"@type":"ImageObject","inLanguage":"es","@id":"https:\/\/aldaia.es\/noticias\/es\/aldaia-rinde-homenaje-a-juan-sanchez\/#primaryimage","url":"https:\/\/aldaia.es\/noticias\/wp-content\/uploads\/2024\/06\/Homenaje-Sanchez-OK.jpg","contentUrl":"https:\/\/aldaia.es\/noticias\/wp-content\/uploads\/2024\/06\/Homenaje-Sanchez-OK.jpg","width":1200,"height":1600},{"@type":"BreadcrumbList","@id":"https:\/\/aldaia.es\/noticias\/es\/aldaia-rinde-homenaje-a-juan-sanchez\/#breadcrumb","itemListElement":[{"@type":"ListItem","position":1,"name":"Portada","item":"https:\/\/aldaia.es\/noticias\/es\/"},{"@type":"ListItem","position":2,"name":"Aldaia rinde homenaje a Juan S\u00e1nchez"}]},{"@type":"WebSite","@id":"https:\/\/aldaia.es\/noticias\/es\/#website","url":"https:\/\/aldaia.es\/noticias\/es\/","name":"Noticias Aldaia","description":"","publisher":{"@id":"https:\/\/aldaia.es\/noticias\/es\/#organization"},"potentialAction":[{"@type":"SearchAction","target":{"@type":"EntryPoint","urlTemplate":"https:\/\/aldaia.es\/noticias\/es\/?s={search_term_string}"},"query-input":{"@type":"PropertyValueSpecification","valueRequired":true,"valueName":"search_term_string"}}],"inLanguage":"es"},{"@type":"Organization","@id":"https:\/\/aldaia.es\/noticias\/es\/#organization","name":"Noticias Aldaia","url":"https:\/\/aldaia.es\/noticias\/es\/","logo":{"@type":"ImageObject","inLanguage":"es","@id":"https:\/\/aldaia.es\/noticias\/es\/#\/schema\/logo\/image\/","url":"https:\/\/aldaia.es\/noticias\/wp-content\/uploads\/2025\/05\/aldaia-noticias.jpg","contentUrl":"https:\/\/aldaia.es\/noticias\/wp-content\/uploads\/2025\/05\/aldaia-noticias.jpg","width":512,"height":512,"caption":"Noticias Aldaia"},"image":{"@id":"https:\/\/aldaia.es\/noticias\/es\/#\/schema\/logo\/image\/"}},{"@type":"Person","@id":"https:\/\/aldaia.es\/noticias\/es\/#\/schema\/person\/736bf474749673d55971dc81c4553f7e","name":"prensa","url":"https:\/\/aldaia.es\/noticias\/es\/author\/prensa\/"}]}},"_links":{"self":[{"href":"https:\/\/aldaia.es\/noticias\/es\/wp-json\/wp\/v2\/posts\/28487","targetHints":{"allow":["GET"]}}],"collection":[{"href":"https:\/\/aldaia.es\/noticias\/es\/wp-json\/wp\/v2\/posts"}],"about":[{"href":"https:\/\/aldaia.es\/noticias\/es\/wp-json\/wp\/v2\/types\/post"}],"author":[{"embeddable":true,"href":"https:\/\/aldaia.es\/noticias\/es\/wp-json\/wp\/v2\/users\/2"}],"replies":[{"embeddable":true,"href":"https:\/\/aldaia.es\/noticias\/es\/wp-json\/wp\/v2\/comments?post=28487"}],"version-history":[{"count":1,"href":"https:\/\/aldaia.es\/noticias\/es\/wp-json\/wp\/v2\/posts\/28487\/revisions"}],"predecessor-version":[{"id":36373,"href":"https:\/\/aldaia.es\/noticias\/es\/wp-json\/wp\/v2\/posts\/28487\/revisions\/36373"}],"wp:featuredmedia":[{"embeddable":true,"href":"https:\/\/aldaia.es\/noticias\/es\/wp-json\/wp\/v2\/media\/28484"}],"wp:attachment":[{"href":"https:\/\/aldaia.es\/noticias\/es\/wp-json\/wp\/v2\/media?parent=28487"}],"wp:term":[{"taxonomy":"category","embeddable":true,"href":"https:\/\/aldaia.es\/noticias\/es\/wp-json\/wp\/v2\/categories?post=28487"},{"taxonomy":"post_tag","embeddable":true,"href":"https:\/\/aldaia.es\/noticias\/es\/wp-json\/wp\/v2\/tags?post=28487"}],"curies":[{"name":"wp","href":"https:\/\/api.w.org\/{rel}","templated":true}]}}