{"id":28713,"date":"2024-06-20T10:13:51","date_gmt":"2024-06-20T08:13:51","guid":{"rendered":"https:\/\/aldaia.es\/2024\/06\/20\/aldaia-pide-a-la-generalitat-que-desbloquee-el-proyecto-de-desvio-del-barranco-de-la-saleta-para-evitar-futuros-danos-personales\/"},"modified":"2025-05-20T11:05:18","modified_gmt":"2025-05-20T09:05:18","slug":"aldaia-pide-a-la-generalitat-que-desbloquee-el-proyecto-de-desvio-del-barranco-de-la-saleta-para-evitar-futuros-danos-personales","status":"publish","type":"post","link":"https:\/\/aldaia.es\/noticias\/es\/aldaia-pide-a-la-generalitat-que-desbloquee-el-proyecto-de-desvio-del-barranco-de-la-saleta-para-evitar-futuros-danos-personales\/","title":{"rendered":"Aldaia pide a la Generalitat que desbloquee el proyecto de desv\u00edo del barranco de la Saleta \u201cpara evitar futuros da\u00f1os personales\u201d"},"content":{"rendered":"\n<p>El pleno municipal aprob\u00f3 en el pleno municipal celebrado el pasado 28 de mayo una moci\u00f3n a trav\u00e9s de la cual solicitan a la Generalitat Valenciana que desbloquee el proyecto de desv\u00edo definitivo del barranco de la Saleta. En este sentido, explican que la zona urbana de Aldaia se ha visto \u201chist\u00f3ricamente afectada por el desbordamiento de este barranco\u201d, y se\u00f1alan que los problemas de este cauce \u201caparecen ya en su cabecera\u201d, donde se incorporan los caudales del barranco del Pozalet en periodo de inundaciones. As\u00ed, -contin\u00faan- \u201cson frecuentes los desbordamientos junto al eje del Distribuidor Comarcal Sur (CV-33) y zonas anexas\u201d. Aguas abajo de este punto, el barranco \u201cpenetra en el casco urbano de Aldaia\u201d, donde acaba perdiendo por completo el cauce, \u201clo cual provoca frecuentes y graves inundaciones en este municipio\u201d, de ocurrencia casi anual.<\/p>\n\n<p>A este respecto, destacan que, tanto la Confederaci\u00f3n Hidrogr\u00e1fica del J\u00facar como la Generalitat Valenciana, han dedicado \u201cnumerosos esfuerzos\u201d en el estudio de la problem\u00e1tica y la propuesta de soluciones para reducir el riesgo de inundaci\u00f3n. As\u00ed, en marzo de 2021, la Confederaci\u00f3n inici\u00f3 la redacci\u00f3n del proyecto \u201cAcondicionamiento del barranco de la Saleta tramo Aldaia \u2013 Nuevo lecho del Turia\u00bb, con el objetivo obtener un documento actualizado que incluyera el drenaje completo del barranco de la Saleta desde su cruce con la A-3 hasta el nuevo cauce del r\u00edo Turia. Este proyecto actualiza, integra y adec\u00faa a la normativa vigente las propuestas aprobadas a\u00f1os atr\u00e1s \u00abV\u00eda verde Xirivella \u2013 nuevo lecho del Turia\u00bb, -redactada por la Generalitat Valenciana en 2006-, y \u00abDrenaje del barranco de la Saleta a su paso por Aldaia y Quart de Poblet \u00bb -elaborada por la Confederaci\u00f3n en 2010- e incluida en el \u00abProyecto de Adecuaci\u00f3n ambiental y drenaje de la cuenca del Poyo derramando a la Albufera\u00bb.<\/p>\n\n<p>As\u00ed, desde el consistorio hacen hincapi\u00e9 en que la paralizaci\u00f3n del proyecto de desv\u00edo del barranco de la Saleta \u201csupondr\u00eda que Aldaia perdiera una oportunidad hist\u00f3rica para llevar a cabo esta obra que es una demanda hist\u00f3rica de nuestros vecinos y vecinas\u201d.<\/p>\n","protected":false},"excerpt":{"rendered":"<p>El pleno municipal aprob\u00f3 en el pleno municipal celebrado el pasado 28 de mayo una moci\u00f3n a trav\u00e9s de la cual solicitan a &#8230;<\/p>\n","protected":false},"author":2,"featured_media":28709,"comment_status":"closed","ping_status":"closed","sticky":false,"template":"","format":"standard","meta":{"_acf_changed":false,"footnotes":""},"categories":[68],"tags":[],"class_list":["post-28713","post","type-post","status-publish","format-standard","has-post-thumbnail","hentry","category-urbanismo-y-medio-ambiente"],"acf":[],"yoast_head":"<!-- This site is optimized with the Yoast SEO plugin v26.9 - https:\/\/yoast.com\/product\/yoast-seo-wordpress\/ -->\n<title>Aldaia pide a la Generalitat que desbloquee el proyecto de desv\u00edo del barranco de la Saleta \u201cpara evitar futuros da\u00f1os personales\u201d - Noticias - Ayuntamiento de Aldaia<\/title>\n<meta name=\"description\" content=\"Desde el consistorio insisten en que la realizaci\u00f3n de este proyecto \u201ces imprescindible\u201d para evitar \u201cque alg\u00fan d\u00eda tengamos que lamentar da\u00f1os personales\u201d cuando llueve de forma torrencial, \u201calgo que cada vez ocurre con m\u00e1s frecuencia.\u201d\" \/>\n<meta name=\"robots\" content=\"index, follow, max-snippet:-1, max-image-preview:large, max-video-preview:-1\" \/>\n<link rel=\"canonical\" href=\"https:\/\/aldaia.es\/noticias\/es\/aldaia-pide-a-la-generalitat-que-desbloquee-el-proyecto-de-desvio-del-barranco-de-la-saleta-para-evitar-futuros-danos-personales\/\" \/>\n<meta property=\"og:locale\" content=\"es_ES\" \/>\n<meta property=\"og:type\" content=\"article\" \/>\n<meta property=\"og:title\" content=\"Aldaia pide a la Generalitat que desbloquee el proyecto de desv\u00edo del barranco de la Saleta \u201cpara evitar futuros da\u00f1os personales\u201d - Noticias - Ayuntamiento de Aldaia\" \/>\n<meta property=\"og:description\" content=\"Desde el consistorio insisten en que la realizaci\u00f3n de este proyecto \u201ces imprescindible\u201d para evitar \u201cque alg\u00fan d\u00eda tengamos que lamentar da\u00f1os personales\u201d cuando llueve de forma torrencial, \u201calgo que cada vez ocurre con m\u00e1s frecuencia.\u201d\" \/>\n<meta property=\"og:url\" content=\"https:\/\/aldaia.es\/noticias\/es\/aldaia-pide-a-la-generalitat-que-desbloquee-el-proyecto-de-desvio-del-barranco-de-la-saleta-para-evitar-futuros-danos-personales\/\" \/>\n<meta property=\"og:site_name\" content=\"Noticias - Ayuntamiento de Aldaia\" \/>\n<meta property=\"article:published_time\" content=\"2024-06-20T08:13:51+00:00\" \/>\n<meta property=\"article:modified_time\" content=\"2025-05-20T09:05:18+00:00\" \/>\n<meta property=\"og:image\" content=\"https:\/\/aldaia.es\/noticias\/wp-content\/uploads\/2024\/06\/WhatsApp-Image-2024-06-20-at-10.01.06.jpeg\" \/>\n\t<meta property=\"og:image:width\" content=\"989\" \/>\n\t<meta property=\"og:image:height\" content=\"522\" \/>\n\t<meta property=\"og:image:type\" content=\"image\/jpeg\" \/>\n<meta name=\"author\" content=\"prensa\" \/>\n<meta name=\"twitter:card\" content=\"summary_large_image\" \/>\n<meta name=\"twitter:label1\" content=\"Escrito por\" \/>\n\t<meta name=\"twitter:data1\" content=\"prensa\" \/>\n\t<meta name=\"twitter:label2\" content=\"Tiempo de lectura\" \/>\n\t<meta name=\"twitter:data2\" content=\"2 minutos\" \/>\n<script type=\"application\/ld+json\" class=\"yoast-schema-graph\">{\"@context\":\"https:\/\/schema.org\",\"@graph\":[{\"@type\":\"Article\",\"@id\":\"https:\/\/aldaia.es\/noticias\/es\/aldaia-pide-a-la-generalitat-que-desbloquee-el-proyecto-de-desvio-del-barranco-de-la-saleta-para-evitar-futuros-danos-personales\/#article\",\"isPartOf\":{\"@id\":\"https:\/\/aldaia.es\/noticias\/es\/aldaia-pide-a-la-generalitat-que-desbloquee-el-proyecto-de-desvio-del-barranco-de-la-saleta-para-evitar-futuros-danos-personales\/\"},\"author\":{\"name\":\"prensa\",\"@id\":\"https:\/\/aldaia.es\/noticias\/es\/#\/schema\/person\/736bf474749673d55971dc81c4553f7e\"},\"headline\":\"Aldaia pide a la Generalitat que desbloquee el proyecto de desv\u00edo del barranco de la Saleta \u201cpara evitar futuros da\u00f1os personales\u201d\",\"datePublished\":\"2024-06-20T08:13:51+00:00\",\"dateModified\":\"2025-05-20T09:05:18+00:00\",\"mainEntityOfPage\":{\"@id\":\"https:\/\/aldaia.es\/noticias\/es\/aldaia-pide-a-la-generalitat-que-desbloquee-el-proyecto-de-desvio-del-barranco-de-la-saleta-para-evitar-futuros-danos-personales\/\"},\"wordCount\":385,\"publisher\":{\"@id\":\"https:\/\/aldaia.es\/noticias\/es\/#organization\"},\"image\":{\"@id\":\"https:\/\/aldaia.es\/noticias\/es\/aldaia-pide-a-la-generalitat-que-desbloquee-el-proyecto-de-desvio-del-barranco-de-la-saleta-para-evitar-futuros-danos-personales\/#primaryimage\"},\"thumbnailUrl\":\"https:\/\/aldaia.es\/noticias\/wp-content\/uploads\/2024\/06\/WhatsApp-Image-2024-06-20-at-10.01.06.jpeg\",\"articleSection\":[\"Urbanismo y Medio ambiente\"],\"inLanguage\":\"es\"},{\"@type\":\"WebPage\",\"@id\":\"https:\/\/aldaia.es\/noticias\/es\/aldaia-pide-a-la-generalitat-que-desbloquee-el-proyecto-de-desvio-del-barranco-de-la-saleta-para-evitar-futuros-danos-personales\/\",\"url\":\"https:\/\/aldaia.es\/noticias\/es\/aldaia-pide-a-la-generalitat-que-desbloquee-el-proyecto-de-desvio-del-barranco-de-la-saleta-para-evitar-futuros-danos-personales\/\",\"name\":\"Aldaia pide a la Generalitat que desbloquee el proyecto de desv\u00edo del barranco de la Saleta \u201cpara evitar futuros da\u00f1os personales\u201d - Noticias - Ayuntamiento de Aldaia\",\"isPartOf\":{\"@id\":\"https:\/\/aldaia.es\/noticias\/es\/#website\"},\"primaryImageOfPage\":{\"@id\":\"https:\/\/aldaia.es\/noticias\/es\/aldaia-pide-a-la-generalitat-que-desbloquee-el-proyecto-de-desvio-del-barranco-de-la-saleta-para-evitar-futuros-danos-personales\/#primaryimage\"},\"image\":{\"@id\":\"https:\/\/aldaia.es\/noticias\/es\/aldaia-pide-a-la-generalitat-que-desbloquee-el-proyecto-de-desvio-del-barranco-de-la-saleta-para-evitar-futuros-danos-personales\/#primaryimage\"},\"thumbnailUrl\":\"https:\/\/aldaia.es\/noticias\/wp-content\/uploads\/2024\/06\/WhatsApp-Image-2024-06-20-at-10.01.06.jpeg\",\"datePublished\":\"2024-06-20T08:13:51+00:00\",\"dateModified\":\"2025-05-20T09:05:18+00:00\",\"description\":\"Desde el consistorio insisten en que la realizaci\u00f3n de este proyecto \u201ces imprescindible\u201d para evitar \u201cque alg\u00fan d\u00eda tengamos que lamentar da\u00f1os personales\u201d cuando llueve de forma torrencial, \u201calgo que cada vez ocurre con m\u00e1s frecuencia.\u201d\",\"breadcrumb\":{\"@id\":\"https:\/\/aldaia.es\/noticias\/es\/aldaia-pide-a-la-generalitat-que-desbloquee-el-proyecto-de-desvio-del-barranco-de-la-saleta-para-evitar-futuros-danos-personales\/#breadcrumb\"},\"inLanguage\":\"es\",\"potentialAction\":[{\"@type\":\"ReadAction\",\"target\":[\"https:\/\/aldaia.es\/noticias\/es\/aldaia-pide-a-la-generalitat-que-desbloquee-el-proyecto-de-desvio-del-barranco-de-la-saleta-para-evitar-futuros-danos-personales\/\"]}]},{\"@type\":\"ImageObject\",\"inLanguage\":\"es\",\"@id\":\"https:\/\/aldaia.es\/noticias\/es\/aldaia-pide-a-la-generalitat-que-desbloquee-el-proyecto-de-desvio-del-barranco-de-la-saleta-para-evitar-futuros-danos-personales\/#primaryimage\",\"url\":\"https:\/\/aldaia.es\/noticias\/wp-content\/uploads\/2024\/06\/WhatsApp-Image-2024-06-20-at-10.01.06.jpeg\",\"contentUrl\":\"https:\/\/aldaia.es\/noticias\/wp-content\/uploads\/2024\/06\/WhatsApp-Image-2024-06-20-at-10.01.06.jpeg\",\"width\":989,\"height\":522},{\"@type\":\"BreadcrumbList\",\"@id\":\"https:\/\/aldaia.es\/noticias\/es\/aldaia-pide-a-la-generalitat-que-desbloquee-el-proyecto-de-desvio-del-barranco-de-la-saleta-para-evitar-futuros-danos-personales\/#breadcrumb\",\"itemListElement\":[{\"@type\":\"ListItem\",\"position\":1,\"name\":\"Portada\",\"item\":\"https:\/\/aldaia.es\/noticias\/es\/\"},{\"@type\":\"ListItem\",\"position\":2,\"name\":\"Aldaia pide a la Generalitat que desbloquee el proyecto de desv\u00edo del barranco de la Saleta \u201cpara evitar futuros da\u00f1os personales\u201d\"}]},{\"@type\":\"WebSite\",\"@id\":\"https:\/\/aldaia.es\/noticias\/es\/#website\",\"url\":\"https:\/\/aldaia.es\/noticias\/es\/\",\"name\":\"Noticias Aldaia\",\"description\":\"\",\"publisher\":{\"@id\":\"https:\/\/aldaia.es\/noticias\/es\/#organization\"},\"potentialAction\":[{\"@type\":\"SearchAction\",\"target\":{\"@type\":\"EntryPoint\",\"urlTemplate\":\"https:\/\/aldaia.es\/noticias\/es\/?s={search_term_string}\"},\"query-input\":{\"@type\":\"PropertyValueSpecification\",\"valueRequired\":true,\"valueName\":\"search_term_string\"}}],\"inLanguage\":\"es\"},{\"@type\":\"Organization\",\"@id\":\"https:\/\/aldaia.es\/noticias\/es\/#organization\",\"name\":\"Noticias Aldaia\",\"url\":\"https:\/\/aldaia.es\/noticias\/es\/\",\"logo\":{\"@type\":\"ImageObject\",\"inLanguage\":\"es\",\"@id\":\"https:\/\/aldaia.es\/noticias\/es\/#\/schema\/logo\/image\/\",\"url\":\"https:\/\/aldaia.es\/noticias\/wp-content\/uploads\/2025\/05\/aldaia-noticias.jpg\",\"contentUrl\":\"https:\/\/aldaia.es\/noticias\/wp-content\/uploads\/2025\/05\/aldaia-noticias.jpg\",\"width\":512,\"height\":512,\"caption\":\"Noticias Aldaia\"},\"image\":{\"@id\":\"https:\/\/aldaia.es\/noticias\/es\/#\/schema\/logo\/image\/\"}},{\"@type\":\"Person\",\"@id\":\"https:\/\/aldaia.es\/noticias\/es\/#\/schema\/person\/736bf474749673d55971dc81c4553f7e\",\"name\":\"prensa\",\"url\":\"https:\/\/aldaia.es\/noticias\/es\/author\/prensa\/\"}]}<\/script>\n<!-- \/ Yoast SEO plugin. -->","yoast_head_json":{"title":"Aldaia pide a la Generalitat que desbloquee el proyecto de desv\u00edo del barranco de la Saleta \u201cpara evitar futuros da\u00f1os personales\u201d - Noticias - Ayuntamiento de Aldaia","description":"Desde el consistorio insisten en que la realizaci\u00f3n de este proyecto \u201ces imprescindible\u201d para evitar \u201cque alg\u00fan d\u00eda tengamos que lamentar da\u00f1os personales\u201d cuando llueve de forma torrencial, \u201calgo que cada vez ocurre con m\u00e1s frecuencia.\u201d","robots":{"index":"index","follow":"follow","max-snippet":"max-snippet:-1","max-image-preview":"max-image-preview:large","max-video-preview":"max-video-preview:-1"},"canonical":"https:\/\/aldaia.es\/noticias\/es\/aldaia-pide-a-la-generalitat-que-desbloquee-el-proyecto-de-desvio-del-barranco-de-la-saleta-para-evitar-futuros-danos-personales\/","og_locale":"es_ES","og_type":"article","og_title":"Aldaia pide a la Generalitat que desbloquee el proyecto de desv\u00edo del barranco de la Saleta \u201cpara evitar futuros da\u00f1os personales\u201d - Noticias - Ayuntamiento de Aldaia","og_description":"Desde el consistorio insisten en que la realizaci\u00f3n de este proyecto \u201ces imprescindible\u201d para evitar \u201cque alg\u00fan d\u00eda tengamos que lamentar da\u00f1os personales\u201d cuando llueve de forma torrencial, \u201calgo que cada vez ocurre con m\u00e1s frecuencia.\u201d","og_url":"https:\/\/aldaia.es\/noticias\/es\/aldaia-pide-a-la-generalitat-que-desbloquee-el-proyecto-de-desvio-del-barranco-de-la-saleta-para-evitar-futuros-danos-personales\/","og_site_name":"Noticias - Ayuntamiento de Aldaia","article_published_time":"2024-06-20T08:13:51+00:00","article_modified_time":"2025-05-20T09:05:18+00:00","og_image":[{"width":989,"height":522,"url":"https:\/\/aldaia.es\/noticias\/wp-content\/uploads\/2024\/06\/WhatsApp-Image-2024-06-20-at-10.01.06.jpeg","type":"image\/jpeg"}],"author":"prensa","twitter_card":"summary_large_image","twitter_misc":{"Escrito por":"prensa","Tiempo de lectura":"2 minutos"},"schema":{"@context":"https:\/\/schema.org","@graph":[{"@type":"Article","@id":"https:\/\/aldaia.es\/noticias\/es\/aldaia-pide-a-la-generalitat-que-desbloquee-el-proyecto-de-desvio-del-barranco-de-la-saleta-para-evitar-futuros-danos-personales\/#article","isPartOf":{"@id":"https:\/\/aldaia.es\/noticias\/es\/aldaia-pide-a-la-generalitat-que-desbloquee-el-proyecto-de-desvio-del-barranco-de-la-saleta-para-evitar-futuros-danos-personales\/"},"author":{"name":"prensa","@id":"https:\/\/aldaia.es\/noticias\/es\/#\/schema\/person\/736bf474749673d55971dc81c4553f7e"},"headline":"Aldaia pide a la Generalitat que desbloquee el proyecto de desv\u00edo del barranco de la Saleta \u201cpara evitar futuros da\u00f1os personales\u201d","datePublished":"2024-06-20T08:13:51+00:00","dateModified":"2025-05-20T09:05:18+00:00","mainEntityOfPage":{"@id":"https:\/\/aldaia.es\/noticias\/es\/aldaia-pide-a-la-generalitat-que-desbloquee-el-proyecto-de-desvio-del-barranco-de-la-saleta-para-evitar-futuros-danos-personales\/"},"wordCount":385,"publisher":{"@id":"https:\/\/aldaia.es\/noticias\/es\/#organization"},"image":{"@id":"https:\/\/aldaia.es\/noticias\/es\/aldaia-pide-a-la-generalitat-que-desbloquee-el-proyecto-de-desvio-del-barranco-de-la-saleta-para-evitar-futuros-danos-personales\/#primaryimage"},"thumbnailUrl":"https:\/\/aldaia.es\/noticias\/wp-content\/uploads\/2024\/06\/WhatsApp-Image-2024-06-20-at-10.01.06.jpeg","articleSection":["Urbanismo y Medio ambiente"],"inLanguage":"es"},{"@type":"WebPage","@id":"https:\/\/aldaia.es\/noticias\/es\/aldaia-pide-a-la-generalitat-que-desbloquee-el-proyecto-de-desvio-del-barranco-de-la-saleta-para-evitar-futuros-danos-personales\/","url":"https:\/\/aldaia.es\/noticias\/es\/aldaia-pide-a-la-generalitat-que-desbloquee-el-proyecto-de-desvio-del-barranco-de-la-saleta-para-evitar-futuros-danos-personales\/","name":"Aldaia pide a la Generalitat que desbloquee el proyecto de desv\u00edo del barranco de la Saleta \u201cpara evitar futuros da\u00f1os personales\u201d - Noticias - Ayuntamiento de Aldaia","isPartOf":{"@id":"https:\/\/aldaia.es\/noticias\/es\/#website"},"primaryImageOfPage":{"@id":"https:\/\/aldaia.es\/noticias\/es\/aldaia-pide-a-la-generalitat-que-desbloquee-el-proyecto-de-desvio-del-barranco-de-la-saleta-para-evitar-futuros-danos-personales\/#primaryimage"},"image":{"@id":"https:\/\/aldaia.es\/noticias\/es\/aldaia-pide-a-la-generalitat-que-desbloquee-el-proyecto-de-desvio-del-barranco-de-la-saleta-para-evitar-futuros-danos-personales\/#primaryimage"},"thumbnailUrl":"https:\/\/aldaia.es\/noticias\/wp-content\/uploads\/2024\/06\/WhatsApp-Image-2024-06-20-at-10.01.06.jpeg","datePublished":"2024-06-20T08:13:51+00:00","dateModified":"2025-05-20T09:05:18+00:00","description":"Desde el consistorio insisten en que la realizaci\u00f3n de este proyecto \u201ces imprescindible\u201d para evitar \u201cque alg\u00fan d\u00eda tengamos que lamentar da\u00f1os personales\u201d cuando llueve de forma torrencial, \u201calgo que cada vez ocurre con m\u00e1s frecuencia.\u201d","breadcrumb":{"@id":"https:\/\/aldaia.es\/noticias\/es\/aldaia-pide-a-la-generalitat-que-desbloquee-el-proyecto-de-desvio-del-barranco-de-la-saleta-para-evitar-futuros-danos-personales\/#breadcrumb"},"inLanguage":"es","potentialAction":[{"@type":"ReadAction","target":["https:\/\/aldaia.es\/noticias\/es\/aldaia-pide-a-la-generalitat-que-desbloquee-el-proyecto-de-desvio-del-barranco-de-la-saleta-para-evitar-futuros-danos-personales\/"]}]},{"@type":"ImageObject","inLanguage":"es","@id":"https:\/\/aldaia.es\/noticias\/es\/aldaia-pide-a-la-generalitat-que-desbloquee-el-proyecto-de-desvio-del-barranco-de-la-saleta-para-evitar-futuros-danos-personales\/#primaryimage","url":"https:\/\/aldaia.es\/noticias\/wp-content\/uploads\/2024\/06\/WhatsApp-Image-2024-06-20-at-10.01.06.jpeg","contentUrl":"https:\/\/aldaia.es\/noticias\/wp-content\/uploads\/2024\/06\/WhatsApp-Image-2024-06-20-at-10.01.06.jpeg","width":989,"height":522},{"@type":"BreadcrumbList","@id":"https:\/\/aldaia.es\/noticias\/es\/aldaia-pide-a-la-generalitat-que-desbloquee-el-proyecto-de-desvio-del-barranco-de-la-saleta-para-evitar-futuros-danos-personales\/#breadcrumb","itemListElement":[{"@type":"ListItem","position":1,"name":"Portada","item":"https:\/\/aldaia.es\/noticias\/es\/"},{"@type":"ListItem","position":2,"name":"Aldaia pide a la Generalitat que desbloquee el proyecto de desv\u00edo del barranco de la Saleta \u201cpara evitar futuros da\u00f1os personales\u201d"}]},{"@type":"WebSite","@id":"https:\/\/aldaia.es\/noticias\/es\/#website","url":"https:\/\/aldaia.es\/noticias\/es\/","name":"Noticias Aldaia","description":"","publisher":{"@id":"https:\/\/aldaia.es\/noticias\/es\/#organization"},"potentialAction":[{"@type":"SearchAction","target":{"@type":"EntryPoint","urlTemplate":"https:\/\/aldaia.es\/noticias\/es\/?s={search_term_string}"},"query-input":{"@type":"PropertyValueSpecification","valueRequired":true,"valueName":"search_term_string"}}],"inLanguage":"es"},{"@type":"Organization","@id":"https:\/\/aldaia.es\/noticias\/es\/#organization","name":"Noticias Aldaia","url":"https:\/\/aldaia.es\/noticias\/es\/","logo":{"@type":"ImageObject","inLanguage":"es","@id":"https:\/\/aldaia.es\/noticias\/es\/#\/schema\/logo\/image\/","url":"https:\/\/aldaia.es\/noticias\/wp-content\/uploads\/2025\/05\/aldaia-noticias.jpg","contentUrl":"https:\/\/aldaia.es\/noticias\/wp-content\/uploads\/2025\/05\/aldaia-noticias.jpg","width":512,"height":512,"caption":"Noticias Aldaia"},"image":{"@id":"https:\/\/aldaia.es\/noticias\/es\/#\/schema\/logo\/image\/"}},{"@type":"Person","@id":"https:\/\/aldaia.es\/noticias\/es\/#\/schema\/person\/736bf474749673d55971dc81c4553f7e","name":"prensa","url":"https:\/\/aldaia.es\/noticias\/es\/author\/prensa\/"}]}},"_links":{"self":[{"href":"https:\/\/aldaia.es\/noticias\/es\/wp-json\/wp\/v2\/posts\/28713","targetHints":{"allow":["GET"]}}],"collection":[{"href":"https:\/\/aldaia.es\/noticias\/es\/wp-json\/wp\/v2\/posts"}],"about":[{"href":"https:\/\/aldaia.es\/noticias\/es\/wp-json\/wp\/v2\/types\/post"}],"author":[{"embeddable":true,"href":"https:\/\/aldaia.es\/noticias\/es\/wp-json\/wp\/v2\/users\/2"}],"replies":[{"embeddable":true,"href":"https:\/\/aldaia.es\/noticias\/es\/wp-json\/wp\/v2\/comments?post=28713"}],"version-history":[{"count":1,"href":"https:\/\/aldaia.es\/noticias\/es\/wp-json\/wp\/v2\/posts\/28713\/revisions"}],"predecessor-version":[{"id":37486,"href":"https:\/\/aldaia.es\/noticias\/es\/wp-json\/wp\/v2\/posts\/28713\/revisions\/37486"}],"wp:featuredmedia":[{"embeddable":true,"href":"https:\/\/aldaia.es\/noticias\/es\/wp-json\/wp\/v2\/media\/28709"}],"wp:attachment":[{"href":"https:\/\/aldaia.es\/noticias\/es\/wp-json\/wp\/v2\/media?parent=28713"}],"wp:term":[{"taxonomy":"category","embeddable":true,"href":"https:\/\/aldaia.es\/noticias\/es\/wp-json\/wp\/v2\/categories?post=28713"},{"taxonomy":"post_tag","embeddable":true,"href":"https:\/\/aldaia.es\/noticias\/es\/wp-json\/wp\/v2\/tags?post=28713"}],"curies":[{"name":"wp","href":"https:\/\/api.w.org\/{rel}","templated":true}]}}