{"id":28791,"date":"2024-06-20T12:42:18","date_gmt":"2024-06-20T10:42:18","guid":{"rendered":"https:\/\/aldaia.es\/2024\/06\/20\/el-ayuntamiento-de-aldaia-dedicara-250-000-euros-a-la-rehabilitacion-y-mejora-de-todas-las-pistas-de-tenis-y-fronton-del-polideportivo\/"},"modified":"2025-05-20T11:05:18","modified_gmt":"2025-05-20T09:05:18","slug":"el-ayuntamiento-de-aldaia-dedicara-250-000-euros-a-la-rehabilitacion-y-mejora-de-todas-las-pistas-de-tenis-y-fronton-del-polideportivo","status":"publish","type":"post","link":"https:\/\/aldaia.es\/noticias\/es\/el-ayuntamiento-de-aldaia-dedicara-250-000-euros-a-la-rehabilitacion-y-mejora-de-todas-las-pistas-de-tenis-y-fronton-del-polideportivo\/","title":{"rendered":"El Ayuntamiento de Aldaia dedicar\u00e1 250.000 euros a la rehabilitaci\u00f3n y mejora de todas las pistas de tenis y front\u00f3n del Polideportivo"},"content":{"rendered":"\n<p>Aldaia apuesta por la mejora de las instalaciones deportivas municipales y, en esta l\u00ednea, el Ayuntamiento est\u00e1 ultimando los pliegos para la licitaci\u00f3n de las obras de rehabilitaci\u00f3n integral de las dos pistas de tenis y los tres frontones del Polideportivo municipal Jaume Ort\u00ed con una inversi\u00f3n de 250.000 euros. Seg\u00fan indican fuentes municipales, se espera que los trabajos den inicio pr\u00f3ximamente y se\u00f1alan que estos no afectar\u00e1n a los accesos al recinto ni a los residentes de las v\u00edas p\u00fablicas pr\u00f3ximas y se efectuar\u00e1n de la manera menos molesta posible.<\/p>\n\n<p>Por su parte, desde la Oficina T\u00e9cnica explican que las actuaciones a realizar en las pistas de tenis consistir\u00e1n en la reparaci\u00f3n del pavimento, saneado de grietas, sellado y reparaci\u00f3n de la base de estas \u00e1reas multideportivas, reconstrucci\u00f3n de zuncho perimetral deteriorado y sustituci\u00f3n del vallado en mal estado.<\/p>\n\n<p>Por lo que respecta a los frontones, los trabajos de reforma consistir\u00e1n en el saneado y reparaci\u00f3n de los muros, la renovaci\u00f3n y saneado del pavimento para sumar adherencia o el marcado de la pista con aplicaci\u00f3n de dos manos de l\u00edneas de juego con resina acr\u00edlica blanca, entre otros trabajos.<\/p>\n","protected":false},"excerpt":{"rendered":"<p>Aldaia apuesta por la mejora de las instalaciones deportivas municipales y, en esta l\u00ednea, el Ayuntamiento est\u00e1 ultimando l&#8230;<\/p>\n","protected":false},"author":2,"featured_media":28786,"comment_status":"closed","ping_status":"closed","sticky":false,"template":"","format":"standard","meta":{"_acf_changed":false,"footnotes":""},"categories":[68],"tags":[],"class_list":["post-28791","post","type-post","status-publish","format-standard","has-post-thumbnail","hentry","category-urbanismo-y-medio-ambiente"],"acf":[],"yoast_head":"<!-- This site is optimized with the Yoast SEO plugin v26.9 - https:\/\/yoast.com\/product\/yoast-seo-wordpress\/ -->\n<title>El Ayuntamiento de Aldaia dedicar\u00e1 250.000 euros a la rehabilitaci\u00f3n y mejora de todas las pistas de tenis y front\u00f3n del Polideportivo - Noticias - Ayuntamiento de Aldaia<\/title>\n<meta name=\"description\" content=\"Aldaia apuesta por la mejora de las instalaciones deportivas municipales y, en esta l\u00ednea, el Ayuntamiento est\u00e1 ultimando los pliegos para la licitaci\u00f3n de las obras de rehabilitaci\u00f3n integral de las dos pistas de tenis y los tres frontones del Polideportivo municipal Jaume Ort\u00ed\" \/>\n<meta name=\"robots\" content=\"index, follow, max-snippet:-1, max-image-preview:large, max-video-preview:-1\" \/>\n<link rel=\"canonical\" href=\"https:\/\/aldaia.es\/noticias\/es\/el-ayuntamiento-de-aldaia-dedicara-250-000-euros-a-la-rehabilitacion-y-mejora-de-todas-las-pistas-de-tenis-y-fronton-del-polideportivo\/\" \/>\n<meta property=\"og:locale\" content=\"es_ES\" \/>\n<meta property=\"og:type\" content=\"article\" \/>\n<meta property=\"og:title\" content=\"El Ayuntamiento de Aldaia dedicar\u00e1 250.000 euros a la rehabilitaci\u00f3n y mejora de todas las pistas de tenis y front\u00f3n del Polideportivo - Noticias - Ayuntamiento de Aldaia\" \/>\n<meta property=\"og:description\" content=\"Aldaia apuesta por la mejora de las instalaciones deportivas municipales y, en esta l\u00ednea, el Ayuntamiento est\u00e1 ultimando los pliegos para la licitaci\u00f3n de las obras de rehabilitaci\u00f3n integral de las dos pistas de tenis y los tres frontones del Polideportivo municipal Jaume Ort\u00ed\" \/>\n<meta property=\"og:url\" content=\"https:\/\/aldaia.es\/noticias\/es\/el-ayuntamiento-de-aldaia-dedicara-250-000-euros-a-la-rehabilitacion-y-mejora-de-todas-las-pistas-de-tenis-y-fronton-del-polideportivo\/\" \/>\n<meta property=\"og:site_name\" content=\"Noticias - Ayuntamiento de Aldaia\" \/>\n<meta property=\"article:published_time\" content=\"2024-06-20T10:42:18+00:00\" \/>\n<meta property=\"article:modified_time\" content=\"2025-05-20T09:05:18+00:00\" \/>\n<meta property=\"og:image\" content=\"https:\/\/aldaia.es\/noticias\/wp-content\/uploads\/2024\/06\/Pistas-Aldaia.jpg\" \/>\n\t<meta property=\"og:image:width\" content=\"1600\" \/>\n\t<meta property=\"og:image:height\" content=\"1200\" \/>\n\t<meta property=\"og:image:type\" content=\"image\/jpeg\" \/>\n<meta name=\"author\" content=\"prensa\" \/>\n<meta name=\"twitter:card\" content=\"summary_large_image\" \/>\n<meta name=\"twitter:label1\" content=\"Escrito por\" \/>\n\t<meta name=\"twitter:data1\" content=\"prensa\" \/>\n\t<meta name=\"twitter:label2\" content=\"Tiempo de lectura\" \/>\n\t<meta name=\"twitter:data2\" content=\"1 minuto\" \/>\n<script type=\"application\/ld+json\" class=\"yoast-schema-graph\">{\"@context\":\"https:\/\/schema.org\",\"@graph\":[{\"@type\":\"Article\",\"@id\":\"https:\/\/aldaia.es\/noticias\/es\/el-ayuntamiento-de-aldaia-dedicara-250-000-euros-a-la-rehabilitacion-y-mejora-de-todas-las-pistas-de-tenis-y-fronton-del-polideportivo\/#article\",\"isPartOf\":{\"@id\":\"https:\/\/aldaia.es\/noticias\/es\/el-ayuntamiento-de-aldaia-dedicara-250-000-euros-a-la-rehabilitacion-y-mejora-de-todas-las-pistas-de-tenis-y-fronton-del-polideportivo\/\"},\"author\":{\"name\":\"prensa\",\"@id\":\"https:\/\/aldaia.es\/noticias\/es\/#\/schema\/person\/736bf474749673d55971dc81c4553f7e\"},\"headline\":\"El Ayuntamiento de Aldaia dedicar\u00e1 250.000 euros a la rehabilitaci\u00f3n y mejora de todas las pistas de tenis y front\u00f3n del Polideportivo\",\"datePublished\":\"2024-06-20T10:42:18+00:00\",\"dateModified\":\"2025-05-20T09:05:18+00:00\",\"mainEntityOfPage\":{\"@id\":\"https:\/\/aldaia.es\/noticias\/es\/el-ayuntamiento-de-aldaia-dedicara-250-000-euros-a-la-rehabilitacion-y-mejora-de-todas-las-pistas-de-tenis-y-fronton-del-polideportivo\/\"},\"wordCount\":237,\"publisher\":{\"@id\":\"https:\/\/aldaia.es\/noticias\/es\/#organization\"},\"image\":{\"@id\":\"https:\/\/aldaia.es\/noticias\/es\/el-ayuntamiento-de-aldaia-dedicara-250-000-euros-a-la-rehabilitacion-y-mejora-de-todas-las-pistas-de-tenis-y-fronton-del-polideportivo\/#primaryimage\"},\"thumbnailUrl\":\"https:\/\/aldaia.es\/noticias\/wp-content\/uploads\/2024\/06\/Pistas-Aldaia.jpg\",\"articleSection\":[\"Urbanismo y Medio ambiente\"],\"inLanguage\":\"es\"},{\"@type\":\"WebPage\",\"@id\":\"https:\/\/aldaia.es\/noticias\/es\/el-ayuntamiento-de-aldaia-dedicara-250-000-euros-a-la-rehabilitacion-y-mejora-de-todas-las-pistas-de-tenis-y-fronton-del-polideportivo\/\",\"url\":\"https:\/\/aldaia.es\/noticias\/es\/el-ayuntamiento-de-aldaia-dedicara-250-000-euros-a-la-rehabilitacion-y-mejora-de-todas-las-pistas-de-tenis-y-fronton-del-polideportivo\/\",\"name\":\"El Ayuntamiento de Aldaia dedicar\u00e1 250.000 euros a la rehabilitaci\u00f3n y mejora de todas las pistas de tenis y front\u00f3n del Polideportivo - Noticias - Ayuntamiento de Aldaia\",\"isPartOf\":{\"@id\":\"https:\/\/aldaia.es\/noticias\/es\/#website\"},\"primaryImageOfPage\":{\"@id\":\"https:\/\/aldaia.es\/noticias\/es\/el-ayuntamiento-de-aldaia-dedicara-250-000-euros-a-la-rehabilitacion-y-mejora-de-todas-las-pistas-de-tenis-y-fronton-del-polideportivo\/#primaryimage\"},\"image\":{\"@id\":\"https:\/\/aldaia.es\/noticias\/es\/el-ayuntamiento-de-aldaia-dedicara-250-000-euros-a-la-rehabilitacion-y-mejora-de-todas-las-pistas-de-tenis-y-fronton-del-polideportivo\/#primaryimage\"},\"thumbnailUrl\":\"https:\/\/aldaia.es\/noticias\/wp-content\/uploads\/2024\/06\/Pistas-Aldaia.jpg\",\"datePublished\":\"2024-06-20T10:42:18+00:00\",\"dateModified\":\"2025-05-20T09:05:18+00:00\",\"description\":\"Aldaia apuesta por la mejora de las instalaciones deportivas municipales y, en esta l\u00ednea, el Ayuntamiento est\u00e1 ultimando los pliegos para la licitaci\u00f3n de las obras de rehabilitaci\u00f3n integral de las dos pistas de tenis y los tres frontones del Polideportivo municipal Jaume Ort\u00ed\",\"breadcrumb\":{\"@id\":\"https:\/\/aldaia.es\/noticias\/es\/el-ayuntamiento-de-aldaia-dedicara-250-000-euros-a-la-rehabilitacion-y-mejora-de-todas-las-pistas-de-tenis-y-fronton-del-polideportivo\/#breadcrumb\"},\"inLanguage\":\"es\",\"potentialAction\":[{\"@type\":\"ReadAction\",\"target\":[\"https:\/\/aldaia.es\/noticias\/es\/el-ayuntamiento-de-aldaia-dedicara-250-000-euros-a-la-rehabilitacion-y-mejora-de-todas-las-pistas-de-tenis-y-fronton-del-polideportivo\/\"]}]},{\"@type\":\"ImageObject\",\"inLanguage\":\"es\",\"@id\":\"https:\/\/aldaia.es\/noticias\/es\/el-ayuntamiento-de-aldaia-dedicara-250-000-euros-a-la-rehabilitacion-y-mejora-de-todas-las-pistas-de-tenis-y-fronton-del-polideportivo\/#primaryimage\",\"url\":\"https:\/\/aldaia.es\/noticias\/wp-content\/uploads\/2024\/06\/Pistas-Aldaia.jpg\",\"contentUrl\":\"https:\/\/aldaia.es\/noticias\/wp-content\/uploads\/2024\/06\/Pistas-Aldaia.jpg\",\"width\":1600,\"height\":1200},{\"@type\":\"BreadcrumbList\",\"@id\":\"https:\/\/aldaia.es\/noticias\/es\/el-ayuntamiento-de-aldaia-dedicara-250-000-euros-a-la-rehabilitacion-y-mejora-de-todas-las-pistas-de-tenis-y-fronton-del-polideportivo\/#breadcrumb\",\"itemListElement\":[{\"@type\":\"ListItem\",\"position\":1,\"name\":\"Portada\",\"item\":\"https:\/\/aldaia.es\/noticias\/es\/\"},{\"@type\":\"ListItem\",\"position\":2,\"name\":\"El Ayuntamiento de Aldaia dedicar\u00e1 250.000 euros a la rehabilitaci\u00f3n y mejora de todas las pistas de tenis y front\u00f3n del Polideportivo\"}]},{\"@type\":\"WebSite\",\"@id\":\"https:\/\/aldaia.es\/noticias\/es\/#website\",\"url\":\"https:\/\/aldaia.es\/noticias\/es\/\",\"name\":\"Noticias Aldaia\",\"description\":\"\",\"publisher\":{\"@id\":\"https:\/\/aldaia.es\/noticias\/es\/#organization\"},\"potentialAction\":[{\"@type\":\"SearchAction\",\"target\":{\"@type\":\"EntryPoint\",\"urlTemplate\":\"https:\/\/aldaia.es\/noticias\/es\/?s={search_term_string}\"},\"query-input\":{\"@type\":\"PropertyValueSpecification\",\"valueRequired\":true,\"valueName\":\"search_term_string\"}}],\"inLanguage\":\"es\"},{\"@type\":\"Organization\",\"@id\":\"https:\/\/aldaia.es\/noticias\/es\/#organization\",\"name\":\"Noticias Aldaia\",\"url\":\"https:\/\/aldaia.es\/noticias\/es\/\",\"logo\":{\"@type\":\"ImageObject\",\"inLanguage\":\"es\",\"@id\":\"https:\/\/aldaia.es\/noticias\/es\/#\/schema\/logo\/image\/\",\"url\":\"https:\/\/aldaia.es\/noticias\/wp-content\/uploads\/2025\/05\/aldaia-noticias.jpg\",\"contentUrl\":\"https:\/\/aldaia.es\/noticias\/wp-content\/uploads\/2025\/05\/aldaia-noticias.jpg\",\"width\":512,\"height\":512,\"caption\":\"Noticias Aldaia\"},\"image\":{\"@id\":\"https:\/\/aldaia.es\/noticias\/es\/#\/schema\/logo\/image\/\"}},{\"@type\":\"Person\",\"@id\":\"https:\/\/aldaia.es\/noticias\/es\/#\/schema\/person\/736bf474749673d55971dc81c4553f7e\",\"name\":\"prensa\",\"url\":\"https:\/\/aldaia.es\/noticias\/es\/author\/prensa\/\"}]}<\/script>\n<!-- \/ Yoast SEO plugin. -->","yoast_head_json":{"title":"El Ayuntamiento de Aldaia dedicar\u00e1 250.000 euros a la rehabilitaci\u00f3n y mejora de todas las pistas de tenis y front\u00f3n del Polideportivo - Noticias - Ayuntamiento de Aldaia","description":"Aldaia apuesta por la mejora de las instalaciones deportivas municipales y, en esta l\u00ednea, el Ayuntamiento est\u00e1 ultimando los pliegos para la licitaci\u00f3n de las obras de rehabilitaci\u00f3n integral de las dos pistas de tenis y los tres frontones del Polideportivo municipal Jaume Ort\u00ed","robots":{"index":"index","follow":"follow","max-snippet":"max-snippet:-1","max-image-preview":"max-image-preview:large","max-video-preview":"max-video-preview:-1"},"canonical":"https:\/\/aldaia.es\/noticias\/es\/el-ayuntamiento-de-aldaia-dedicara-250-000-euros-a-la-rehabilitacion-y-mejora-de-todas-las-pistas-de-tenis-y-fronton-del-polideportivo\/","og_locale":"es_ES","og_type":"article","og_title":"El Ayuntamiento de Aldaia dedicar\u00e1 250.000 euros a la rehabilitaci\u00f3n y mejora de todas las pistas de tenis y front\u00f3n del Polideportivo - Noticias - Ayuntamiento de Aldaia","og_description":"Aldaia apuesta por la mejora de las instalaciones deportivas municipales y, en esta l\u00ednea, el Ayuntamiento est\u00e1 ultimando los pliegos para la licitaci\u00f3n de las obras de rehabilitaci\u00f3n integral de las dos pistas de tenis y los tres frontones del Polideportivo municipal Jaume Ort\u00ed","og_url":"https:\/\/aldaia.es\/noticias\/es\/el-ayuntamiento-de-aldaia-dedicara-250-000-euros-a-la-rehabilitacion-y-mejora-de-todas-las-pistas-de-tenis-y-fronton-del-polideportivo\/","og_site_name":"Noticias - Ayuntamiento de Aldaia","article_published_time":"2024-06-20T10:42:18+00:00","article_modified_time":"2025-05-20T09:05:18+00:00","og_image":[{"width":1600,"height":1200,"url":"https:\/\/aldaia.es\/noticias\/wp-content\/uploads\/2024\/06\/Pistas-Aldaia.jpg","type":"image\/jpeg"}],"author":"prensa","twitter_card":"summary_large_image","twitter_misc":{"Escrito por":"prensa","Tiempo de lectura":"1 minuto"},"schema":{"@context":"https:\/\/schema.org","@graph":[{"@type":"Article","@id":"https:\/\/aldaia.es\/noticias\/es\/el-ayuntamiento-de-aldaia-dedicara-250-000-euros-a-la-rehabilitacion-y-mejora-de-todas-las-pistas-de-tenis-y-fronton-del-polideportivo\/#article","isPartOf":{"@id":"https:\/\/aldaia.es\/noticias\/es\/el-ayuntamiento-de-aldaia-dedicara-250-000-euros-a-la-rehabilitacion-y-mejora-de-todas-las-pistas-de-tenis-y-fronton-del-polideportivo\/"},"author":{"name":"prensa","@id":"https:\/\/aldaia.es\/noticias\/es\/#\/schema\/person\/736bf474749673d55971dc81c4553f7e"},"headline":"El Ayuntamiento de Aldaia dedicar\u00e1 250.000 euros a la rehabilitaci\u00f3n y mejora de todas las pistas de tenis y front\u00f3n del Polideportivo","datePublished":"2024-06-20T10:42:18+00:00","dateModified":"2025-05-20T09:05:18+00:00","mainEntityOfPage":{"@id":"https:\/\/aldaia.es\/noticias\/es\/el-ayuntamiento-de-aldaia-dedicara-250-000-euros-a-la-rehabilitacion-y-mejora-de-todas-las-pistas-de-tenis-y-fronton-del-polideportivo\/"},"wordCount":237,"publisher":{"@id":"https:\/\/aldaia.es\/noticias\/es\/#organization"},"image":{"@id":"https:\/\/aldaia.es\/noticias\/es\/el-ayuntamiento-de-aldaia-dedicara-250-000-euros-a-la-rehabilitacion-y-mejora-de-todas-las-pistas-de-tenis-y-fronton-del-polideportivo\/#primaryimage"},"thumbnailUrl":"https:\/\/aldaia.es\/noticias\/wp-content\/uploads\/2024\/06\/Pistas-Aldaia.jpg","articleSection":["Urbanismo y Medio ambiente"],"inLanguage":"es"},{"@type":"WebPage","@id":"https:\/\/aldaia.es\/noticias\/es\/el-ayuntamiento-de-aldaia-dedicara-250-000-euros-a-la-rehabilitacion-y-mejora-de-todas-las-pistas-de-tenis-y-fronton-del-polideportivo\/","url":"https:\/\/aldaia.es\/noticias\/es\/el-ayuntamiento-de-aldaia-dedicara-250-000-euros-a-la-rehabilitacion-y-mejora-de-todas-las-pistas-de-tenis-y-fronton-del-polideportivo\/","name":"El Ayuntamiento de Aldaia dedicar\u00e1 250.000 euros a la rehabilitaci\u00f3n y mejora de todas las pistas de tenis y front\u00f3n del Polideportivo - Noticias - Ayuntamiento de Aldaia","isPartOf":{"@id":"https:\/\/aldaia.es\/noticias\/es\/#website"},"primaryImageOfPage":{"@id":"https:\/\/aldaia.es\/noticias\/es\/el-ayuntamiento-de-aldaia-dedicara-250-000-euros-a-la-rehabilitacion-y-mejora-de-todas-las-pistas-de-tenis-y-fronton-del-polideportivo\/#primaryimage"},"image":{"@id":"https:\/\/aldaia.es\/noticias\/es\/el-ayuntamiento-de-aldaia-dedicara-250-000-euros-a-la-rehabilitacion-y-mejora-de-todas-las-pistas-de-tenis-y-fronton-del-polideportivo\/#primaryimage"},"thumbnailUrl":"https:\/\/aldaia.es\/noticias\/wp-content\/uploads\/2024\/06\/Pistas-Aldaia.jpg","datePublished":"2024-06-20T10:42:18+00:00","dateModified":"2025-05-20T09:05:18+00:00","description":"Aldaia apuesta por la mejora de las instalaciones deportivas municipales y, en esta l\u00ednea, el Ayuntamiento est\u00e1 ultimando los pliegos para la licitaci\u00f3n de las obras de rehabilitaci\u00f3n integral de las dos pistas de tenis y los tres frontones del Polideportivo municipal Jaume Ort\u00ed","breadcrumb":{"@id":"https:\/\/aldaia.es\/noticias\/es\/el-ayuntamiento-de-aldaia-dedicara-250-000-euros-a-la-rehabilitacion-y-mejora-de-todas-las-pistas-de-tenis-y-fronton-del-polideportivo\/#breadcrumb"},"inLanguage":"es","potentialAction":[{"@type":"ReadAction","target":["https:\/\/aldaia.es\/noticias\/es\/el-ayuntamiento-de-aldaia-dedicara-250-000-euros-a-la-rehabilitacion-y-mejora-de-todas-las-pistas-de-tenis-y-fronton-del-polideportivo\/"]}]},{"@type":"ImageObject","inLanguage":"es","@id":"https:\/\/aldaia.es\/noticias\/es\/el-ayuntamiento-de-aldaia-dedicara-250-000-euros-a-la-rehabilitacion-y-mejora-de-todas-las-pistas-de-tenis-y-fronton-del-polideportivo\/#primaryimage","url":"https:\/\/aldaia.es\/noticias\/wp-content\/uploads\/2024\/06\/Pistas-Aldaia.jpg","contentUrl":"https:\/\/aldaia.es\/noticias\/wp-content\/uploads\/2024\/06\/Pistas-Aldaia.jpg","width":1600,"height":1200},{"@type":"BreadcrumbList","@id":"https:\/\/aldaia.es\/noticias\/es\/el-ayuntamiento-de-aldaia-dedicara-250-000-euros-a-la-rehabilitacion-y-mejora-de-todas-las-pistas-de-tenis-y-fronton-del-polideportivo\/#breadcrumb","itemListElement":[{"@type":"ListItem","position":1,"name":"Portada","item":"https:\/\/aldaia.es\/noticias\/es\/"},{"@type":"ListItem","position":2,"name":"El Ayuntamiento de Aldaia dedicar\u00e1 250.000 euros a la rehabilitaci\u00f3n y mejora de todas las pistas de tenis y front\u00f3n del Polideportivo"}]},{"@type":"WebSite","@id":"https:\/\/aldaia.es\/noticias\/es\/#website","url":"https:\/\/aldaia.es\/noticias\/es\/","name":"Noticias Aldaia","description":"","publisher":{"@id":"https:\/\/aldaia.es\/noticias\/es\/#organization"},"potentialAction":[{"@type":"SearchAction","target":{"@type":"EntryPoint","urlTemplate":"https:\/\/aldaia.es\/noticias\/es\/?s={search_term_string}"},"query-input":{"@type":"PropertyValueSpecification","valueRequired":true,"valueName":"search_term_string"}}],"inLanguage":"es"},{"@type":"Organization","@id":"https:\/\/aldaia.es\/noticias\/es\/#organization","name":"Noticias Aldaia","url":"https:\/\/aldaia.es\/noticias\/es\/","logo":{"@type":"ImageObject","inLanguage":"es","@id":"https:\/\/aldaia.es\/noticias\/es\/#\/schema\/logo\/image\/","url":"https:\/\/aldaia.es\/noticias\/wp-content\/uploads\/2025\/05\/aldaia-noticias.jpg","contentUrl":"https:\/\/aldaia.es\/noticias\/wp-content\/uploads\/2025\/05\/aldaia-noticias.jpg","width":512,"height":512,"caption":"Noticias Aldaia"},"image":{"@id":"https:\/\/aldaia.es\/noticias\/es\/#\/schema\/logo\/image\/"}},{"@type":"Person","@id":"https:\/\/aldaia.es\/noticias\/es\/#\/schema\/person\/736bf474749673d55971dc81c4553f7e","name":"prensa","url":"https:\/\/aldaia.es\/noticias\/es\/author\/prensa\/"}]}},"_links":{"self":[{"href":"https:\/\/aldaia.es\/noticias\/es\/wp-json\/wp\/v2\/posts\/28791","targetHints":{"allow":["GET"]}}],"collection":[{"href":"https:\/\/aldaia.es\/noticias\/es\/wp-json\/wp\/v2\/posts"}],"about":[{"href":"https:\/\/aldaia.es\/noticias\/es\/wp-json\/wp\/v2\/types\/post"}],"author":[{"embeddable":true,"href":"https:\/\/aldaia.es\/noticias\/es\/wp-json\/wp\/v2\/users\/2"}],"replies":[{"embeddable":true,"href":"https:\/\/aldaia.es\/noticias\/es\/wp-json\/wp\/v2\/comments?post=28791"}],"version-history":[{"count":1,"href":"https:\/\/aldaia.es\/noticias\/es\/wp-json\/wp\/v2\/posts\/28791\/revisions"}],"predecessor-version":[{"id":37485,"href":"https:\/\/aldaia.es\/noticias\/es\/wp-json\/wp\/v2\/posts\/28791\/revisions\/37485"}],"wp:featuredmedia":[{"embeddable":true,"href":"https:\/\/aldaia.es\/noticias\/es\/wp-json\/wp\/v2\/media\/28786"}],"wp:attachment":[{"href":"https:\/\/aldaia.es\/noticias\/es\/wp-json\/wp\/v2\/media?parent=28791"}],"wp:term":[{"taxonomy":"category","embeddable":true,"href":"https:\/\/aldaia.es\/noticias\/es\/wp-json\/wp\/v2\/categories?post=28791"},{"taxonomy":"post_tag","embeddable":true,"href":"https:\/\/aldaia.es\/noticias\/es\/wp-json\/wp\/v2\/tags?post=28791"}],"curies":[{"name":"wp","href":"https:\/\/api.w.org\/{rel}","templated":true}]}}