{"id":28890,"date":"2024-06-25T10:41:55","date_gmt":"2024-06-25T08:41:55","guid":{"rendered":"https:\/\/aldaia.es\/2024\/06\/25\/seis-jovenes-son-el-mejor-talento-z-de-aldaia\/"},"modified":"2025-05-20T10:28:52","modified_gmt":"2025-05-20T08:28:52","slug":"seis-jovenes-son-el-mejor-talento-z-de-aldaia","status":"publish","type":"post","link":"https:\/\/aldaia.es\/noticias\/es\/seis-jovenes-son-el-mejor-talento-z-de-aldaia\/","title":{"rendered":"Seis j\u00f3venes son el mejor \u2018Talento Z\u2019 de Aldaia"},"content":{"rendered":"\n<p>Las personas de entre 18 y 30 a\u00f1os de Aldaia tienen una nueva oportunidad con la iniciativa del \u00e1rea de Juventud, Gente Joven Aldaia, y es \u2018TalentZ\u2019. Una convocatoria de concurso donde el objetivo principal es impulsar mecanismos de participaci\u00f3n directa de las personas j\u00f3venes promocionando las iniciativas y talentos juveniles mediante la implicaci\u00f3n comunitaria y el activismo desde valores democr\u00e1ticos, solidarios y pro sociales.<\/p>\n\n<p>El proceso implicaba una primera fase, con la presentaci\u00f3n de una idea o proyecto, y del perfil personal, para ser publicado en la web por Juventud. Y una segunda fase de votaci\u00f3n popular y jurado profesional. Finalmente, el resultado era desvelado en la gala final de \u2018TalentZ 2024\u2019 que se celebr\u00f3 en el teatro del Mercat:<\/p>\n\n<p>De entre las 21 propuestas de este a\u00f1o, los premios por categor\u00edas fueron para:<\/p>\n\n<p>&#8211; Innovaci\u00f3n y Emprendimiento: Natalia Estudillo<\/p>\n\n<p>&#8211; Arte y Cultura: Claudia Platero<\/p>\n\n<p>&#8211; Deporte y Vida Saludable (2 premiadas por empate): Miriam Crujera y Eva Coronado<\/p>\n\n<p>&#8211; Medio Ambiente y Sostenibilidad: Edu Engu\u00eddanos<\/p>\n\n<p>&#8211; Acci\u00f3n Social: Yolanda Trujillo<\/p>\n\n<p>De este modo, estas seis personas j\u00f3venes de Aldaia representan los mejores valores de la juventud en Aldaia, junto con sus proyectos, y pueden programar desde ahora mismo su campa\u00f1a de apoyo y difusi\u00f3n para sus proyectos personales en Aldaia.<\/p>\n\n<p>El alcalde de la localidad, Guillermo Luj\u00e1n, as\u00ed como el regidor del \u00e1rea Sergio G\u00f3mez, presenciaron la entrega con la ilusi\u00f3n de \u201cponer como protagonistas a los j\u00f3venes de Aldaia, como venimos haciendo desde hace muchos a\u00f1os al departamento de Juventud. Pensamos que es muy importante que las pol\u00edticas de juventud se hagan desde la \u00f3ptica de la gente joven y por eso creemos oportuno crear este tipo de acontecimientos, con ellas y ellos\u201d.<\/p>\n","protected":false},"excerpt":{"rendered":"<p>Las personas de entre 18 y 30 a\u00f1os de Aldaia tienen una nueva oportunidad con la iniciativa del \u00e1rea de Juventud, Gente Jov&#8230;<\/p>\n","protected":false},"author":2,"featured_media":28887,"comment_status":"closed","ping_status":"closed","sticky":false,"template":"","format":"standard","meta":{"_acf_changed":false,"footnotes":""},"categories":[61],"tags":[],"class_list":["post-28890","post","type-post","status-publish","format-standard","has-post-thumbnail","hentry","category-juventud"],"acf":[],"yoast_head":"<!-- This site is optimized with the Yoast SEO plugin v26.9 - https:\/\/yoast.com\/product\/yoast-seo-wordpress\/ -->\n<title>Seis j\u00f3venes son el mejor \u2018Talento Z\u2019 de Aldaia - Noticias - Ayuntamiento de Aldaia<\/title>\n<meta name=\"description\" content=\"Una campa\u00f1a de reconocimiento a las personas j\u00f3venes premia en cinco categor\u00edas los mejores talentos emprendedores de la localidad con el objetivo de fomentar el emprendimiento y creatividad y \u201cpositivitzar la imagen de la juventud\u2019\" \/>\n<meta name=\"robots\" content=\"index, follow, max-snippet:-1, max-image-preview:large, max-video-preview:-1\" \/>\n<link rel=\"canonical\" href=\"https:\/\/aldaia.es\/noticias\/es\/seis-jovenes-son-el-mejor-talento-z-de-aldaia\/\" \/>\n<meta property=\"og:locale\" content=\"es_ES\" \/>\n<meta property=\"og:type\" content=\"article\" \/>\n<meta property=\"og:title\" content=\"Seis j\u00f3venes son el mejor \u2018Talento Z\u2019 de Aldaia - Noticias - Ayuntamiento de Aldaia\" \/>\n<meta property=\"og:description\" content=\"Una campa\u00f1a de reconocimiento a las personas j\u00f3venes premia en cinco categor\u00edas los mejores talentos emprendedores de la localidad con el objetivo de fomentar el emprendimiento y creatividad y \u201cpositivitzar la imagen de la juventud\u2019\" \/>\n<meta property=\"og:url\" content=\"https:\/\/aldaia.es\/noticias\/es\/seis-jovenes-son-el-mejor-talento-z-de-aldaia\/\" \/>\n<meta property=\"og:site_name\" content=\"Noticias - Ayuntamiento de Aldaia\" \/>\n<meta property=\"article:published_time\" content=\"2024-06-25T08:41:55+00:00\" \/>\n<meta property=\"article:modified_time\" content=\"2025-05-20T08:28:52+00:00\" \/>\n<meta property=\"og:image\" content=\"https:\/\/aldaia.es\/noticias\/wp-content\/uploads\/2024\/06\/IMG_9219_2_11zon-scaled-1.jpg\" \/>\n\t<meta property=\"og:image:width\" content=\"2560\" \/>\n\t<meta property=\"og:image:height\" content=\"1707\" \/>\n\t<meta property=\"og:image:type\" content=\"image\/jpeg\" \/>\n<meta name=\"author\" content=\"prensa\" \/>\n<meta name=\"twitter:card\" content=\"summary_large_image\" \/>\n<meta name=\"twitter:label1\" content=\"Escrito por\" \/>\n\t<meta name=\"twitter:data1\" content=\"prensa\" \/>\n\t<meta name=\"twitter:label2\" content=\"Tiempo de lectura\" \/>\n\t<meta name=\"twitter:data2\" content=\"2 minutos\" \/>\n<script type=\"application\/ld+json\" class=\"yoast-schema-graph\">{\"@context\":\"https:\/\/schema.org\",\"@graph\":[{\"@type\":\"Article\",\"@id\":\"https:\/\/aldaia.es\/noticias\/es\/seis-jovenes-son-el-mejor-talento-z-de-aldaia\/#article\",\"isPartOf\":{\"@id\":\"https:\/\/aldaia.es\/noticias\/es\/seis-jovenes-son-el-mejor-talento-z-de-aldaia\/\"},\"author\":{\"name\":\"prensa\",\"@id\":\"https:\/\/aldaia.es\/noticias\/es\/#\/schema\/person\/736bf474749673d55971dc81c4553f7e\"},\"headline\":\"Seis j\u00f3venes son el mejor \u2018Talento Z\u2019 de Aldaia\",\"datePublished\":\"2024-06-25T08:41:55+00:00\",\"dateModified\":\"2025-05-20T08:28:52+00:00\",\"mainEntityOfPage\":{\"@id\":\"https:\/\/aldaia.es\/noticias\/es\/seis-jovenes-son-el-mejor-talento-z-de-aldaia\/\"},\"wordCount\":313,\"publisher\":{\"@id\":\"https:\/\/aldaia.es\/noticias\/es\/#organization\"},\"image\":{\"@id\":\"https:\/\/aldaia.es\/noticias\/es\/seis-jovenes-son-el-mejor-talento-z-de-aldaia\/#primaryimage\"},\"thumbnailUrl\":\"https:\/\/aldaia.es\/noticias\/wp-content\/uploads\/2024\/06\/IMG_9219_2_11zon-scaled-1.jpg\",\"articleSection\":[\"Juventud\"],\"inLanguage\":\"es\"},{\"@type\":\"WebPage\",\"@id\":\"https:\/\/aldaia.es\/noticias\/es\/seis-jovenes-son-el-mejor-talento-z-de-aldaia\/\",\"url\":\"https:\/\/aldaia.es\/noticias\/es\/seis-jovenes-son-el-mejor-talento-z-de-aldaia\/\",\"name\":\"Seis j\u00f3venes son el mejor \u2018Talento Z\u2019 de Aldaia - Noticias - Ayuntamiento de Aldaia\",\"isPartOf\":{\"@id\":\"https:\/\/aldaia.es\/noticias\/es\/#website\"},\"primaryImageOfPage\":{\"@id\":\"https:\/\/aldaia.es\/noticias\/es\/seis-jovenes-son-el-mejor-talento-z-de-aldaia\/#primaryimage\"},\"image\":{\"@id\":\"https:\/\/aldaia.es\/noticias\/es\/seis-jovenes-son-el-mejor-talento-z-de-aldaia\/#primaryimage\"},\"thumbnailUrl\":\"https:\/\/aldaia.es\/noticias\/wp-content\/uploads\/2024\/06\/IMG_9219_2_11zon-scaled-1.jpg\",\"datePublished\":\"2024-06-25T08:41:55+00:00\",\"dateModified\":\"2025-05-20T08:28:52+00:00\",\"description\":\"Una campa\u00f1a de reconocimiento a las personas j\u00f3venes premia en cinco categor\u00edas los mejores talentos emprendedores de la localidad con el objetivo de fomentar el emprendimiento y creatividad y \u201cpositivitzar la imagen de la juventud\u2019\",\"breadcrumb\":{\"@id\":\"https:\/\/aldaia.es\/noticias\/es\/seis-jovenes-son-el-mejor-talento-z-de-aldaia\/#breadcrumb\"},\"inLanguage\":\"es\",\"potentialAction\":[{\"@type\":\"ReadAction\",\"target\":[\"https:\/\/aldaia.es\/noticias\/es\/seis-jovenes-son-el-mejor-talento-z-de-aldaia\/\"]}]},{\"@type\":\"ImageObject\",\"inLanguage\":\"es\",\"@id\":\"https:\/\/aldaia.es\/noticias\/es\/seis-jovenes-son-el-mejor-talento-z-de-aldaia\/#primaryimage\",\"url\":\"https:\/\/aldaia.es\/noticias\/wp-content\/uploads\/2024\/06\/IMG_9219_2_11zon-scaled-1.jpg\",\"contentUrl\":\"https:\/\/aldaia.es\/noticias\/wp-content\/uploads\/2024\/06\/IMG_9219_2_11zon-scaled-1.jpg\",\"width\":2560,\"height\":1707},{\"@type\":\"BreadcrumbList\",\"@id\":\"https:\/\/aldaia.es\/noticias\/es\/seis-jovenes-son-el-mejor-talento-z-de-aldaia\/#breadcrumb\",\"itemListElement\":[{\"@type\":\"ListItem\",\"position\":1,\"name\":\"Portada\",\"item\":\"https:\/\/aldaia.es\/noticias\/es\/\"},{\"@type\":\"ListItem\",\"position\":2,\"name\":\"Seis j\u00f3venes son el mejor \u2018Talento Z\u2019 de Aldaia\"}]},{\"@type\":\"WebSite\",\"@id\":\"https:\/\/aldaia.es\/noticias\/es\/#website\",\"url\":\"https:\/\/aldaia.es\/noticias\/es\/\",\"name\":\"Noticias Aldaia\",\"description\":\"\",\"publisher\":{\"@id\":\"https:\/\/aldaia.es\/noticias\/es\/#organization\"},\"potentialAction\":[{\"@type\":\"SearchAction\",\"target\":{\"@type\":\"EntryPoint\",\"urlTemplate\":\"https:\/\/aldaia.es\/noticias\/es\/?s={search_term_string}\"},\"query-input\":{\"@type\":\"PropertyValueSpecification\",\"valueRequired\":true,\"valueName\":\"search_term_string\"}}],\"inLanguage\":\"es\"},{\"@type\":\"Organization\",\"@id\":\"https:\/\/aldaia.es\/noticias\/es\/#organization\",\"name\":\"Noticias Aldaia\",\"url\":\"https:\/\/aldaia.es\/noticias\/es\/\",\"logo\":{\"@type\":\"ImageObject\",\"inLanguage\":\"es\",\"@id\":\"https:\/\/aldaia.es\/noticias\/es\/#\/schema\/logo\/image\/\",\"url\":\"https:\/\/aldaia.es\/noticias\/wp-content\/uploads\/2025\/05\/aldaia-noticias.jpg\",\"contentUrl\":\"https:\/\/aldaia.es\/noticias\/wp-content\/uploads\/2025\/05\/aldaia-noticias.jpg\",\"width\":512,\"height\":512,\"caption\":\"Noticias Aldaia\"},\"image\":{\"@id\":\"https:\/\/aldaia.es\/noticias\/es\/#\/schema\/logo\/image\/\"}},{\"@type\":\"Person\",\"@id\":\"https:\/\/aldaia.es\/noticias\/es\/#\/schema\/person\/736bf474749673d55971dc81c4553f7e\",\"name\":\"prensa\",\"url\":\"https:\/\/aldaia.es\/noticias\/es\/author\/prensa\/\"}]}<\/script>\n<!-- \/ Yoast SEO plugin. -->","yoast_head_json":{"title":"Seis j\u00f3venes son el mejor \u2018Talento Z\u2019 de Aldaia - Noticias - Ayuntamiento de Aldaia","description":"Una campa\u00f1a de reconocimiento a las personas j\u00f3venes premia en cinco categor\u00edas los mejores talentos emprendedores de la localidad con el objetivo de fomentar el emprendimiento y creatividad y \u201cpositivitzar la imagen de la juventud\u2019","robots":{"index":"index","follow":"follow","max-snippet":"max-snippet:-1","max-image-preview":"max-image-preview:large","max-video-preview":"max-video-preview:-1"},"canonical":"https:\/\/aldaia.es\/noticias\/es\/seis-jovenes-son-el-mejor-talento-z-de-aldaia\/","og_locale":"es_ES","og_type":"article","og_title":"Seis j\u00f3venes son el mejor \u2018Talento Z\u2019 de Aldaia - Noticias - Ayuntamiento de Aldaia","og_description":"Una campa\u00f1a de reconocimiento a las personas j\u00f3venes premia en cinco categor\u00edas los mejores talentos emprendedores de la localidad con el objetivo de fomentar el emprendimiento y creatividad y \u201cpositivitzar la imagen de la juventud\u2019","og_url":"https:\/\/aldaia.es\/noticias\/es\/seis-jovenes-son-el-mejor-talento-z-de-aldaia\/","og_site_name":"Noticias - Ayuntamiento de Aldaia","article_published_time":"2024-06-25T08:41:55+00:00","article_modified_time":"2025-05-20T08:28:52+00:00","og_image":[{"width":2560,"height":1707,"url":"https:\/\/aldaia.es\/noticias\/wp-content\/uploads\/2024\/06\/IMG_9219_2_11zon-scaled-1.jpg","type":"image\/jpeg"}],"author":"prensa","twitter_card":"summary_large_image","twitter_misc":{"Escrito por":"prensa","Tiempo de lectura":"2 minutos"},"schema":{"@context":"https:\/\/schema.org","@graph":[{"@type":"Article","@id":"https:\/\/aldaia.es\/noticias\/es\/seis-jovenes-son-el-mejor-talento-z-de-aldaia\/#article","isPartOf":{"@id":"https:\/\/aldaia.es\/noticias\/es\/seis-jovenes-son-el-mejor-talento-z-de-aldaia\/"},"author":{"name":"prensa","@id":"https:\/\/aldaia.es\/noticias\/es\/#\/schema\/person\/736bf474749673d55971dc81c4553f7e"},"headline":"Seis j\u00f3venes son el mejor \u2018Talento Z\u2019 de Aldaia","datePublished":"2024-06-25T08:41:55+00:00","dateModified":"2025-05-20T08:28:52+00:00","mainEntityOfPage":{"@id":"https:\/\/aldaia.es\/noticias\/es\/seis-jovenes-son-el-mejor-talento-z-de-aldaia\/"},"wordCount":313,"publisher":{"@id":"https:\/\/aldaia.es\/noticias\/es\/#organization"},"image":{"@id":"https:\/\/aldaia.es\/noticias\/es\/seis-jovenes-son-el-mejor-talento-z-de-aldaia\/#primaryimage"},"thumbnailUrl":"https:\/\/aldaia.es\/noticias\/wp-content\/uploads\/2024\/06\/IMG_9219_2_11zon-scaled-1.jpg","articleSection":["Juventud"],"inLanguage":"es"},{"@type":"WebPage","@id":"https:\/\/aldaia.es\/noticias\/es\/seis-jovenes-son-el-mejor-talento-z-de-aldaia\/","url":"https:\/\/aldaia.es\/noticias\/es\/seis-jovenes-son-el-mejor-talento-z-de-aldaia\/","name":"Seis j\u00f3venes son el mejor \u2018Talento Z\u2019 de Aldaia - Noticias - Ayuntamiento de Aldaia","isPartOf":{"@id":"https:\/\/aldaia.es\/noticias\/es\/#website"},"primaryImageOfPage":{"@id":"https:\/\/aldaia.es\/noticias\/es\/seis-jovenes-son-el-mejor-talento-z-de-aldaia\/#primaryimage"},"image":{"@id":"https:\/\/aldaia.es\/noticias\/es\/seis-jovenes-son-el-mejor-talento-z-de-aldaia\/#primaryimage"},"thumbnailUrl":"https:\/\/aldaia.es\/noticias\/wp-content\/uploads\/2024\/06\/IMG_9219_2_11zon-scaled-1.jpg","datePublished":"2024-06-25T08:41:55+00:00","dateModified":"2025-05-20T08:28:52+00:00","description":"Una campa\u00f1a de reconocimiento a las personas j\u00f3venes premia en cinco categor\u00edas los mejores talentos emprendedores de la localidad con el objetivo de fomentar el emprendimiento y creatividad y \u201cpositivitzar la imagen de la juventud\u2019","breadcrumb":{"@id":"https:\/\/aldaia.es\/noticias\/es\/seis-jovenes-son-el-mejor-talento-z-de-aldaia\/#breadcrumb"},"inLanguage":"es","potentialAction":[{"@type":"ReadAction","target":["https:\/\/aldaia.es\/noticias\/es\/seis-jovenes-son-el-mejor-talento-z-de-aldaia\/"]}]},{"@type":"ImageObject","inLanguage":"es","@id":"https:\/\/aldaia.es\/noticias\/es\/seis-jovenes-son-el-mejor-talento-z-de-aldaia\/#primaryimage","url":"https:\/\/aldaia.es\/noticias\/wp-content\/uploads\/2024\/06\/IMG_9219_2_11zon-scaled-1.jpg","contentUrl":"https:\/\/aldaia.es\/noticias\/wp-content\/uploads\/2024\/06\/IMG_9219_2_11zon-scaled-1.jpg","width":2560,"height":1707},{"@type":"BreadcrumbList","@id":"https:\/\/aldaia.es\/noticias\/es\/seis-jovenes-son-el-mejor-talento-z-de-aldaia\/#breadcrumb","itemListElement":[{"@type":"ListItem","position":1,"name":"Portada","item":"https:\/\/aldaia.es\/noticias\/es\/"},{"@type":"ListItem","position":2,"name":"Seis j\u00f3venes son el mejor \u2018Talento Z\u2019 de Aldaia"}]},{"@type":"WebSite","@id":"https:\/\/aldaia.es\/noticias\/es\/#website","url":"https:\/\/aldaia.es\/noticias\/es\/","name":"Noticias Aldaia","description":"","publisher":{"@id":"https:\/\/aldaia.es\/noticias\/es\/#organization"},"potentialAction":[{"@type":"SearchAction","target":{"@type":"EntryPoint","urlTemplate":"https:\/\/aldaia.es\/noticias\/es\/?s={search_term_string}"},"query-input":{"@type":"PropertyValueSpecification","valueRequired":true,"valueName":"search_term_string"}}],"inLanguage":"es"},{"@type":"Organization","@id":"https:\/\/aldaia.es\/noticias\/es\/#organization","name":"Noticias Aldaia","url":"https:\/\/aldaia.es\/noticias\/es\/","logo":{"@type":"ImageObject","inLanguage":"es","@id":"https:\/\/aldaia.es\/noticias\/es\/#\/schema\/logo\/image\/","url":"https:\/\/aldaia.es\/noticias\/wp-content\/uploads\/2025\/05\/aldaia-noticias.jpg","contentUrl":"https:\/\/aldaia.es\/noticias\/wp-content\/uploads\/2025\/05\/aldaia-noticias.jpg","width":512,"height":512,"caption":"Noticias Aldaia"},"image":{"@id":"https:\/\/aldaia.es\/noticias\/es\/#\/schema\/logo\/image\/"}},{"@type":"Person","@id":"https:\/\/aldaia.es\/noticias\/es\/#\/schema\/person\/736bf474749673d55971dc81c4553f7e","name":"prensa","url":"https:\/\/aldaia.es\/noticias\/es\/author\/prensa\/"}]}},"_links":{"self":[{"href":"https:\/\/aldaia.es\/noticias\/es\/wp-json\/wp\/v2\/posts\/28890","targetHints":{"allow":["GET"]}}],"collection":[{"href":"https:\/\/aldaia.es\/noticias\/es\/wp-json\/wp\/v2\/posts"}],"about":[{"href":"https:\/\/aldaia.es\/noticias\/es\/wp-json\/wp\/v2\/types\/post"}],"author":[{"embeddable":true,"href":"https:\/\/aldaia.es\/noticias\/es\/wp-json\/wp\/v2\/users\/2"}],"replies":[{"embeddable":true,"href":"https:\/\/aldaia.es\/noticias\/es\/wp-json\/wp\/v2\/comments?post=28890"}],"version-history":[{"count":1,"href":"https:\/\/aldaia.es\/noticias\/es\/wp-json\/wp\/v2\/posts\/28890\/revisions"}],"predecessor-version":[{"id":37338,"href":"https:\/\/aldaia.es\/noticias\/es\/wp-json\/wp\/v2\/posts\/28890\/revisions\/37338"}],"wp:featuredmedia":[{"embeddable":true,"href":"https:\/\/aldaia.es\/noticias\/es\/wp-json\/wp\/v2\/media\/28887"}],"wp:attachment":[{"href":"https:\/\/aldaia.es\/noticias\/es\/wp-json\/wp\/v2\/media?parent=28890"}],"wp:term":[{"taxonomy":"category","embeddable":true,"href":"https:\/\/aldaia.es\/noticias\/es\/wp-json\/wp\/v2\/categories?post=28890"},{"taxonomy":"post_tag","embeddable":true,"href":"https:\/\/aldaia.es\/noticias\/es\/wp-json\/wp\/v2\/tags?post=28890"}],"curies":[{"name":"wp","href":"https:\/\/api.w.org\/{rel}","templated":true}]}}