{"id":29173,"date":"2024-07-05T10:08:31","date_gmt":"2024-07-05T08:08:31","guid":{"rendered":"https:\/\/aldaia.es\/2024\/07\/05\/conselleria-informa-a-lujan-que-no-bloquejara-el-projecte-de-desviament-del-barranc-daldaia\/"},"modified":"2025-05-20T11:05:18","modified_gmt":"2025-05-20T09:05:18","slug":"conselleria-informa-a-lujan-que-no-bloquejara-el-projecte-de-desviament-del-barranc-daldaia","status":"publish","type":"post","link":"https:\/\/aldaia.es\/noticias\/es\/conselleria-informa-a-lujan-que-no-bloquejara-el-projecte-de-desviament-del-barranc-daldaia\/","title":{"rendered":"Conselleria informa a Luj\u00e1n que no bloquear\u00e1 el proyecto de desv\u00edo del barranco de Aldaia"},"content":{"rendered":"\n<p>\u201cPrudente, pero esperanzado\u201d. As\u00ed se mostraba el alcalde de Aldaia al salir de la reuni\u00f3n que ha mantenido esta ma\u00f1ana con la Directora General del Agua, Sabina Goretti y Miguel Monta\u00f1ana, Subdirector General de Evaluaci\u00f3n Ambiental y Paisaje, ambos en representaci\u00f3n de la Conselleria de Medio Ambiente. Durante el encuentro, Luj\u00e1n les ha trasladado su preocupaci\u00f3n por las \u00faltimas informaciones que apuntaban al bloqueo del proyecto de desv\u00edo del barranco de la Saleta debido a un informe desfavorable del ejecutivo valenciano.<\/p>\n\n<p>Por su parte, Goretti y Monta\u00f1ana han manifestado al alcalde la voluntad de Conselleria de no bloquearlo. Para ello, valorar\u00e1n las posibles opciones para completar dicho informe, abriendo la puerta as\u00ed a la realizaci\u00f3n de estas obras hist\u00f3ricamente demandadas por los vecinos de Aldaia. As\u00ed, los t\u00e9cnicos de Conselleria remitir\u00e1n pr\u00f3ximamente a la Confederaci\u00f3n Hidrogr\u00e1fica del X\u00faquer su propuesta a este respecto.<\/p>\n\n<p>Al finalizar la reuni\u00f3n, Luj\u00e1n aseguraba estar \u201cprudente, pero esperanzado\u201d sobre el resultado de la misma, y ha dado las gracias a la Conselleria \u201cpor su predisposici\u00f3n a no bloquear este proyecto tan necesario para garantizar la seguridad de los vecinos y vecinas de Aldaia\u201d.<\/p>\n","protected":false},"excerpt":{"rendered":"<p>\u201cPrudente, pero esperanzado\u201d. As\u00ed se mostraba el alcalde de Aldaia al salir de la reuni\u00f3n que ha mantenido esta ma\u00f1ana&#8230;<\/p>\n","protected":false},"author":2,"featured_media":29171,"comment_status":"closed","ping_status":"closed","sticky":false,"template":"","format":"standard","meta":{"_acf_changed":false,"footnotes":""},"categories":[68],"tags":[],"class_list":["post-29173","post","type-post","status-publish","format-standard","has-post-thumbnail","hentry","category-urbanismo-y-medio-ambiente"],"acf":[],"yoast_head":"<!-- This site is optimized with the Yoast SEO plugin v26.9 - https:\/\/yoast.com\/product\/yoast-seo-wordpress\/ -->\n<title>Conselleria informa a Luj\u00e1n que no bloquear\u00e1 el proyecto de desv\u00edo del barranco de Aldaia - Noticias - Ayuntamiento de Aldaia<\/title>\n<meta name=\"description\" content=\"Los t\u00e9cnicos de Conselleria concretar\u00e1n pr\u00f3ximamente de qu\u00e9 forma completar\u00e1n el informe que bloqueaba el proceso\" \/>\n<meta name=\"robots\" content=\"index, follow, max-snippet:-1, max-image-preview:large, max-video-preview:-1\" \/>\n<link rel=\"canonical\" href=\"https:\/\/aldaia.es\/noticias\/es\/conselleria-informa-a-lujan-que-no-bloquejara-el-projecte-de-desviament-del-barranc-daldaia\/\" \/>\n<meta property=\"og:locale\" content=\"es_ES\" \/>\n<meta property=\"og:type\" content=\"article\" \/>\n<meta property=\"og:title\" content=\"Conselleria informa a Luj\u00e1n que no bloquear\u00e1 el proyecto de desv\u00edo del barranco de Aldaia - Noticias - Ayuntamiento de Aldaia\" \/>\n<meta property=\"og:description\" content=\"Los t\u00e9cnicos de Conselleria concretar\u00e1n pr\u00f3ximamente de qu\u00e9 forma completar\u00e1n el informe que bloqueaba el proceso\" \/>\n<meta property=\"og:url\" content=\"https:\/\/aldaia.es\/noticias\/es\/conselleria-informa-a-lujan-que-no-bloquejara-el-projecte-de-desviament-del-barranc-daldaia\/\" \/>\n<meta property=\"og:site_name\" content=\"Noticias - Ayuntamiento de Aldaia\" \/>\n<meta property=\"article:published_time\" content=\"2024-07-05T08:08:31+00:00\" \/>\n<meta property=\"article:modified_time\" content=\"2025-05-20T09:05:18+00:00\" \/>\n<meta property=\"og:image\" content=\"https:\/\/aldaia.es\/noticias\/wp-content\/uploads\/2024\/07\/WebAldaia_20201031_121923_11zon-scaled-1.jpg\" \/>\n\t<meta property=\"og:image:width\" content=\"2560\" \/>\n\t<meta property=\"og:image:height\" content=\"1707\" \/>\n\t<meta property=\"og:image:type\" content=\"image\/jpeg\" \/>\n<meta name=\"author\" content=\"prensa\" \/>\n<meta name=\"twitter:card\" content=\"summary_large_image\" \/>\n<meta name=\"twitter:label1\" content=\"Escrito por\" \/>\n\t<meta name=\"twitter:data1\" content=\"prensa\" \/>\n\t<meta name=\"twitter:label2\" content=\"Tiempo de lectura\" \/>\n\t<meta name=\"twitter:data2\" content=\"1 minuto\" \/>\n<script type=\"application\/ld+json\" class=\"yoast-schema-graph\">{\"@context\":\"https:\/\/schema.org\",\"@graph\":[{\"@type\":\"Article\",\"@id\":\"https:\/\/aldaia.es\/noticias\/es\/conselleria-informa-a-lujan-que-no-bloquejara-el-projecte-de-desviament-del-barranc-daldaia\/#article\",\"isPartOf\":{\"@id\":\"https:\/\/aldaia.es\/noticias\/es\/conselleria-informa-a-lujan-que-no-bloquejara-el-projecte-de-desviament-del-barranc-daldaia\/\"},\"author\":{\"name\":\"prensa\",\"@id\":\"https:\/\/aldaia.es\/noticias\/es\/#\/schema\/person\/736bf474749673d55971dc81c4553f7e\"},\"headline\":\"Conselleria informa a Luj\u00e1n que no bloquear\u00e1 el proyecto de desv\u00edo del barranco de Aldaia\",\"datePublished\":\"2024-07-05T08:08:31+00:00\",\"dateModified\":\"2025-05-20T09:05:18+00:00\",\"mainEntityOfPage\":{\"@id\":\"https:\/\/aldaia.es\/noticias\/es\/conselleria-informa-a-lujan-que-no-bloquejara-el-projecte-de-desviament-del-barranc-daldaia\/\"},\"wordCount\":226,\"publisher\":{\"@id\":\"https:\/\/aldaia.es\/noticias\/es\/#organization\"},\"image\":{\"@id\":\"https:\/\/aldaia.es\/noticias\/es\/conselleria-informa-a-lujan-que-no-bloquejara-el-projecte-de-desviament-del-barranc-daldaia\/#primaryimage\"},\"thumbnailUrl\":\"https:\/\/aldaia.es\/noticias\/wp-content\/uploads\/2024\/07\/WebAldaia_20201031_121923_11zon-scaled-1.jpg\",\"articleSection\":[\"Urbanismo y Medio ambiente\"],\"inLanguage\":\"es\"},{\"@type\":\"WebPage\",\"@id\":\"https:\/\/aldaia.es\/noticias\/es\/conselleria-informa-a-lujan-que-no-bloquejara-el-projecte-de-desviament-del-barranc-daldaia\/\",\"url\":\"https:\/\/aldaia.es\/noticias\/es\/conselleria-informa-a-lujan-que-no-bloquejara-el-projecte-de-desviament-del-barranc-daldaia\/\",\"name\":\"Conselleria informa a Luj\u00e1n que no bloquear\u00e1 el proyecto de desv\u00edo del barranco de Aldaia - Noticias - Ayuntamiento de Aldaia\",\"isPartOf\":{\"@id\":\"https:\/\/aldaia.es\/noticias\/es\/#website\"},\"primaryImageOfPage\":{\"@id\":\"https:\/\/aldaia.es\/noticias\/es\/conselleria-informa-a-lujan-que-no-bloquejara-el-projecte-de-desviament-del-barranc-daldaia\/#primaryimage\"},\"image\":{\"@id\":\"https:\/\/aldaia.es\/noticias\/es\/conselleria-informa-a-lujan-que-no-bloquejara-el-projecte-de-desviament-del-barranc-daldaia\/#primaryimage\"},\"thumbnailUrl\":\"https:\/\/aldaia.es\/noticias\/wp-content\/uploads\/2024\/07\/WebAldaia_20201031_121923_11zon-scaled-1.jpg\",\"datePublished\":\"2024-07-05T08:08:31+00:00\",\"dateModified\":\"2025-05-20T09:05:18+00:00\",\"description\":\"Los t\u00e9cnicos de Conselleria concretar\u00e1n pr\u00f3ximamente de qu\u00e9 forma completar\u00e1n el informe que bloqueaba el proceso\",\"breadcrumb\":{\"@id\":\"https:\/\/aldaia.es\/noticias\/es\/conselleria-informa-a-lujan-que-no-bloquejara-el-projecte-de-desviament-del-barranc-daldaia\/#breadcrumb\"},\"inLanguage\":\"es\",\"potentialAction\":[{\"@type\":\"ReadAction\",\"target\":[\"https:\/\/aldaia.es\/noticias\/es\/conselleria-informa-a-lujan-que-no-bloquejara-el-projecte-de-desviament-del-barranc-daldaia\/\"]}]},{\"@type\":\"ImageObject\",\"inLanguage\":\"es\",\"@id\":\"https:\/\/aldaia.es\/noticias\/es\/conselleria-informa-a-lujan-que-no-bloquejara-el-projecte-de-desviament-del-barranc-daldaia\/#primaryimage\",\"url\":\"https:\/\/aldaia.es\/noticias\/wp-content\/uploads\/2024\/07\/WebAldaia_20201031_121923_11zon-scaled-1.jpg\",\"contentUrl\":\"https:\/\/aldaia.es\/noticias\/wp-content\/uploads\/2024\/07\/WebAldaia_20201031_121923_11zon-scaled-1.jpg\",\"width\":2560,\"height\":1707},{\"@type\":\"BreadcrumbList\",\"@id\":\"https:\/\/aldaia.es\/noticias\/es\/conselleria-informa-a-lujan-que-no-bloquejara-el-projecte-de-desviament-del-barranc-daldaia\/#breadcrumb\",\"itemListElement\":[{\"@type\":\"ListItem\",\"position\":1,\"name\":\"Portada\",\"item\":\"https:\/\/aldaia.es\/noticias\/es\/\"},{\"@type\":\"ListItem\",\"position\":2,\"name\":\"Conselleria informa a Luj\u00e1n que no bloquear\u00e1 el proyecto de desv\u00edo del barranco de Aldaia\"}]},{\"@type\":\"WebSite\",\"@id\":\"https:\/\/aldaia.es\/noticias\/es\/#website\",\"url\":\"https:\/\/aldaia.es\/noticias\/es\/\",\"name\":\"Noticias Aldaia\",\"description\":\"\",\"publisher\":{\"@id\":\"https:\/\/aldaia.es\/noticias\/es\/#organization\"},\"potentialAction\":[{\"@type\":\"SearchAction\",\"target\":{\"@type\":\"EntryPoint\",\"urlTemplate\":\"https:\/\/aldaia.es\/noticias\/es\/?s={search_term_string}\"},\"query-input\":{\"@type\":\"PropertyValueSpecification\",\"valueRequired\":true,\"valueName\":\"search_term_string\"}}],\"inLanguage\":\"es\"},{\"@type\":\"Organization\",\"@id\":\"https:\/\/aldaia.es\/noticias\/es\/#organization\",\"name\":\"Noticias Aldaia\",\"url\":\"https:\/\/aldaia.es\/noticias\/es\/\",\"logo\":{\"@type\":\"ImageObject\",\"inLanguage\":\"es\",\"@id\":\"https:\/\/aldaia.es\/noticias\/es\/#\/schema\/logo\/image\/\",\"url\":\"https:\/\/aldaia.es\/noticias\/wp-content\/uploads\/2025\/05\/aldaia-noticias.jpg\",\"contentUrl\":\"https:\/\/aldaia.es\/noticias\/wp-content\/uploads\/2025\/05\/aldaia-noticias.jpg\",\"width\":512,\"height\":512,\"caption\":\"Noticias Aldaia\"},\"image\":{\"@id\":\"https:\/\/aldaia.es\/noticias\/es\/#\/schema\/logo\/image\/\"}},{\"@type\":\"Person\",\"@id\":\"https:\/\/aldaia.es\/noticias\/es\/#\/schema\/person\/736bf474749673d55971dc81c4553f7e\",\"name\":\"prensa\",\"url\":\"https:\/\/aldaia.es\/noticias\/es\/author\/prensa\/\"}]}<\/script>\n<!-- \/ Yoast SEO plugin. -->","yoast_head_json":{"title":"Conselleria informa a Luj\u00e1n que no bloquear\u00e1 el proyecto de desv\u00edo del barranco de Aldaia - Noticias - Ayuntamiento de Aldaia","description":"Los t\u00e9cnicos de Conselleria concretar\u00e1n pr\u00f3ximamente de qu\u00e9 forma completar\u00e1n el informe que bloqueaba el proceso","robots":{"index":"index","follow":"follow","max-snippet":"max-snippet:-1","max-image-preview":"max-image-preview:large","max-video-preview":"max-video-preview:-1"},"canonical":"https:\/\/aldaia.es\/noticias\/es\/conselleria-informa-a-lujan-que-no-bloquejara-el-projecte-de-desviament-del-barranc-daldaia\/","og_locale":"es_ES","og_type":"article","og_title":"Conselleria informa a Luj\u00e1n que no bloquear\u00e1 el proyecto de desv\u00edo del barranco de Aldaia - Noticias - Ayuntamiento de Aldaia","og_description":"Los t\u00e9cnicos de Conselleria concretar\u00e1n pr\u00f3ximamente de qu\u00e9 forma completar\u00e1n el informe que bloqueaba el proceso","og_url":"https:\/\/aldaia.es\/noticias\/es\/conselleria-informa-a-lujan-que-no-bloquejara-el-projecte-de-desviament-del-barranc-daldaia\/","og_site_name":"Noticias - Ayuntamiento de Aldaia","article_published_time":"2024-07-05T08:08:31+00:00","article_modified_time":"2025-05-20T09:05:18+00:00","og_image":[{"width":2560,"height":1707,"url":"https:\/\/aldaia.es\/noticias\/wp-content\/uploads\/2024\/07\/WebAldaia_20201031_121923_11zon-scaled-1.jpg","type":"image\/jpeg"}],"author":"prensa","twitter_card":"summary_large_image","twitter_misc":{"Escrito por":"prensa","Tiempo de lectura":"1 minuto"},"schema":{"@context":"https:\/\/schema.org","@graph":[{"@type":"Article","@id":"https:\/\/aldaia.es\/noticias\/es\/conselleria-informa-a-lujan-que-no-bloquejara-el-projecte-de-desviament-del-barranc-daldaia\/#article","isPartOf":{"@id":"https:\/\/aldaia.es\/noticias\/es\/conselleria-informa-a-lujan-que-no-bloquejara-el-projecte-de-desviament-del-barranc-daldaia\/"},"author":{"name":"prensa","@id":"https:\/\/aldaia.es\/noticias\/es\/#\/schema\/person\/736bf474749673d55971dc81c4553f7e"},"headline":"Conselleria informa a Luj\u00e1n que no bloquear\u00e1 el proyecto de desv\u00edo del barranco de Aldaia","datePublished":"2024-07-05T08:08:31+00:00","dateModified":"2025-05-20T09:05:18+00:00","mainEntityOfPage":{"@id":"https:\/\/aldaia.es\/noticias\/es\/conselleria-informa-a-lujan-que-no-bloquejara-el-projecte-de-desviament-del-barranc-daldaia\/"},"wordCount":226,"publisher":{"@id":"https:\/\/aldaia.es\/noticias\/es\/#organization"},"image":{"@id":"https:\/\/aldaia.es\/noticias\/es\/conselleria-informa-a-lujan-que-no-bloquejara-el-projecte-de-desviament-del-barranc-daldaia\/#primaryimage"},"thumbnailUrl":"https:\/\/aldaia.es\/noticias\/wp-content\/uploads\/2024\/07\/WebAldaia_20201031_121923_11zon-scaled-1.jpg","articleSection":["Urbanismo y Medio ambiente"],"inLanguage":"es"},{"@type":"WebPage","@id":"https:\/\/aldaia.es\/noticias\/es\/conselleria-informa-a-lujan-que-no-bloquejara-el-projecte-de-desviament-del-barranc-daldaia\/","url":"https:\/\/aldaia.es\/noticias\/es\/conselleria-informa-a-lujan-que-no-bloquejara-el-projecte-de-desviament-del-barranc-daldaia\/","name":"Conselleria informa a Luj\u00e1n que no bloquear\u00e1 el proyecto de desv\u00edo del barranco de Aldaia - Noticias - Ayuntamiento de Aldaia","isPartOf":{"@id":"https:\/\/aldaia.es\/noticias\/es\/#website"},"primaryImageOfPage":{"@id":"https:\/\/aldaia.es\/noticias\/es\/conselleria-informa-a-lujan-que-no-bloquejara-el-projecte-de-desviament-del-barranc-daldaia\/#primaryimage"},"image":{"@id":"https:\/\/aldaia.es\/noticias\/es\/conselleria-informa-a-lujan-que-no-bloquejara-el-projecte-de-desviament-del-barranc-daldaia\/#primaryimage"},"thumbnailUrl":"https:\/\/aldaia.es\/noticias\/wp-content\/uploads\/2024\/07\/WebAldaia_20201031_121923_11zon-scaled-1.jpg","datePublished":"2024-07-05T08:08:31+00:00","dateModified":"2025-05-20T09:05:18+00:00","description":"Los t\u00e9cnicos de Conselleria concretar\u00e1n pr\u00f3ximamente de qu\u00e9 forma completar\u00e1n el informe que bloqueaba el proceso","breadcrumb":{"@id":"https:\/\/aldaia.es\/noticias\/es\/conselleria-informa-a-lujan-que-no-bloquejara-el-projecte-de-desviament-del-barranc-daldaia\/#breadcrumb"},"inLanguage":"es","potentialAction":[{"@type":"ReadAction","target":["https:\/\/aldaia.es\/noticias\/es\/conselleria-informa-a-lujan-que-no-bloquejara-el-projecte-de-desviament-del-barranc-daldaia\/"]}]},{"@type":"ImageObject","inLanguage":"es","@id":"https:\/\/aldaia.es\/noticias\/es\/conselleria-informa-a-lujan-que-no-bloquejara-el-projecte-de-desviament-del-barranc-daldaia\/#primaryimage","url":"https:\/\/aldaia.es\/noticias\/wp-content\/uploads\/2024\/07\/WebAldaia_20201031_121923_11zon-scaled-1.jpg","contentUrl":"https:\/\/aldaia.es\/noticias\/wp-content\/uploads\/2024\/07\/WebAldaia_20201031_121923_11zon-scaled-1.jpg","width":2560,"height":1707},{"@type":"BreadcrumbList","@id":"https:\/\/aldaia.es\/noticias\/es\/conselleria-informa-a-lujan-que-no-bloquejara-el-projecte-de-desviament-del-barranc-daldaia\/#breadcrumb","itemListElement":[{"@type":"ListItem","position":1,"name":"Portada","item":"https:\/\/aldaia.es\/noticias\/es\/"},{"@type":"ListItem","position":2,"name":"Conselleria informa a Luj\u00e1n que no bloquear\u00e1 el proyecto de desv\u00edo del barranco de Aldaia"}]},{"@type":"WebSite","@id":"https:\/\/aldaia.es\/noticias\/es\/#website","url":"https:\/\/aldaia.es\/noticias\/es\/","name":"Noticias Aldaia","description":"","publisher":{"@id":"https:\/\/aldaia.es\/noticias\/es\/#organization"},"potentialAction":[{"@type":"SearchAction","target":{"@type":"EntryPoint","urlTemplate":"https:\/\/aldaia.es\/noticias\/es\/?s={search_term_string}"},"query-input":{"@type":"PropertyValueSpecification","valueRequired":true,"valueName":"search_term_string"}}],"inLanguage":"es"},{"@type":"Organization","@id":"https:\/\/aldaia.es\/noticias\/es\/#organization","name":"Noticias Aldaia","url":"https:\/\/aldaia.es\/noticias\/es\/","logo":{"@type":"ImageObject","inLanguage":"es","@id":"https:\/\/aldaia.es\/noticias\/es\/#\/schema\/logo\/image\/","url":"https:\/\/aldaia.es\/noticias\/wp-content\/uploads\/2025\/05\/aldaia-noticias.jpg","contentUrl":"https:\/\/aldaia.es\/noticias\/wp-content\/uploads\/2025\/05\/aldaia-noticias.jpg","width":512,"height":512,"caption":"Noticias Aldaia"},"image":{"@id":"https:\/\/aldaia.es\/noticias\/es\/#\/schema\/logo\/image\/"}},{"@type":"Person","@id":"https:\/\/aldaia.es\/noticias\/es\/#\/schema\/person\/736bf474749673d55971dc81c4553f7e","name":"prensa","url":"https:\/\/aldaia.es\/noticias\/es\/author\/prensa\/"}]}},"_links":{"self":[{"href":"https:\/\/aldaia.es\/noticias\/es\/wp-json\/wp\/v2\/posts\/29173","targetHints":{"allow":["GET"]}}],"collection":[{"href":"https:\/\/aldaia.es\/noticias\/es\/wp-json\/wp\/v2\/posts"}],"about":[{"href":"https:\/\/aldaia.es\/noticias\/es\/wp-json\/wp\/v2\/types\/post"}],"author":[{"embeddable":true,"href":"https:\/\/aldaia.es\/noticias\/es\/wp-json\/wp\/v2\/users\/2"}],"replies":[{"embeddable":true,"href":"https:\/\/aldaia.es\/noticias\/es\/wp-json\/wp\/v2\/comments?post=29173"}],"version-history":[{"count":1,"href":"https:\/\/aldaia.es\/noticias\/es\/wp-json\/wp\/v2\/posts\/29173\/revisions"}],"predecessor-version":[{"id":37484,"href":"https:\/\/aldaia.es\/noticias\/es\/wp-json\/wp\/v2\/posts\/29173\/revisions\/37484"}],"wp:featuredmedia":[{"embeddable":true,"href":"https:\/\/aldaia.es\/noticias\/es\/wp-json\/wp\/v2\/media\/29171"}],"wp:attachment":[{"href":"https:\/\/aldaia.es\/noticias\/es\/wp-json\/wp\/v2\/media?parent=29173"}],"wp:term":[{"taxonomy":"category","embeddable":true,"href":"https:\/\/aldaia.es\/noticias\/es\/wp-json\/wp\/v2\/categories?post=29173"},{"taxonomy":"post_tag","embeddable":true,"href":"https:\/\/aldaia.es\/noticias\/es\/wp-json\/wp\/v2\/tags?post=29173"}],"curies":[{"name":"wp","href":"https:\/\/api.w.org\/{rel}","templated":true}]}}