{"id":37599,"date":"2025-06-05T13:24:51","date_gmt":"2025-06-05T11:24:51","guid":{"rendered":"https:\/\/aldaia.es\/noticias\/aldaia-ja-te-falleres-majors-per-a-2026\/"},"modified":"2025-06-05T13:31:03","modified_gmt":"2025-06-05T11:31:03","slug":"aldaia-ja-te-falleres-majors-per-a-2026","status":"publish","type":"post","link":"https:\/\/aldaia.es\/noticias\/es\/aldaia-ja-te-falleres-majors-per-a-2026\/","title":{"rendered":"Aldaia ya tiene Falleras Mayores para 2026"},"content":{"rendered":"\n<p><strong><br><strong>Marta Garc\u00eda i Pelufo y Vega Nav\u00edo i L\u00f3pez son ya las m\u00e1ximas representantes del mundo fallero en la localidad, para el siguiente ejercicio<\/strong>i<\/strong><\/p>\n\n\n\n<p>El pasado viernes, 30 de mayo, se celebr\u00f3 en el TAMA de Aldaia uno de los actos m\u00e1s esperados cada a\u00f1o dentro del calendario fallero de la localidad. Entre muchos nervios y emociones, tuvo lugar la elecci\u00f3n de las Falleras Mayores de Aldaia para el nuevo ejercicio 2026.<\/p>\n\n\n\n<p>As\u00ed, en un acto sencillo pero altamente emotivo, y en un auditorio lleno hasta la bandera, fueron haciendo acto de presencia en el escenario las falleras representantes de diversas comisiones del municipio y finalmente las Falleras Mayores de Aldaia 2025, Ana Balado i Mart\u00ednez y Claudia Elices i Balado, madre e hija, quienes fueron las encargadas de sacar los nombres m\u00e1s esperados.<\/p>\n\n\n\n<p>De este modo, ante la atenta mirada de los miembros de la Junta Local Fallera, qued\u00f3 elegida Marta Garc\u00eda y Pelufo como nueva Fallera Mayor de Aldaia, acompa\u00f1ada por una Corte de honor compuesta por Beatriz Horta i Or\u00f3n, Lorena Ruiz i Garc\u00eda, Vanessa Vilalta i Laguna y Laura Catal\u00e1 i Mart\u00ednez.<\/p>\n\n\n\n<p>Por su parte, Vega Nav\u00edo i L\u00f3pez fue nombrada Fallera Mayor Infantil para 2026 en compa\u00f1\u00eda de Ciara Mart\u00ednez i Gim\u00e9nez, Irene Garcia i Encarnaci\u00f3n, Natalia N\u00fa\u00f1ez i Amores y Daniela Garcia i Nicol\u00e1s en la Corte de honor.<\/p>\n\n\n\n<p>En este instante la emoci\u00f3n desbord\u00f3 el TAMA y las dos nuevas m\u00e1ximas representantes del mundo fallero aldaiero estallaron en l\u00e1grimas y sonrisas de felicidad ante un p\u00fablico en pie. El alcalde de la localidad y presidente nato de la Junta Local Fallera de Aldaia, Guillermo Luj\u00e1n, cerr\u00f3 con palabras de enhorabuena y agradeci\u00f3 el papel de las Falleras Mayores 2025 \u201cespecialmente en un a\u00f1o tan complicado donde las fallas han estado a la altura\u201d. As\u00ed tambi\u00e9n, tuvo palabras para la ya expresidenta ejecutiva, Paula Garc\u00eda, y para el nuevo presidente, Daniel M\u00ednguez i Forn\u00e9s.<\/p>\n\n\n\n<p>Por su parte, Vega se mostr\u00f3 \u201cmuy contenta y feliz\u201d, y Marta asegur\u00f3 estar \u201cmuy emocionada\u201d y \u201ccon muchas ganas de disfrutar este a\u00f1o de la mano de todos los vecinos y vecinas de Aldaia\u201d.<\/p>\n\n\n\n<figure class=\"wp-block-image size-full\"><img loading=\"lazy\" decoding=\"async\" width=\"443\" height=\"610\" src=\"https:\/\/aldaia.es\/noticias\/wp-content\/uploads\/2025\/06\/ffmm26.jpg\" alt=\"\" class=\"wp-image-37597\"\/><\/figure>\n","protected":false},"excerpt":{"rendered":"<p>Marta Garc\u00eda i Pelufo y Vega Nav\u00edo i L\u00f3pez son ya las m\u00e1ximas representantes del mundo fallero en la localidad, para el s&#8230;<\/p>\n","protected":false},"author":3,"featured_media":37603,"comment_status":"closed","ping_status":"closed","sticky":false,"template":"","format":"standard","meta":{"_acf_changed":false,"footnotes":""},"categories":[53],"tags":[],"class_list":["post-37599","post","type-post","status-publish","format-standard","has-post-thumbnail","hentry","category-cultura-es"],"acf":[],"yoast_head":"<!-- This site is optimized with the Yoast SEO plugin v26.9 - https:\/\/yoast.com\/product\/yoast-seo-wordpress\/ -->\n<title>Aldaia ya tiene Falleras Mayores para 2026 - Noticias - Ayuntamiento de Aldaia<\/title>\n<meta name=\"description\" content=\"Marta Garc\u00eda i Pelufo i Vega Nav\u00edo i L\u00f3pez s\u00f3n ja les m\u00e0ximes representants del m\u00f3n faller en la localitat, per al seg\u00fcent exercici\" \/>\n<meta name=\"robots\" content=\"index, follow, max-snippet:-1, max-image-preview:large, max-video-preview:-1\" \/>\n<link rel=\"canonical\" href=\"https:\/\/aldaia.es\/noticias\/es\/aldaia-ja-te-falleres-majors-per-a-2026\/\" \/>\n<meta property=\"og:locale\" content=\"es_ES\" \/>\n<meta property=\"og:type\" content=\"article\" \/>\n<meta property=\"og:title\" content=\"Aldaia ya tiene Falleras Mayores para 2026 - Noticias - Ayuntamiento de Aldaia\" \/>\n<meta property=\"og:description\" content=\"Marta Garc\u00eda i Pelufo i Vega Nav\u00edo i L\u00f3pez s\u00f3n ja les m\u00e0ximes representants del m\u00f3n faller en la localitat, per al seg\u00fcent exercici\" \/>\n<meta property=\"og:url\" content=\"https:\/\/aldaia.es\/noticias\/es\/aldaia-ja-te-falleres-majors-per-a-2026\/\" \/>\n<meta property=\"og:site_name\" content=\"Noticias - Ayuntamiento de Aldaia\" \/>\n<meta property=\"article:published_time\" content=\"2025-06-05T11:24:51+00:00\" \/>\n<meta property=\"article:modified_time\" content=\"2025-06-05T11:31:03+00:00\" \/>\n<meta property=\"og:image\" content=\"https:\/\/aldaia.es\/noticias\/wp-content\/uploads\/2025\/06\/elecciook.jpg\" \/>\n\t<meta property=\"og:image:width\" content=\"967\" \/>\n\t<meta property=\"og:image:height\" content=\"652\" \/>\n\t<meta property=\"og:image:type\" content=\"image\/jpeg\" \/>\n<meta name=\"author\" content=\"COMUNICACION\" \/>\n<meta name=\"twitter:card\" content=\"summary_large_image\" \/>\n<meta name=\"twitter:label1\" content=\"Escrito por\" \/>\n\t<meta name=\"twitter:data1\" content=\"COMUNICACION\" \/>\n\t<meta name=\"twitter:label2\" content=\"Tiempo de lectura\" \/>\n\t<meta name=\"twitter:data2\" content=\"3 minutos\" \/>\n<script type=\"application\/ld+json\" class=\"yoast-schema-graph\">{\"@context\":\"https:\/\/schema.org\",\"@graph\":[{\"@type\":\"Article\",\"@id\":\"https:\/\/aldaia.es\/noticias\/es\/aldaia-ja-te-falleres-majors-per-a-2026\/#article\",\"isPartOf\":{\"@id\":\"https:\/\/aldaia.es\/noticias\/es\/aldaia-ja-te-falleres-majors-per-a-2026\/\"},\"author\":{\"name\":\"COMUNICACION\",\"@id\":\"https:\/\/aldaia.es\/noticias\/es\/#\/schema\/person\/4b9d33d0d77864dfe798033366a332f5\"},\"headline\":\"Aldaia ya tiene Falleras Mayores para 2026\",\"datePublished\":\"2025-06-05T11:24:51+00:00\",\"dateModified\":\"2025-06-05T11:31:03+00:00\",\"mainEntityOfPage\":{\"@id\":\"https:\/\/aldaia.es\/noticias\/es\/aldaia-ja-te-falleres-majors-per-a-2026\/\"},\"wordCount\":389,\"publisher\":{\"@id\":\"https:\/\/aldaia.es\/noticias\/es\/#organization\"},\"image\":{\"@id\":\"https:\/\/aldaia.es\/noticias\/es\/aldaia-ja-te-falleres-majors-per-a-2026\/#primaryimage\"},\"thumbnailUrl\":\"https:\/\/aldaia.es\/noticias\/wp-content\/uploads\/2025\/06\/elecciook.jpg\",\"articleSection\":[\"Cultura\"],\"inLanguage\":\"es\"},{\"@type\":\"WebPage\",\"@id\":\"https:\/\/aldaia.es\/noticias\/es\/aldaia-ja-te-falleres-majors-per-a-2026\/\",\"url\":\"https:\/\/aldaia.es\/noticias\/es\/aldaia-ja-te-falleres-majors-per-a-2026\/\",\"name\":\"Aldaia ya tiene Falleras Mayores para 2026 - Noticias - Ayuntamiento de Aldaia\",\"isPartOf\":{\"@id\":\"https:\/\/aldaia.es\/noticias\/es\/#website\"},\"primaryImageOfPage\":{\"@id\":\"https:\/\/aldaia.es\/noticias\/es\/aldaia-ja-te-falleres-majors-per-a-2026\/#primaryimage\"},\"image\":{\"@id\":\"https:\/\/aldaia.es\/noticias\/es\/aldaia-ja-te-falleres-majors-per-a-2026\/#primaryimage\"},\"thumbnailUrl\":\"https:\/\/aldaia.es\/noticias\/wp-content\/uploads\/2025\/06\/elecciook.jpg\",\"datePublished\":\"2025-06-05T11:24:51+00:00\",\"dateModified\":\"2025-06-05T11:31:03+00:00\",\"description\":\"Marta Garc\u00eda i Pelufo i Vega Nav\u00edo i L\u00f3pez s\u00f3n ja les m\u00e0ximes representants del m\u00f3n faller en la localitat, per al seg\u00fcent exercici\",\"breadcrumb\":{\"@id\":\"https:\/\/aldaia.es\/noticias\/es\/aldaia-ja-te-falleres-majors-per-a-2026\/#breadcrumb\"},\"inLanguage\":\"es\",\"potentialAction\":[{\"@type\":\"ReadAction\",\"target\":[\"https:\/\/aldaia.es\/noticias\/es\/aldaia-ja-te-falleres-majors-per-a-2026\/\"]}]},{\"@type\":\"ImageObject\",\"inLanguage\":\"es\",\"@id\":\"https:\/\/aldaia.es\/noticias\/es\/aldaia-ja-te-falleres-majors-per-a-2026\/#primaryimage\",\"url\":\"https:\/\/aldaia.es\/noticias\/wp-content\/uploads\/2025\/06\/elecciook.jpg\",\"contentUrl\":\"https:\/\/aldaia.es\/noticias\/wp-content\/uploads\/2025\/06\/elecciook.jpg\",\"width\":967,\"height\":652},{\"@type\":\"BreadcrumbList\",\"@id\":\"https:\/\/aldaia.es\/noticias\/es\/aldaia-ja-te-falleres-majors-per-a-2026\/#breadcrumb\",\"itemListElement\":[{\"@type\":\"ListItem\",\"position\":1,\"name\":\"Portada\",\"item\":\"https:\/\/aldaia.es\/noticias\/es\/\"},{\"@type\":\"ListItem\",\"position\":2,\"name\":\"Aldaia ya tiene Falleras Mayores para 2026\"}]},{\"@type\":\"WebSite\",\"@id\":\"https:\/\/aldaia.es\/noticias\/es\/#website\",\"url\":\"https:\/\/aldaia.es\/noticias\/es\/\",\"name\":\"Noticias Aldaia\",\"description\":\"\",\"publisher\":{\"@id\":\"https:\/\/aldaia.es\/noticias\/es\/#organization\"},\"potentialAction\":[{\"@type\":\"SearchAction\",\"target\":{\"@type\":\"EntryPoint\",\"urlTemplate\":\"https:\/\/aldaia.es\/noticias\/es\/?s={search_term_string}\"},\"query-input\":{\"@type\":\"PropertyValueSpecification\",\"valueRequired\":true,\"valueName\":\"search_term_string\"}}],\"inLanguage\":\"es\"},{\"@type\":\"Organization\",\"@id\":\"https:\/\/aldaia.es\/noticias\/es\/#organization\",\"name\":\"Noticias Aldaia\",\"url\":\"https:\/\/aldaia.es\/noticias\/es\/\",\"logo\":{\"@type\":\"ImageObject\",\"inLanguage\":\"es\",\"@id\":\"https:\/\/aldaia.es\/noticias\/es\/#\/schema\/logo\/image\/\",\"url\":\"https:\/\/aldaia.es\/noticias\/wp-content\/uploads\/2025\/05\/aldaia-noticias.jpg\",\"contentUrl\":\"https:\/\/aldaia.es\/noticias\/wp-content\/uploads\/2025\/05\/aldaia-noticias.jpg\",\"width\":512,\"height\":512,\"caption\":\"Noticias Aldaia\"},\"image\":{\"@id\":\"https:\/\/aldaia.es\/noticias\/es\/#\/schema\/logo\/image\/\"}},{\"@type\":\"Person\",\"@id\":\"https:\/\/aldaia.es\/noticias\/es\/#\/schema\/person\/4b9d33d0d77864dfe798033366a332f5\",\"name\":\"COMUNICACION\",\"url\":\"https:\/\/aldaia.es\/noticias\/es\/author\/comunicacion\/\"}]}<\/script>\n<!-- \/ Yoast SEO plugin. -->","yoast_head_json":{"title":"Aldaia ya tiene Falleras Mayores para 2026 - Noticias - Ayuntamiento de Aldaia","description":"Marta Garc\u00eda i Pelufo i Vega Nav\u00edo i L\u00f3pez s\u00f3n ja les m\u00e0ximes representants del m\u00f3n faller en la localitat, per al seg\u00fcent exercici","robots":{"index":"index","follow":"follow","max-snippet":"max-snippet:-1","max-image-preview":"max-image-preview:large","max-video-preview":"max-video-preview:-1"},"canonical":"https:\/\/aldaia.es\/noticias\/es\/aldaia-ja-te-falleres-majors-per-a-2026\/","og_locale":"es_ES","og_type":"article","og_title":"Aldaia ya tiene Falleras Mayores para 2026 - Noticias - Ayuntamiento de Aldaia","og_description":"Marta Garc\u00eda i Pelufo i Vega Nav\u00edo i L\u00f3pez s\u00f3n ja les m\u00e0ximes representants del m\u00f3n faller en la localitat, per al seg\u00fcent exercici","og_url":"https:\/\/aldaia.es\/noticias\/es\/aldaia-ja-te-falleres-majors-per-a-2026\/","og_site_name":"Noticias - Ayuntamiento de Aldaia","article_published_time":"2025-06-05T11:24:51+00:00","article_modified_time":"2025-06-05T11:31:03+00:00","og_image":[{"width":967,"height":652,"url":"https:\/\/aldaia.es\/noticias\/wp-content\/uploads\/2025\/06\/elecciook.jpg","type":"image\/jpeg"}],"author":"COMUNICACION","twitter_card":"summary_large_image","twitter_misc":{"Escrito por":"COMUNICACION","Tiempo de lectura":"3 minutos"},"schema":{"@context":"https:\/\/schema.org","@graph":[{"@type":"Article","@id":"https:\/\/aldaia.es\/noticias\/es\/aldaia-ja-te-falleres-majors-per-a-2026\/#article","isPartOf":{"@id":"https:\/\/aldaia.es\/noticias\/es\/aldaia-ja-te-falleres-majors-per-a-2026\/"},"author":{"name":"COMUNICACION","@id":"https:\/\/aldaia.es\/noticias\/es\/#\/schema\/person\/4b9d33d0d77864dfe798033366a332f5"},"headline":"Aldaia ya tiene Falleras Mayores para 2026","datePublished":"2025-06-05T11:24:51+00:00","dateModified":"2025-06-05T11:31:03+00:00","mainEntityOfPage":{"@id":"https:\/\/aldaia.es\/noticias\/es\/aldaia-ja-te-falleres-majors-per-a-2026\/"},"wordCount":389,"publisher":{"@id":"https:\/\/aldaia.es\/noticias\/es\/#organization"},"image":{"@id":"https:\/\/aldaia.es\/noticias\/es\/aldaia-ja-te-falleres-majors-per-a-2026\/#primaryimage"},"thumbnailUrl":"https:\/\/aldaia.es\/noticias\/wp-content\/uploads\/2025\/06\/elecciook.jpg","articleSection":["Cultura"],"inLanguage":"es"},{"@type":"WebPage","@id":"https:\/\/aldaia.es\/noticias\/es\/aldaia-ja-te-falleres-majors-per-a-2026\/","url":"https:\/\/aldaia.es\/noticias\/es\/aldaia-ja-te-falleres-majors-per-a-2026\/","name":"Aldaia ya tiene Falleras Mayores para 2026 - Noticias - Ayuntamiento de Aldaia","isPartOf":{"@id":"https:\/\/aldaia.es\/noticias\/es\/#website"},"primaryImageOfPage":{"@id":"https:\/\/aldaia.es\/noticias\/es\/aldaia-ja-te-falleres-majors-per-a-2026\/#primaryimage"},"image":{"@id":"https:\/\/aldaia.es\/noticias\/es\/aldaia-ja-te-falleres-majors-per-a-2026\/#primaryimage"},"thumbnailUrl":"https:\/\/aldaia.es\/noticias\/wp-content\/uploads\/2025\/06\/elecciook.jpg","datePublished":"2025-06-05T11:24:51+00:00","dateModified":"2025-06-05T11:31:03+00:00","description":"Marta Garc\u00eda i Pelufo i Vega Nav\u00edo i L\u00f3pez s\u00f3n ja les m\u00e0ximes representants del m\u00f3n faller en la localitat, per al seg\u00fcent exercici","breadcrumb":{"@id":"https:\/\/aldaia.es\/noticias\/es\/aldaia-ja-te-falleres-majors-per-a-2026\/#breadcrumb"},"inLanguage":"es","potentialAction":[{"@type":"ReadAction","target":["https:\/\/aldaia.es\/noticias\/es\/aldaia-ja-te-falleres-majors-per-a-2026\/"]}]},{"@type":"ImageObject","inLanguage":"es","@id":"https:\/\/aldaia.es\/noticias\/es\/aldaia-ja-te-falleres-majors-per-a-2026\/#primaryimage","url":"https:\/\/aldaia.es\/noticias\/wp-content\/uploads\/2025\/06\/elecciook.jpg","contentUrl":"https:\/\/aldaia.es\/noticias\/wp-content\/uploads\/2025\/06\/elecciook.jpg","width":967,"height":652},{"@type":"BreadcrumbList","@id":"https:\/\/aldaia.es\/noticias\/es\/aldaia-ja-te-falleres-majors-per-a-2026\/#breadcrumb","itemListElement":[{"@type":"ListItem","position":1,"name":"Portada","item":"https:\/\/aldaia.es\/noticias\/es\/"},{"@type":"ListItem","position":2,"name":"Aldaia ya tiene Falleras Mayores para 2026"}]},{"@type":"WebSite","@id":"https:\/\/aldaia.es\/noticias\/es\/#website","url":"https:\/\/aldaia.es\/noticias\/es\/","name":"Noticias Aldaia","description":"","publisher":{"@id":"https:\/\/aldaia.es\/noticias\/es\/#organization"},"potentialAction":[{"@type":"SearchAction","target":{"@type":"EntryPoint","urlTemplate":"https:\/\/aldaia.es\/noticias\/es\/?s={search_term_string}"},"query-input":{"@type":"PropertyValueSpecification","valueRequired":true,"valueName":"search_term_string"}}],"inLanguage":"es"},{"@type":"Organization","@id":"https:\/\/aldaia.es\/noticias\/es\/#organization","name":"Noticias Aldaia","url":"https:\/\/aldaia.es\/noticias\/es\/","logo":{"@type":"ImageObject","inLanguage":"es","@id":"https:\/\/aldaia.es\/noticias\/es\/#\/schema\/logo\/image\/","url":"https:\/\/aldaia.es\/noticias\/wp-content\/uploads\/2025\/05\/aldaia-noticias.jpg","contentUrl":"https:\/\/aldaia.es\/noticias\/wp-content\/uploads\/2025\/05\/aldaia-noticias.jpg","width":512,"height":512,"caption":"Noticias Aldaia"},"image":{"@id":"https:\/\/aldaia.es\/noticias\/es\/#\/schema\/logo\/image\/"}},{"@type":"Person","@id":"https:\/\/aldaia.es\/noticias\/es\/#\/schema\/person\/4b9d33d0d77864dfe798033366a332f5","name":"COMUNICACION","url":"https:\/\/aldaia.es\/noticias\/es\/author\/comunicacion\/"}]}},"_links":{"self":[{"href":"https:\/\/aldaia.es\/noticias\/es\/wp-json\/wp\/v2\/posts\/37599","targetHints":{"allow":["GET"]}}],"collection":[{"href":"https:\/\/aldaia.es\/noticias\/es\/wp-json\/wp\/v2\/posts"}],"about":[{"href":"https:\/\/aldaia.es\/noticias\/es\/wp-json\/wp\/v2\/types\/post"}],"author":[{"embeddable":true,"href":"https:\/\/aldaia.es\/noticias\/es\/wp-json\/wp\/v2\/users\/3"}],"replies":[{"embeddable":true,"href":"https:\/\/aldaia.es\/noticias\/es\/wp-json\/wp\/v2\/comments?post=37599"}],"version-history":[{"count":2,"href":"https:\/\/aldaia.es\/noticias\/es\/wp-json\/wp\/v2\/posts\/37599\/revisions"}],"predecessor-version":[{"id":37607,"href":"https:\/\/aldaia.es\/noticias\/es\/wp-json\/wp\/v2\/posts\/37599\/revisions\/37607"}],"wp:featuredmedia":[{"embeddable":true,"href":"https:\/\/aldaia.es\/noticias\/es\/wp-json\/wp\/v2\/media\/37603"}],"wp:attachment":[{"href":"https:\/\/aldaia.es\/noticias\/es\/wp-json\/wp\/v2\/media?parent=37599"}],"wp:term":[{"taxonomy":"category","embeddable":true,"href":"https:\/\/aldaia.es\/noticias\/es\/wp-json\/wp\/v2\/categories?post=37599"},{"taxonomy":"post_tag","embeddable":true,"href":"https:\/\/aldaia.es\/noticias\/es\/wp-json\/wp\/v2\/tags?post=37599"}],"curies":[{"name":"wp","href":"https:\/\/api.w.org\/{rel}","templated":true}]}}