{"id":37654,"date":"2025-07-28T14:41:22","date_gmt":"2025-07-28T12:41:22","guid":{"rendered":"https:\/\/aldaia.es\/noticias\/els-clavaris-del-crist-daldaia-preparen-la-mascleta-mes-potent-de-la-historia\/"},"modified":"2025-07-28T14:43:58","modified_gmt":"2025-07-28T12:43:58","slug":"els-clavaris-del-crist-daldaia-preparen-la-mascleta-mes-potent-de-la-historia","status":"publish","type":"post","link":"https:\/\/aldaia.es\/noticias\/es\/els-clavaris-del-crist-daldaia-preparen-la-mascleta-mes-potent-de-la-historia\/","title":{"rendered":"Los Clavarios del Cristo de Aldaia preparan la masclet\u00e0 m\u00e1s potente de la historia"},"content":{"rendered":"\n<p><strong><strong>El 6 de agosto a las 14:30 iniciar\u00e1 en el Cintur\u00f3n Verde una dispar\u00e0 de 1.310 kilos de p\u00f3lvora que durar\u00e1 12 minutos<\/strong><\/strong><\/p>\n\n\n\n<p>El Cintur\u00f3n Verde de Aldaia ser\u00e1 el escenario de la masclet\u00e0 m\u00e1s grande de la historia. Los Clavaris del Crist 2025, de la mano de Pirot\u00e8cnia Mediterr\u00e1neo, han organizado el lanzamiento de 1.310 kilos de p\u00f3lvora para el pr\u00f3ximo 6 de agosto desde las 14:30 con motivo del 225\u00ba aniversario de la advocaci\u00f3n del Sant\u00edsimo Cristo de los Necesitados.<\/p>\n\n\n\n<p>En la rueda de prensa previa al hist\u00f3rico acontecimiento, Antonio Garc\u00eda Juan, gerente de Pirot\u00e8cnia Mediterr\u00e1neo, ha explicado que la del 6 de agosto ser\u00e1 \u201cuna masclet\u00e0 tradicional valenciana pero con mucho m\u00e1s ritmo y potencia\u201d. Habr\u00e1 11.400 truenos de avisos, 5 principios terrestres, otros tantos a\u00e9reos, un terremoto de 3 kil\u00f3metros y un cierre herm\u00e9tico para finalizar.<\/p>\n\n\n\n<p>Casi se sextuplicar\u00e1 el l\u00edmite de kilos de p\u00f3lvora permitidos en una del Ayuntamiento de Valencia y durar\u00e1 en torno a 12 minutos. Garc\u00eda ha expresado que gracias a la amplitud del Cintur\u00f3n Verde \u201cse ver\u00e1n cosas que, por normativa, en la mayor\u00eda de espacios no se permiten\u201d. El montaje durar\u00e1 tres d\u00edas y llamar\u00e1 por si mismo la atenci\u00f3n al tratarse de una infraestructura de un calibre \u201cque nunca se ha hecho y que posiblemente nunca se volver\u00e1 a hacer\u201d, comenta el gerente de Pirot\u00e8cnia Mediterr\u00e1neo.<\/p>\n\n\n\n<p>Por su parte, Jorge Escarpa, Clavari major 2025, ha manifestado que espera que \u201cmiles de personas\u201d disfruten del espect\u00e1culo en el Cintur\u00f3n Verde. Hay \u201crevuelta a nivel nacional\u201d con la noticia e incluso diferentes grupos de extranjeros de pa\u00edses con tradici\u00f3n por los truenos como Alemania o Pa\u00edses Bajos que no se lo perder\u00e1n.<\/p>\n\n\n\n<p>Respecto a la seguridad, Escarpa explic\u00f3 que las medidas ser\u00e1n m\u00e1s restrictivas de lo habitual con 2 per\u00edmetros diferenciados y numerosos refuerzos de seguridad privada, Guardia Civil y polic\u00eda local. En todo caso, no habr\u00e1 contratiempos siempre que se guarden las distancias y respeten las medidas correspondientes.<\/p>\n\n\n\n<p>Tambi\u00e9n ha recomendado asistir con tiempo de margen al evento para poder distribuirse con eficacia. Ha a\u00f1adido que no deber\u00eda haber problemas con las salidas dado el enorme espacio que hay en el Cintur\u00f3n Verde y el despliegue de seguridad y orden preparado.<\/p>\n","protected":false},"excerpt":{"rendered":"<p>El 6 de agosto a las 14:30 iniciar\u00e1 en el Cintur\u00f3n Verde una dispar\u00e0 de 1.310 kilos de p\u00f3lvora que durar\u00e1 12 minutos<\/p>\n<p>&#8230;<\/p>\n","protected":false},"author":3,"featured_media":37652,"comment_status":"closed","ping_status":"closed","sticky":false,"template":"","format":"standard","meta":{"_acf_changed":false,"footnotes":""},"categories":[53],"tags":[],"class_list":["post-37654","post","type-post","status-publish","format-standard","has-post-thumbnail","hentry","category-cultura-es"],"acf":[],"yoast_head":"<!-- This site is optimized with the Yoast SEO plugin v26.9 - https:\/\/yoast.com\/product\/yoast-seo-wordpress\/ -->\n<title>Los Clavarios del Cristo de Aldaia preparan la masclet\u00e0 m\u00e1s potente de la historia - Noticias - Ayuntamiento de Aldaia<\/title>\n<meta name=\"description\" content=\"masclet\u00e0 historica\" \/>\n<meta name=\"robots\" content=\"index, follow, max-snippet:-1, max-image-preview:large, max-video-preview:-1\" \/>\n<link rel=\"canonical\" href=\"https:\/\/aldaia.es\/noticias\/es\/els-clavaris-del-crist-daldaia-preparen-la-mascleta-mes-potent-de-la-historia\/\" \/>\n<meta property=\"og:locale\" content=\"es_ES\" \/>\n<meta property=\"og:type\" content=\"article\" \/>\n<meta property=\"og:title\" content=\"Los Clavarios del Cristo de Aldaia preparan la masclet\u00e0 m\u00e1s potente de la historia - Noticias - Ayuntamiento de Aldaia\" \/>\n<meta property=\"og:description\" content=\"masclet\u00e0 historica\" \/>\n<meta property=\"og:url\" content=\"https:\/\/aldaia.es\/noticias\/es\/els-clavaris-del-crist-daldaia-preparen-la-mascleta-mes-potent-de-la-historia\/\" \/>\n<meta property=\"og:site_name\" content=\"Noticias - Ayuntamiento de Aldaia\" \/>\n<meta property=\"article:published_time\" content=\"2025-07-28T12:41:22+00:00\" \/>\n<meta property=\"article:modified_time\" content=\"2025-07-28T12:43:58+00:00\" \/>\n<meta property=\"og:image\" content=\"https:\/\/aldaia.es\/noticias\/wp-content\/uploads\/2025\/07\/clavarisrdp.jpg\" \/>\n\t<meta property=\"og:image:width\" content=\"829\" \/>\n\t<meta property=\"og:image:height\" content=\"510\" \/>\n\t<meta property=\"og:image:type\" content=\"image\/jpeg\" \/>\n<meta name=\"author\" content=\"COMUNICACION\" \/>\n<meta name=\"twitter:card\" content=\"summary_large_image\" \/>\n<meta name=\"twitter:label1\" content=\"Escrito por\" \/>\n\t<meta name=\"twitter:data1\" content=\"COMUNICACION\" \/>\n\t<meta name=\"twitter:label2\" content=\"Tiempo de lectura\" \/>\n\t<meta name=\"twitter:data2\" content=\"3 minutos\" \/>\n<script type=\"application\/ld+json\" class=\"yoast-schema-graph\">{\"@context\":\"https:\/\/schema.org\",\"@graph\":[{\"@type\":\"Article\",\"@id\":\"https:\/\/aldaia.es\/noticias\/es\/els-clavaris-del-crist-daldaia-preparen-la-mascleta-mes-potent-de-la-historia\/#article\",\"isPartOf\":{\"@id\":\"https:\/\/aldaia.es\/noticias\/es\/els-clavaris-del-crist-daldaia-preparen-la-mascleta-mes-potent-de-la-historia\/\"},\"author\":{\"name\":\"COMUNICACION\",\"@id\":\"https:\/\/aldaia.es\/noticias\/es\/#\/schema\/person\/4b9d33d0d77864dfe798033366a332f5\"},\"headline\":\"Los Clavarios del Cristo de Aldaia preparan la masclet\u00e0 m\u00e1s potente de la historia\",\"datePublished\":\"2025-07-28T12:41:22+00:00\",\"dateModified\":\"2025-07-28T12:43:58+00:00\",\"mainEntityOfPage\":{\"@id\":\"https:\/\/aldaia.es\/noticias\/es\/els-clavaris-del-crist-daldaia-preparen-la-mascleta-mes-potent-de-la-historia\/\"},\"wordCount\":412,\"publisher\":{\"@id\":\"https:\/\/aldaia.es\/noticias\/es\/#organization\"},\"image\":{\"@id\":\"https:\/\/aldaia.es\/noticias\/es\/els-clavaris-del-crist-daldaia-preparen-la-mascleta-mes-potent-de-la-historia\/#primaryimage\"},\"thumbnailUrl\":\"https:\/\/aldaia.es\/noticias\/wp-content\/uploads\/2025\/07\/clavarisrdp.jpg\",\"articleSection\":[\"Cultura\"],\"inLanguage\":\"es\"},{\"@type\":\"WebPage\",\"@id\":\"https:\/\/aldaia.es\/noticias\/es\/els-clavaris-del-crist-daldaia-preparen-la-mascleta-mes-potent-de-la-historia\/\",\"url\":\"https:\/\/aldaia.es\/noticias\/es\/els-clavaris-del-crist-daldaia-preparen-la-mascleta-mes-potent-de-la-historia\/\",\"name\":\"Los Clavarios del Cristo de Aldaia preparan la masclet\u00e0 m\u00e1s potente de la historia - Noticias - Ayuntamiento de Aldaia\",\"isPartOf\":{\"@id\":\"https:\/\/aldaia.es\/noticias\/es\/#website\"},\"primaryImageOfPage\":{\"@id\":\"https:\/\/aldaia.es\/noticias\/es\/els-clavaris-del-crist-daldaia-preparen-la-mascleta-mes-potent-de-la-historia\/#primaryimage\"},\"image\":{\"@id\":\"https:\/\/aldaia.es\/noticias\/es\/els-clavaris-del-crist-daldaia-preparen-la-mascleta-mes-potent-de-la-historia\/#primaryimage\"},\"thumbnailUrl\":\"https:\/\/aldaia.es\/noticias\/wp-content\/uploads\/2025\/07\/clavarisrdp.jpg\",\"datePublished\":\"2025-07-28T12:41:22+00:00\",\"dateModified\":\"2025-07-28T12:43:58+00:00\",\"description\":\"masclet\u00e0 historica\",\"breadcrumb\":{\"@id\":\"https:\/\/aldaia.es\/noticias\/es\/els-clavaris-del-crist-daldaia-preparen-la-mascleta-mes-potent-de-la-historia\/#breadcrumb\"},\"inLanguage\":\"es\",\"potentialAction\":[{\"@type\":\"ReadAction\",\"target\":[\"https:\/\/aldaia.es\/noticias\/es\/els-clavaris-del-crist-daldaia-preparen-la-mascleta-mes-potent-de-la-historia\/\"]}]},{\"@type\":\"ImageObject\",\"inLanguage\":\"es\",\"@id\":\"https:\/\/aldaia.es\/noticias\/es\/els-clavaris-del-crist-daldaia-preparen-la-mascleta-mes-potent-de-la-historia\/#primaryimage\",\"url\":\"https:\/\/aldaia.es\/noticias\/wp-content\/uploads\/2025\/07\/clavarisrdp.jpg\",\"contentUrl\":\"https:\/\/aldaia.es\/noticias\/wp-content\/uploads\/2025\/07\/clavarisrdp.jpg\",\"width\":829,\"height\":510},{\"@type\":\"BreadcrumbList\",\"@id\":\"https:\/\/aldaia.es\/noticias\/es\/els-clavaris-del-crist-daldaia-preparen-la-mascleta-mes-potent-de-la-historia\/#breadcrumb\",\"itemListElement\":[{\"@type\":\"ListItem\",\"position\":1,\"name\":\"Portada\",\"item\":\"https:\/\/aldaia.es\/noticias\/es\/\"},{\"@type\":\"ListItem\",\"position\":2,\"name\":\"Los Clavarios del Cristo de Aldaia preparan la masclet\u00e0 m\u00e1s potente de la historia\"}]},{\"@type\":\"WebSite\",\"@id\":\"https:\/\/aldaia.es\/noticias\/es\/#website\",\"url\":\"https:\/\/aldaia.es\/noticias\/es\/\",\"name\":\"Noticias Aldaia\",\"description\":\"\",\"publisher\":{\"@id\":\"https:\/\/aldaia.es\/noticias\/es\/#organization\"},\"potentialAction\":[{\"@type\":\"SearchAction\",\"target\":{\"@type\":\"EntryPoint\",\"urlTemplate\":\"https:\/\/aldaia.es\/noticias\/es\/?s={search_term_string}\"},\"query-input\":{\"@type\":\"PropertyValueSpecification\",\"valueRequired\":true,\"valueName\":\"search_term_string\"}}],\"inLanguage\":\"es\"},{\"@type\":\"Organization\",\"@id\":\"https:\/\/aldaia.es\/noticias\/es\/#organization\",\"name\":\"Noticias Aldaia\",\"url\":\"https:\/\/aldaia.es\/noticias\/es\/\",\"logo\":{\"@type\":\"ImageObject\",\"inLanguage\":\"es\",\"@id\":\"https:\/\/aldaia.es\/noticias\/es\/#\/schema\/logo\/image\/\",\"url\":\"https:\/\/aldaia.es\/noticias\/wp-content\/uploads\/2025\/05\/aldaia-noticias.jpg\",\"contentUrl\":\"https:\/\/aldaia.es\/noticias\/wp-content\/uploads\/2025\/05\/aldaia-noticias.jpg\",\"width\":512,\"height\":512,\"caption\":\"Noticias Aldaia\"},\"image\":{\"@id\":\"https:\/\/aldaia.es\/noticias\/es\/#\/schema\/logo\/image\/\"}},{\"@type\":\"Person\",\"@id\":\"https:\/\/aldaia.es\/noticias\/es\/#\/schema\/person\/4b9d33d0d77864dfe798033366a332f5\",\"name\":\"COMUNICACION\",\"url\":\"https:\/\/aldaia.es\/noticias\/es\/author\/comunicacion\/\"}]}<\/script>\n<!-- \/ Yoast SEO plugin. -->","yoast_head_json":{"title":"Los Clavarios del Cristo de Aldaia preparan la masclet\u00e0 m\u00e1s potente de la historia - Noticias - Ayuntamiento de Aldaia","description":"masclet\u00e0 historica","robots":{"index":"index","follow":"follow","max-snippet":"max-snippet:-1","max-image-preview":"max-image-preview:large","max-video-preview":"max-video-preview:-1"},"canonical":"https:\/\/aldaia.es\/noticias\/es\/els-clavaris-del-crist-daldaia-preparen-la-mascleta-mes-potent-de-la-historia\/","og_locale":"es_ES","og_type":"article","og_title":"Los Clavarios del Cristo de Aldaia preparan la masclet\u00e0 m\u00e1s potente de la historia - Noticias - Ayuntamiento de Aldaia","og_description":"masclet\u00e0 historica","og_url":"https:\/\/aldaia.es\/noticias\/es\/els-clavaris-del-crist-daldaia-preparen-la-mascleta-mes-potent-de-la-historia\/","og_site_name":"Noticias - Ayuntamiento de Aldaia","article_published_time":"2025-07-28T12:41:22+00:00","article_modified_time":"2025-07-28T12:43:58+00:00","og_image":[{"width":829,"height":510,"url":"https:\/\/aldaia.es\/noticias\/wp-content\/uploads\/2025\/07\/clavarisrdp.jpg","type":"image\/jpeg"}],"author":"COMUNICACION","twitter_card":"summary_large_image","twitter_misc":{"Escrito por":"COMUNICACION","Tiempo de lectura":"3 minutos"},"schema":{"@context":"https:\/\/schema.org","@graph":[{"@type":"Article","@id":"https:\/\/aldaia.es\/noticias\/es\/els-clavaris-del-crist-daldaia-preparen-la-mascleta-mes-potent-de-la-historia\/#article","isPartOf":{"@id":"https:\/\/aldaia.es\/noticias\/es\/els-clavaris-del-crist-daldaia-preparen-la-mascleta-mes-potent-de-la-historia\/"},"author":{"name":"COMUNICACION","@id":"https:\/\/aldaia.es\/noticias\/es\/#\/schema\/person\/4b9d33d0d77864dfe798033366a332f5"},"headline":"Los Clavarios del Cristo de Aldaia preparan la masclet\u00e0 m\u00e1s potente de la historia","datePublished":"2025-07-28T12:41:22+00:00","dateModified":"2025-07-28T12:43:58+00:00","mainEntityOfPage":{"@id":"https:\/\/aldaia.es\/noticias\/es\/els-clavaris-del-crist-daldaia-preparen-la-mascleta-mes-potent-de-la-historia\/"},"wordCount":412,"publisher":{"@id":"https:\/\/aldaia.es\/noticias\/es\/#organization"},"image":{"@id":"https:\/\/aldaia.es\/noticias\/es\/els-clavaris-del-crist-daldaia-preparen-la-mascleta-mes-potent-de-la-historia\/#primaryimage"},"thumbnailUrl":"https:\/\/aldaia.es\/noticias\/wp-content\/uploads\/2025\/07\/clavarisrdp.jpg","articleSection":["Cultura"],"inLanguage":"es"},{"@type":"WebPage","@id":"https:\/\/aldaia.es\/noticias\/es\/els-clavaris-del-crist-daldaia-preparen-la-mascleta-mes-potent-de-la-historia\/","url":"https:\/\/aldaia.es\/noticias\/es\/els-clavaris-del-crist-daldaia-preparen-la-mascleta-mes-potent-de-la-historia\/","name":"Los Clavarios del Cristo de Aldaia preparan la masclet\u00e0 m\u00e1s potente de la historia - Noticias - Ayuntamiento de Aldaia","isPartOf":{"@id":"https:\/\/aldaia.es\/noticias\/es\/#website"},"primaryImageOfPage":{"@id":"https:\/\/aldaia.es\/noticias\/es\/els-clavaris-del-crist-daldaia-preparen-la-mascleta-mes-potent-de-la-historia\/#primaryimage"},"image":{"@id":"https:\/\/aldaia.es\/noticias\/es\/els-clavaris-del-crist-daldaia-preparen-la-mascleta-mes-potent-de-la-historia\/#primaryimage"},"thumbnailUrl":"https:\/\/aldaia.es\/noticias\/wp-content\/uploads\/2025\/07\/clavarisrdp.jpg","datePublished":"2025-07-28T12:41:22+00:00","dateModified":"2025-07-28T12:43:58+00:00","description":"masclet\u00e0 historica","breadcrumb":{"@id":"https:\/\/aldaia.es\/noticias\/es\/els-clavaris-del-crist-daldaia-preparen-la-mascleta-mes-potent-de-la-historia\/#breadcrumb"},"inLanguage":"es","potentialAction":[{"@type":"ReadAction","target":["https:\/\/aldaia.es\/noticias\/es\/els-clavaris-del-crist-daldaia-preparen-la-mascleta-mes-potent-de-la-historia\/"]}]},{"@type":"ImageObject","inLanguage":"es","@id":"https:\/\/aldaia.es\/noticias\/es\/els-clavaris-del-crist-daldaia-preparen-la-mascleta-mes-potent-de-la-historia\/#primaryimage","url":"https:\/\/aldaia.es\/noticias\/wp-content\/uploads\/2025\/07\/clavarisrdp.jpg","contentUrl":"https:\/\/aldaia.es\/noticias\/wp-content\/uploads\/2025\/07\/clavarisrdp.jpg","width":829,"height":510},{"@type":"BreadcrumbList","@id":"https:\/\/aldaia.es\/noticias\/es\/els-clavaris-del-crist-daldaia-preparen-la-mascleta-mes-potent-de-la-historia\/#breadcrumb","itemListElement":[{"@type":"ListItem","position":1,"name":"Portada","item":"https:\/\/aldaia.es\/noticias\/es\/"},{"@type":"ListItem","position":2,"name":"Los Clavarios del Cristo de Aldaia preparan la masclet\u00e0 m\u00e1s potente de la historia"}]},{"@type":"WebSite","@id":"https:\/\/aldaia.es\/noticias\/es\/#website","url":"https:\/\/aldaia.es\/noticias\/es\/","name":"Noticias Aldaia","description":"","publisher":{"@id":"https:\/\/aldaia.es\/noticias\/es\/#organization"},"potentialAction":[{"@type":"SearchAction","target":{"@type":"EntryPoint","urlTemplate":"https:\/\/aldaia.es\/noticias\/es\/?s={search_term_string}"},"query-input":{"@type":"PropertyValueSpecification","valueRequired":true,"valueName":"search_term_string"}}],"inLanguage":"es"},{"@type":"Organization","@id":"https:\/\/aldaia.es\/noticias\/es\/#organization","name":"Noticias Aldaia","url":"https:\/\/aldaia.es\/noticias\/es\/","logo":{"@type":"ImageObject","inLanguage":"es","@id":"https:\/\/aldaia.es\/noticias\/es\/#\/schema\/logo\/image\/","url":"https:\/\/aldaia.es\/noticias\/wp-content\/uploads\/2025\/05\/aldaia-noticias.jpg","contentUrl":"https:\/\/aldaia.es\/noticias\/wp-content\/uploads\/2025\/05\/aldaia-noticias.jpg","width":512,"height":512,"caption":"Noticias Aldaia"},"image":{"@id":"https:\/\/aldaia.es\/noticias\/es\/#\/schema\/logo\/image\/"}},{"@type":"Person","@id":"https:\/\/aldaia.es\/noticias\/es\/#\/schema\/person\/4b9d33d0d77864dfe798033366a332f5","name":"COMUNICACION","url":"https:\/\/aldaia.es\/noticias\/es\/author\/comunicacion\/"}]}},"_links":{"self":[{"href":"https:\/\/aldaia.es\/noticias\/es\/wp-json\/wp\/v2\/posts\/37654","targetHints":{"allow":["GET"]}}],"collection":[{"href":"https:\/\/aldaia.es\/noticias\/es\/wp-json\/wp\/v2\/posts"}],"about":[{"href":"https:\/\/aldaia.es\/noticias\/es\/wp-json\/wp\/v2\/types\/post"}],"author":[{"embeddable":true,"href":"https:\/\/aldaia.es\/noticias\/es\/wp-json\/wp\/v2\/users\/3"}],"replies":[{"embeddable":true,"href":"https:\/\/aldaia.es\/noticias\/es\/wp-json\/wp\/v2\/comments?post=37654"}],"version-history":[{"count":1,"href":"https:\/\/aldaia.es\/noticias\/es\/wp-json\/wp\/v2\/posts\/37654\/revisions"}],"predecessor-version":[{"id":37655,"href":"https:\/\/aldaia.es\/noticias\/es\/wp-json\/wp\/v2\/posts\/37654\/revisions\/37655"}],"wp:featuredmedia":[{"embeddable":true,"href":"https:\/\/aldaia.es\/noticias\/es\/wp-json\/wp\/v2\/media\/37652"}],"wp:attachment":[{"href":"https:\/\/aldaia.es\/noticias\/es\/wp-json\/wp\/v2\/media?parent=37654"}],"wp:term":[{"taxonomy":"category","embeddable":true,"href":"https:\/\/aldaia.es\/noticias\/es\/wp-json\/wp\/v2\/categories?post=37654"},{"taxonomy":"post_tag","embeddable":true,"href":"https:\/\/aldaia.es\/noticias\/es\/wp-json\/wp\/v2\/tags?post=37654"}],"curies":[{"name":"wp","href":"https:\/\/api.w.org\/{rel}","templated":true}]}}