{"id":37770,"date":"2025-11-28T11:23:12","date_gmt":"2025-11-28T10:23:12","guid":{"rendered":"https:\/\/aldaia.es\/noticias\/?p=37770"},"modified":"2025-11-28T11:29:27","modified_gmt":"2025-11-28T10:29:27","slug":"aldaia-acoge-a-900-jovenes-en-un-acto-por-la-reconstruccion-de-la-dana-organizado-por-la-fundacion-princesa-de-girona","status":"publish","type":"post","link":"https:\/\/aldaia.es\/noticias\/es\/aldaia-acoge-a-900-jovenes-en-un-acto-por-la-reconstruccion-de-la-dana-organizado-por-la-fundacion-princesa-de-girona\/","title":{"rendered":"Aldaia acoge a 900 j\u00f3venes en un acto por la reconstrucci\u00f3n de la Dana, organizado por la Fundaci\u00f3n Princesa de Girona"},"content":{"rendered":"\n<p><br><strong>El alumnado\u00a0de 18 centros educativos de municipios afectados por la DANA, compartieron diferentes acciones que la\u00a0Fundaci\u00f3n Princesa de Girona despleg\u00f3 en el Pabell\u00f3n Jaume Ort\u00ed de Aldaia. Un gran proyecto iniciado en enero en el marco del\u00a0Plan especial de intervenci\u00f3n para j\u00f3venes de Valencia, junto a un nutrido grupo de voluntarios y profesionales<\/strong><\/p>\n\n\n\n<p><strong>Aldaia, 21 de noviembre de 2025. <\/strong>Tras la cat\u00e1strofe de la Dana, y con el objetivo de contribuir en la reconstrucci\u00f3n del ecosistema joven afectado, la Fundaci\u00f3n Princesa de Girona comenz\u00f3 a trabajar en el potencial juvenil de los municipios m\u00e1s afectados, en cuatro grandes \u00e1mbitos:&nbsp;educaci\u00f3n, emprendimiento joven, salud y bienestar&nbsp;y&nbsp;visibilidad del talento.<\/p>\n\n\n\n<p>De este modo, el polideportivo de Aldaia se convirti\u00f3 el viernes 21 de noviembre en escenario del \u00abPrincesa de Girona CongresFest x Valencia\u00bb impulsado por la Fundaci\u00f3n. Un gran evento que ha acogido historias inspiradoras, conferencias, talleres y actuaciones musicales dirigidas a poner en valor las diferentes acciones que la instituci\u00f3n ha desplegado por el ecosistema joven afectado por la DANA.<\/p>\n\n\n\n<p>M\u00e1s de 30 personas subieron al escenario para compartir su experiencia, con testimonios inspiradores, y se reflexion\u00f3 sobre el&nbsp;papel de los centros educativos en la reconstrucci\u00f3n, la&nbsp;importancia del emprendimiento joven con impacto&nbsp;en este proceso y la&nbsp;necesidad del cuidado del bienestar emocional, entre otros.<\/p>\n\n\n\n<p>En el evento, se cont\u00f3 con la asistencia de diferentes&nbsp;autoridades del territorio&nbsp;como&nbsp;Guillermo Luj\u00e1n, alcalde de Aldaia, as\u00ed como tambi\u00e9n otros alcaldes y concejales de municipios afectados como Paiporta, Silla, Barrio del Cristo y Quart de Poblet, Manises, Catarroja, Benet\u00fasser, Massanassa\u2026<\/p>\n\n\n\n<p>Todo ello, ante la atenta mirada de&nbsp;cerca de&nbsp;900 estudiantes&nbsp;de centros educativos de poblaciones como Paiporta, Algemes\u00ed, Alfafar, Catarroja, Valencia, Aldaia o Sedav\u00ed, y presentado por&nbsp;Pablo \u00dabeda&nbsp;y&nbsp;Gynebra, dos j\u00f3venes que forman parte del grupo \u00abGeneraci\u00f3n x Valencia\u00bb (GxVLC), y&nbsp;Alberto Jim\u00e9nez,&nbsp;conocido profesor de teatro de Aldaia.<\/p>\n\n\n\n<p>Al acto asistieron diferentes autoridades como&nbsp;Rosario Linares, directora general de innovaci\u00f3n educativa,&nbsp;Vicente Ripoll, director general de juventud,&nbsp;Miguel \u00c1ngel Carrera, subdirector general para la recuperaci\u00f3n y&nbsp;Esmeralda Llorca, subdirectora de inclusi\u00f3n educativa. Tambi\u00e9n se cont\u00f3 con la presencia de representantes de las entidades que han colaborado, as\u00ed como el presidente del Consorcio de juventud&nbsp;Xarxa JovesNet, y concejal de Juventud de Aldaia.<\/p>\n\n\n\n<p>Por parte de la Fundaci\u00f3n Princesa de Girona, asisit\u00f3&nbsp;Francisco Belil, presidente de la entidad, y&nbsp;Salvador Tasqu\u00e9, director general, as\u00ed como miembros de la&nbsp;Comisi\u00f3n de seguimiento&nbsp;del Plan que han tenido un encuentro previo para analizar las \u00faltimas acciones desarrolladas en las diferentes l\u00edneas de trabajo.<\/p>\n\n\n\n<p>Francisco Belil, presidente de la Fundaci\u00f3n, manifest\u00f3 que \u00abdespu\u00e9s de trabajar durante meses con los j\u00f3venes de Valencia, hoy los hacemos protagonistas y les damos las gracias porque, desde el primer momento, se han implicado en el Plan, han aportado ideas y, desde la Fundaci\u00f3n, hemos podido contribuir a que ellos, los j\u00f3venes, desarrollen su talento y aporten su mirada en el proceso de reconstrucci\u00f3n\u00bb.<\/p>\n\n\n\n<p>Por su parte,\u00a0Guillermo Luj\u00e1n, alcalde de Aldaia, declaraba ante los medios que \u00aben nombre de Aldaia y de todos los municipios afectados por la DANA, estamos inmensamente agradecidos por este rayo de luz y esperanza que es la Fundaci\u00f3n Princesa de Girona. Esta jornada refleja el trabajo de todo un a\u00f1o.\u00a0Es emocionante pensar que hemos pasado de un momento de desesperanza y de frustraci\u00f3n a una etapa de esperanza, de talento y de mirada joven en la reconstrucci\u00f3n\u00bb.<\/p>\n","protected":false},"excerpt":{"rendered":"<p>El alumnado\u00a0de 18 centros educativos de municipios afectados por la DANA, compartieron diferentes acciones que la\u00a0Fundaci\u00f3&#8230;<\/p>\n","protected":false},"author":2,"featured_media":37771,"comment_status":"closed","ping_status":"closed","sticky":false,"template":"","format":"standard","meta":{"_acf_changed":false,"footnotes":""},"categories":[30,55],"tags":[],"class_list":["post-37770","post","type-post","status-publish","format-standard","has-post-thumbnail","hentry","category-educacio","category-joventut"],"acf":[],"yoast_head":"<!-- This site is optimized with the Yoast SEO plugin v26.9 - https:\/\/yoast.com\/product\/yoast-seo-wordpress\/ -->\n<title>Aldaia acoge a 900 j\u00f3venes en un acto por la reconstrucci\u00f3n de la Dana, organizado por la Fundaci\u00f3n Princesa de Girona - Noticias - Ayuntamiento de Aldaia<\/title>\n<meta name=\"robots\" content=\"index, follow, max-snippet:-1, max-image-preview:large, max-video-preview:-1\" \/>\n<link rel=\"canonical\" href=\"https:\/\/aldaia.es\/noticias\/es\/aldaia-acoge-a-900-jovenes-en-un-acto-por-la-reconstruccion-de-la-dana-organizado-por-la-fundacion-princesa-de-girona\/\" \/>\n<meta property=\"og:locale\" content=\"es_ES\" \/>\n<meta property=\"og:type\" content=\"article\" \/>\n<meta property=\"og:title\" content=\"Aldaia acoge a 900 j\u00f3venes en un acto por la reconstrucci\u00f3n de la Dana, organizado por la Fundaci\u00f3n Princesa de Girona - Noticias - Ayuntamiento de Aldaia\" \/>\n<meta property=\"og:description\" content=\"El alumnado\u00a0de 18 centros educativos de municipios afectados por la DANA, compartieron diferentes acciones que la\u00a0Fundaci\u00f3...\" \/>\n<meta property=\"og:url\" content=\"https:\/\/aldaia.es\/noticias\/es\/aldaia-acoge-a-900-jovenes-en-un-acto-por-la-reconstruccion-de-la-dana-organizado-por-la-fundacion-princesa-de-girona\/\" \/>\n<meta property=\"og:site_name\" content=\"Noticias - Ayuntamiento de Aldaia\" \/>\n<meta property=\"article:published_time\" content=\"2025-11-28T10:23:12+00:00\" \/>\n<meta property=\"article:modified_time\" content=\"2025-11-28T10:29:27+00:00\" \/>\n<meta property=\"og:image\" content=\"https:\/\/aldaia.es\/noticias\/wp-content\/uploads\/2025\/11\/Aldia-Princesa-de-Girona.jpeg\" \/>\n\t<meta property=\"og:image:width\" content=\"1600\" \/>\n\t<meta property=\"og:image:height\" content=\"1200\" \/>\n\t<meta property=\"og:image:type\" content=\"image\/jpeg\" \/>\n<meta name=\"author\" content=\"prensa\" \/>\n<meta name=\"twitter:card\" content=\"summary_large_image\" \/>\n<meta name=\"twitter:label1\" content=\"Escrito por\" \/>\n\t<meta name=\"twitter:data1\" content=\"prensa\" \/>\n\t<meta name=\"twitter:label2\" content=\"Tiempo de lectura\" \/>\n\t<meta name=\"twitter:data2\" content=\"4 minutos\" \/>\n<script type=\"application\/ld+json\" class=\"yoast-schema-graph\">{\"@context\":\"https:\/\/schema.org\",\"@graph\":[{\"@type\":\"Article\",\"@id\":\"https:\/\/aldaia.es\/noticias\/es\/aldaia-acoge-a-900-jovenes-en-un-acto-por-la-reconstruccion-de-la-dana-organizado-por-la-fundacion-princesa-de-girona\/#article\",\"isPartOf\":{\"@id\":\"https:\/\/aldaia.es\/noticias\/es\/aldaia-acoge-a-900-jovenes-en-un-acto-por-la-reconstruccion-de-la-dana-organizado-por-la-fundacion-princesa-de-girona\/\"},\"author\":{\"name\":\"prensa\",\"@id\":\"https:\/\/aldaia.es\/noticias\/es\/#\/schema\/person\/736bf474749673d55971dc81c4553f7e\"},\"headline\":\"Aldaia acoge a 900 j\u00f3venes en un acto por la reconstrucci\u00f3n de la Dana, organizado por la Fundaci\u00f3n Princesa de Girona\",\"datePublished\":\"2025-11-28T10:23:12+00:00\",\"dateModified\":\"2025-11-28T10:29:27+00:00\",\"mainEntityOfPage\":{\"@id\":\"https:\/\/aldaia.es\/noticias\/es\/aldaia-acoge-a-900-jovenes-en-un-acto-por-la-reconstruccion-de-la-dana-organizado-por-la-fundacion-princesa-de-girona\/\"},\"wordCount\":653,\"publisher\":{\"@id\":\"https:\/\/aldaia.es\/noticias\/es\/#organization\"},\"image\":{\"@id\":\"https:\/\/aldaia.es\/noticias\/es\/aldaia-acoge-a-900-jovenes-en-un-acto-por-la-reconstruccion-de-la-dana-organizado-por-la-fundacion-princesa-de-girona\/#primaryimage\"},\"thumbnailUrl\":\"https:\/\/aldaia.es\/noticias\/wp-content\/uploads\/2025\/11\/Aldia-Princesa-de-Girona.jpeg\",\"articleSection\":[\"Educaci\u00f3\",\"Joventut\"],\"inLanguage\":\"es\"},{\"@type\":\"WebPage\",\"@id\":\"https:\/\/aldaia.es\/noticias\/es\/aldaia-acoge-a-900-jovenes-en-un-acto-por-la-reconstruccion-de-la-dana-organizado-por-la-fundacion-princesa-de-girona\/\",\"url\":\"https:\/\/aldaia.es\/noticias\/es\/aldaia-acoge-a-900-jovenes-en-un-acto-por-la-reconstruccion-de-la-dana-organizado-por-la-fundacion-princesa-de-girona\/\",\"name\":\"Aldaia acoge a 900 j\u00f3venes en un acto por la reconstrucci\u00f3n de la Dana, organizado por la Fundaci\u00f3n Princesa de Girona - Noticias - Ayuntamiento de Aldaia\",\"isPartOf\":{\"@id\":\"https:\/\/aldaia.es\/noticias\/es\/#website\"},\"primaryImageOfPage\":{\"@id\":\"https:\/\/aldaia.es\/noticias\/es\/aldaia-acoge-a-900-jovenes-en-un-acto-por-la-reconstruccion-de-la-dana-organizado-por-la-fundacion-princesa-de-girona\/#primaryimage\"},\"image\":{\"@id\":\"https:\/\/aldaia.es\/noticias\/es\/aldaia-acoge-a-900-jovenes-en-un-acto-por-la-reconstruccion-de-la-dana-organizado-por-la-fundacion-princesa-de-girona\/#primaryimage\"},\"thumbnailUrl\":\"https:\/\/aldaia.es\/noticias\/wp-content\/uploads\/2025\/11\/Aldia-Princesa-de-Girona.jpeg\",\"datePublished\":\"2025-11-28T10:23:12+00:00\",\"dateModified\":\"2025-11-28T10:29:27+00:00\",\"breadcrumb\":{\"@id\":\"https:\/\/aldaia.es\/noticias\/es\/aldaia-acoge-a-900-jovenes-en-un-acto-por-la-reconstruccion-de-la-dana-organizado-por-la-fundacion-princesa-de-girona\/#breadcrumb\"},\"inLanguage\":\"es\",\"potentialAction\":[{\"@type\":\"ReadAction\",\"target\":[\"https:\/\/aldaia.es\/noticias\/es\/aldaia-acoge-a-900-jovenes-en-un-acto-por-la-reconstruccion-de-la-dana-organizado-por-la-fundacion-princesa-de-girona\/\"]}]},{\"@type\":\"ImageObject\",\"inLanguage\":\"es\",\"@id\":\"https:\/\/aldaia.es\/noticias\/es\/aldaia-acoge-a-900-jovenes-en-un-acto-por-la-reconstruccion-de-la-dana-organizado-por-la-fundacion-princesa-de-girona\/#primaryimage\",\"url\":\"https:\/\/aldaia.es\/noticias\/wp-content\/uploads\/2025\/11\/Aldia-Princesa-de-Girona.jpeg\",\"contentUrl\":\"https:\/\/aldaia.es\/noticias\/wp-content\/uploads\/2025\/11\/Aldia-Princesa-de-Girona.jpeg\",\"width\":1600,\"height\":1200},{\"@type\":\"BreadcrumbList\",\"@id\":\"https:\/\/aldaia.es\/noticias\/es\/aldaia-acoge-a-900-jovenes-en-un-acto-por-la-reconstruccion-de-la-dana-organizado-por-la-fundacion-princesa-de-girona\/#breadcrumb\",\"itemListElement\":[{\"@type\":\"ListItem\",\"position\":1,\"name\":\"Portada\",\"item\":\"https:\/\/aldaia.es\/noticias\/es\/\"},{\"@type\":\"ListItem\",\"position\":2,\"name\":\"Aldaia acoge a 900 j\u00f3venes en un acto por la reconstrucci\u00f3n de la Dana, organizado por la Fundaci\u00f3n Princesa de Girona\"}]},{\"@type\":\"WebSite\",\"@id\":\"https:\/\/aldaia.es\/noticias\/es\/#website\",\"url\":\"https:\/\/aldaia.es\/noticias\/es\/\",\"name\":\"Noticias Aldaia\",\"description\":\"\",\"publisher\":{\"@id\":\"https:\/\/aldaia.es\/noticias\/es\/#organization\"},\"potentialAction\":[{\"@type\":\"SearchAction\",\"target\":{\"@type\":\"EntryPoint\",\"urlTemplate\":\"https:\/\/aldaia.es\/noticias\/es\/?s={search_term_string}\"},\"query-input\":{\"@type\":\"PropertyValueSpecification\",\"valueRequired\":true,\"valueName\":\"search_term_string\"}}],\"inLanguage\":\"es\"},{\"@type\":\"Organization\",\"@id\":\"https:\/\/aldaia.es\/noticias\/es\/#organization\",\"name\":\"Noticias Aldaia\",\"url\":\"https:\/\/aldaia.es\/noticias\/es\/\",\"logo\":{\"@type\":\"ImageObject\",\"inLanguage\":\"es\",\"@id\":\"https:\/\/aldaia.es\/noticias\/es\/#\/schema\/logo\/image\/\",\"url\":\"https:\/\/aldaia.es\/noticias\/wp-content\/uploads\/2025\/05\/aldaia-noticias.jpg\",\"contentUrl\":\"https:\/\/aldaia.es\/noticias\/wp-content\/uploads\/2025\/05\/aldaia-noticias.jpg\",\"width\":512,\"height\":512,\"caption\":\"Noticias Aldaia\"},\"image\":{\"@id\":\"https:\/\/aldaia.es\/noticias\/es\/#\/schema\/logo\/image\/\"}},{\"@type\":\"Person\",\"@id\":\"https:\/\/aldaia.es\/noticias\/es\/#\/schema\/person\/736bf474749673d55971dc81c4553f7e\",\"name\":\"prensa\",\"url\":\"https:\/\/aldaia.es\/noticias\/es\/author\/prensa\/\"}]}<\/script>\n<!-- \/ Yoast SEO plugin. -->","yoast_head_json":{"title":"Aldaia acoge a 900 j\u00f3venes en un acto por la reconstrucci\u00f3n de la Dana, organizado por la Fundaci\u00f3n Princesa de Girona - Noticias - Ayuntamiento de Aldaia","robots":{"index":"index","follow":"follow","max-snippet":"max-snippet:-1","max-image-preview":"max-image-preview:large","max-video-preview":"max-video-preview:-1"},"canonical":"https:\/\/aldaia.es\/noticias\/es\/aldaia-acoge-a-900-jovenes-en-un-acto-por-la-reconstruccion-de-la-dana-organizado-por-la-fundacion-princesa-de-girona\/","og_locale":"es_ES","og_type":"article","og_title":"Aldaia acoge a 900 j\u00f3venes en un acto por la reconstrucci\u00f3n de la Dana, organizado por la Fundaci\u00f3n Princesa de Girona - Noticias - Ayuntamiento de Aldaia","og_description":"El alumnado\u00a0de 18 centros educativos de municipios afectados por la DANA, compartieron diferentes acciones que la\u00a0Fundaci\u00f3...","og_url":"https:\/\/aldaia.es\/noticias\/es\/aldaia-acoge-a-900-jovenes-en-un-acto-por-la-reconstruccion-de-la-dana-organizado-por-la-fundacion-princesa-de-girona\/","og_site_name":"Noticias - Ayuntamiento de Aldaia","article_published_time":"2025-11-28T10:23:12+00:00","article_modified_time":"2025-11-28T10:29:27+00:00","og_image":[{"width":1600,"height":1200,"url":"https:\/\/aldaia.es\/noticias\/wp-content\/uploads\/2025\/11\/Aldia-Princesa-de-Girona.jpeg","type":"image\/jpeg"}],"author":"prensa","twitter_card":"summary_large_image","twitter_misc":{"Escrito por":"prensa","Tiempo de lectura":"4 minutos"},"schema":{"@context":"https:\/\/schema.org","@graph":[{"@type":"Article","@id":"https:\/\/aldaia.es\/noticias\/es\/aldaia-acoge-a-900-jovenes-en-un-acto-por-la-reconstruccion-de-la-dana-organizado-por-la-fundacion-princesa-de-girona\/#article","isPartOf":{"@id":"https:\/\/aldaia.es\/noticias\/es\/aldaia-acoge-a-900-jovenes-en-un-acto-por-la-reconstruccion-de-la-dana-organizado-por-la-fundacion-princesa-de-girona\/"},"author":{"name":"prensa","@id":"https:\/\/aldaia.es\/noticias\/es\/#\/schema\/person\/736bf474749673d55971dc81c4553f7e"},"headline":"Aldaia acoge a 900 j\u00f3venes en un acto por la reconstrucci\u00f3n de la Dana, organizado por la Fundaci\u00f3n Princesa de Girona","datePublished":"2025-11-28T10:23:12+00:00","dateModified":"2025-11-28T10:29:27+00:00","mainEntityOfPage":{"@id":"https:\/\/aldaia.es\/noticias\/es\/aldaia-acoge-a-900-jovenes-en-un-acto-por-la-reconstruccion-de-la-dana-organizado-por-la-fundacion-princesa-de-girona\/"},"wordCount":653,"publisher":{"@id":"https:\/\/aldaia.es\/noticias\/es\/#organization"},"image":{"@id":"https:\/\/aldaia.es\/noticias\/es\/aldaia-acoge-a-900-jovenes-en-un-acto-por-la-reconstruccion-de-la-dana-organizado-por-la-fundacion-princesa-de-girona\/#primaryimage"},"thumbnailUrl":"https:\/\/aldaia.es\/noticias\/wp-content\/uploads\/2025\/11\/Aldia-Princesa-de-Girona.jpeg","articleSection":["Educaci\u00f3","Joventut"],"inLanguage":"es"},{"@type":"WebPage","@id":"https:\/\/aldaia.es\/noticias\/es\/aldaia-acoge-a-900-jovenes-en-un-acto-por-la-reconstruccion-de-la-dana-organizado-por-la-fundacion-princesa-de-girona\/","url":"https:\/\/aldaia.es\/noticias\/es\/aldaia-acoge-a-900-jovenes-en-un-acto-por-la-reconstruccion-de-la-dana-organizado-por-la-fundacion-princesa-de-girona\/","name":"Aldaia acoge a 900 j\u00f3venes en un acto por la reconstrucci\u00f3n de la Dana, organizado por la Fundaci\u00f3n Princesa de Girona - Noticias - Ayuntamiento de Aldaia","isPartOf":{"@id":"https:\/\/aldaia.es\/noticias\/es\/#website"},"primaryImageOfPage":{"@id":"https:\/\/aldaia.es\/noticias\/es\/aldaia-acoge-a-900-jovenes-en-un-acto-por-la-reconstruccion-de-la-dana-organizado-por-la-fundacion-princesa-de-girona\/#primaryimage"},"image":{"@id":"https:\/\/aldaia.es\/noticias\/es\/aldaia-acoge-a-900-jovenes-en-un-acto-por-la-reconstruccion-de-la-dana-organizado-por-la-fundacion-princesa-de-girona\/#primaryimage"},"thumbnailUrl":"https:\/\/aldaia.es\/noticias\/wp-content\/uploads\/2025\/11\/Aldia-Princesa-de-Girona.jpeg","datePublished":"2025-11-28T10:23:12+00:00","dateModified":"2025-11-28T10:29:27+00:00","breadcrumb":{"@id":"https:\/\/aldaia.es\/noticias\/es\/aldaia-acoge-a-900-jovenes-en-un-acto-por-la-reconstruccion-de-la-dana-organizado-por-la-fundacion-princesa-de-girona\/#breadcrumb"},"inLanguage":"es","potentialAction":[{"@type":"ReadAction","target":["https:\/\/aldaia.es\/noticias\/es\/aldaia-acoge-a-900-jovenes-en-un-acto-por-la-reconstruccion-de-la-dana-organizado-por-la-fundacion-princesa-de-girona\/"]}]},{"@type":"ImageObject","inLanguage":"es","@id":"https:\/\/aldaia.es\/noticias\/es\/aldaia-acoge-a-900-jovenes-en-un-acto-por-la-reconstruccion-de-la-dana-organizado-por-la-fundacion-princesa-de-girona\/#primaryimage","url":"https:\/\/aldaia.es\/noticias\/wp-content\/uploads\/2025\/11\/Aldia-Princesa-de-Girona.jpeg","contentUrl":"https:\/\/aldaia.es\/noticias\/wp-content\/uploads\/2025\/11\/Aldia-Princesa-de-Girona.jpeg","width":1600,"height":1200},{"@type":"BreadcrumbList","@id":"https:\/\/aldaia.es\/noticias\/es\/aldaia-acoge-a-900-jovenes-en-un-acto-por-la-reconstruccion-de-la-dana-organizado-por-la-fundacion-princesa-de-girona\/#breadcrumb","itemListElement":[{"@type":"ListItem","position":1,"name":"Portada","item":"https:\/\/aldaia.es\/noticias\/es\/"},{"@type":"ListItem","position":2,"name":"Aldaia acoge a 900 j\u00f3venes en un acto por la reconstrucci\u00f3n de la Dana, organizado por la Fundaci\u00f3n Princesa de Girona"}]},{"@type":"WebSite","@id":"https:\/\/aldaia.es\/noticias\/es\/#website","url":"https:\/\/aldaia.es\/noticias\/es\/","name":"Noticias Aldaia","description":"","publisher":{"@id":"https:\/\/aldaia.es\/noticias\/es\/#organization"},"potentialAction":[{"@type":"SearchAction","target":{"@type":"EntryPoint","urlTemplate":"https:\/\/aldaia.es\/noticias\/es\/?s={search_term_string}"},"query-input":{"@type":"PropertyValueSpecification","valueRequired":true,"valueName":"search_term_string"}}],"inLanguage":"es"},{"@type":"Organization","@id":"https:\/\/aldaia.es\/noticias\/es\/#organization","name":"Noticias Aldaia","url":"https:\/\/aldaia.es\/noticias\/es\/","logo":{"@type":"ImageObject","inLanguage":"es","@id":"https:\/\/aldaia.es\/noticias\/es\/#\/schema\/logo\/image\/","url":"https:\/\/aldaia.es\/noticias\/wp-content\/uploads\/2025\/05\/aldaia-noticias.jpg","contentUrl":"https:\/\/aldaia.es\/noticias\/wp-content\/uploads\/2025\/05\/aldaia-noticias.jpg","width":512,"height":512,"caption":"Noticias Aldaia"},"image":{"@id":"https:\/\/aldaia.es\/noticias\/es\/#\/schema\/logo\/image\/"}},{"@type":"Person","@id":"https:\/\/aldaia.es\/noticias\/es\/#\/schema\/person\/736bf474749673d55971dc81c4553f7e","name":"prensa","url":"https:\/\/aldaia.es\/noticias\/es\/author\/prensa\/"}]}},"_links":{"self":[{"href":"https:\/\/aldaia.es\/noticias\/es\/wp-json\/wp\/v2\/posts\/37770","targetHints":{"allow":["GET"]}}],"collection":[{"href":"https:\/\/aldaia.es\/noticias\/es\/wp-json\/wp\/v2\/posts"}],"about":[{"href":"https:\/\/aldaia.es\/noticias\/es\/wp-json\/wp\/v2\/types\/post"}],"author":[{"embeddable":true,"href":"https:\/\/aldaia.es\/noticias\/es\/wp-json\/wp\/v2\/users\/2"}],"replies":[{"embeddable":true,"href":"https:\/\/aldaia.es\/noticias\/es\/wp-json\/wp\/v2\/comments?post=37770"}],"version-history":[{"count":1,"href":"https:\/\/aldaia.es\/noticias\/es\/wp-json\/wp\/v2\/posts\/37770\/revisions"}],"predecessor-version":[{"id":37773,"href":"https:\/\/aldaia.es\/noticias\/es\/wp-json\/wp\/v2\/posts\/37770\/revisions\/37773"}],"wp:featuredmedia":[{"embeddable":true,"href":"https:\/\/aldaia.es\/noticias\/es\/wp-json\/wp\/v2\/media\/37771"}],"wp:attachment":[{"href":"https:\/\/aldaia.es\/noticias\/es\/wp-json\/wp\/v2\/media?parent=37770"}],"wp:term":[{"taxonomy":"category","embeddable":true,"href":"https:\/\/aldaia.es\/noticias\/es\/wp-json\/wp\/v2\/categories?post=37770"},{"taxonomy":"post_tag","embeddable":true,"href":"https:\/\/aldaia.es\/noticias\/es\/wp-json\/wp\/v2\/tags?post=37770"}],"curies":[{"name":"wp","href":"https:\/\/api.w.org\/{rel}","templated":true}]}}