{"id":37813,"date":"2025-12-19T10:57:04","date_gmt":"2025-12-19T09:57:04","guid":{"rendered":"https:\/\/aldaia.es\/noticias\/?p=37813"},"modified":"2025-12-19T10:57:05","modified_gmt":"2025-12-19T09:57:05","slug":"el-proyecto-unidos-unidas-por-la-musica-del-ies-carles-salvador-de-aldaia-premiado-por-el-consejo-escolar-de-la-comunidad-valenciana","status":"publish","type":"post","link":"https:\/\/aldaia.es\/noticias\/es\/el-proyecto-unidos-unidas-por-la-musica-del-ies-carles-salvador-de-aldaia-premiado-por-el-consejo-escolar-de-la-comunidad-valenciana\/","title":{"rendered":"El proyecto \u201cUnidos\/Unidas por la M\u00fasica\u201d del IES Carles Salvador de Aldaia, premiado por el Consejo Escolar de la Comunidad Valenciana"},"content":{"rendered":"\n<p><strong>Un proyecto con m\u00e1s de veinte a\u00f1os de trayectoria, impulsado desde el Departamento de M\u00fasica del centro basado en la pr\u00e1ctica y por cooperaci\u00f3n la escucha y el respeto<\/strong><\/p>\n\n\n\n<p>El proyecto educativo \u201cUnidos\/as por la M\u00fasica\u201d, desarrollado por el Departamento de M\u00fasica del IES Carles Salvador de Aldaia, ha sido distinguido con una Menci\u00f3n en la 1\u00aa Edici\u00f3n de los Premis del Consell Escolar de la Comunitat Valenciana (CECV), unos galardones que reconocen la dedicaci\u00f3n, la calidad y el compromiso de la comunidad educativa valenciana.<\/p>\n\n\n\n<p>La entrega de premios tuvo lugar el pasado 10 de diciembre de 2025 en el Centre Cultural La Petxina de Val\u00e8ncia, en el marco de una gala que destac\u00f3 por su elevada participaci\u00f3n y por poner en valor proyectos educativos con un fuerte impacto pedag\u00f3gico y social. El reconocimiento fue entregado por Guillermo Luj\u00e1n, alcalde de Aldaia, junto a Salvador Oliver, presidente del Consell Escolar de la Comunitat Valenciana.<\/p>\n\n\n\n<p>\u201cUnidos\/as por la M\u00fasica\u201d es un proyecto con m\u00e1s de veinte a\u00f1os de trayectoria ininterrumpida, impulsado desde el Departamento de M\u00fasica del centro y coordinado por el profesorado Eugenio Henriques L\u00f3pez y Carlos Jes\u00fas Raga Garc\u00eda, que ha convertido la asignatura de M\u00fasica en secundaria en un espacio vivo de aprendizaje pr\u00e1ctico, inclusi\u00f3n y creaci\u00f3n colectiva. Lejos de un enfoque te\u00f3rico, el alumnado aprende m\u00fasica haciendo m\u00fasica, participando activamente en conjuntos instrumentales Orff, interpretaci\u00f3n vocal y proyectos esc\u00e9nicos que culminan cada curso en conciertos de gran calidad art\u00edstica.<\/p>\n\n\n\n<p>La pr\u00e1ctica musical colectiva se sit\u00faa en el centro del proceso educativo, favoreciendo el desarrollo de competencias musicales, sociales y emocionales. El proyecto impulsa valores como la cooperaci\u00f3n, la responsabilidad, la escucha activa, la convivencia y el respeto a la diversidad, garantizando la participaci\u00f3n real de todo el alumnado mediante la adaptaci\u00f3n de repertorios, roles e instrumentaciones a distintos niveles y capacidades.<\/p>\n\n\n\n<p>El impacto de \u201cUnidos\/as por la M\u00fasica\u201d trasciende el aula y el propio centro educativo. A lo largo de los a\u00f1os, el IES Carles Salvador ha tejido una s\u00f3lida red de colaboraci\u00f3n con familias, asociaciones locales, centros de primaria, residencias de mayores y entidades sociales, convirtiendo cada concierto en una experiencia de Aprendizaje-Servicio y en un espacio de encuentro intergeneracional y comunitario. La m\u00fasica se convierte as\u00ed en una herramienta de cohesi\u00f3n social, inclusi\u00f3n y compromiso c\u00edvico.<\/p>\n\n\n\n<p>Este reconocimiento pone en valor la calidad, continuidad e innovaci\u00f3n pedag\u00f3gica de un proyecto sostenido en el tiempo gracias al trabajo coordinado del Departamento de M\u00fasica, el apoyo constante del equipo directivo y la implicaci\u00f3n activa de toda la comunidad educativa. La menci\u00f3n recibida refuerza el papel del IES Carles Salvador de Aldaia como referente en educaci\u00f3n musical inclusiva y demuestra que la m\u00fasica, cuando se vive desde la pr\u00e1ctica y la participaci\u00f3n, tiene un enorme poder transformador dentro y fuera del centro.<\/p>\n","protected":false},"excerpt":{"rendered":"<p>Un proyecto con m\u00e1s de veinte a\u00f1os de trayectoria, impulsado desde el Departamento de M\u00fasica del centro basado en la pr\u00e1c&#8230;<\/p>\n","protected":false},"author":2,"featured_media":37820,"comment_status":"closed","ping_status":"closed","sticky":false,"template":"","format":"standard","meta":{"_acf_changed":false,"footnotes":""},"categories":[30],"tags":[],"class_list":["post-37813","post","type-post","status-publish","format-standard","has-post-thumbnail","hentry","category-educacio"],"acf":[],"yoast_head":"<!-- This site is optimized with the Yoast SEO plugin v26.9 - https:\/\/yoast.com\/product\/yoast-seo-wordpress\/ -->\n<title>El proyecto \u201cUnidos\/Unidas por la M\u00fasica\u201d del IES Carles Salvador de Aldaia, premiado por el Consejo Escolar de la Comunidad Valenciana - Noticias - Ayuntamiento de Aldaia<\/title>\n<meta name=\"robots\" content=\"index, follow, max-snippet:-1, max-image-preview:large, max-video-preview:-1\" \/>\n<link rel=\"canonical\" href=\"https:\/\/aldaia.es\/noticias\/es\/el-proyecto-unidos-unidas-por-la-musica-del-ies-carles-salvador-de-aldaia-premiado-por-el-consejo-escolar-de-la-comunidad-valenciana\/\" \/>\n<meta property=\"og:locale\" content=\"es_ES\" \/>\n<meta property=\"og:type\" content=\"article\" \/>\n<meta property=\"og:title\" content=\"El proyecto \u201cUnidos\/Unidas por la M\u00fasica\u201d del IES Carles Salvador de Aldaia, premiado por el Consejo Escolar de la Comunidad Valenciana - Noticias - Ayuntamiento de Aldaia\" \/>\n<meta property=\"og:description\" content=\"Un proyecto con m\u00e1s de veinte a\u00f1os de trayectoria, impulsado desde el Departamento de M\u00fasica del centro basado en la pr\u00e1c...\" \/>\n<meta property=\"og:url\" content=\"https:\/\/aldaia.es\/noticias\/es\/el-proyecto-unidos-unidas-por-la-musica-del-ies-carles-salvador-de-aldaia-premiado-por-el-consejo-escolar-de-la-comunidad-valenciana\/\" \/>\n<meta property=\"og:site_name\" content=\"Noticias - Ayuntamiento de Aldaia\" \/>\n<meta property=\"article:published_time\" content=\"2025-12-19T09:57:04+00:00\" \/>\n<meta property=\"article:modified_time\" content=\"2025-12-19T09:57:05+00:00\" \/>\n<meta property=\"og:image\" content=\"https:\/\/aldaia.es\/noticias\/wp-content\/uploads\/2025\/12\/IES-CARLOS-SALVADOR.jpeg\" \/>\n\t<meta property=\"og:image:width\" content=\"1507\" \/>\n\t<meta property=\"og:image:height\" content=\"859\" \/>\n\t<meta property=\"og:image:type\" content=\"image\/jpeg\" \/>\n<meta name=\"author\" content=\"prensa\" \/>\n<meta name=\"twitter:card\" content=\"summary_large_image\" \/>\n<meta name=\"twitter:label1\" content=\"Escrito por\" \/>\n\t<meta name=\"twitter:data1\" content=\"prensa\" \/>\n\t<meta name=\"twitter:label2\" content=\"Tiempo de lectura\" \/>\n\t<meta name=\"twitter:data2\" content=\"3 minutos\" \/>\n<script type=\"application\/ld+json\" class=\"yoast-schema-graph\">{\"@context\":\"https:\/\/schema.org\",\"@graph\":[{\"@type\":\"Article\",\"@id\":\"https:\/\/aldaia.es\/noticias\/es\/el-proyecto-unidos-unidas-por-la-musica-del-ies-carles-salvador-de-aldaia-premiado-por-el-consejo-escolar-de-la-comunidad-valenciana\/#article\",\"isPartOf\":{\"@id\":\"https:\/\/aldaia.es\/noticias\/es\/el-proyecto-unidos-unidas-por-la-musica-del-ies-carles-salvador-de-aldaia-premiado-por-el-consejo-escolar-de-la-comunidad-valenciana\/\"},\"author\":{\"name\":\"prensa\",\"@id\":\"https:\/\/aldaia.es\/noticias\/es\/#\/schema\/person\/736bf474749673d55971dc81c4553f7e\"},\"headline\":\"El proyecto \u201cUnidos\/Unidas por la M\u00fasica\u201d del IES Carles Salvador de Aldaia, premiado por el Consejo Escolar de la Comunidad Valenciana\",\"datePublished\":\"2025-12-19T09:57:04+00:00\",\"dateModified\":\"2025-12-19T09:57:05+00:00\",\"mainEntityOfPage\":{\"@id\":\"https:\/\/aldaia.es\/noticias\/es\/el-proyecto-unidos-unidas-por-la-musica-del-ies-carles-salvador-de-aldaia-premiado-por-el-consejo-escolar-de-la-comunidad-valenciana\/\"},\"wordCount\":540,\"publisher\":{\"@id\":\"https:\/\/aldaia.es\/noticias\/es\/#organization\"},\"image\":{\"@id\":\"https:\/\/aldaia.es\/noticias\/es\/el-proyecto-unidos-unidas-por-la-musica-del-ies-carles-salvador-de-aldaia-premiado-por-el-consejo-escolar-de-la-comunidad-valenciana\/#primaryimage\"},\"thumbnailUrl\":\"https:\/\/aldaia.es\/noticias\/wp-content\/uploads\/2025\/12\/IES-CARLOS-SALVADOR.jpeg\",\"articleSection\":[\"Educaci\u00f3\"],\"inLanguage\":\"es\"},{\"@type\":\"WebPage\",\"@id\":\"https:\/\/aldaia.es\/noticias\/es\/el-proyecto-unidos-unidas-por-la-musica-del-ies-carles-salvador-de-aldaia-premiado-por-el-consejo-escolar-de-la-comunidad-valenciana\/\",\"url\":\"https:\/\/aldaia.es\/noticias\/es\/el-proyecto-unidos-unidas-por-la-musica-del-ies-carles-salvador-de-aldaia-premiado-por-el-consejo-escolar-de-la-comunidad-valenciana\/\",\"name\":\"El proyecto \u201cUnidos\/Unidas por la M\u00fasica\u201d del IES Carles Salvador de Aldaia, premiado por el Consejo Escolar de la Comunidad Valenciana - Noticias - Ayuntamiento de Aldaia\",\"isPartOf\":{\"@id\":\"https:\/\/aldaia.es\/noticias\/es\/#website\"},\"primaryImageOfPage\":{\"@id\":\"https:\/\/aldaia.es\/noticias\/es\/el-proyecto-unidos-unidas-por-la-musica-del-ies-carles-salvador-de-aldaia-premiado-por-el-consejo-escolar-de-la-comunidad-valenciana\/#primaryimage\"},\"image\":{\"@id\":\"https:\/\/aldaia.es\/noticias\/es\/el-proyecto-unidos-unidas-por-la-musica-del-ies-carles-salvador-de-aldaia-premiado-por-el-consejo-escolar-de-la-comunidad-valenciana\/#primaryimage\"},\"thumbnailUrl\":\"https:\/\/aldaia.es\/noticias\/wp-content\/uploads\/2025\/12\/IES-CARLOS-SALVADOR.jpeg\",\"datePublished\":\"2025-12-19T09:57:04+00:00\",\"dateModified\":\"2025-12-19T09:57:05+00:00\",\"breadcrumb\":{\"@id\":\"https:\/\/aldaia.es\/noticias\/es\/el-proyecto-unidos-unidas-por-la-musica-del-ies-carles-salvador-de-aldaia-premiado-por-el-consejo-escolar-de-la-comunidad-valenciana\/#breadcrumb\"},\"inLanguage\":\"es\",\"potentialAction\":[{\"@type\":\"ReadAction\",\"target\":[\"https:\/\/aldaia.es\/noticias\/es\/el-proyecto-unidos-unidas-por-la-musica-del-ies-carles-salvador-de-aldaia-premiado-por-el-consejo-escolar-de-la-comunidad-valenciana\/\"]}]},{\"@type\":\"ImageObject\",\"inLanguage\":\"es\",\"@id\":\"https:\/\/aldaia.es\/noticias\/es\/el-proyecto-unidos-unidas-por-la-musica-del-ies-carles-salvador-de-aldaia-premiado-por-el-consejo-escolar-de-la-comunidad-valenciana\/#primaryimage\",\"url\":\"https:\/\/aldaia.es\/noticias\/wp-content\/uploads\/2025\/12\/IES-CARLOS-SALVADOR.jpeg\",\"contentUrl\":\"https:\/\/aldaia.es\/noticias\/wp-content\/uploads\/2025\/12\/IES-CARLOS-SALVADOR.jpeg\",\"width\":1507,\"height\":859},{\"@type\":\"BreadcrumbList\",\"@id\":\"https:\/\/aldaia.es\/noticias\/es\/el-proyecto-unidos-unidas-por-la-musica-del-ies-carles-salvador-de-aldaia-premiado-por-el-consejo-escolar-de-la-comunidad-valenciana\/#breadcrumb\",\"itemListElement\":[{\"@type\":\"ListItem\",\"position\":1,\"name\":\"Portada\",\"item\":\"https:\/\/aldaia.es\/noticias\/es\/\"},{\"@type\":\"ListItem\",\"position\":2,\"name\":\"El proyecto \u201cUnidos\/Unidas por la M\u00fasica\u201d del IES Carles Salvador de Aldaia, premiado por el Consejo Escolar de la Comunidad Valenciana\"}]},{\"@type\":\"WebSite\",\"@id\":\"https:\/\/aldaia.es\/noticias\/es\/#website\",\"url\":\"https:\/\/aldaia.es\/noticias\/es\/\",\"name\":\"Noticias Aldaia\",\"description\":\"\",\"publisher\":{\"@id\":\"https:\/\/aldaia.es\/noticias\/es\/#organization\"},\"potentialAction\":[{\"@type\":\"SearchAction\",\"target\":{\"@type\":\"EntryPoint\",\"urlTemplate\":\"https:\/\/aldaia.es\/noticias\/es\/?s={search_term_string}\"},\"query-input\":{\"@type\":\"PropertyValueSpecification\",\"valueRequired\":true,\"valueName\":\"search_term_string\"}}],\"inLanguage\":\"es\"},{\"@type\":\"Organization\",\"@id\":\"https:\/\/aldaia.es\/noticias\/es\/#organization\",\"name\":\"Noticias Aldaia\",\"url\":\"https:\/\/aldaia.es\/noticias\/es\/\",\"logo\":{\"@type\":\"ImageObject\",\"inLanguage\":\"es\",\"@id\":\"https:\/\/aldaia.es\/noticias\/es\/#\/schema\/logo\/image\/\",\"url\":\"https:\/\/aldaia.es\/noticias\/wp-content\/uploads\/2025\/05\/aldaia-noticias.jpg\",\"contentUrl\":\"https:\/\/aldaia.es\/noticias\/wp-content\/uploads\/2025\/05\/aldaia-noticias.jpg\",\"width\":512,\"height\":512,\"caption\":\"Noticias Aldaia\"},\"image\":{\"@id\":\"https:\/\/aldaia.es\/noticias\/es\/#\/schema\/logo\/image\/\"}},{\"@type\":\"Person\",\"@id\":\"https:\/\/aldaia.es\/noticias\/es\/#\/schema\/person\/736bf474749673d55971dc81c4553f7e\",\"name\":\"prensa\",\"url\":\"https:\/\/aldaia.es\/noticias\/es\/author\/prensa\/\"}]}<\/script>\n<!-- \/ Yoast SEO plugin. -->","yoast_head_json":{"title":"El proyecto \u201cUnidos\/Unidas por la M\u00fasica\u201d del IES Carles Salvador de Aldaia, premiado por el Consejo Escolar de la Comunidad Valenciana - Noticias - Ayuntamiento de Aldaia","robots":{"index":"index","follow":"follow","max-snippet":"max-snippet:-1","max-image-preview":"max-image-preview:large","max-video-preview":"max-video-preview:-1"},"canonical":"https:\/\/aldaia.es\/noticias\/es\/el-proyecto-unidos-unidas-por-la-musica-del-ies-carles-salvador-de-aldaia-premiado-por-el-consejo-escolar-de-la-comunidad-valenciana\/","og_locale":"es_ES","og_type":"article","og_title":"El proyecto \u201cUnidos\/Unidas por la M\u00fasica\u201d del IES Carles Salvador de Aldaia, premiado por el Consejo Escolar de la Comunidad Valenciana - Noticias - Ayuntamiento de Aldaia","og_description":"Un proyecto con m\u00e1s de veinte a\u00f1os de trayectoria, impulsado desde el Departamento de M\u00fasica del centro basado en la pr\u00e1c...","og_url":"https:\/\/aldaia.es\/noticias\/es\/el-proyecto-unidos-unidas-por-la-musica-del-ies-carles-salvador-de-aldaia-premiado-por-el-consejo-escolar-de-la-comunidad-valenciana\/","og_site_name":"Noticias - Ayuntamiento de Aldaia","article_published_time":"2025-12-19T09:57:04+00:00","article_modified_time":"2025-12-19T09:57:05+00:00","og_image":[{"width":1507,"height":859,"url":"https:\/\/aldaia.es\/noticias\/wp-content\/uploads\/2025\/12\/IES-CARLOS-SALVADOR.jpeg","type":"image\/jpeg"}],"author":"prensa","twitter_card":"summary_large_image","twitter_misc":{"Escrito por":"prensa","Tiempo de lectura":"3 minutos"},"schema":{"@context":"https:\/\/schema.org","@graph":[{"@type":"Article","@id":"https:\/\/aldaia.es\/noticias\/es\/el-proyecto-unidos-unidas-por-la-musica-del-ies-carles-salvador-de-aldaia-premiado-por-el-consejo-escolar-de-la-comunidad-valenciana\/#article","isPartOf":{"@id":"https:\/\/aldaia.es\/noticias\/es\/el-proyecto-unidos-unidas-por-la-musica-del-ies-carles-salvador-de-aldaia-premiado-por-el-consejo-escolar-de-la-comunidad-valenciana\/"},"author":{"name":"prensa","@id":"https:\/\/aldaia.es\/noticias\/es\/#\/schema\/person\/736bf474749673d55971dc81c4553f7e"},"headline":"El proyecto \u201cUnidos\/Unidas por la M\u00fasica\u201d del IES Carles Salvador de Aldaia, premiado por el Consejo Escolar de la Comunidad Valenciana","datePublished":"2025-12-19T09:57:04+00:00","dateModified":"2025-12-19T09:57:05+00:00","mainEntityOfPage":{"@id":"https:\/\/aldaia.es\/noticias\/es\/el-proyecto-unidos-unidas-por-la-musica-del-ies-carles-salvador-de-aldaia-premiado-por-el-consejo-escolar-de-la-comunidad-valenciana\/"},"wordCount":540,"publisher":{"@id":"https:\/\/aldaia.es\/noticias\/es\/#organization"},"image":{"@id":"https:\/\/aldaia.es\/noticias\/es\/el-proyecto-unidos-unidas-por-la-musica-del-ies-carles-salvador-de-aldaia-premiado-por-el-consejo-escolar-de-la-comunidad-valenciana\/#primaryimage"},"thumbnailUrl":"https:\/\/aldaia.es\/noticias\/wp-content\/uploads\/2025\/12\/IES-CARLOS-SALVADOR.jpeg","articleSection":["Educaci\u00f3"],"inLanguage":"es"},{"@type":"WebPage","@id":"https:\/\/aldaia.es\/noticias\/es\/el-proyecto-unidos-unidas-por-la-musica-del-ies-carles-salvador-de-aldaia-premiado-por-el-consejo-escolar-de-la-comunidad-valenciana\/","url":"https:\/\/aldaia.es\/noticias\/es\/el-proyecto-unidos-unidas-por-la-musica-del-ies-carles-salvador-de-aldaia-premiado-por-el-consejo-escolar-de-la-comunidad-valenciana\/","name":"El proyecto \u201cUnidos\/Unidas por la M\u00fasica\u201d del IES Carles Salvador de Aldaia, premiado por el Consejo Escolar de la Comunidad Valenciana - Noticias - Ayuntamiento de Aldaia","isPartOf":{"@id":"https:\/\/aldaia.es\/noticias\/es\/#website"},"primaryImageOfPage":{"@id":"https:\/\/aldaia.es\/noticias\/es\/el-proyecto-unidos-unidas-por-la-musica-del-ies-carles-salvador-de-aldaia-premiado-por-el-consejo-escolar-de-la-comunidad-valenciana\/#primaryimage"},"image":{"@id":"https:\/\/aldaia.es\/noticias\/es\/el-proyecto-unidos-unidas-por-la-musica-del-ies-carles-salvador-de-aldaia-premiado-por-el-consejo-escolar-de-la-comunidad-valenciana\/#primaryimage"},"thumbnailUrl":"https:\/\/aldaia.es\/noticias\/wp-content\/uploads\/2025\/12\/IES-CARLOS-SALVADOR.jpeg","datePublished":"2025-12-19T09:57:04+00:00","dateModified":"2025-12-19T09:57:05+00:00","breadcrumb":{"@id":"https:\/\/aldaia.es\/noticias\/es\/el-proyecto-unidos-unidas-por-la-musica-del-ies-carles-salvador-de-aldaia-premiado-por-el-consejo-escolar-de-la-comunidad-valenciana\/#breadcrumb"},"inLanguage":"es","potentialAction":[{"@type":"ReadAction","target":["https:\/\/aldaia.es\/noticias\/es\/el-proyecto-unidos-unidas-por-la-musica-del-ies-carles-salvador-de-aldaia-premiado-por-el-consejo-escolar-de-la-comunidad-valenciana\/"]}]},{"@type":"ImageObject","inLanguage":"es","@id":"https:\/\/aldaia.es\/noticias\/es\/el-proyecto-unidos-unidas-por-la-musica-del-ies-carles-salvador-de-aldaia-premiado-por-el-consejo-escolar-de-la-comunidad-valenciana\/#primaryimage","url":"https:\/\/aldaia.es\/noticias\/wp-content\/uploads\/2025\/12\/IES-CARLOS-SALVADOR.jpeg","contentUrl":"https:\/\/aldaia.es\/noticias\/wp-content\/uploads\/2025\/12\/IES-CARLOS-SALVADOR.jpeg","width":1507,"height":859},{"@type":"BreadcrumbList","@id":"https:\/\/aldaia.es\/noticias\/es\/el-proyecto-unidos-unidas-por-la-musica-del-ies-carles-salvador-de-aldaia-premiado-por-el-consejo-escolar-de-la-comunidad-valenciana\/#breadcrumb","itemListElement":[{"@type":"ListItem","position":1,"name":"Portada","item":"https:\/\/aldaia.es\/noticias\/es\/"},{"@type":"ListItem","position":2,"name":"El proyecto \u201cUnidos\/Unidas por la M\u00fasica\u201d del IES Carles Salvador de Aldaia, premiado por el Consejo Escolar de la Comunidad Valenciana"}]},{"@type":"WebSite","@id":"https:\/\/aldaia.es\/noticias\/es\/#website","url":"https:\/\/aldaia.es\/noticias\/es\/","name":"Noticias Aldaia","description":"","publisher":{"@id":"https:\/\/aldaia.es\/noticias\/es\/#organization"},"potentialAction":[{"@type":"SearchAction","target":{"@type":"EntryPoint","urlTemplate":"https:\/\/aldaia.es\/noticias\/es\/?s={search_term_string}"},"query-input":{"@type":"PropertyValueSpecification","valueRequired":true,"valueName":"search_term_string"}}],"inLanguage":"es"},{"@type":"Organization","@id":"https:\/\/aldaia.es\/noticias\/es\/#organization","name":"Noticias Aldaia","url":"https:\/\/aldaia.es\/noticias\/es\/","logo":{"@type":"ImageObject","inLanguage":"es","@id":"https:\/\/aldaia.es\/noticias\/es\/#\/schema\/logo\/image\/","url":"https:\/\/aldaia.es\/noticias\/wp-content\/uploads\/2025\/05\/aldaia-noticias.jpg","contentUrl":"https:\/\/aldaia.es\/noticias\/wp-content\/uploads\/2025\/05\/aldaia-noticias.jpg","width":512,"height":512,"caption":"Noticias Aldaia"},"image":{"@id":"https:\/\/aldaia.es\/noticias\/es\/#\/schema\/logo\/image\/"}},{"@type":"Person","@id":"https:\/\/aldaia.es\/noticias\/es\/#\/schema\/person\/736bf474749673d55971dc81c4553f7e","name":"prensa","url":"https:\/\/aldaia.es\/noticias\/es\/author\/prensa\/"}]}},"_links":{"self":[{"href":"https:\/\/aldaia.es\/noticias\/es\/wp-json\/wp\/v2\/posts\/37813","targetHints":{"allow":["GET"]}}],"collection":[{"href":"https:\/\/aldaia.es\/noticias\/es\/wp-json\/wp\/v2\/posts"}],"about":[{"href":"https:\/\/aldaia.es\/noticias\/es\/wp-json\/wp\/v2\/types\/post"}],"author":[{"embeddable":true,"href":"https:\/\/aldaia.es\/noticias\/es\/wp-json\/wp\/v2\/users\/2"}],"replies":[{"embeddable":true,"href":"https:\/\/aldaia.es\/noticias\/es\/wp-json\/wp\/v2\/comments?post=37813"}],"version-history":[{"count":1,"href":"https:\/\/aldaia.es\/noticias\/es\/wp-json\/wp\/v2\/posts\/37813\/revisions"}],"predecessor-version":[{"id":37822,"href":"https:\/\/aldaia.es\/noticias\/es\/wp-json\/wp\/v2\/posts\/37813\/revisions\/37822"}],"wp:featuredmedia":[{"embeddable":true,"href":"https:\/\/aldaia.es\/noticias\/es\/wp-json\/wp\/v2\/media\/37820"}],"wp:attachment":[{"href":"https:\/\/aldaia.es\/noticias\/es\/wp-json\/wp\/v2\/media?parent=37813"}],"wp:term":[{"taxonomy":"category","embeddable":true,"href":"https:\/\/aldaia.es\/noticias\/es\/wp-json\/wp\/v2\/categories?post=37813"},{"taxonomy":"post_tag","embeddable":true,"href":"https:\/\/aldaia.es\/noticias\/es\/wp-json\/wp\/v2\/tags?post=37813"}],"curies":[{"name":"wp","href":"https:\/\/api.w.org\/{rel}","templated":true}]}}