{"id":37996,"date":"2026-04-27T11:59:26","date_gmt":"2026-04-27T09:59:26","guid":{"rendered":"https:\/\/aldaia.es\/noticias\/?p=37996"},"modified":"2026-04-27T12:00:24","modified_gmt":"2026-04-27T10:00:24","slug":"aldaia-da-la-bienvenida-al-alumnado-de-jove-oportunitat","status":"publish","type":"post","link":"https:\/\/aldaia.es\/noticias\/es\/aldaia-da-la-bienvenida-al-alumnado-de-jove-oportunitat\/","title":{"rendered":"Aldaia da la bienvenida al alumnado de Jove Oportunitat"},"content":{"rendered":"\n<p><strong>Jove Oportunitat JOOP es un programa de inserci\u00f3n acad\u00e9mica y laboral para j\u00f3venes de entre 16 y 21 a\u00f1os que ni estudian ni trabajan<\/strong><\/p>\n\n\n\n<p><strong>Aldaia, 31 de marzo de 2026.<\/strong> El Ayuntamiento de Aldaia dio la bienvenida a los j\u00f3venes de Aldaia que formar\u00e1n parte del programa &#8216;Jove Oportunitat&#8217; JOOP durante los pr\u00f3ximos meses, quienes se mostraron \u201cmuy ilusionados\u201d con esta nueva etapa, y \u201ccon la ilusi\u00f3n de poder abrir nuevas expectativas formativas y laborales\u201d. Por su parte, tanto el alcalde, Guillermo Luj\u00e1n, como el concejal de juventud, Sergio G\u00f3mez, junto al personal t\u00e9cnico, animaron a los participantes a \u201caprovechar al m\u00e1ximo este periodo de aprendizaje\u201d.<\/p>\n\n\n\n<p>El consistorio local, conjuntamente con el Institut Valenci\u00e0 de la Joventut (IVAJ), impulsa esta iniciativa gratuita de segunda oportunidad, cofinanciada por el Fondo Social Europeo y la Generalitat Valenciana. Est\u00e1 dirigido a j\u00f3venes de entre 16 y 21 a\u00f1os del municipio que hayan abandonado los estudios o necesiten orientaci\u00f3n para retomar su formaci\u00f3n. El objetivo principal es reducir el abandono educativo temprano y acompa\u00f1ar a los j\u00f3venes para que puedan avanzar en sus estudios.<\/p>\n\n\n\n<p>As\u00ed, el JOOP les ofrece orientaci\u00f3n personal y profesional, una intervenci\u00f3n que trabaje sobre su motivaci\u00f3n, refuerce su autoestima y les ayude a construir un proyecto integral de vida, clases grupales e individuales para mejorar la autoestima y la motivaci\u00f3n, descubrimiento de vocaciones, visitas a empresas y preparaci\u00f3n acad\u00e9mica para prueba de acceso a FP de Grado Medio, obtenci\u00f3n del t\u00edtulo de ESO y certificados de profesionalidad. Adem\u00e1s, el alumnado puede acceder a refuerzo en ingl\u00e9s y competencias digitales, dos convivencias de ocio educativo y seguimiento despu\u00e9s de la reincorporaci\u00f3n en los estudios. El programa est\u00e1 dise\u00f1ado para motivar y orientar a los j\u00f3venes a trav\u00e9s del coaching actitudinal desde un enfoque pr\u00e1ctico.<\/p>\n\n\n\n<p><strong>Aldaia incorpora a 40 personas a trav\u00e9s del Plan de Empleo DANA<\/strong><\/p>\n\n\n\n<p>El Ayuntamiento de Aldaia ha dado la bienvenida a las 40 personas que se han incorporado a la plantilla municipal a trav\u00e9s del segundo Plan de Empleo DANA Ocupaci\u00f3n, una iniciativa del Ministerio de Trabajo que supone un bal\u00f3n de ox\u00edgeno para los municipios afectados por la riada del pasado 29 de octubre de 2024 y que se encuentran en pleno proceso de reconstrucci\u00f3n. En concreto, Aldaia incorpora a perfiles muy diversos entre los que hay agentes c\u00edvicos, bibliotecarios, administrativos, una trabajadora social y oficiales de pintura, alba\u00f1iler\u00eda, fontaner\u00eda, jardiner\u00eda o electricidad.<\/p>\n\n\n\n<p>El alcalde de Aldaia, Guillermo Luj\u00e1n, acompa\u00f1ado los los regidores del ramo y el personal t\u00e9cnico, dio la bienvenida a las nuevas incorporaciones en el sal\u00f3n de actos de la Agencia de Desarrollo Local de lAldaia, les mostr\u00f3 su gratitud por la labor \u201ctan importante\u201d que van a desempe\u00f1ar \u201cen una etapa tan complicada para todos como es la de la recuperaci\u00f3n post DANA en la que todas y cada una de las aportaciones son clave\u201d y les anim\u00f3 \u201ca seguir aprendiendo y form\u00e1ndose para progresar y seguir mejorando laboralmente en el futuro\u201d.<br>Las personas incorporadas han sido seleccionadas por el Servicio Valenciano de Empleo y Formaci\u00f3n LABORA entre sus inscritos como demandantes de empleo atendiendo a los perfiles requeridos por el Ayuntamiento de Aldaia.<\/p>\n\n\n\n<p>La convocatoria para la concesi\u00f3n de subvenciones destinadas a la financiaci\u00f3n del Plan de Empleo DANA Ocupaci\u00f3n es una iniciativa del Ministerio de Trabajo y Econom\u00eda Social. Este programa est\u00e1 gestionado por el Servicio P\u00fablico de Empleo Estatal y tiene como objetivo generar empleo, reconstruir las zonas afectadas por la barrancada y dinamizar su econom\u00eda. Este proyecto se enmarca en la Adenda DANA, una modificaci\u00f3n del Plan de Recuperaci\u00f3n, Transformaci\u00f3n y Resiliencia para responder a los graves da\u00f1os causados por la riada de octubre de 2024. El Plan de Empleo DANA Ocupaci\u00f3n tiene una doble finalidad, no solo reparar los da\u00f1os materiales del temporal, sino tambi\u00e9n ofrecer oportunidades laborales e impulsar el desarrollo de las comunidades afectadas. Estas contrataciones permitir\u00e1n desarrollar obras y servicios de inter\u00e9s general y social en \u00e1reas como infraestructuras comunitarias, edificaciones p\u00fablicas e industriales, espacios verdes y vivienda: recuperaci\u00f3n de parques, zonas urbanas, viviendas sociales, servicios comunitarios, servicios sociales: atenci\u00f3n a mayores, personas con discapacidad, j\u00f3venes con dificultades, colectivos en riesgo de exclusi\u00f3n o dinamizaci\u00f3n cultural y deportiva.<\/p>\n","protected":false},"excerpt":{"rendered":"<p>Jove Oportunitat JOOP es un programa de inserci\u00f3n acad\u00e9mica y laboral para j\u00f3venes de entre 16 y 21 a\u00f1os que ni estudian &#8230;<\/p>\n","protected":false},"author":2,"featured_media":37993,"comment_status":"closed","ping_status":"closed","sticky":false,"template":"","format":"standard","meta":{"_acf_changed":false,"footnotes":""},"categories":[61],"tags":[],"class_list":["post-37996","post","type-post","status-publish","format-standard","has-post-thumbnail","hentry","category-juventud"],"acf":[],"yoast_head":"<!-- This site is optimized with the Yoast SEO plugin v26.9 - https:\/\/yoast.com\/product\/yoast-seo-wordpress\/ -->\n<title>Aldaia da la bienvenida al alumnado de Jove Oportunitat - Noticias - Ayuntamiento de Aldaia<\/title>\n<meta name=\"robots\" content=\"index, follow, max-snippet:-1, max-image-preview:large, max-video-preview:-1\" \/>\n<link rel=\"canonical\" href=\"https:\/\/aldaia.es\/noticias\/es\/aldaia-da-la-bienvenida-al-alumnado-de-jove-oportunitat\/\" \/>\n<meta property=\"og:locale\" content=\"es_ES\" \/>\n<meta property=\"og:type\" content=\"article\" \/>\n<meta property=\"og:title\" content=\"Aldaia da la bienvenida al alumnado de Jove Oportunitat - Noticias - Ayuntamiento de Aldaia\" \/>\n<meta property=\"og:description\" content=\"Jove Oportunitat JOOP es un programa de inserci\u00f3n acad\u00e9mica y laboral para j\u00f3venes de entre 16 y 21 a\u00f1os que ni estudian ...\" \/>\n<meta property=\"og:url\" content=\"https:\/\/aldaia.es\/noticias\/es\/aldaia-da-la-bienvenida-al-alumnado-de-jove-oportunitat\/\" \/>\n<meta property=\"og:site_name\" content=\"Noticias - Ayuntamiento de Aldaia\" \/>\n<meta property=\"article:published_time\" content=\"2026-04-27T09:59:26+00:00\" \/>\n<meta property=\"article:modified_time\" content=\"2026-04-27T10:00:24+00:00\" \/>\n<meta property=\"og:image\" content=\"https:\/\/aldaia.es\/noticias\/wp-content\/uploads\/2026\/04\/JOop.jpeg\" \/>\n\t<meta property=\"og:image:width\" content=\"2000\" \/>\n\t<meta property=\"og:image:height\" content=\"1500\" \/>\n\t<meta property=\"og:image:type\" content=\"image\/jpeg\" \/>\n<meta name=\"author\" content=\"prensa\" \/>\n<meta name=\"twitter:card\" content=\"summary_large_image\" \/>\n<meta name=\"twitter:label1\" content=\"Escrito por\" \/>\n\t<meta name=\"twitter:data1\" content=\"prensa\" \/>\n\t<meta name=\"twitter:label2\" content=\"Tiempo de lectura\" \/>\n\t<meta name=\"twitter:data2\" content=\"4 minutos\" \/>\n<script type=\"application\/ld+json\" class=\"yoast-schema-graph\">{\"@context\":\"https:\/\/schema.org\",\"@graph\":[{\"@type\":\"Article\",\"@id\":\"https:\/\/aldaia.es\/noticias\/es\/aldaia-da-la-bienvenida-al-alumnado-de-jove-oportunitat\/#article\",\"isPartOf\":{\"@id\":\"https:\/\/aldaia.es\/noticias\/es\/aldaia-da-la-bienvenida-al-alumnado-de-jove-oportunitat\/\"},\"author\":{\"name\":\"prensa\",\"@id\":\"https:\/\/aldaia.es\/noticias\/es\/#\/schema\/person\/736bf474749673d55971dc81c4553f7e\"},\"headline\":\"Aldaia da la bienvenida al alumnado de Jove Oportunitat\",\"datePublished\":\"2026-04-27T09:59:26+00:00\",\"dateModified\":\"2026-04-27T10:00:24+00:00\",\"mainEntityOfPage\":{\"@id\":\"https:\/\/aldaia.es\/noticias\/es\/aldaia-da-la-bienvenida-al-alumnado-de-jove-oportunitat\/\"},\"wordCount\":766,\"publisher\":{\"@id\":\"https:\/\/aldaia.es\/noticias\/es\/#organization\"},\"image\":{\"@id\":\"https:\/\/aldaia.es\/noticias\/es\/aldaia-da-la-bienvenida-al-alumnado-de-jove-oportunitat\/#primaryimage\"},\"thumbnailUrl\":\"https:\/\/aldaia.es\/noticias\/wp-content\/uploads\/2026\/04\/JOop.jpeg\",\"articleSection\":[\"Juventud\"],\"inLanguage\":\"es\"},{\"@type\":\"WebPage\",\"@id\":\"https:\/\/aldaia.es\/noticias\/es\/aldaia-da-la-bienvenida-al-alumnado-de-jove-oportunitat\/\",\"url\":\"https:\/\/aldaia.es\/noticias\/es\/aldaia-da-la-bienvenida-al-alumnado-de-jove-oportunitat\/\",\"name\":\"Aldaia da la bienvenida al alumnado de Jove Oportunitat - Noticias - Ayuntamiento de Aldaia\",\"isPartOf\":{\"@id\":\"https:\/\/aldaia.es\/noticias\/es\/#website\"},\"primaryImageOfPage\":{\"@id\":\"https:\/\/aldaia.es\/noticias\/es\/aldaia-da-la-bienvenida-al-alumnado-de-jove-oportunitat\/#primaryimage\"},\"image\":{\"@id\":\"https:\/\/aldaia.es\/noticias\/es\/aldaia-da-la-bienvenida-al-alumnado-de-jove-oportunitat\/#primaryimage\"},\"thumbnailUrl\":\"https:\/\/aldaia.es\/noticias\/wp-content\/uploads\/2026\/04\/JOop.jpeg\",\"datePublished\":\"2026-04-27T09:59:26+00:00\",\"dateModified\":\"2026-04-27T10:00:24+00:00\",\"breadcrumb\":{\"@id\":\"https:\/\/aldaia.es\/noticias\/es\/aldaia-da-la-bienvenida-al-alumnado-de-jove-oportunitat\/#breadcrumb\"},\"inLanguage\":\"es\",\"potentialAction\":[{\"@type\":\"ReadAction\",\"target\":[\"https:\/\/aldaia.es\/noticias\/es\/aldaia-da-la-bienvenida-al-alumnado-de-jove-oportunitat\/\"]}]},{\"@type\":\"ImageObject\",\"inLanguage\":\"es\",\"@id\":\"https:\/\/aldaia.es\/noticias\/es\/aldaia-da-la-bienvenida-al-alumnado-de-jove-oportunitat\/#primaryimage\",\"url\":\"https:\/\/aldaia.es\/noticias\/wp-content\/uploads\/2026\/04\/JOop.jpeg\",\"contentUrl\":\"https:\/\/aldaia.es\/noticias\/wp-content\/uploads\/2026\/04\/JOop.jpeg\",\"width\":2000,\"height\":1500},{\"@type\":\"BreadcrumbList\",\"@id\":\"https:\/\/aldaia.es\/noticias\/es\/aldaia-da-la-bienvenida-al-alumnado-de-jove-oportunitat\/#breadcrumb\",\"itemListElement\":[{\"@type\":\"ListItem\",\"position\":1,\"name\":\"Portada\",\"item\":\"https:\/\/aldaia.es\/noticias\/es\/\"},{\"@type\":\"ListItem\",\"position\":2,\"name\":\"Aldaia da la bienvenida al alumnado de Jove Oportunitat\"}]},{\"@type\":\"WebSite\",\"@id\":\"https:\/\/aldaia.es\/noticias\/es\/#website\",\"url\":\"https:\/\/aldaia.es\/noticias\/es\/\",\"name\":\"Noticias Aldaia\",\"description\":\"\",\"publisher\":{\"@id\":\"https:\/\/aldaia.es\/noticias\/es\/#organization\"},\"potentialAction\":[{\"@type\":\"SearchAction\",\"target\":{\"@type\":\"EntryPoint\",\"urlTemplate\":\"https:\/\/aldaia.es\/noticias\/es\/?s={search_term_string}\"},\"query-input\":{\"@type\":\"PropertyValueSpecification\",\"valueRequired\":true,\"valueName\":\"search_term_string\"}}],\"inLanguage\":\"es\"},{\"@type\":\"Organization\",\"@id\":\"https:\/\/aldaia.es\/noticias\/es\/#organization\",\"name\":\"Noticias Aldaia\",\"url\":\"https:\/\/aldaia.es\/noticias\/es\/\",\"logo\":{\"@type\":\"ImageObject\",\"inLanguage\":\"es\",\"@id\":\"https:\/\/aldaia.es\/noticias\/es\/#\/schema\/logo\/image\/\",\"url\":\"https:\/\/aldaia.es\/noticias\/wp-content\/uploads\/2025\/05\/aldaia-noticias.jpg\",\"contentUrl\":\"https:\/\/aldaia.es\/noticias\/wp-content\/uploads\/2025\/05\/aldaia-noticias.jpg\",\"width\":512,\"height\":512,\"caption\":\"Noticias Aldaia\"},\"image\":{\"@id\":\"https:\/\/aldaia.es\/noticias\/es\/#\/schema\/logo\/image\/\"}},{\"@type\":\"Person\",\"@id\":\"https:\/\/aldaia.es\/noticias\/es\/#\/schema\/person\/736bf474749673d55971dc81c4553f7e\",\"name\":\"prensa\",\"url\":\"https:\/\/aldaia.es\/noticias\/es\/author\/prensa\/\"}]}<\/script>\n<!-- \/ Yoast SEO plugin. -->","yoast_head_json":{"title":"Aldaia da la bienvenida al alumnado de Jove Oportunitat - Noticias - Ayuntamiento de Aldaia","robots":{"index":"index","follow":"follow","max-snippet":"max-snippet:-1","max-image-preview":"max-image-preview:large","max-video-preview":"max-video-preview:-1"},"canonical":"https:\/\/aldaia.es\/noticias\/es\/aldaia-da-la-bienvenida-al-alumnado-de-jove-oportunitat\/","og_locale":"es_ES","og_type":"article","og_title":"Aldaia da la bienvenida al alumnado de Jove Oportunitat - Noticias - Ayuntamiento de Aldaia","og_description":"Jove Oportunitat JOOP es un programa de inserci\u00f3n acad\u00e9mica y laboral para j\u00f3venes de entre 16 y 21 a\u00f1os que ni estudian ...","og_url":"https:\/\/aldaia.es\/noticias\/es\/aldaia-da-la-bienvenida-al-alumnado-de-jove-oportunitat\/","og_site_name":"Noticias - Ayuntamiento de Aldaia","article_published_time":"2026-04-27T09:59:26+00:00","article_modified_time":"2026-04-27T10:00:24+00:00","og_image":[{"width":2000,"height":1500,"url":"https:\/\/aldaia.es\/noticias\/wp-content\/uploads\/2026\/04\/JOop.jpeg","type":"image\/jpeg"}],"author":"prensa","twitter_card":"summary_large_image","twitter_misc":{"Escrito por":"prensa","Tiempo de lectura":"4 minutos"},"schema":{"@context":"https:\/\/schema.org","@graph":[{"@type":"Article","@id":"https:\/\/aldaia.es\/noticias\/es\/aldaia-da-la-bienvenida-al-alumnado-de-jove-oportunitat\/#article","isPartOf":{"@id":"https:\/\/aldaia.es\/noticias\/es\/aldaia-da-la-bienvenida-al-alumnado-de-jove-oportunitat\/"},"author":{"name":"prensa","@id":"https:\/\/aldaia.es\/noticias\/es\/#\/schema\/person\/736bf474749673d55971dc81c4553f7e"},"headline":"Aldaia da la bienvenida al alumnado de Jove Oportunitat","datePublished":"2026-04-27T09:59:26+00:00","dateModified":"2026-04-27T10:00:24+00:00","mainEntityOfPage":{"@id":"https:\/\/aldaia.es\/noticias\/es\/aldaia-da-la-bienvenida-al-alumnado-de-jove-oportunitat\/"},"wordCount":766,"publisher":{"@id":"https:\/\/aldaia.es\/noticias\/es\/#organization"},"image":{"@id":"https:\/\/aldaia.es\/noticias\/es\/aldaia-da-la-bienvenida-al-alumnado-de-jove-oportunitat\/#primaryimage"},"thumbnailUrl":"https:\/\/aldaia.es\/noticias\/wp-content\/uploads\/2026\/04\/JOop.jpeg","articleSection":["Juventud"],"inLanguage":"es"},{"@type":"WebPage","@id":"https:\/\/aldaia.es\/noticias\/es\/aldaia-da-la-bienvenida-al-alumnado-de-jove-oportunitat\/","url":"https:\/\/aldaia.es\/noticias\/es\/aldaia-da-la-bienvenida-al-alumnado-de-jove-oportunitat\/","name":"Aldaia da la bienvenida al alumnado de Jove Oportunitat - Noticias - Ayuntamiento de Aldaia","isPartOf":{"@id":"https:\/\/aldaia.es\/noticias\/es\/#website"},"primaryImageOfPage":{"@id":"https:\/\/aldaia.es\/noticias\/es\/aldaia-da-la-bienvenida-al-alumnado-de-jove-oportunitat\/#primaryimage"},"image":{"@id":"https:\/\/aldaia.es\/noticias\/es\/aldaia-da-la-bienvenida-al-alumnado-de-jove-oportunitat\/#primaryimage"},"thumbnailUrl":"https:\/\/aldaia.es\/noticias\/wp-content\/uploads\/2026\/04\/JOop.jpeg","datePublished":"2026-04-27T09:59:26+00:00","dateModified":"2026-04-27T10:00:24+00:00","breadcrumb":{"@id":"https:\/\/aldaia.es\/noticias\/es\/aldaia-da-la-bienvenida-al-alumnado-de-jove-oportunitat\/#breadcrumb"},"inLanguage":"es","potentialAction":[{"@type":"ReadAction","target":["https:\/\/aldaia.es\/noticias\/es\/aldaia-da-la-bienvenida-al-alumnado-de-jove-oportunitat\/"]}]},{"@type":"ImageObject","inLanguage":"es","@id":"https:\/\/aldaia.es\/noticias\/es\/aldaia-da-la-bienvenida-al-alumnado-de-jove-oportunitat\/#primaryimage","url":"https:\/\/aldaia.es\/noticias\/wp-content\/uploads\/2026\/04\/JOop.jpeg","contentUrl":"https:\/\/aldaia.es\/noticias\/wp-content\/uploads\/2026\/04\/JOop.jpeg","width":2000,"height":1500},{"@type":"BreadcrumbList","@id":"https:\/\/aldaia.es\/noticias\/es\/aldaia-da-la-bienvenida-al-alumnado-de-jove-oportunitat\/#breadcrumb","itemListElement":[{"@type":"ListItem","position":1,"name":"Portada","item":"https:\/\/aldaia.es\/noticias\/es\/"},{"@type":"ListItem","position":2,"name":"Aldaia da la bienvenida al alumnado de Jove Oportunitat"}]},{"@type":"WebSite","@id":"https:\/\/aldaia.es\/noticias\/es\/#website","url":"https:\/\/aldaia.es\/noticias\/es\/","name":"Noticias Aldaia","description":"","publisher":{"@id":"https:\/\/aldaia.es\/noticias\/es\/#organization"},"potentialAction":[{"@type":"SearchAction","target":{"@type":"EntryPoint","urlTemplate":"https:\/\/aldaia.es\/noticias\/es\/?s={search_term_string}"},"query-input":{"@type":"PropertyValueSpecification","valueRequired":true,"valueName":"search_term_string"}}],"inLanguage":"es"},{"@type":"Organization","@id":"https:\/\/aldaia.es\/noticias\/es\/#organization","name":"Noticias Aldaia","url":"https:\/\/aldaia.es\/noticias\/es\/","logo":{"@type":"ImageObject","inLanguage":"es","@id":"https:\/\/aldaia.es\/noticias\/es\/#\/schema\/logo\/image\/","url":"https:\/\/aldaia.es\/noticias\/wp-content\/uploads\/2025\/05\/aldaia-noticias.jpg","contentUrl":"https:\/\/aldaia.es\/noticias\/wp-content\/uploads\/2025\/05\/aldaia-noticias.jpg","width":512,"height":512,"caption":"Noticias Aldaia"},"image":{"@id":"https:\/\/aldaia.es\/noticias\/es\/#\/schema\/logo\/image\/"}},{"@type":"Person","@id":"https:\/\/aldaia.es\/noticias\/es\/#\/schema\/person\/736bf474749673d55971dc81c4553f7e","name":"prensa","url":"https:\/\/aldaia.es\/noticias\/es\/author\/prensa\/"}]}},"_links":{"self":[{"href":"https:\/\/aldaia.es\/noticias\/es\/wp-json\/wp\/v2\/posts\/37996","targetHints":{"allow":["GET"]}}],"collection":[{"href":"https:\/\/aldaia.es\/noticias\/es\/wp-json\/wp\/v2\/posts"}],"about":[{"href":"https:\/\/aldaia.es\/noticias\/es\/wp-json\/wp\/v2\/types\/post"}],"author":[{"embeddable":true,"href":"https:\/\/aldaia.es\/noticias\/es\/wp-json\/wp\/v2\/users\/2"}],"replies":[{"embeddable":true,"href":"https:\/\/aldaia.es\/noticias\/es\/wp-json\/wp\/v2\/comments?post=37996"}],"version-history":[{"count":1,"href":"https:\/\/aldaia.es\/noticias\/es\/wp-json\/wp\/v2\/posts\/37996\/revisions"}],"predecessor-version":[{"id":37997,"href":"https:\/\/aldaia.es\/noticias\/es\/wp-json\/wp\/v2\/posts\/37996\/revisions\/37997"}],"wp:featuredmedia":[{"embeddable":true,"href":"https:\/\/aldaia.es\/noticias\/es\/wp-json\/wp\/v2\/media\/37993"}],"wp:attachment":[{"href":"https:\/\/aldaia.es\/noticias\/es\/wp-json\/wp\/v2\/media?parent=37996"}],"wp:term":[{"taxonomy":"category","embeddable":true,"href":"https:\/\/aldaia.es\/noticias\/es\/wp-json\/wp\/v2\/categories?post=37996"},{"taxonomy":"post_tag","embeddable":true,"href":"https:\/\/aldaia.es\/noticias\/es\/wp-json\/wp\/v2\/tags?post=37996"}],"curies":[{"name":"wp","href":"https:\/\/api.w.org\/{rel}","templated":true}]}}