{"id":6709,"date":"2022-12-21T13:01:58","date_gmt":"2022-12-21T12:01:58","guid":{"rendered":"https:\/\/aldaia.eu\/2022\/12\/21\/el-pleno-de-aldaia-secunda-por-unanimidad-el-actual-proyecto-de-desvio-del-barranco\/"},"modified":"2025-05-20T11:05:20","modified_gmt":"2025-05-20T09:05:20","slug":"el-pleno-de-aldaia-secunda-por-unanimidad-el-actual-proyecto-de-desvio-del-barranco","status":"publish","type":"post","link":"https:\/\/aldaia.es\/noticias\/es\/el-pleno-de-aldaia-secunda-por-unanimidad-el-actual-proyecto-de-desvio-del-barranco\/","title":{"rendered":"El pleno de Aldaia secunda por unanimidad el actual proyecto de desv\u00edo del barranco"},"content":{"rendered":"<div class=\"panel-pane pane-entity-field pane-node-portales7-teaser\">\n<div class=\"pane-content\">\n<div class=\"field field-name-portales7-teaser field-type-text-long field-label-hidden\">\n<div class=\"field-items\">\n<h5 class=\"field-item even\">El plan para el desv\u00edo est\u00e1 a la espera de que los t\u00e9cnicos apliquen algunas medidas correctivas para su validaci\u00f3n.<\/h5>\n<h5 class=\"field-item even\">El proyecto cuenta, por primera vez en la historia, con la financiaci\u00f3n disponible para su ejecuci\u00f3n a trav\u00e9s de Fondos Europeos.<\/h5>\n<h5><\/h5>\n<\/div>\n<\/div>\n<\/div>\n<\/div>\n<div class=\"panel-pane pane-node-body\">\n<div class=\"pane-content\">\n<div class=\"field field-name-body field-type-text-long field-label-hidden\">\n<div class=\"field-items\">\n<div class=\"field-item even\">\n<h5>Todos los grupos pol\u00edticos con representaci\u00f3n en la corporaci\u00f3n de Aldaia (PSOE, PP, Ciudadanos y Comprom\u00eds) aprobaron ayer por unanimidad solicitar a la Confederaci\u00f3n Hidrogr\u00e1fica del J\u00facar (CHJ) la ejecuci\u00f3n del \u201cProyecto de acondicionamiento del barranco de la Saleta desde su cruce con la Autov\u00eda A3 (a la altura de Bonaire) hasta el nuevo cauce del R\u00edo Turia\u201d.<\/h5>\n<h5><\/h5>\n<h5>Concretamente se trata del actual proyecto de desv\u00edo del barranco, que se encuentra a la espera del resultado del trabajo t\u00e9cnico conjunto iniciado hace unos d\u00edas con el objetivo de implementar las medidas correctivas que dan respuesta a algunos informes sectoriales que planteaban objeciones.<\/h5>\n<h5><\/h5>\n<h5>\u201cSi se resuelven estos matices t\u00e9cnicos \u2013explican\u2013 se podr\u00e1 iniciar el tr\u00e1mite para la licitaci\u00f3n de las obras, lo que adem\u00e1s permitir\u00e1 llegar a tiempo para acceder a la financiaci\u00f3n europea \u201cNext Generation\u201d.<\/h5>\n<\/div>\n<\/div>\n<\/div>\n<\/div>\n<\/div>\n","protected":false},"excerpt":{"rendered":"<p>El plan para el desv\u00edo est\u00e1 a la espera de que los t\u00e9cnicos apliquen algunas medidas correctivas para su validaci\u00f3n.<br \/>\nEl p&#8230;<\/p>\n","protected":false},"author":2,"featured_media":5680,"comment_status":"closed","ping_status":"closed","sticky":false,"template":"","format":"standard","meta":{"_acf_changed":false,"footnotes":""},"categories":[68],"tags":[],"class_list":["post-6709","post","type-post","status-publish","format-standard","has-post-thumbnail","hentry","category-urbanismo-y-medio-ambiente"],"acf":[],"yoast_head":"<!-- This site is optimized with the Yoast SEO plugin v26.9 - https:\/\/yoast.com\/product\/yoast-seo-wordpress\/ -->\n<title>El pleno de Aldaia secunda por unanimidad el actual proyecto de desv\u00edo del barranco - Noticias - Ayuntamiento de Aldaia<\/title>\n<meta name=\"description\" content=\"El plan para el desv\u00edo est\u00e1 a la espera de que los t\u00e9cnicos apliquen algunas medidas correctivas para su validaci\u00f3n. El proyecto cuenta, por primera vez en la historia, con la financiaci\u00f3n disponible para su ejecuci\u00f3n a trav\u00e9s de Fondos Europeos.\" \/>\n<meta name=\"robots\" content=\"index, follow, max-snippet:-1, max-image-preview:large, max-video-preview:-1\" \/>\n<link rel=\"canonical\" href=\"https:\/\/aldaia.es\/noticias\/es\/el-pleno-de-aldaia-secunda-por-unanimidad-el-actual-proyecto-de-desvio-del-barranco\/\" \/>\n<meta property=\"og:locale\" content=\"es_ES\" \/>\n<meta property=\"og:type\" content=\"article\" \/>\n<meta property=\"og:title\" content=\"El pleno de Aldaia secunda por unanimidad el actual proyecto de desv\u00edo del barranco - Noticias - Ayuntamiento de Aldaia\" \/>\n<meta property=\"og:description\" content=\"El plan para el desv\u00edo est\u00e1 a la espera de que los t\u00e9cnicos apliquen algunas medidas correctivas para su validaci\u00f3n. El proyecto cuenta, por primera vez en la historia, con la financiaci\u00f3n disponible para su ejecuci\u00f3n a trav\u00e9s de Fondos Europeos.\" \/>\n<meta property=\"og:url\" content=\"https:\/\/aldaia.es\/noticias\/es\/el-pleno-de-aldaia-secunda-por-unanimidad-el-actual-proyecto-de-desvio-del-barranco\/\" \/>\n<meta property=\"og:site_name\" content=\"Noticias - Ayuntamiento de Aldaia\" \/>\n<meta property=\"article:published_time\" content=\"2022-12-21T12:01:58+00:00\" \/>\n<meta property=\"article:modified_time\" content=\"2025-05-20T09:05:20+00:00\" \/>\n<meta property=\"og:image\" content=\"https:\/\/aldaia.es\/noticias\/wp-content\/uploads\/2022\/12\/cuneton_barranco_aldaia.jpg\" \/>\n\t<meta property=\"og:image:width\" content=\"1500\" \/>\n\t<meta property=\"og:image:height\" content=\"2000\" \/>\n\t<meta property=\"og:image:type\" content=\"image\/jpeg\" \/>\n<meta name=\"author\" content=\"prensa\" \/>\n<meta name=\"twitter:card\" content=\"summary_large_image\" \/>\n<meta name=\"twitter:label1\" content=\"Escrito por\" \/>\n\t<meta name=\"twitter:data1\" content=\"prensa\" \/>\n\t<meta name=\"twitter:label2\" content=\"Tiempo de lectura\" \/>\n\t<meta name=\"twitter:data2\" content=\"1 minuto\" \/>\n<script type=\"application\/ld+json\" class=\"yoast-schema-graph\">{\"@context\":\"https:\/\/schema.org\",\"@graph\":[{\"@type\":\"Article\",\"@id\":\"https:\/\/aldaia.es\/noticias\/es\/el-pleno-de-aldaia-secunda-por-unanimidad-el-actual-proyecto-de-desvio-del-barranco\/#article\",\"isPartOf\":{\"@id\":\"https:\/\/aldaia.es\/noticias\/es\/el-pleno-de-aldaia-secunda-por-unanimidad-el-actual-proyecto-de-desvio-del-barranco\/\"},\"author\":{\"name\":\"prensa\",\"@id\":\"https:\/\/aldaia.es\/noticias\/es\/#\/schema\/person\/736bf474749673d55971dc81c4553f7e\"},\"headline\":\"El pleno de Aldaia secunda por unanimidad el actual proyecto de desv\u00edo del barranco\",\"datePublished\":\"2022-12-21T12:01:58+00:00\",\"dateModified\":\"2025-05-20T09:05:20+00:00\",\"mainEntityOfPage\":{\"@id\":\"https:\/\/aldaia.es\/noticias\/es\/el-pleno-de-aldaia-secunda-por-unanimidad-el-actual-proyecto-de-desvio-del-barranco\/\"},\"wordCount\":215,\"publisher\":{\"@id\":\"https:\/\/aldaia.es\/noticias\/es\/#organization\"},\"image\":{\"@id\":\"https:\/\/aldaia.es\/noticias\/es\/el-pleno-de-aldaia-secunda-por-unanimidad-el-actual-proyecto-de-desvio-del-barranco\/#primaryimage\"},\"thumbnailUrl\":\"https:\/\/aldaia.es\/noticias\/wp-content\/uploads\/2022\/12\/cuneton_barranco_aldaia.jpg\",\"articleSection\":[\"Urbanismo y Medio ambiente\"],\"inLanguage\":\"es\"},{\"@type\":\"WebPage\",\"@id\":\"https:\/\/aldaia.es\/noticias\/es\/el-pleno-de-aldaia-secunda-por-unanimidad-el-actual-proyecto-de-desvio-del-barranco\/\",\"url\":\"https:\/\/aldaia.es\/noticias\/es\/el-pleno-de-aldaia-secunda-por-unanimidad-el-actual-proyecto-de-desvio-del-barranco\/\",\"name\":\"El pleno de Aldaia secunda por unanimidad el actual proyecto de desv\u00edo del barranco - Noticias - Ayuntamiento de Aldaia\",\"isPartOf\":{\"@id\":\"https:\/\/aldaia.es\/noticias\/es\/#website\"},\"primaryImageOfPage\":{\"@id\":\"https:\/\/aldaia.es\/noticias\/es\/el-pleno-de-aldaia-secunda-por-unanimidad-el-actual-proyecto-de-desvio-del-barranco\/#primaryimage\"},\"image\":{\"@id\":\"https:\/\/aldaia.es\/noticias\/es\/el-pleno-de-aldaia-secunda-por-unanimidad-el-actual-proyecto-de-desvio-del-barranco\/#primaryimage\"},\"thumbnailUrl\":\"https:\/\/aldaia.es\/noticias\/wp-content\/uploads\/2022\/12\/cuneton_barranco_aldaia.jpg\",\"datePublished\":\"2022-12-21T12:01:58+00:00\",\"dateModified\":\"2025-05-20T09:05:20+00:00\",\"description\":\"El plan para el desv\u00edo est\u00e1 a la espera de que los t\u00e9cnicos apliquen algunas medidas correctivas para su validaci\u00f3n. El proyecto cuenta, por primera vez en la historia, con la financiaci\u00f3n disponible para su ejecuci\u00f3n a trav\u00e9s de Fondos Europeos.\",\"breadcrumb\":{\"@id\":\"https:\/\/aldaia.es\/noticias\/es\/el-pleno-de-aldaia-secunda-por-unanimidad-el-actual-proyecto-de-desvio-del-barranco\/#breadcrumb\"},\"inLanguage\":\"es\",\"potentialAction\":[{\"@type\":\"ReadAction\",\"target\":[\"https:\/\/aldaia.es\/noticias\/es\/el-pleno-de-aldaia-secunda-por-unanimidad-el-actual-proyecto-de-desvio-del-barranco\/\"]}]},{\"@type\":\"ImageObject\",\"inLanguage\":\"es\",\"@id\":\"https:\/\/aldaia.es\/noticias\/es\/el-pleno-de-aldaia-secunda-por-unanimidad-el-actual-proyecto-de-desvio-del-barranco\/#primaryimage\",\"url\":\"https:\/\/aldaia.es\/noticias\/wp-content\/uploads\/2022\/12\/cuneton_barranco_aldaia.jpg\",\"contentUrl\":\"https:\/\/aldaia.es\/noticias\/wp-content\/uploads\/2022\/12\/cuneton_barranco_aldaia.jpg\",\"width\":1500,\"height\":2000},{\"@type\":\"BreadcrumbList\",\"@id\":\"https:\/\/aldaia.es\/noticias\/es\/el-pleno-de-aldaia-secunda-por-unanimidad-el-actual-proyecto-de-desvio-del-barranco\/#breadcrumb\",\"itemListElement\":[{\"@type\":\"ListItem\",\"position\":1,\"name\":\"Portada\",\"item\":\"https:\/\/aldaia.es\/noticias\/es\/\"},{\"@type\":\"ListItem\",\"position\":2,\"name\":\"El pleno de Aldaia secunda por unanimidad el actual proyecto de desv\u00edo del barranco\"}]},{\"@type\":\"WebSite\",\"@id\":\"https:\/\/aldaia.es\/noticias\/es\/#website\",\"url\":\"https:\/\/aldaia.es\/noticias\/es\/\",\"name\":\"Noticias Aldaia\",\"description\":\"\",\"publisher\":{\"@id\":\"https:\/\/aldaia.es\/noticias\/es\/#organization\"},\"potentialAction\":[{\"@type\":\"SearchAction\",\"target\":{\"@type\":\"EntryPoint\",\"urlTemplate\":\"https:\/\/aldaia.es\/noticias\/es\/?s={search_term_string}\"},\"query-input\":{\"@type\":\"PropertyValueSpecification\",\"valueRequired\":true,\"valueName\":\"search_term_string\"}}],\"inLanguage\":\"es\"},{\"@type\":\"Organization\",\"@id\":\"https:\/\/aldaia.es\/noticias\/es\/#organization\",\"name\":\"Noticias Aldaia\",\"url\":\"https:\/\/aldaia.es\/noticias\/es\/\",\"logo\":{\"@type\":\"ImageObject\",\"inLanguage\":\"es\",\"@id\":\"https:\/\/aldaia.es\/noticias\/es\/#\/schema\/logo\/image\/\",\"url\":\"https:\/\/aldaia.es\/noticias\/wp-content\/uploads\/2025\/05\/aldaia-noticias.jpg\",\"contentUrl\":\"https:\/\/aldaia.es\/noticias\/wp-content\/uploads\/2025\/05\/aldaia-noticias.jpg\",\"width\":512,\"height\":512,\"caption\":\"Noticias Aldaia\"},\"image\":{\"@id\":\"https:\/\/aldaia.es\/noticias\/es\/#\/schema\/logo\/image\/\"}},{\"@type\":\"Person\",\"@id\":\"https:\/\/aldaia.es\/noticias\/es\/#\/schema\/person\/736bf474749673d55971dc81c4553f7e\",\"name\":\"prensa\",\"url\":\"https:\/\/aldaia.es\/noticias\/es\/author\/prensa\/\"}]}<\/script>\n<!-- \/ Yoast SEO plugin. -->","yoast_head_json":{"title":"El pleno de Aldaia secunda por unanimidad el actual proyecto de desv\u00edo del barranco - Noticias - Ayuntamiento de Aldaia","description":"El plan para el desv\u00edo est\u00e1 a la espera de que los t\u00e9cnicos apliquen algunas medidas correctivas para su validaci\u00f3n. El proyecto cuenta, por primera vez en la historia, con la financiaci\u00f3n disponible para su ejecuci\u00f3n a trav\u00e9s de Fondos Europeos.","robots":{"index":"index","follow":"follow","max-snippet":"max-snippet:-1","max-image-preview":"max-image-preview:large","max-video-preview":"max-video-preview:-1"},"canonical":"https:\/\/aldaia.es\/noticias\/es\/el-pleno-de-aldaia-secunda-por-unanimidad-el-actual-proyecto-de-desvio-del-barranco\/","og_locale":"es_ES","og_type":"article","og_title":"El pleno de Aldaia secunda por unanimidad el actual proyecto de desv\u00edo del barranco - Noticias - Ayuntamiento de Aldaia","og_description":"El plan para el desv\u00edo est\u00e1 a la espera de que los t\u00e9cnicos apliquen algunas medidas correctivas para su validaci\u00f3n. El proyecto cuenta, por primera vez en la historia, con la financiaci\u00f3n disponible para su ejecuci\u00f3n a trav\u00e9s de Fondos Europeos.","og_url":"https:\/\/aldaia.es\/noticias\/es\/el-pleno-de-aldaia-secunda-por-unanimidad-el-actual-proyecto-de-desvio-del-barranco\/","og_site_name":"Noticias - Ayuntamiento de Aldaia","article_published_time":"2022-12-21T12:01:58+00:00","article_modified_time":"2025-05-20T09:05:20+00:00","og_image":[{"width":1500,"height":2000,"url":"https:\/\/aldaia.es\/noticias\/wp-content\/uploads\/2022\/12\/cuneton_barranco_aldaia.jpg","type":"image\/jpeg"}],"author":"prensa","twitter_card":"summary_large_image","twitter_misc":{"Escrito por":"prensa","Tiempo de lectura":"1 minuto"},"schema":{"@context":"https:\/\/schema.org","@graph":[{"@type":"Article","@id":"https:\/\/aldaia.es\/noticias\/es\/el-pleno-de-aldaia-secunda-por-unanimidad-el-actual-proyecto-de-desvio-del-barranco\/#article","isPartOf":{"@id":"https:\/\/aldaia.es\/noticias\/es\/el-pleno-de-aldaia-secunda-por-unanimidad-el-actual-proyecto-de-desvio-del-barranco\/"},"author":{"name":"prensa","@id":"https:\/\/aldaia.es\/noticias\/es\/#\/schema\/person\/736bf474749673d55971dc81c4553f7e"},"headline":"El pleno de Aldaia secunda por unanimidad el actual proyecto de desv\u00edo del barranco","datePublished":"2022-12-21T12:01:58+00:00","dateModified":"2025-05-20T09:05:20+00:00","mainEntityOfPage":{"@id":"https:\/\/aldaia.es\/noticias\/es\/el-pleno-de-aldaia-secunda-por-unanimidad-el-actual-proyecto-de-desvio-del-barranco\/"},"wordCount":215,"publisher":{"@id":"https:\/\/aldaia.es\/noticias\/es\/#organization"},"image":{"@id":"https:\/\/aldaia.es\/noticias\/es\/el-pleno-de-aldaia-secunda-por-unanimidad-el-actual-proyecto-de-desvio-del-barranco\/#primaryimage"},"thumbnailUrl":"https:\/\/aldaia.es\/noticias\/wp-content\/uploads\/2022\/12\/cuneton_barranco_aldaia.jpg","articleSection":["Urbanismo y Medio ambiente"],"inLanguage":"es"},{"@type":"WebPage","@id":"https:\/\/aldaia.es\/noticias\/es\/el-pleno-de-aldaia-secunda-por-unanimidad-el-actual-proyecto-de-desvio-del-barranco\/","url":"https:\/\/aldaia.es\/noticias\/es\/el-pleno-de-aldaia-secunda-por-unanimidad-el-actual-proyecto-de-desvio-del-barranco\/","name":"El pleno de Aldaia secunda por unanimidad el actual proyecto de desv\u00edo del barranco - Noticias - Ayuntamiento de Aldaia","isPartOf":{"@id":"https:\/\/aldaia.es\/noticias\/es\/#website"},"primaryImageOfPage":{"@id":"https:\/\/aldaia.es\/noticias\/es\/el-pleno-de-aldaia-secunda-por-unanimidad-el-actual-proyecto-de-desvio-del-barranco\/#primaryimage"},"image":{"@id":"https:\/\/aldaia.es\/noticias\/es\/el-pleno-de-aldaia-secunda-por-unanimidad-el-actual-proyecto-de-desvio-del-barranco\/#primaryimage"},"thumbnailUrl":"https:\/\/aldaia.es\/noticias\/wp-content\/uploads\/2022\/12\/cuneton_barranco_aldaia.jpg","datePublished":"2022-12-21T12:01:58+00:00","dateModified":"2025-05-20T09:05:20+00:00","description":"El plan para el desv\u00edo est\u00e1 a la espera de que los t\u00e9cnicos apliquen algunas medidas correctivas para su validaci\u00f3n. El proyecto cuenta, por primera vez en la historia, con la financiaci\u00f3n disponible para su ejecuci\u00f3n a trav\u00e9s de Fondos Europeos.","breadcrumb":{"@id":"https:\/\/aldaia.es\/noticias\/es\/el-pleno-de-aldaia-secunda-por-unanimidad-el-actual-proyecto-de-desvio-del-barranco\/#breadcrumb"},"inLanguage":"es","potentialAction":[{"@type":"ReadAction","target":["https:\/\/aldaia.es\/noticias\/es\/el-pleno-de-aldaia-secunda-por-unanimidad-el-actual-proyecto-de-desvio-del-barranco\/"]}]},{"@type":"ImageObject","inLanguage":"es","@id":"https:\/\/aldaia.es\/noticias\/es\/el-pleno-de-aldaia-secunda-por-unanimidad-el-actual-proyecto-de-desvio-del-barranco\/#primaryimage","url":"https:\/\/aldaia.es\/noticias\/wp-content\/uploads\/2022\/12\/cuneton_barranco_aldaia.jpg","contentUrl":"https:\/\/aldaia.es\/noticias\/wp-content\/uploads\/2022\/12\/cuneton_barranco_aldaia.jpg","width":1500,"height":2000},{"@type":"BreadcrumbList","@id":"https:\/\/aldaia.es\/noticias\/es\/el-pleno-de-aldaia-secunda-por-unanimidad-el-actual-proyecto-de-desvio-del-barranco\/#breadcrumb","itemListElement":[{"@type":"ListItem","position":1,"name":"Portada","item":"https:\/\/aldaia.es\/noticias\/es\/"},{"@type":"ListItem","position":2,"name":"El pleno de Aldaia secunda por unanimidad el actual proyecto de desv\u00edo del barranco"}]},{"@type":"WebSite","@id":"https:\/\/aldaia.es\/noticias\/es\/#website","url":"https:\/\/aldaia.es\/noticias\/es\/","name":"Noticias Aldaia","description":"","publisher":{"@id":"https:\/\/aldaia.es\/noticias\/es\/#organization"},"potentialAction":[{"@type":"SearchAction","target":{"@type":"EntryPoint","urlTemplate":"https:\/\/aldaia.es\/noticias\/es\/?s={search_term_string}"},"query-input":{"@type":"PropertyValueSpecification","valueRequired":true,"valueName":"search_term_string"}}],"inLanguage":"es"},{"@type":"Organization","@id":"https:\/\/aldaia.es\/noticias\/es\/#organization","name":"Noticias Aldaia","url":"https:\/\/aldaia.es\/noticias\/es\/","logo":{"@type":"ImageObject","inLanguage":"es","@id":"https:\/\/aldaia.es\/noticias\/es\/#\/schema\/logo\/image\/","url":"https:\/\/aldaia.es\/noticias\/wp-content\/uploads\/2025\/05\/aldaia-noticias.jpg","contentUrl":"https:\/\/aldaia.es\/noticias\/wp-content\/uploads\/2025\/05\/aldaia-noticias.jpg","width":512,"height":512,"caption":"Noticias Aldaia"},"image":{"@id":"https:\/\/aldaia.es\/noticias\/es\/#\/schema\/logo\/image\/"}},{"@type":"Person","@id":"https:\/\/aldaia.es\/noticias\/es\/#\/schema\/person\/736bf474749673d55971dc81c4553f7e","name":"prensa","url":"https:\/\/aldaia.es\/noticias\/es\/author\/prensa\/"}]}},"_links":{"self":[{"href":"https:\/\/aldaia.es\/noticias\/es\/wp-json\/wp\/v2\/posts\/6709","targetHints":{"allow":["GET"]}}],"collection":[{"href":"https:\/\/aldaia.es\/noticias\/es\/wp-json\/wp\/v2\/posts"}],"about":[{"href":"https:\/\/aldaia.es\/noticias\/es\/wp-json\/wp\/v2\/types\/post"}],"author":[{"embeddable":true,"href":"https:\/\/aldaia.es\/noticias\/es\/wp-json\/wp\/v2\/users\/2"}],"replies":[{"embeddable":true,"href":"https:\/\/aldaia.es\/noticias\/es\/wp-json\/wp\/v2\/comments?post=6709"}],"version-history":[{"count":1,"href":"https:\/\/aldaia.es\/noticias\/es\/wp-json\/wp\/v2\/posts\/6709\/revisions"}],"predecessor-version":[{"id":37500,"href":"https:\/\/aldaia.es\/noticias\/es\/wp-json\/wp\/v2\/posts\/6709\/revisions\/37500"}],"wp:featuredmedia":[{"embeddable":true,"href":"https:\/\/aldaia.es\/noticias\/es\/wp-json\/wp\/v2\/media\/5680"}],"wp:attachment":[{"href":"https:\/\/aldaia.es\/noticias\/es\/wp-json\/wp\/v2\/media?parent=6709"}],"wp:term":[{"taxonomy":"category","embeddable":true,"href":"https:\/\/aldaia.es\/noticias\/es\/wp-json\/wp\/v2\/categories?post=6709"},{"taxonomy":"post_tag","embeddable":true,"href":"https:\/\/aldaia.es\/noticias\/es\/wp-json\/wp\/v2\/tags?post=6709"}],"curies":[{"name":"wp","href":"https:\/\/api.w.org\/{rel}","templated":true}]}}