{"id":11908,"date":"2023-04-28T14:13:33","date_gmt":"2023-04-28T12:13:33","guid":{"rendered":"https:\/\/aldaia.es\/?p=11908"},"modified":"2023-04-28T14:13:33","modified_gmt":"2023-04-28T12:13:33","slug":"el-certamen-literari-juvenil-cristofor-agua-do-celebra-la-seua-36a-edicio","status":"publish","type":"post","link":"https:\/\/aldaia.es\/noticias\/el-certamen-literari-juvenil-cristofor-agua-do-celebra-la-seua-36a-edicio\/","title":{"rendered":"El certamen literari juvenil Crist\u00f2for Aguado celebra la seua 36a edici\u00f3"},"content":{"rendered":"<h4>Aldaia va celebrar en el TAMA la gala literaria en la qual van participar molts estudiants de diferents col\u00b7legis i instituts de la localitat<\/h4>\n<h4 style=\"margin-bottom: 18.0pt; line-height: 115%; background: white;\"><span style=\"font-size: 11.0pt; line-height: 115%; font-family: 'Arial',sans-serif;\">El 26 d&#8217;abril es va dur a terme en el TAMA d&#8217;Aldaia el 36\u00e9 Certamen Literari Juvenil de Crist\u00f2for Aguado, que va comptar amb la participaci\u00f3 de 487 obres i va premiar als joves talents literaris de diferents col\u00b7legis i instituts. El certamen va comptar amb la participaci\u00f3 de diverses escoles d&#8217;Aldaia, Val\u00e8ncia i Torrent, incloent el CEIP Juan Antonio Mart\u00ednez Torres, el CEIP Platero i jo, el CEIP Vicente Blasco Ib\u00e1\u00f1ez, l&#8217;IES Carles Salvador, el CC Mariano Serra, l&#8217;IES Isabel de Villena, el Col\u00b7legi Sagrat Cor, el Col\u00b7legi San Jos\u00e9 de Cal\u00e7, etc.<\/span><\/h4>\n<h4 style=\"margin-bottom: 18.0pt; line-height: 115%; background: white;\"><span style=\"font-size: 11.0pt; line-height: 115%; font-family: 'Arial',sans-serif;\">Finalment, el jurat de narrativa va atorgar el Premi Absolut de la modalitat de Narrativa de 9 a 11 anys a Juanfran Mart\u00ednez Soler per la seua obra &#8220;El tresor de l&#8217;illa de Malva-rosa&#8221;, mentre que l&#8217;Acc\u00e8ssit va ser per a Alejandro Lozano Romo per &#8220;Un llop ingenu&#8221;. En la Modalitat de Narrativa de 12 a 15 anys, \u00c0lex Vergara Cano va guanyar el Premi Absolut per la seua obra &#8220;53 dies&#8221;, mentre que Claudia G\u00f3mez Maya va obtindre l&#8217;Acc\u00e8ssit per &#8220;La hist\u00f2ria d&#8217;una somiadora&#8221;. I en la Modalitat de Narrativa de 16 a 18 anys, Aroa Elena Ramos va guanyar el Premi Absolut amb la seua obra &#8220;L&#8217;ascensi\u00f3&#8221;, mentre que Germ\u00e1n Lino G\u00f3mez va obtindre l&#8217;Acc\u00e8ssit per &#8220;Punts de vista&#8221;.<\/span><\/h4>\n<h4 style=\"margin-bottom: 18.0pt; line-height: 115%; background: white;\"><span style=\"font-size: 11.0pt; line-height: 115%; font-family: 'Arial',sans-serif;\">El jurat de poesia, va atorgar el Premi Absolut de la modalitat de Poesia de 9 a 11 anys a Jordan Barba Carbonell per &#8220;La ira&#8221;, mentre que l&#8217;Acc\u00e8ssit va ser per a Adri\u00e1n Haba per &#8220;El meu iaio&#8221;. En la Modalitat de Poesia de 12 a 15 anys, Jessica Ji Xuan Gao va guanyar el Premi Absolut per la seua obra &#8220;Poemes del cor&#8221;, mentre que Itzan Montero Prats va obtindre l&#8217;Acc\u00e8ssit per &#8220;Conf\u00fas&#8221;. En la Modalitat de Poesia de 16 a 18 anys, Carla Lago Huercio va guanyar el Premi Absolut amb la seua obra &#8220;Impot\u00e8ncia&#8221;, mentre que \u00d3scar Escribano Dur\u00e1 va obtindre l&#8217;Acc\u00e8ssit per &#8220;L\u2019Esgl\u00e9sia, eixa gran desconeguda&#8221;.<\/span><\/h4>\n<h4 style=\"margin-bottom: 18.0pt; line-height: 115%; background: white;\"><span style=\"font-size: 11.0pt; line-height: 115%; font-family: 'Arial',sans-serif;\">A m\u00e9s del lliurament de premis, en l&#8217;acte es va presentar una actuaci\u00f3 musical per part de l&#8217;alumnat i professorat de l&#8217;IES Beatriu Civera del Barri de Crist d&#8217;Aldaia. Tamb\u00e9 es van atorgar escultures realitzades per l&#8217;Associaci\u00f3 Albero Artesanos als premiats. Les escoles premiades per la seua major participaci\u00f3 van ser el CEIP Ausi\u00e0s March d&#8217;Aldaia, el CC Mariano Serra d&#8217;Aldaia i el CEIP Platero i jo d&#8217;Aldaia.<\/span><\/h4>\n","protected":false},"excerpt":{"rendered":"<p>Aldaia va celebrar en el TAMA la gala literaria en la qual van participar molts estudiants de diferents col\u00b7legis i institut&#8230;<\/p>\n","protected":false},"author":3,"featured_media":11910,"comment_status":"closed","ping_status":"closed","sticky":false,"template":"","format":"standard","meta":{"_acf_changed":false,"footnotes":""},"categories":[45],"tags":[],"class_list":["post-11908","post","type-post","status-publish","format-standard","has-post-thumbnail","hentry","category-biblioteca"],"acf":[],"yoast_head":"<!-- This site is optimized with the Yoast SEO plugin v26.9 - https:\/\/yoast.com\/product\/yoast-seo-wordpress\/ -->\n<title>El certamen literari juvenil Crist\u00f2for Aguado celebra la seua 36a edici\u00f3 - Not\u00edcies - Ajuntament d&#039;Aldaia<\/title>\n<meta name=\"robots\" content=\"index, follow, max-snippet:-1, max-image-preview:large, max-video-preview:-1\" \/>\n<link rel=\"canonical\" href=\"https:\/\/aldaia.es\/noticias\/el-certamen-literari-juvenil-cristofor-agua-do-celebra-la-seua-36a-edicio\/\" \/>\n<meta property=\"og:locale\" content=\"ca_ES\" \/>\n<meta property=\"og:type\" content=\"article\" \/>\n<meta property=\"og:title\" content=\"El certamen literari juvenil Crist\u00f2for Aguado celebra la seua 36a edici\u00f3 - Not\u00edcies - Ajuntament d&#039;Aldaia\" \/>\n<meta property=\"og:description\" content=\"Aldaia va celebrar en el TAMA la gala literaria en la qual van participar molts estudiants de diferents col\u00b7legis i institut...\" \/>\n<meta property=\"og:url\" content=\"https:\/\/aldaia.es\/noticias\/el-certamen-literari-juvenil-cristofor-agua-do-celebra-la-seua-36a-edicio\/\" \/>\n<meta property=\"og:site_name\" content=\"Not\u00edcies - Ajuntament d&#039;Aldaia\" \/>\n<meta property=\"article:published_time\" content=\"2023-04-28T12:13:33+00:00\" \/>\n<meta property=\"og:image\" content=\"https:\/\/aldaia.es\/noticias\/wp-content\/uploads\/2023\/04\/WhatsApp-Image-2023-04-28-at-14.05.35.jpeg\" \/>\n\t<meta property=\"og:image:width\" content=\"2000\" \/>\n\t<meta property=\"og:image:height\" content=\"1500\" \/>\n\t<meta property=\"og:image:type\" content=\"image\/jpeg\" \/>\n<meta name=\"author\" content=\"COMUNICACION\" \/>\n<meta name=\"twitter:card\" content=\"summary_large_image\" \/>\n<meta name=\"twitter:label1\" content=\"Escrit per\" \/>\n\t<meta name=\"twitter:data1\" content=\"COMUNICACION\" \/>\n\t<meta name=\"twitter:label2\" content=\"Temps estimat de lectura\" \/>\n\t<meta name=\"twitter:data2\" content=\"3 minuts\" \/>\n<script type=\"application\/ld+json\" class=\"yoast-schema-graph\">{\"@context\":\"https:\/\/schema.org\",\"@graph\":[{\"@type\":\"Article\",\"@id\":\"https:\/\/aldaia.es\/noticias\/el-certamen-literari-juvenil-cristofor-agua-do-celebra-la-seua-36a-edicio\/#article\",\"isPartOf\":{\"@id\":\"https:\/\/aldaia.es\/noticias\/el-certamen-literari-juvenil-cristofor-agua-do-celebra-la-seua-36a-edicio\/\"},\"author\":{\"name\":\"COMUNICACION\",\"@id\":\"https:\/\/aldaia.es\/noticias\/#\/schema\/person\/4b9d33d0d77864dfe798033366a332f5\"},\"headline\":\"El certamen literari juvenil Crist\u00f2for Aguado celebra la seua 36a edici\u00f3\",\"datePublished\":\"2023-04-28T12:13:33+00:00\",\"mainEntityOfPage\":{\"@id\":\"https:\/\/aldaia.es\/noticias\/el-certamen-literari-juvenil-cristofor-agua-do-celebra-la-seua-36a-edicio\/\"},\"wordCount\":462,\"publisher\":{\"@id\":\"https:\/\/aldaia.es\/noticias\/#organization\"},\"image\":{\"@id\":\"https:\/\/aldaia.es\/noticias\/el-certamen-literari-juvenil-cristofor-agua-do-celebra-la-seua-36a-edicio\/#primaryimage\"},\"thumbnailUrl\":\"https:\/\/aldaia.es\/noticias\/wp-content\/uploads\/2023\/04\/WhatsApp-Image-2023-04-28-at-14.05.35.jpeg\",\"articleSection\":[\"Biblioteca\"],\"inLanguage\":\"ca\"},{\"@type\":\"WebPage\",\"@id\":\"https:\/\/aldaia.es\/noticias\/el-certamen-literari-juvenil-cristofor-agua-do-celebra-la-seua-36a-edicio\/\",\"url\":\"https:\/\/aldaia.es\/noticias\/el-certamen-literari-juvenil-cristofor-agua-do-celebra-la-seua-36a-edicio\/\",\"name\":\"El certamen literari juvenil Crist\u00f2for Aguado celebra la seua 36a edici\u00f3 - Not\u00edcies - Ajuntament d&#039;Aldaia\",\"isPartOf\":{\"@id\":\"https:\/\/aldaia.es\/noticias\/#website\"},\"primaryImageOfPage\":{\"@id\":\"https:\/\/aldaia.es\/noticias\/el-certamen-literari-juvenil-cristofor-agua-do-celebra-la-seua-36a-edicio\/#primaryimage\"},\"image\":{\"@id\":\"https:\/\/aldaia.es\/noticias\/el-certamen-literari-juvenil-cristofor-agua-do-celebra-la-seua-36a-edicio\/#primaryimage\"},\"thumbnailUrl\":\"https:\/\/aldaia.es\/noticias\/wp-content\/uploads\/2023\/04\/WhatsApp-Image-2023-04-28-at-14.05.35.jpeg\",\"datePublished\":\"2023-04-28T12:13:33+00:00\",\"breadcrumb\":{\"@id\":\"https:\/\/aldaia.es\/noticias\/el-certamen-literari-juvenil-cristofor-agua-do-celebra-la-seua-36a-edicio\/#breadcrumb\"},\"inLanguage\":\"ca\",\"potentialAction\":[{\"@type\":\"ReadAction\",\"target\":[\"https:\/\/aldaia.es\/noticias\/el-certamen-literari-juvenil-cristofor-agua-do-celebra-la-seua-36a-edicio\/\"]}]},{\"@type\":\"ImageObject\",\"inLanguage\":\"ca\",\"@id\":\"https:\/\/aldaia.es\/noticias\/el-certamen-literari-juvenil-cristofor-agua-do-celebra-la-seua-36a-edicio\/#primaryimage\",\"url\":\"https:\/\/aldaia.es\/noticias\/wp-content\/uploads\/2023\/04\/WhatsApp-Image-2023-04-28-at-14.05.35.jpeg\",\"contentUrl\":\"https:\/\/aldaia.es\/noticias\/wp-content\/uploads\/2023\/04\/WhatsApp-Image-2023-04-28-at-14.05.35.jpeg\",\"width\":2000,\"height\":1500},{\"@type\":\"BreadcrumbList\",\"@id\":\"https:\/\/aldaia.es\/noticias\/el-certamen-literari-juvenil-cristofor-agua-do-celebra-la-seua-36a-edicio\/#breadcrumb\",\"itemListElement\":[{\"@type\":\"ListItem\",\"position\":1,\"name\":\"Portada\",\"item\":\"https:\/\/aldaia.es\/noticias\/\"},{\"@type\":\"ListItem\",\"position\":2,\"name\":\"El certamen literari juvenil Crist\u00f2for Aguado celebra la seua 36a edici\u00f3\"}]},{\"@type\":\"WebSite\",\"@id\":\"https:\/\/aldaia.es\/noticias\/#website\",\"url\":\"https:\/\/aldaia.es\/noticias\/\",\"name\":\"Noticias Aldaia\",\"description\":\"\",\"publisher\":{\"@id\":\"https:\/\/aldaia.es\/noticias\/#organization\"},\"potentialAction\":[{\"@type\":\"SearchAction\",\"target\":{\"@type\":\"EntryPoint\",\"urlTemplate\":\"https:\/\/aldaia.es\/noticias\/?s={search_term_string}\"},\"query-input\":{\"@type\":\"PropertyValueSpecification\",\"valueRequired\":true,\"valueName\":\"search_term_string\"}}],\"inLanguage\":\"ca\"},{\"@type\":\"Organization\",\"@id\":\"https:\/\/aldaia.es\/noticias\/#organization\",\"name\":\"Noticias Aldaia\",\"url\":\"https:\/\/aldaia.es\/noticias\/\",\"logo\":{\"@type\":\"ImageObject\",\"inLanguage\":\"ca\",\"@id\":\"https:\/\/aldaia.es\/noticias\/#\/schema\/logo\/image\/\",\"url\":\"https:\/\/aldaia.es\/noticias\/wp-content\/uploads\/2025\/05\/aldaia-noticias.jpg\",\"contentUrl\":\"https:\/\/aldaia.es\/noticias\/wp-content\/uploads\/2025\/05\/aldaia-noticias.jpg\",\"width\":512,\"height\":512,\"caption\":\"Noticias Aldaia\"},\"image\":{\"@id\":\"https:\/\/aldaia.es\/noticias\/#\/schema\/logo\/image\/\"}},{\"@type\":\"Person\",\"@id\":\"https:\/\/aldaia.es\/noticias\/#\/schema\/person\/4b9d33d0d77864dfe798033366a332f5\",\"name\":\"COMUNICACION\",\"url\":\"https:\/\/aldaia.es\/noticias\/author\/comunicacion\/\"}]}<\/script>\n<!-- \/ Yoast SEO plugin. -->","yoast_head_json":{"title":"El certamen literari juvenil Crist\u00f2for Aguado celebra la seua 36a edici\u00f3 - Not\u00edcies - Ajuntament d&#039;Aldaia","robots":{"index":"index","follow":"follow","max-snippet":"max-snippet:-1","max-image-preview":"max-image-preview:large","max-video-preview":"max-video-preview:-1"},"canonical":"https:\/\/aldaia.es\/noticias\/el-certamen-literari-juvenil-cristofor-agua-do-celebra-la-seua-36a-edicio\/","og_locale":"ca_ES","og_type":"article","og_title":"El certamen literari juvenil Crist\u00f2for Aguado celebra la seua 36a edici\u00f3 - Not\u00edcies - Ajuntament d&#039;Aldaia","og_description":"Aldaia va celebrar en el TAMA la gala literaria en la qual van participar molts estudiants de diferents col\u00b7legis i institut...","og_url":"https:\/\/aldaia.es\/noticias\/el-certamen-literari-juvenil-cristofor-agua-do-celebra-la-seua-36a-edicio\/","og_site_name":"Not\u00edcies - Ajuntament d&#039;Aldaia","article_published_time":"2023-04-28T12:13:33+00:00","og_image":[{"width":2000,"height":1500,"url":"https:\/\/aldaia.es\/noticias\/wp-content\/uploads\/2023\/04\/WhatsApp-Image-2023-04-28-at-14.05.35.jpeg","type":"image\/jpeg"}],"author":"COMUNICACION","twitter_card":"summary_large_image","twitter_misc":{"Escrit per":"COMUNICACION","Temps estimat de lectura":"3 minuts"},"schema":{"@context":"https:\/\/schema.org","@graph":[{"@type":"Article","@id":"https:\/\/aldaia.es\/noticias\/el-certamen-literari-juvenil-cristofor-agua-do-celebra-la-seua-36a-edicio\/#article","isPartOf":{"@id":"https:\/\/aldaia.es\/noticias\/el-certamen-literari-juvenil-cristofor-agua-do-celebra-la-seua-36a-edicio\/"},"author":{"name":"COMUNICACION","@id":"https:\/\/aldaia.es\/noticias\/#\/schema\/person\/4b9d33d0d77864dfe798033366a332f5"},"headline":"El certamen literari juvenil Crist\u00f2for Aguado celebra la seua 36a edici\u00f3","datePublished":"2023-04-28T12:13:33+00:00","mainEntityOfPage":{"@id":"https:\/\/aldaia.es\/noticias\/el-certamen-literari-juvenil-cristofor-agua-do-celebra-la-seua-36a-edicio\/"},"wordCount":462,"publisher":{"@id":"https:\/\/aldaia.es\/noticias\/#organization"},"image":{"@id":"https:\/\/aldaia.es\/noticias\/el-certamen-literari-juvenil-cristofor-agua-do-celebra-la-seua-36a-edicio\/#primaryimage"},"thumbnailUrl":"https:\/\/aldaia.es\/noticias\/wp-content\/uploads\/2023\/04\/WhatsApp-Image-2023-04-28-at-14.05.35.jpeg","articleSection":["Biblioteca"],"inLanguage":"ca"},{"@type":"WebPage","@id":"https:\/\/aldaia.es\/noticias\/el-certamen-literari-juvenil-cristofor-agua-do-celebra-la-seua-36a-edicio\/","url":"https:\/\/aldaia.es\/noticias\/el-certamen-literari-juvenil-cristofor-agua-do-celebra-la-seua-36a-edicio\/","name":"El certamen literari juvenil Crist\u00f2for Aguado celebra la seua 36a edici\u00f3 - Not\u00edcies - Ajuntament d&#039;Aldaia","isPartOf":{"@id":"https:\/\/aldaia.es\/noticias\/#website"},"primaryImageOfPage":{"@id":"https:\/\/aldaia.es\/noticias\/el-certamen-literari-juvenil-cristofor-agua-do-celebra-la-seua-36a-edicio\/#primaryimage"},"image":{"@id":"https:\/\/aldaia.es\/noticias\/el-certamen-literari-juvenil-cristofor-agua-do-celebra-la-seua-36a-edicio\/#primaryimage"},"thumbnailUrl":"https:\/\/aldaia.es\/noticias\/wp-content\/uploads\/2023\/04\/WhatsApp-Image-2023-04-28-at-14.05.35.jpeg","datePublished":"2023-04-28T12:13:33+00:00","breadcrumb":{"@id":"https:\/\/aldaia.es\/noticias\/el-certamen-literari-juvenil-cristofor-agua-do-celebra-la-seua-36a-edicio\/#breadcrumb"},"inLanguage":"ca","potentialAction":[{"@type":"ReadAction","target":["https:\/\/aldaia.es\/noticias\/el-certamen-literari-juvenil-cristofor-agua-do-celebra-la-seua-36a-edicio\/"]}]},{"@type":"ImageObject","inLanguage":"ca","@id":"https:\/\/aldaia.es\/noticias\/el-certamen-literari-juvenil-cristofor-agua-do-celebra-la-seua-36a-edicio\/#primaryimage","url":"https:\/\/aldaia.es\/noticias\/wp-content\/uploads\/2023\/04\/WhatsApp-Image-2023-04-28-at-14.05.35.jpeg","contentUrl":"https:\/\/aldaia.es\/noticias\/wp-content\/uploads\/2023\/04\/WhatsApp-Image-2023-04-28-at-14.05.35.jpeg","width":2000,"height":1500},{"@type":"BreadcrumbList","@id":"https:\/\/aldaia.es\/noticias\/el-certamen-literari-juvenil-cristofor-agua-do-celebra-la-seua-36a-edicio\/#breadcrumb","itemListElement":[{"@type":"ListItem","position":1,"name":"Portada","item":"https:\/\/aldaia.es\/noticias\/"},{"@type":"ListItem","position":2,"name":"El certamen literari juvenil Crist\u00f2for Aguado celebra la seua 36a edici\u00f3"}]},{"@type":"WebSite","@id":"https:\/\/aldaia.es\/noticias\/#website","url":"https:\/\/aldaia.es\/noticias\/","name":"Noticias Aldaia","description":"","publisher":{"@id":"https:\/\/aldaia.es\/noticias\/#organization"},"potentialAction":[{"@type":"SearchAction","target":{"@type":"EntryPoint","urlTemplate":"https:\/\/aldaia.es\/noticias\/?s={search_term_string}"},"query-input":{"@type":"PropertyValueSpecification","valueRequired":true,"valueName":"search_term_string"}}],"inLanguage":"ca"},{"@type":"Organization","@id":"https:\/\/aldaia.es\/noticias\/#organization","name":"Noticias Aldaia","url":"https:\/\/aldaia.es\/noticias\/","logo":{"@type":"ImageObject","inLanguage":"ca","@id":"https:\/\/aldaia.es\/noticias\/#\/schema\/logo\/image\/","url":"https:\/\/aldaia.es\/noticias\/wp-content\/uploads\/2025\/05\/aldaia-noticias.jpg","contentUrl":"https:\/\/aldaia.es\/noticias\/wp-content\/uploads\/2025\/05\/aldaia-noticias.jpg","width":512,"height":512,"caption":"Noticias Aldaia"},"image":{"@id":"https:\/\/aldaia.es\/noticias\/#\/schema\/logo\/image\/"}},{"@type":"Person","@id":"https:\/\/aldaia.es\/noticias\/#\/schema\/person\/4b9d33d0d77864dfe798033366a332f5","name":"COMUNICACION","url":"https:\/\/aldaia.es\/noticias\/author\/comunicacion\/"}]}},"_links":{"self":[{"href":"https:\/\/aldaia.es\/noticias\/wp-json\/wp\/v2\/posts\/11908","targetHints":{"allow":["GET"]}}],"collection":[{"href":"https:\/\/aldaia.es\/noticias\/wp-json\/wp\/v2\/posts"}],"about":[{"href":"https:\/\/aldaia.es\/noticias\/wp-json\/wp\/v2\/types\/post"}],"author":[{"embeddable":true,"href":"https:\/\/aldaia.es\/noticias\/wp-json\/wp\/v2\/users\/3"}],"replies":[{"embeddable":true,"href":"https:\/\/aldaia.es\/noticias\/wp-json\/wp\/v2\/comments?post=11908"}],"version-history":[{"count":0,"href":"https:\/\/aldaia.es\/noticias\/wp-json\/wp\/v2\/posts\/11908\/revisions"}],"wp:featuredmedia":[{"embeddable":true,"href":"https:\/\/aldaia.es\/noticias\/wp-json\/wp\/v2\/media\/11910"}],"wp:attachment":[{"href":"https:\/\/aldaia.es\/noticias\/wp-json\/wp\/v2\/media?parent=11908"}],"wp:term":[{"taxonomy":"category","embeddable":true,"href":"https:\/\/aldaia.es\/noticias\/wp-json\/wp\/v2\/categories?post=11908"},{"taxonomy":"post_tag","embeddable":true,"href":"https:\/\/aldaia.es\/noticias\/wp-json\/wp\/v2\/tags?post=11908"}],"curies":[{"name":"wp","href":"https:\/\/api.w.org\/{rel}","templated":true}]}}