{"id":18317,"date":"2023-10-25T14:26:07","date_gmt":"2023-10-25T12:26:07","guid":{"rendered":"https:\/\/aldaia.es\/2023\/10\/25\/joves-net-revalida-sergio-gomez-com-a-president\/"},"modified":"2023-10-25T14:26:07","modified_gmt":"2023-10-25T12:26:07","slug":"joves-net-revalida-sergio-gomez-com-a-president","status":"publish","type":"post","link":"https:\/\/aldaia.es\/noticias\/joves-net-revalida-sergio-gomez-com-a-president\/","title":{"rendered":"Joves.net revalida Sergio G\u00f3mez com a president"},"content":{"rendered":"<p class=\"western\"><span style=\"color: #000000; font-size: 12pt;\"><span style=\"font-family: Arial, sans-serif;\">El nou consorci de Xarxa Joves.net s&#8217;ha constitu\u00eft aquesta setmana, a la sala de plens de l&#8217;ajuntament de Torrent, despr\u00e9s del nou mandat municipal. D&#8217;aquesta manera, Sergio G\u00f3mez, regidor de joventut de l&#8217;Ajuntament d&#8217;Aldaia, va ser nomenat de nou president al costat de Luc\u00eda Fern\u00e1ndez i Juan Jos\u00e9 Sus\u00edn, edils del Barri del Crist i Quart de Poblet, respectivament, en les vicepresid\u00e8ncies. Representants d&#8217;Alaqu\u00e0s, Catarroja, Manises, Mislata, Silla i Moncada completen la comissi\u00f3 executiva de la xarxa provincial.<\/span><\/span><\/p>\n<p>&nbsp;<\/p>\n<p class=\"western\"><span style=\"color: #000000; font-size: 12pt;\"><span style=\"font-family: Arial, sans-serif;\">En l&#8217;actualitat, ja s\u00f3n 24 els municipis de la prov\u00edncia (amb la recent incorporaci\u00f3 de Massanassa i Alc\u00e0sser) que conformen la Xarxa Joves.net. El president, que repeteix en el c\u00e0rrec, assenyala la import\u00e0ncia que cada vegada siguen m\u00e9s els municipis que se sumen al que considera &#8220;una etapa que obri un horitz\u00f3 amb diferents sensibilitats i l&#8217;aposta ferma pel treball en xarxa per a la joventut&#8221;.<\/span><\/span><\/p>\n<p>&nbsp;<\/p>\n<p class=\"western\"><span style=\"color: #000000;\"><span style=\"font-family: Arial, sans-serif;\"><span style=\"font-size: small;\"><span style=\"font-size: 12pt;\">D&#8217;aquesta manera, i despr\u00e9s de la sessi\u00f3 organitzativa, s&#8217;assegura que Joves.Net \u00e9s un &#8220;projecte col\u00b7laboratiu-participatiu imprescindible per les persones joves de la nostra prov\u00edncia. Participar, col\u00b7laborar i compartir, s\u00f3n i seran sempre les claus que ens fan cr\u00e9ixer cada dia&#8221;. G\u00f3mez destaca campanyes com la <\/span><\/span><\/span><\/span><span style=\"font-size: 12pt;\"><span style=\"color: #000000;\"><span style=\"font-family: Arial, sans-serif;\"><i>Prejudice Collection<\/i><\/span><\/span><span style=\"color: #000000;\"><span style=\"font-family: Arial, sans-serif;\">, contra el racisme, o el projecte Joves.sex.<\/span><\/span><\/span><\/p>\n<p>&nbsp;<\/p>\n<p class=\"western\"><span style=\"color: #000000; font-size: 12pt;\"><span style=\"font-family: Arial, sans-serif;\">Es tracta d&#8217;un consorci de m\u00e9s de 30 anys de traject\u00f2ria &#8220;solvent, com han demostrat els t\u00e8cnics i t\u00e8cniques que han conformat l&#8217;organitzaci\u00f3&#8221;. Una uni\u00f3 de municipis que potencia com a denominador com\u00fa &#8220;el treball en xarxa&#8221;, i sobre aquesta base i tal com explica el president, el consorci pret\u00e9n &#8220;crear una nova l\u00ednia de treball a trav\u00e9s de la Cultura i les seues diferents branques, per a acostar-nos a les persones joves&#8221;.<\/span><\/span><\/p>\n<p>&nbsp;<\/p>\n<p class=\"western\"><span style=\"color: #000000; font-size: 12pt;\"><span style=\"font-family: Arial, sans-serif;\">Amb l&#8217;aprovaci\u00f3 a m\u00e9s dels pressupostos, i per unanimitat, G\u00f3mez afronta aquesta etapa com un repte, &#8220;amb il\u00b7lusi\u00f3 per a apostar per continuar creixent en les trobades de Corresponsals cap a un oci alternatiu i saludable&#8221;.<\/span><\/span><\/p>\n<p>&nbsp;<\/p>\n<p class=\"western\"><span style=\"font-size: 12pt;\"><span style=\"color: #000000;\"><span style=\"font-family: Arial, sans-serif;\">En total parlem d&#8217;una poblaci\u00f3 juvenil de m\u00e9s de 130.000 persones d&#8217;entre 12 i 30 anys a la qual s&#8217;adre\u00e7a aquesta xarxa. Un consorci per a la gesti\u00f3 de la Xarxa Joves.net, de recursos d&#8217;informaci\u00f3 i participaci\u00f3 per a joves, est\u00e0 integrat pels Ajuntaments de: Alaqu<\/span><\/span><span style=\"color: #000000;\"><span style=\"font-family: Arial, sans-serif;\">\u00e0<\/span><\/span><span style=\"color: #000000;\"><span style=\"font-family: Arial, sans-serif;\">s, Albal, Alc<\/span><\/span><span style=\"color: #000000;\"><span style=\"font-family: Arial, sans-serif;\">\u00e0<\/span><\/span><span style=\"color: #000000;\"><span style=\"font-family: Arial, sans-serif;\">sser, Aldaia, Almussafes, Barri del Crist, Benet<\/span><\/span><span style=\"color: #000000;\"><span style=\"font-family: Arial, sans-serif;\">\u00fa<\/span><\/span><span style=\"color: #000000;\"><span style=\"font-family: Arial, sans-serif;\">sser, Catarroja, Godella, la Pobla de Farnals, Manises, Massanassa, Mislata, Moncada, Paiporta, Paterna, Picanya, Picassent, Quart de Poblet, Sagunt, Sedav<\/span><\/span><span style=\"color: #000000;\"><span style=\"font-family: Arial, sans-serif;\">\u00ed<\/span><\/span><span style=\"color: #000000;\"><span style=\"font-family: Arial, sans-serif;\">, Silla, Torrent i Xirivella.<\/span><\/span><\/span><\/p>\n","protected":false},"excerpt":{"rendered":"<p>El nou consorci de Xarxa Joves.net s&#8217;ha constitu\u00eft aquesta setmana, a la sala de plens de l&#8217;ajuntament de Torren&#8230;<\/p>\n","protected":false},"author":2,"featured_media":18313,"comment_status":"open","ping_status":"open","sticky":false,"template":"","format":"standard","meta":{"_acf_changed":false,"footnotes":""},"categories":[55],"tags":[],"class_list":["post-18317","post","type-post","status-publish","format-standard","has-post-thumbnail","hentry","category-joventut"],"acf":[],"yoast_head":"<!-- This site is optimized with the Yoast SEO plugin v26.9 - https:\/\/yoast.com\/product\/yoast-seo-wordpress\/ -->\n<title>Joves.net revalida Sergio G\u00f3mez com a president - Not\u00edcies - Ajuntament d&#039;Aldaia<\/title>\n<meta name=\"description\" content=\"Campanyes contra el racisme, projectes d&#039;assessorament sexoafectiu, i el suport i treball en valors, o l&#039;acompanyament juvenil de Corresponsals centraran la nova etapa intermunicipal\" \/>\n<meta name=\"robots\" content=\"index, follow, max-snippet:-1, max-image-preview:large, max-video-preview:-1\" \/>\n<link rel=\"canonical\" href=\"https:\/\/aldaia.es\/noticias\/joves-net-revalida-sergio-gomez-com-a-president\/\" \/>\n<meta property=\"og:locale\" content=\"ca_ES\" \/>\n<meta property=\"og:type\" content=\"article\" \/>\n<meta property=\"og:title\" content=\"Joves.net revalida Sergio G\u00f3mez com a president - Not\u00edcies - Ajuntament d&#039;Aldaia\" \/>\n<meta property=\"og:description\" content=\"Campanyes contra el racisme, projectes d&#039;assessorament sexoafectiu, i el suport i treball en valors, o l&#039;acompanyament juvenil de Corresponsals centraran la nova etapa intermunicipal\" \/>\n<meta property=\"og:url\" content=\"https:\/\/aldaia.es\/noticias\/joves-net-revalida-sergio-gomez-com-a-president\/\" \/>\n<meta property=\"og:site_name\" content=\"Not\u00edcies - Ajuntament d&#039;Aldaia\" \/>\n<meta property=\"article:published_time\" content=\"2023-10-25T12:26:07+00:00\" \/>\n<meta property=\"og:image\" content=\"https:\/\/aldaia.es\/noticias\/wp-content\/uploads\/2023\/10\/consorcio.jpeg\" \/>\n\t<meta property=\"og:image:width\" content=\"1600\" \/>\n\t<meta property=\"og:image:height\" content=\"1189\" \/>\n\t<meta property=\"og:image:type\" content=\"image\/jpeg\" \/>\n<meta name=\"author\" content=\"prensa\" \/>\n<meta name=\"twitter:card\" content=\"summary_large_image\" \/>\n<meta name=\"twitter:label1\" content=\"Escrit per\" \/>\n\t<meta name=\"twitter:data1\" content=\"prensa\" \/>\n\t<meta name=\"twitter:label2\" content=\"Temps estimat de lectura\" \/>\n\t<meta name=\"twitter:data2\" content=\"2 minuts\" \/>\n<script type=\"application\/ld+json\" class=\"yoast-schema-graph\">{\"@context\":\"https:\/\/schema.org\",\"@graph\":[{\"@type\":\"Article\",\"@id\":\"https:\/\/aldaia.es\/noticias\/joves-net-revalida-sergio-gomez-com-a-president\/#article\",\"isPartOf\":{\"@id\":\"https:\/\/aldaia.es\/noticias\/joves-net-revalida-sergio-gomez-com-a-president\/\"},\"author\":{\"name\":\"prensa\",\"@id\":\"https:\/\/aldaia.es\/noticias\/#\/schema\/person\/736bf474749673d55971dc81c4553f7e\"},\"headline\":\"Joves.net revalida Sergio G\u00f3mez com a president\",\"datePublished\":\"2023-10-25T12:26:07+00:00\",\"mainEntityOfPage\":{\"@id\":\"https:\/\/aldaia.es\/noticias\/joves-net-revalida-sergio-gomez-com-a-president\/\"},\"wordCount\":451,\"commentCount\":0,\"publisher\":{\"@id\":\"https:\/\/aldaia.es\/noticias\/#organization\"},\"image\":{\"@id\":\"https:\/\/aldaia.es\/noticias\/joves-net-revalida-sergio-gomez-com-a-president\/#primaryimage\"},\"thumbnailUrl\":\"https:\/\/aldaia.es\/noticias\/wp-content\/uploads\/2023\/10\/consorcio.jpeg\",\"articleSection\":[\"Joventut\"],\"inLanguage\":\"ca\",\"potentialAction\":[{\"@type\":\"CommentAction\",\"name\":\"Comment\",\"target\":[\"https:\/\/aldaia.es\/noticias\/joves-net-revalida-sergio-gomez-com-a-president\/#respond\"]}]},{\"@type\":\"WebPage\",\"@id\":\"https:\/\/aldaia.es\/noticias\/joves-net-revalida-sergio-gomez-com-a-president\/\",\"url\":\"https:\/\/aldaia.es\/noticias\/joves-net-revalida-sergio-gomez-com-a-president\/\",\"name\":\"Joves.net revalida Sergio G\u00f3mez com a president - Not\u00edcies - Ajuntament d&#039;Aldaia\",\"isPartOf\":{\"@id\":\"https:\/\/aldaia.es\/noticias\/#website\"},\"primaryImageOfPage\":{\"@id\":\"https:\/\/aldaia.es\/noticias\/joves-net-revalida-sergio-gomez-com-a-president\/#primaryimage\"},\"image\":{\"@id\":\"https:\/\/aldaia.es\/noticias\/joves-net-revalida-sergio-gomez-com-a-president\/#primaryimage\"},\"thumbnailUrl\":\"https:\/\/aldaia.es\/noticias\/wp-content\/uploads\/2023\/10\/consorcio.jpeg\",\"datePublished\":\"2023-10-25T12:26:07+00:00\",\"description\":\"Campanyes contra el racisme, projectes d'assessorament sexoafectiu, i el suport i treball en valors, o l'acompanyament juvenil de Corresponsals centraran la nova etapa intermunicipal\",\"breadcrumb\":{\"@id\":\"https:\/\/aldaia.es\/noticias\/joves-net-revalida-sergio-gomez-com-a-president\/#breadcrumb\"},\"inLanguage\":\"ca\",\"potentialAction\":[{\"@type\":\"ReadAction\",\"target\":[\"https:\/\/aldaia.es\/noticias\/joves-net-revalida-sergio-gomez-com-a-president\/\"]}]},{\"@type\":\"ImageObject\",\"inLanguage\":\"ca\",\"@id\":\"https:\/\/aldaia.es\/noticias\/joves-net-revalida-sergio-gomez-com-a-president\/#primaryimage\",\"url\":\"https:\/\/aldaia.es\/noticias\/wp-content\/uploads\/2023\/10\/consorcio.jpeg\",\"contentUrl\":\"https:\/\/aldaia.es\/noticias\/wp-content\/uploads\/2023\/10\/consorcio.jpeg\",\"width\":1600,\"height\":1189},{\"@type\":\"BreadcrumbList\",\"@id\":\"https:\/\/aldaia.es\/noticias\/joves-net-revalida-sergio-gomez-com-a-president\/#breadcrumb\",\"itemListElement\":[{\"@type\":\"ListItem\",\"position\":1,\"name\":\"Portada\",\"item\":\"https:\/\/aldaia.es\/noticias\/\"},{\"@type\":\"ListItem\",\"position\":2,\"name\":\"Joves.net revalida Sergio G\u00f3mez com a president\"}]},{\"@type\":\"WebSite\",\"@id\":\"https:\/\/aldaia.es\/noticias\/#website\",\"url\":\"https:\/\/aldaia.es\/noticias\/\",\"name\":\"Noticias Aldaia\",\"description\":\"\",\"publisher\":{\"@id\":\"https:\/\/aldaia.es\/noticias\/#organization\"},\"potentialAction\":[{\"@type\":\"SearchAction\",\"target\":{\"@type\":\"EntryPoint\",\"urlTemplate\":\"https:\/\/aldaia.es\/noticias\/?s={search_term_string}\"},\"query-input\":{\"@type\":\"PropertyValueSpecification\",\"valueRequired\":true,\"valueName\":\"search_term_string\"}}],\"inLanguage\":\"ca\"},{\"@type\":\"Organization\",\"@id\":\"https:\/\/aldaia.es\/noticias\/#organization\",\"name\":\"Noticias Aldaia\",\"url\":\"https:\/\/aldaia.es\/noticias\/\",\"logo\":{\"@type\":\"ImageObject\",\"inLanguage\":\"ca\",\"@id\":\"https:\/\/aldaia.es\/noticias\/#\/schema\/logo\/image\/\",\"url\":\"https:\/\/aldaia.es\/noticias\/wp-content\/uploads\/2025\/05\/aldaia-noticias.jpg\",\"contentUrl\":\"https:\/\/aldaia.es\/noticias\/wp-content\/uploads\/2025\/05\/aldaia-noticias.jpg\",\"width\":512,\"height\":512,\"caption\":\"Noticias Aldaia\"},\"image\":{\"@id\":\"https:\/\/aldaia.es\/noticias\/#\/schema\/logo\/image\/\"}},{\"@type\":\"Person\",\"@id\":\"https:\/\/aldaia.es\/noticias\/#\/schema\/person\/736bf474749673d55971dc81c4553f7e\",\"name\":\"prensa\",\"url\":\"https:\/\/aldaia.es\/noticias\/author\/prensa\/\"}]}<\/script>\n<!-- \/ Yoast SEO plugin. -->","yoast_head_json":{"title":"Joves.net revalida Sergio G\u00f3mez com a president - Not\u00edcies - Ajuntament d&#039;Aldaia","description":"Campanyes contra el racisme, projectes d'assessorament sexoafectiu, i el suport i treball en valors, o l'acompanyament juvenil de Corresponsals centraran la nova etapa intermunicipal","robots":{"index":"index","follow":"follow","max-snippet":"max-snippet:-1","max-image-preview":"max-image-preview:large","max-video-preview":"max-video-preview:-1"},"canonical":"https:\/\/aldaia.es\/noticias\/joves-net-revalida-sergio-gomez-com-a-president\/","og_locale":"ca_ES","og_type":"article","og_title":"Joves.net revalida Sergio G\u00f3mez com a president - Not\u00edcies - Ajuntament d&#039;Aldaia","og_description":"Campanyes contra el racisme, projectes d'assessorament sexoafectiu, i el suport i treball en valors, o l'acompanyament juvenil de Corresponsals centraran la nova etapa intermunicipal","og_url":"https:\/\/aldaia.es\/noticias\/joves-net-revalida-sergio-gomez-com-a-president\/","og_site_name":"Not\u00edcies - Ajuntament d&#039;Aldaia","article_published_time":"2023-10-25T12:26:07+00:00","og_image":[{"width":1600,"height":1189,"url":"https:\/\/aldaia.es\/noticias\/wp-content\/uploads\/2023\/10\/consorcio.jpeg","type":"image\/jpeg"}],"author":"prensa","twitter_card":"summary_large_image","twitter_misc":{"Escrit per":"prensa","Temps estimat de lectura":"2 minuts"},"schema":{"@context":"https:\/\/schema.org","@graph":[{"@type":"Article","@id":"https:\/\/aldaia.es\/noticias\/joves-net-revalida-sergio-gomez-com-a-president\/#article","isPartOf":{"@id":"https:\/\/aldaia.es\/noticias\/joves-net-revalida-sergio-gomez-com-a-president\/"},"author":{"name":"prensa","@id":"https:\/\/aldaia.es\/noticias\/#\/schema\/person\/736bf474749673d55971dc81c4553f7e"},"headline":"Joves.net revalida Sergio G\u00f3mez com a president","datePublished":"2023-10-25T12:26:07+00:00","mainEntityOfPage":{"@id":"https:\/\/aldaia.es\/noticias\/joves-net-revalida-sergio-gomez-com-a-president\/"},"wordCount":451,"commentCount":0,"publisher":{"@id":"https:\/\/aldaia.es\/noticias\/#organization"},"image":{"@id":"https:\/\/aldaia.es\/noticias\/joves-net-revalida-sergio-gomez-com-a-president\/#primaryimage"},"thumbnailUrl":"https:\/\/aldaia.es\/noticias\/wp-content\/uploads\/2023\/10\/consorcio.jpeg","articleSection":["Joventut"],"inLanguage":"ca","potentialAction":[{"@type":"CommentAction","name":"Comment","target":["https:\/\/aldaia.es\/noticias\/joves-net-revalida-sergio-gomez-com-a-president\/#respond"]}]},{"@type":"WebPage","@id":"https:\/\/aldaia.es\/noticias\/joves-net-revalida-sergio-gomez-com-a-president\/","url":"https:\/\/aldaia.es\/noticias\/joves-net-revalida-sergio-gomez-com-a-president\/","name":"Joves.net revalida Sergio G\u00f3mez com a president - Not\u00edcies - Ajuntament d&#039;Aldaia","isPartOf":{"@id":"https:\/\/aldaia.es\/noticias\/#website"},"primaryImageOfPage":{"@id":"https:\/\/aldaia.es\/noticias\/joves-net-revalida-sergio-gomez-com-a-president\/#primaryimage"},"image":{"@id":"https:\/\/aldaia.es\/noticias\/joves-net-revalida-sergio-gomez-com-a-president\/#primaryimage"},"thumbnailUrl":"https:\/\/aldaia.es\/noticias\/wp-content\/uploads\/2023\/10\/consorcio.jpeg","datePublished":"2023-10-25T12:26:07+00:00","description":"Campanyes contra el racisme, projectes d'assessorament sexoafectiu, i el suport i treball en valors, o l'acompanyament juvenil de Corresponsals centraran la nova etapa intermunicipal","breadcrumb":{"@id":"https:\/\/aldaia.es\/noticias\/joves-net-revalida-sergio-gomez-com-a-president\/#breadcrumb"},"inLanguage":"ca","potentialAction":[{"@type":"ReadAction","target":["https:\/\/aldaia.es\/noticias\/joves-net-revalida-sergio-gomez-com-a-president\/"]}]},{"@type":"ImageObject","inLanguage":"ca","@id":"https:\/\/aldaia.es\/noticias\/joves-net-revalida-sergio-gomez-com-a-president\/#primaryimage","url":"https:\/\/aldaia.es\/noticias\/wp-content\/uploads\/2023\/10\/consorcio.jpeg","contentUrl":"https:\/\/aldaia.es\/noticias\/wp-content\/uploads\/2023\/10\/consorcio.jpeg","width":1600,"height":1189},{"@type":"BreadcrumbList","@id":"https:\/\/aldaia.es\/noticias\/joves-net-revalida-sergio-gomez-com-a-president\/#breadcrumb","itemListElement":[{"@type":"ListItem","position":1,"name":"Portada","item":"https:\/\/aldaia.es\/noticias\/"},{"@type":"ListItem","position":2,"name":"Joves.net revalida Sergio G\u00f3mez com a president"}]},{"@type":"WebSite","@id":"https:\/\/aldaia.es\/noticias\/#website","url":"https:\/\/aldaia.es\/noticias\/","name":"Noticias Aldaia","description":"","publisher":{"@id":"https:\/\/aldaia.es\/noticias\/#organization"},"potentialAction":[{"@type":"SearchAction","target":{"@type":"EntryPoint","urlTemplate":"https:\/\/aldaia.es\/noticias\/?s={search_term_string}"},"query-input":{"@type":"PropertyValueSpecification","valueRequired":true,"valueName":"search_term_string"}}],"inLanguage":"ca"},{"@type":"Organization","@id":"https:\/\/aldaia.es\/noticias\/#organization","name":"Noticias Aldaia","url":"https:\/\/aldaia.es\/noticias\/","logo":{"@type":"ImageObject","inLanguage":"ca","@id":"https:\/\/aldaia.es\/noticias\/#\/schema\/logo\/image\/","url":"https:\/\/aldaia.es\/noticias\/wp-content\/uploads\/2025\/05\/aldaia-noticias.jpg","contentUrl":"https:\/\/aldaia.es\/noticias\/wp-content\/uploads\/2025\/05\/aldaia-noticias.jpg","width":512,"height":512,"caption":"Noticias Aldaia"},"image":{"@id":"https:\/\/aldaia.es\/noticias\/#\/schema\/logo\/image\/"}},{"@type":"Person","@id":"https:\/\/aldaia.es\/noticias\/#\/schema\/person\/736bf474749673d55971dc81c4553f7e","name":"prensa","url":"https:\/\/aldaia.es\/noticias\/author\/prensa\/"}]}},"_links":{"self":[{"href":"https:\/\/aldaia.es\/noticias\/wp-json\/wp\/v2\/posts\/18317","targetHints":{"allow":["GET"]}}],"collection":[{"href":"https:\/\/aldaia.es\/noticias\/wp-json\/wp\/v2\/posts"}],"about":[{"href":"https:\/\/aldaia.es\/noticias\/wp-json\/wp\/v2\/types\/post"}],"author":[{"embeddable":true,"href":"https:\/\/aldaia.es\/noticias\/wp-json\/wp\/v2\/users\/2"}],"replies":[{"embeddable":true,"href":"https:\/\/aldaia.es\/noticias\/wp-json\/wp\/v2\/comments?post=18317"}],"version-history":[{"count":0,"href":"https:\/\/aldaia.es\/noticias\/wp-json\/wp\/v2\/posts\/18317\/revisions"}],"wp:featuredmedia":[{"embeddable":true,"href":"https:\/\/aldaia.es\/noticias\/wp-json\/wp\/v2\/media\/18313"}],"wp:attachment":[{"href":"https:\/\/aldaia.es\/noticias\/wp-json\/wp\/v2\/media?parent=18317"}],"wp:term":[{"taxonomy":"category","embeddable":true,"href":"https:\/\/aldaia.es\/noticias\/wp-json\/wp\/v2\/categories?post=18317"},{"taxonomy":"post_tag","embeddable":true,"href":"https:\/\/aldaia.es\/noticias\/wp-json\/wp\/v2\/tags?post=18317"}],"curies":[{"name":"wp","href":"https:\/\/api.w.org\/{rel}","templated":true}]}}