{"id":18413,"date":"2023-11-02T13:37:34","date_gmt":"2023-11-02T12:37:34","guid":{"rendered":"https:\/\/aldaia.es\/?p=18413"},"modified":"2023-11-02T13:37:34","modified_gmt":"2023-11-02T12:37:34","slug":"exit-en-el-passatge-del-terror-de-halloween-del-centre-matilde-salvador-daldaia","status":"publish","type":"post","link":"https:\/\/aldaia.es\/noticias\/exit-en-el-passatge-del-terror-de-halloween-del-centre-matilde-salvador-daldaia\/","title":{"rendered":"\u00c8xit en el Passatge del Terror, de Halloween, del Centre Matilde Salvador d&#8217;Aldaia"},"content":{"rendered":"<h3><strong>M\u00e9s de 300 joves gaudixen de les activitats terror\u00edfiques dissenyades pel grup de Corresponsals d&#8217;Aldaia. Destaquen les ic\u00f2niques disfresses de Katrina i personatges d&#8217;anime en una festa per la Nit d\u2019\u00e0nimes plena d&#8217;emoci\u00f3 i diversi\u00f3<\/strong><\/h3>\n<h3>Divendres passat, 27 d&#8217;octubre, el Centre Matilde Salvador d&#8217;Aldaia es va omplir d&#8217;emocions esborronadores i diversi\u00f3 en la celebraci\u00f3 de la Nit d\u2019\u00c0nimes, organitzada per Gent Jove Aldaia. L&#8217;esdeveniment va ser un rotund \u00e8xit i va comptar amb la participaci\u00f3 de joves d&#8217;entre 12 i 18 anys, tant del propi municipi com de localitats ve\u00efnes com Xirivella i Alaqu\u00e0s.<\/h3>\n<h3>Un dels moments m\u00e9s destacats de la nit va ser el passatge del terror, preparat per un grup de 27 joves pertanyents al grup de Corresponsals d&#8217;Aldaia. Durant un mes i mig, estes joves van treballar en la creaci\u00f3 d&#8217;una experi\u00e8ncia aterridora, ideant una hist\u00f2ria, dissenyant personatges, elaborant la decoraci\u00f3 i confeccionant els vestuaris. M\u00e9s de 300 persones joves valentes es van aventurar a endinsar-se en el passatge, vivint moments de pur terror, emoci\u00f3 i diversi\u00f3.<\/h3>\n<h3>L&#8217;esdeveniment va continuar amb una animada festa en la qual la m\u00fasica i la decoraci\u00f3 tem\u00e0tica van crear un bon ambient. Es va celebrar un concurs de disfresses amb premis tant individuals com per a grups, i les persones assistents van demostrar la seua creativitat amb vestits impressionants. Les disfresses m\u00e9s populars de la nit van ser les ic\u00f2niques &#8220;katrinas&#8221; i els personatges d&#8217;anime.<\/h3>\n<h3>En definitiva, la iniciativa va rebre una resposta molt positiva de participaci\u00f3: \u201cMoltes gr\u00e0cies per fer-me passar por i per fer tot aix\u00f2; m&#8217;ha agradat molt, ho repetiria huit vegades m\u00e9s\u201d, \u201cEls corresponsals ho han fet molt b\u00e9, la veritat \u00e9s que ha estat molt ben organitzat i ben fet en tot el passatge\u201d.<\/h3>\n<h3><\/h3>\n<h3><strong>Biblioteca encantada<\/strong><\/h3>\n<h3>La Biblioteca Municipal tamb\u00e9 es va sumar a la celebraci\u00f3 amb activitats programades durant la setmana. Aix\u00ed, xiquets i xiquetes d&#8217;entre 8 i 11 anys van poder crear les seues pr\u00f2pies disfresses en un taller dedicat als monstres valencians. I a m\u00e9s, el centre va obrir les seues portes durant la nit del 27 d&#8217;octubre amb \u201cLa biblioteca encantada\u201d perqu\u00e8 els m\u00e9s menuts disfrutaren d&#8217;una vetlada nocturna protagonitzada pels sacs de dormir i les hist\u00f2ries de por.<\/h3>\n","protected":false},"excerpt":{"rendered":"<p>M\u00e9s de 300 joves gaudixen de les activitats terror\u00edfiques dissenyades pel grup de Corresponsals d&#8217;Aldaia. Destaquen l&#8230;<\/p>\n","protected":false},"author":3,"featured_media":18414,"comment_status":"open","ping_status":"open","sticky":false,"template":"","format":"standard","meta":{"_acf_changed":false,"footnotes":""},"categories":[55],"tags":[],"class_list":["post-18413","post","type-post","status-publish","format-standard","has-post-thumbnail","hentry","category-joventut"],"acf":[],"yoast_head":"<!-- This site is optimized with the Yoast SEO plugin v26.9 - https:\/\/yoast.com\/product\/yoast-seo-wordpress\/ -->\n<title>\u00c8xit en el Passatge del Terror, de Halloween, del Centre Matilde Salvador d&#8217;Aldaia - Not\u00edcies - Ajuntament d&#039;Aldaia<\/title>\n<meta name=\"robots\" content=\"index, follow, max-snippet:-1, max-image-preview:large, max-video-preview:-1\" \/>\n<link rel=\"canonical\" href=\"https:\/\/aldaia.es\/noticias\/exit-en-el-passatge-del-terror-de-halloween-del-centre-matilde-salvador-daldaia\/\" \/>\n<meta property=\"og:locale\" content=\"ca_ES\" \/>\n<meta property=\"og:type\" content=\"article\" \/>\n<meta property=\"og:title\" content=\"\u00c8xit en el Passatge del Terror, de Halloween, del Centre Matilde Salvador d&#8217;Aldaia - Not\u00edcies - Ajuntament d&#039;Aldaia\" \/>\n<meta property=\"og:description\" content=\"M\u00e9s de 300 joves gaudixen de les activitats terror\u00edfiques dissenyades pel grup de Corresponsals d&#8217;Aldaia. Destaquen l...\" \/>\n<meta property=\"og:url\" content=\"https:\/\/aldaia.es\/noticias\/exit-en-el-passatge-del-terror-de-halloween-del-centre-matilde-salvador-daldaia\/\" \/>\n<meta property=\"og:site_name\" content=\"Not\u00edcies - Ajuntament d&#039;Aldaia\" \/>\n<meta property=\"article:published_time\" content=\"2023-11-02T12:37:34+00:00\" \/>\n<meta property=\"og:image\" content=\"https:\/\/aldaia.es\/noticias\/wp-content\/uploads\/2023\/11\/terror.jpeg\" \/>\n\t<meta property=\"og:image:width\" content=\"1600\" \/>\n\t<meta property=\"og:image:height\" content=\"1200\" \/>\n\t<meta property=\"og:image:type\" content=\"image\/jpeg\" \/>\n<meta name=\"author\" content=\"COMUNICACION\" \/>\n<meta name=\"twitter:card\" content=\"summary_large_image\" \/>\n<meta name=\"twitter:label1\" content=\"Escrit per\" \/>\n\t<meta name=\"twitter:data1\" content=\"COMUNICACION\" \/>\n\t<meta name=\"twitter:label2\" content=\"Temps estimat de lectura\" \/>\n\t<meta name=\"twitter:data2\" content=\"2 minuts\" \/>\n<script type=\"application\/ld+json\" class=\"yoast-schema-graph\">{\"@context\":\"https:\/\/schema.org\",\"@graph\":[{\"@type\":\"Article\",\"@id\":\"https:\/\/aldaia.es\/noticias\/exit-en-el-passatge-del-terror-de-halloween-del-centre-matilde-salvador-daldaia\/#article\",\"isPartOf\":{\"@id\":\"https:\/\/aldaia.es\/noticias\/exit-en-el-passatge-del-terror-de-halloween-del-centre-matilde-salvador-daldaia\/\"},\"author\":{\"name\":\"COMUNICACION\",\"@id\":\"https:\/\/aldaia.es\/noticias\/#\/schema\/person\/4b9d33d0d77864dfe798033366a332f5\"},\"headline\":\"\u00c8xit en el Passatge del Terror, de Halloween, del Centre Matilde Salvador d&#8217;Aldaia\",\"datePublished\":\"2023-11-02T12:37:34+00:00\",\"mainEntityOfPage\":{\"@id\":\"https:\/\/aldaia.es\/noticias\/exit-en-el-passatge-del-terror-de-halloween-del-centre-matilde-salvador-daldaia\/\"},\"wordCount\":409,\"commentCount\":0,\"publisher\":{\"@id\":\"https:\/\/aldaia.es\/noticias\/#organization\"},\"image\":{\"@id\":\"https:\/\/aldaia.es\/noticias\/exit-en-el-passatge-del-terror-de-halloween-del-centre-matilde-salvador-daldaia\/#primaryimage\"},\"thumbnailUrl\":\"https:\/\/aldaia.es\/noticias\/wp-content\/uploads\/2023\/11\/terror.jpeg\",\"articleSection\":[\"Joventut\"],\"inLanguage\":\"ca\",\"potentialAction\":[{\"@type\":\"CommentAction\",\"name\":\"Comment\",\"target\":[\"https:\/\/aldaia.es\/noticias\/exit-en-el-passatge-del-terror-de-halloween-del-centre-matilde-salvador-daldaia\/#respond\"]}]},{\"@type\":\"WebPage\",\"@id\":\"https:\/\/aldaia.es\/noticias\/exit-en-el-passatge-del-terror-de-halloween-del-centre-matilde-salvador-daldaia\/\",\"url\":\"https:\/\/aldaia.es\/noticias\/exit-en-el-passatge-del-terror-de-halloween-del-centre-matilde-salvador-daldaia\/\",\"name\":\"\u00c8xit en el Passatge del Terror, de Halloween, del Centre Matilde Salvador d&#8217;Aldaia - Not\u00edcies - Ajuntament d&#039;Aldaia\",\"isPartOf\":{\"@id\":\"https:\/\/aldaia.es\/noticias\/#website\"},\"primaryImageOfPage\":{\"@id\":\"https:\/\/aldaia.es\/noticias\/exit-en-el-passatge-del-terror-de-halloween-del-centre-matilde-salvador-daldaia\/#primaryimage\"},\"image\":{\"@id\":\"https:\/\/aldaia.es\/noticias\/exit-en-el-passatge-del-terror-de-halloween-del-centre-matilde-salvador-daldaia\/#primaryimage\"},\"thumbnailUrl\":\"https:\/\/aldaia.es\/noticias\/wp-content\/uploads\/2023\/11\/terror.jpeg\",\"datePublished\":\"2023-11-02T12:37:34+00:00\",\"breadcrumb\":{\"@id\":\"https:\/\/aldaia.es\/noticias\/exit-en-el-passatge-del-terror-de-halloween-del-centre-matilde-salvador-daldaia\/#breadcrumb\"},\"inLanguage\":\"ca\",\"potentialAction\":[{\"@type\":\"ReadAction\",\"target\":[\"https:\/\/aldaia.es\/noticias\/exit-en-el-passatge-del-terror-de-halloween-del-centre-matilde-salvador-daldaia\/\"]}]},{\"@type\":\"ImageObject\",\"inLanguage\":\"ca\",\"@id\":\"https:\/\/aldaia.es\/noticias\/exit-en-el-passatge-del-terror-de-halloween-del-centre-matilde-salvador-daldaia\/#primaryimage\",\"url\":\"https:\/\/aldaia.es\/noticias\/wp-content\/uploads\/2023\/11\/terror.jpeg\",\"contentUrl\":\"https:\/\/aldaia.es\/noticias\/wp-content\/uploads\/2023\/11\/terror.jpeg\",\"width\":1600,\"height\":1200},{\"@type\":\"BreadcrumbList\",\"@id\":\"https:\/\/aldaia.es\/noticias\/exit-en-el-passatge-del-terror-de-halloween-del-centre-matilde-salvador-daldaia\/#breadcrumb\",\"itemListElement\":[{\"@type\":\"ListItem\",\"position\":1,\"name\":\"Portada\",\"item\":\"https:\/\/aldaia.es\/noticias\/\"},{\"@type\":\"ListItem\",\"position\":2,\"name\":\"\u00c8xit en el Passatge del Terror, de Halloween, del Centre Matilde Salvador d&#8217;Aldaia\"}]},{\"@type\":\"WebSite\",\"@id\":\"https:\/\/aldaia.es\/noticias\/#website\",\"url\":\"https:\/\/aldaia.es\/noticias\/\",\"name\":\"Noticias Aldaia\",\"description\":\"\",\"publisher\":{\"@id\":\"https:\/\/aldaia.es\/noticias\/#organization\"},\"potentialAction\":[{\"@type\":\"SearchAction\",\"target\":{\"@type\":\"EntryPoint\",\"urlTemplate\":\"https:\/\/aldaia.es\/noticias\/?s={search_term_string}\"},\"query-input\":{\"@type\":\"PropertyValueSpecification\",\"valueRequired\":true,\"valueName\":\"search_term_string\"}}],\"inLanguage\":\"ca\"},{\"@type\":\"Organization\",\"@id\":\"https:\/\/aldaia.es\/noticias\/#organization\",\"name\":\"Noticias Aldaia\",\"url\":\"https:\/\/aldaia.es\/noticias\/\",\"logo\":{\"@type\":\"ImageObject\",\"inLanguage\":\"ca\",\"@id\":\"https:\/\/aldaia.es\/noticias\/#\/schema\/logo\/image\/\",\"url\":\"https:\/\/aldaia.es\/noticias\/wp-content\/uploads\/2025\/05\/aldaia-noticias.jpg\",\"contentUrl\":\"https:\/\/aldaia.es\/noticias\/wp-content\/uploads\/2025\/05\/aldaia-noticias.jpg\",\"width\":512,\"height\":512,\"caption\":\"Noticias Aldaia\"},\"image\":{\"@id\":\"https:\/\/aldaia.es\/noticias\/#\/schema\/logo\/image\/\"}},{\"@type\":\"Person\",\"@id\":\"https:\/\/aldaia.es\/noticias\/#\/schema\/person\/4b9d33d0d77864dfe798033366a332f5\",\"name\":\"COMUNICACION\",\"url\":\"https:\/\/aldaia.es\/noticias\/author\/comunicacion\/\"}]}<\/script>\n<!-- \/ Yoast SEO plugin. -->","yoast_head_json":{"title":"\u00c8xit en el Passatge del Terror, de Halloween, del Centre Matilde Salvador d&#8217;Aldaia - Not\u00edcies - Ajuntament d&#039;Aldaia","robots":{"index":"index","follow":"follow","max-snippet":"max-snippet:-1","max-image-preview":"max-image-preview:large","max-video-preview":"max-video-preview:-1"},"canonical":"https:\/\/aldaia.es\/noticias\/exit-en-el-passatge-del-terror-de-halloween-del-centre-matilde-salvador-daldaia\/","og_locale":"ca_ES","og_type":"article","og_title":"\u00c8xit en el Passatge del Terror, de Halloween, del Centre Matilde Salvador d&#8217;Aldaia - Not\u00edcies - Ajuntament d&#039;Aldaia","og_description":"M\u00e9s de 300 joves gaudixen de les activitats terror\u00edfiques dissenyades pel grup de Corresponsals d&#8217;Aldaia. Destaquen l...","og_url":"https:\/\/aldaia.es\/noticias\/exit-en-el-passatge-del-terror-de-halloween-del-centre-matilde-salvador-daldaia\/","og_site_name":"Not\u00edcies - Ajuntament d&#039;Aldaia","article_published_time":"2023-11-02T12:37:34+00:00","og_image":[{"width":1600,"height":1200,"url":"https:\/\/aldaia.es\/noticias\/wp-content\/uploads\/2023\/11\/terror.jpeg","type":"image\/jpeg"}],"author":"COMUNICACION","twitter_card":"summary_large_image","twitter_misc":{"Escrit per":"COMUNICACION","Temps estimat de lectura":"2 minuts"},"schema":{"@context":"https:\/\/schema.org","@graph":[{"@type":"Article","@id":"https:\/\/aldaia.es\/noticias\/exit-en-el-passatge-del-terror-de-halloween-del-centre-matilde-salvador-daldaia\/#article","isPartOf":{"@id":"https:\/\/aldaia.es\/noticias\/exit-en-el-passatge-del-terror-de-halloween-del-centre-matilde-salvador-daldaia\/"},"author":{"name":"COMUNICACION","@id":"https:\/\/aldaia.es\/noticias\/#\/schema\/person\/4b9d33d0d77864dfe798033366a332f5"},"headline":"\u00c8xit en el Passatge del Terror, de Halloween, del Centre Matilde Salvador d&#8217;Aldaia","datePublished":"2023-11-02T12:37:34+00:00","mainEntityOfPage":{"@id":"https:\/\/aldaia.es\/noticias\/exit-en-el-passatge-del-terror-de-halloween-del-centre-matilde-salvador-daldaia\/"},"wordCount":409,"commentCount":0,"publisher":{"@id":"https:\/\/aldaia.es\/noticias\/#organization"},"image":{"@id":"https:\/\/aldaia.es\/noticias\/exit-en-el-passatge-del-terror-de-halloween-del-centre-matilde-salvador-daldaia\/#primaryimage"},"thumbnailUrl":"https:\/\/aldaia.es\/noticias\/wp-content\/uploads\/2023\/11\/terror.jpeg","articleSection":["Joventut"],"inLanguage":"ca","potentialAction":[{"@type":"CommentAction","name":"Comment","target":["https:\/\/aldaia.es\/noticias\/exit-en-el-passatge-del-terror-de-halloween-del-centre-matilde-salvador-daldaia\/#respond"]}]},{"@type":"WebPage","@id":"https:\/\/aldaia.es\/noticias\/exit-en-el-passatge-del-terror-de-halloween-del-centre-matilde-salvador-daldaia\/","url":"https:\/\/aldaia.es\/noticias\/exit-en-el-passatge-del-terror-de-halloween-del-centre-matilde-salvador-daldaia\/","name":"\u00c8xit en el Passatge del Terror, de Halloween, del Centre Matilde Salvador d&#8217;Aldaia - Not\u00edcies - Ajuntament d&#039;Aldaia","isPartOf":{"@id":"https:\/\/aldaia.es\/noticias\/#website"},"primaryImageOfPage":{"@id":"https:\/\/aldaia.es\/noticias\/exit-en-el-passatge-del-terror-de-halloween-del-centre-matilde-salvador-daldaia\/#primaryimage"},"image":{"@id":"https:\/\/aldaia.es\/noticias\/exit-en-el-passatge-del-terror-de-halloween-del-centre-matilde-salvador-daldaia\/#primaryimage"},"thumbnailUrl":"https:\/\/aldaia.es\/noticias\/wp-content\/uploads\/2023\/11\/terror.jpeg","datePublished":"2023-11-02T12:37:34+00:00","breadcrumb":{"@id":"https:\/\/aldaia.es\/noticias\/exit-en-el-passatge-del-terror-de-halloween-del-centre-matilde-salvador-daldaia\/#breadcrumb"},"inLanguage":"ca","potentialAction":[{"@type":"ReadAction","target":["https:\/\/aldaia.es\/noticias\/exit-en-el-passatge-del-terror-de-halloween-del-centre-matilde-salvador-daldaia\/"]}]},{"@type":"ImageObject","inLanguage":"ca","@id":"https:\/\/aldaia.es\/noticias\/exit-en-el-passatge-del-terror-de-halloween-del-centre-matilde-salvador-daldaia\/#primaryimage","url":"https:\/\/aldaia.es\/noticias\/wp-content\/uploads\/2023\/11\/terror.jpeg","contentUrl":"https:\/\/aldaia.es\/noticias\/wp-content\/uploads\/2023\/11\/terror.jpeg","width":1600,"height":1200},{"@type":"BreadcrumbList","@id":"https:\/\/aldaia.es\/noticias\/exit-en-el-passatge-del-terror-de-halloween-del-centre-matilde-salvador-daldaia\/#breadcrumb","itemListElement":[{"@type":"ListItem","position":1,"name":"Portada","item":"https:\/\/aldaia.es\/noticias\/"},{"@type":"ListItem","position":2,"name":"\u00c8xit en el Passatge del Terror, de Halloween, del Centre Matilde Salvador d&#8217;Aldaia"}]},{"@type":"WebSite","@id":"https:\/\/aldaia.es\/noticias\/#website","url":"https:\/\/aldaia.es\/noticias\/","name":"Noticias Aldaia","description":"","publisher":{"@id":"https:\/\/aldaia.es\/noticias\/#organization"},"potentialAction":[{"@type":"SearchAction","target":{"@type":"EntryPoint","urlTemplate":"https:\/\/aldaia.es\/noticias\/?s={search_term_string}"},"query-input":{"@type":"PropertyValueSpecification","valueRequired":true,"valueName":"search_term_string"}}],"inLanguage":"ca"},{"@type":"Organization","@id":"https:\/\/aldaia.es\/noticias\/#organization","name":"Noticias Aldaia","url":"https:\/\/aldaia.es\/noticias\/","logo":{"@type":"ImageObject","inLanguage":"ca","@id":"https:\/\/aldaia.es\/noticias\/#\/schema\/logo\/image\/","url":"https:\/\/aldaia.es\/noticias\/wp-content\/uploads\/2025\/05\/aldaia-noticias.jpg","contentUrl":"https:\/\/aldaia.es\/noticias\/wp-content\/uploads\/2025\/05\/aldaia-noticias.jpg","width":512,"height":512,"caption":"Noticias Aldaia"},"image":{"@id":"https:\/\/aldaia.es\/noticias\/#\/schema\/logo\/image\/"}},{"@type":"Person","@id":"https:\/\/aldaia.es\/noticias\/#\/schema\/person\/4b9d33d0d77864dfe798033366a332f5","name":"COMUNICACION","url":"https:\/\/aldaia.es\/noticias\/author\/comunicacion\/"}]}},"_links":{"self":[{"href":"https:\/\/aldaia.es\/noticias\/wp-json\/wp\/v2\/posts\/18413","targetHints":{"allow":["GET"]}}],"collection":[{"href":"https:\/\/aldaia.es\/noticias\/wp-json\/wp\/v2\/posts"}],"about":[{"href":"https:\/\/aldaia.es\/noticias\/wp-json\/wp\/v2\/types\/post"}],"author":[{"embeddable":true,"href":"https:\/\/aldaia.es\/noticias\/wp-json\/wp\/v2\/users\/3"}],"replies":[{"embeddable":true,"href":"https:\/\/aldaia.es\/noticias\/wp-json\/wp\/v2\/comments?post=18413"}],"version-history":[{"count":0,"href":"https:\/\/aldaia.es\/noticias\/wp-json\/wp\/v2\/posts\/18413\/revisions"}],"wp:featuredmedia":[{"embeddable":true,"href":"https:\/\/aldaia.es\/noticias\/wp-json\/wp\/v2\/media\/18414"}],"wp:attachment":[{"href":"https:\/\/aldaia.es\/noticias\/wp-json\/wp\/v2\/media?parent=18413"}],"wp:term":[{"taxonomy":"category","embeddable":true,"href":"https:\/\/aldaia.es\/noticias\/wp-json\/wp\/v2\/categories?post=18413"},{"taxonomy":"post_tag","embeddable":true,"href":"https:\/\/aldaia.es\/noticias\/wp-json\/wp\/v2\/tags?post=18413"}],"curies":[{"name":"wp","href":"https:\/\/api.w.org\/{rel}","templated":true}]}}