{"id":19236,"date":"2023-11-21T11:11:20","date_gmt":"2023-11-21T10:11:20","guid":{"rendered":"https:\/\/aldaia.es\/?p=19236"},"modified":"2025-05-19T14:14:40","modified_gmt":"2025-05-19T12:14:40","slug":"es-reprenen-les-obres-de-la-nova-biblioteca-municipal-daldaia","status":"publish","type":"post","link":"https:\/\/aldaia.es\/noticias\/es-reprenen-les-obres-de-la-nova-biblioteca-municipal-daldaia\/","title":{"rendered":"Es reprenen les obres de la nova Biblioteca Municipal d\u2019Aldaia"},"content":{"rendered":"<p><span style=\"font-size: 12pt;\">Les obres de construcci\u00f3 de la nova Biblioteca Municipal d&#8217;Aldaia s&#8217;han repr\u00e9s esta setmana amb l&#8217;entrada, de nou, de la maquin\u00e0ria i el personal treballador en el recinte per a continuar amb el projecte que es duu a terme en l&#8217;antic col\u00b7legi Mariano Benlliure. El proc\u00e9s va quedar paralitzat per la pujada dels preus de materials i combustibles, que van provocar una discrep\u00e0ncia entre l&#8217;empresa constructora adjudicat\u00e0ria i l&#8217;ajuntament.<\/span><\/p>\n<p>&nbsp;<\/p>\n<p><span style=\"font-size: 12pt;\">Aix\u00ed, finalment \u201ces va arribar a un acord per a la rescissi\u00f3 del contracte, i es va posar en marxa una nova licitaci\u00f3 per a tornar a adjudicar l&#8217;obra que ara es repr\u00e9n de nou i que afronta la seua fase m\u00e9s important\u201d, indiquen fonts municipals. El projecte suposa crear una biblioteca de refer\u00e8ncia des d&#8217;un concepte m\u00e9s avan\u00e7at que les habituals.<\/span><\/p>\n<p><span style=\"font-size: 14pt;\">Un espai multidisciplinari i avantguardista<\/span><\/p>\n<p><span style=\"font-size: 12pt;\">Segons expliquen els t\u00e8cnics, el projecte de la nova Biblioteca Municipal d&#8217;Aldaia que es reiniciar\u00e0 pr\u00f2ximament ser\u00e0 una \u00e0gora de formaci\u00f3 cont\u00ednua \u201ci un lloc de refer\u00e8ncia en el qual els aldaiers i aldaieres de totes les edats troben les eines formatives que necessiten\u201d. La mateixes fonts indiquen que estes instal\u00b7lacions estaran adaptades a les necessitats del futur, ja que es pret\u00e9n crear un espai \u201cavantguardista i emblem\u00e0tic, amb vocaci\u00f3 de transversalitat, multidisciplin\u00e0ria i amb visi\u00f3 de futur, que atenga les noves necessitats culturals, d&#8217;estudi i de formaci\u00f3 cont\u00ednua que els ve\u00efns i ve\u00efnes d&#8217;un municipi com Aldaia necessiten\u201d.<\/span><\/p>\n<p>&nbsp;<\/p>\n<p><span style=\"font-size: 12pt;\">Aquest nou espai s&#8217;emmarcar\u00e0 en una parcel\u00b7la de 3.371 m\u00b2, amb una superf\u00edcie constru\u00efda de 2.551,77 m\u00b2, enfront dels 582,82 m\u00b2 de la Biblioteca Municipal actual. La nova Biblioteca disposar\u00e0 de 1.299,97 m\u00b2 de patis vinculats a les diferents sales i d&#8217;una sala d&#8217;usos m\u00faltiples (sala d&#8217;actes) amb capacitat per a 146 persones, un arxiu en planta primera amb 3.416,40 ml de prestatgeries que es resolen en un recinte de 198,87 m\u00b2 i un dep\u00f2sit de llibres amb 652,80 ml addicionals de prestatgeries, en planta baixa, a m\u00e9s dels diversos espais d&#8217;usos m\u00faltiples.<\/span><\/p>\n","protected":false},"excerpt":{"rendered":"<p>Les obres de construcci\u00f3 de la nova Biblioteca Municipal d&#8217;Aldaia s&#8217;han repr\u00e9s esta setmana amb l&#8217;entrada&#8230;<\/p>\n","protected":false},"author":2,"featured_media":19237,"comment_status":"open","ping_status":"open","sticky":false,"template":"","format":"standard","meta":{"_acf_changed":false,"footnotes":""},"categories":[45,31,19],"tags":[],"class_list":["post-19236","post","type-post","status-publish","format-standard","has-post-thumbnail","hentry","category-biblioteca","category-cultura","category-urbanisme_medi_ambient"],"acf":[],"yoast_head":"<!-- This site is optimized with the Yoast SEO plugin v26.9 - https:\/\/yoast.com\/product\/yoast-seo-wordpress\/ -->\n<title>Es reprenen les obres de la nova Biblioteca Municipal d\u2019Aldaia - Not\u00edcies - Ajuntament d&#039;Aldaia<\/title>\n<meta name=\"description\" content=\"Les m\u00e0quines i el personal treballador han tornat a treballar en les obres de la nova Biblioteca Municipal d&#039;Aldaia despr\u00e9s de diversos mesos de parada. Guillermo Luj\u00e1n: \u201cAldaia est\u00e0 d&#039;enhorabona, \u00e9s una immensa alegria poder reiniciar aquest projecte tan esperat per tots els ve\u00efns i ve\u00efnes\u201d.\" \/>\n<meta name=\"robots\" content=\"index, follow, max-snippet:-1, max-image-preview:large, max-video-preview:-1\" \/>\n<link rel=\"canonical\" href=\"https:\/\/aldaia.es\/noticias\/es-reprenen-les-obres-de-la-nova-biblioteca-municipal-daldaia\/\" \/>\n<meta property=\"og:locale\" content=\"ca_ES\" \/>\n<meta property=\"og:type\" content=\"article\" \/>\n<meta property=\"og:title\" content=\"Es reprenen les obres de la nova Biblioteca Municipal d\u2019Aldaia - Not\u00edcies - Ajuntament d&#039;Aldaia\" \/>\n<meta property=\"og:description\" content=\"Les m\u00e0quines i el personal treballador han tornat a treballar en les obres de la nova Biblioteca Municipal d&#039;Aldaia despr\u00e9s de diversos mesos de parada. Guillermo Luj\u00e1n: \u201cAldaia est\u00e0 d&#039;enhorabona, \u00e9s una immensa alegria poder reiniciar aquest projecte tan esperat per tots els ve\u00efns i ve\u00efnes\u201d.\" \/>\n<meta property=\"og:url\" content=\"https:\/\/aldaia.es\/noticias\/es-reprenen-les-obres-de-la-nova-biblioteca-municipal-daldaia\/\" \/>\n<meta property=\"og:site_name\" content=\"Not\u00edcies - Ajuntament d&#039;Aldaia\" \/>\n<meta property=\"article:published_time\" content=\"2023-11-21T10:11:20+00:00\" \/>\n<meta property=\"article:modified_time\" content=\"2025-05-19T12:14:40+00:00\" \/>\n<meta property=\"og:image\" content=\"https:\/\/aldaia.es\/noticias\/wp-content\/uploads\/2023\/12\/obras-nueva-biblioteca-aldaia.jpg.webp\" \/>\n\t<meta property=\"og:image:width\" content=\"887\" \/>\n\t<meta property=\"og:image:height\" content=\"570\" \/>\n\t<meta property=\"og:image:type\" content=\"image\/webp\" \/>\n<meta name=\"author\" content=\"prensa\" \/>\n<meta name=\"twitter:card\" content=\"summary_large_image\" \/>\n<meta name=\"twitter:label1\" content=\"Escrit per\" \/>\n\t<meta name=\"twitter:data1\" content=\"prensa\" \/>\n\t<meta name=\"twitter:label2\" content=\"Temps estimat de lectura\" \/>\n\t<meta name=\"twitter:data2\" content=\"2 minuts\" \/>\n<script type=\"application\/ld+json\" class=\"yoast-schema-graph\">{\"@context\":\"https:\/\/schema.org\",\"@graph\":[{\"@type\":\"Article\",\"@id\":\"https:\/\/aldaia.es\/noticias\/es-reprenen-les-obres-de-la-nova-biblioteca-municipal-daldaia\/#article\",\"isPartOf\":{\"@id\":\"https:\/\/aldaia.es\/noticias\/es-reprenen-les-obres-de-la-nova-biblioteca-municipal-daldaia\/\"},\"author\":{\"name\":\"prensa\",\"@id\":\"https:\/\/aldaia.es\/noticias\/#\/schema\/person\/736bf474749673d55971dc81c4553f7e\"},\"headline\":\"Es reprenen les obres de la nova Biblioteca Municipal d\u2019Aldaia\",\"datePublished\":\"2023-11-21T10:11:20+00:00\",\"dateModified\":\"2025-05-19T12:14:40+00:00\",\"mainEntityOfPage\":{\"@id\":\"https:\/\/aldaia.es\/noticias\/es-reprenen-les-obres-de-la-nova-biblioteca-municipal-daldaia\/\"},\"wordCount\":378,\"commentCount\":0,\"publisher\":{\"@id\":\"https:\/\/aldaia.es\/noticias\/#organization\"},\"image\":{\"@id\":\"https:\/\/aldaia.es\/noticias\/es-reprenen-les-obres-de-la-nova-biblioteca-municipal-daldaia\/#primaryimage\"},\"thumbnailUrl\":\"https:\/\/aldaia.es\/noticias\/wp-content\/uploads\/2023\/12\/obras-nueva-biblioteca-aldaia.jpg.webp\",\"articleSection\":[\"Biblioteca\",\"Cultura\",\"Urbanisme i Medi ambient\"],\"inLanguage\":\"ca\",\"potentialAction\":[{\"@type\":\"CommentAction\",\"name\":\"Comment\",\"target\":[\"https:\/\/aldaia.es\/noticias\/es-reprenen-les-obres-de-la-nova-biblioteca-municipal-daldaia\/#respond\"]}]},{\"@type\":\"WebPage\",\"@id\":\"https:\/\/aldaia.es\/noticias\/es-reprenen-les-obres-de-la-nova-biblioteca-municipal-daldaia\/\",\"url\":\"https:\/\/aldaia.es\/noticias\/es-reprenen-les-obres-de-la-nova-biblioteca-municipal-daldaia\/\",\"name\":\"Es reprenen les obres de la nova Biblioteca Municipal d\u2019Aldaia - Not\u00edcies - Ajuntament d&#039;Aldaia\",\"isPartOf\":{\"@id\":\"https:\/\/aldaia.es\/noticias\/#website\"},\"primaryImageOfPage\":{\"@id\":\"https:\/\/aldaia.es\/noticias\/es-reprenen-les-obres-de-la-nova-biblioteca-municipal-daldaia\/#primaryimage\"},\"image\":{\"@id\":\"https:\/\/aldaia.es\/noticias\/es-reprenen-les-obres-de-la-nova-biblioteca-municipal-daldaia\/#primaryimage\"},\"thumbnailUrl\":\"https:\/\/aldaia.es\/noticias\/wp-content\/uploads\/2023\/12\/obras-nueva-biblioteca-aldaia.jpg.webp\",\"datePublished\":\"2023-11-21T10:11:20+00:00\",\"dateModified\":\"2025-05-19T12:14:40+00:00\",\"description\":\"Les m\u00e0quines i el personal treballador han tornat a treballar en les obres de la nova Biblioteca Municipal d'Aldaia despr\u00e9s de diversos mesos de parada. Guillermo Luj\u00e1n: \u201cAldaia est\u00e0 d'enhorabona, \u00e9s una immensa alegria poder reiniciar aquest projecte tan esperat per tots els ve\u00efns i ve\u00efnes\u201d.\",\"breadcrumb\":{\"@id\":\"https:\/\/aldaia.es\/noticias\/es-reprenen-les-obres-de-la-nova-biblioteca-municipal-daldaia\/#breadcrumb\"},\"inLanguage\":\"ca\",\"potentialAction\":[{\"@type\":\"ReadAction\",\"target\":[\"https:\/\/aldaia.es\/noticias\/es-reprenen-les-obres-de-la-nova-biblioteca-municipal-daldaia\/\"]}]},{\"@type\":\"ImageObject\",\"inLanguage\":\"ca\",\"@id\":\"https:\/\/aldaia.es\/noticias\/es-reprenen-les-obres-de-la-nova-biblioteca-municipal-daldaia\/#primaryimage\",\"url\":\"https:\/\/aldaia.es\/noticias\/wp-content\/uploads\/2023\/12\/obras-nueva-biblioteca-aldaia.jpg.webp\",\"contentUrl\":\"https:\/\/aldaia.es\/noticias\/wp-content\/uploads\/2023\/12\/obras-nueva-biblioteca-aldaia.jpg.webp\",\"width\":887,\"height\":570},{\"@type\":\"BreadcrumbList\",\"@id\":\"https:\/\/aldaia.es\/noticias\/es-reprenen-les-obres-de-la-nova-biblioteca-municipal-daldaia\/#breadcrumb\",\"itemListElement\":[{\"@type\":\"ListItem\",\"position\":1,\"name\":\"Portada\",\"item\":\"https:\/\/aldaia.es\/noticias\/\"},{\"@type\":\"ListItem\",\"position\":2,\"name\":\"Es reprenen les obres de la nova Biblioteca Municipal d\u2019Aldaia\"}]},{\"@type\":\"WebSite\",\"@id\":\"https:\/\/aldaia.es\/noticias\/#website\",\"url\":\"https:\/\/aldaia.es\/noticias\/\",\"name\":\"Noticias Aldaia\",\"description\":\"\",\"publisher\":{\"@id\":\"https:\/\/aldaia.es\/noticias\/#organization\"},\"potentialAction\":[{\"@type\":\"SearchAction\",\"target\":{\"@type\":\"EntryPoint\",\"urlTemplate\":\"https:\/\/aldaia.es\/noticias\/?s={search_term_string}\"},\"query-input\":{\"@type\":\"PropertyValueSpecification\",\"valueRequired\":true,\"valueName\":\"search_term_string\"}}],\"inLanguage\":\"ca\"},{\"@type\":\"Organization\",\"@id\":\"https:\/\/aldaia.es\/noticias\/#organization\",\"name\":\"Noticias Aldaia\",\"url\":\"https:\/\/aldaia.es\/noticias\/\",\"logo\":{\"@type\":\"ImageObject\",\"inLanguage\":\"ca\",\"@id\":\"https:\/\/aldaia.es\/noticias\/#\/schema\/logo\/image\/\",\"url\":\"https:\/\/aldaia.es\/noticias\/wp-content\/uploads\/2025\/05\/aldaia-noticias.jpg\",\"contentUrl\":\"https:\/\/aldaia.es\/noticias\/wp-content\/uploads\/2025\/05\/aldaia-noticias.jpg\",\"width\":512,\"height\":512,\"caption\":\"Noticias Aldaia\"},\"image\":{\"@id\":\"https:\/\/aldaia.es\/noticias\/#\/schema\/logo\/image\/\"}},{\"@type\":\"Person\",\"@id\":\"https:\/\/aldaia.es\/noticias\/#\/schema\/person\/736bf474749673d55971dc81c4553f7e\",\"name\":\"prensa\",\"url\":\"https:\/\/aldaia.es\/noticias\/author\/prensa\/\"}]}<\/script>\n<!-- \/ Yoast SEO plugin. -->","yoast_head_json":{"title":"Es reprenen les obres de la nova Biblioteca Municipal d\u2019Aldaia - Not\u00edcies - Ajuntament d&#039;Aldaia","description":"Les m\u00e0quines i el personal treballador han tornat a treballar en les obres de la nova Biblioteca Municipal d'Aldaia despr\u00e9s de diversos mesos de parada. Guillermo Luj\u00e1n: \u201cAldaia est\u00e0 d'enhorabona, \u00e9s una immensa alegria poder reiniciar aquest projecte tan esperat per tots els ve\u00efns i ve\u00efnes\u201d.","robots":{"index":"index","follow":"follow","max-snippet":"max-snippet:-1","max-image-preview":"max-image-preview:large","max-video-preview":"max-video-preview:-1"},"canonical":"https:\/\/aldaia.es\/noticias\/es-reprenen-les-obres-de-la-nova-biblioteca-municipal-daldaia\/","og_locale":"ca_ES","og_type":"article","og_title":"Es reprenen les obres de la nova Biblioteca Municipal d\u2019Aldaia - Not\u00edcies - Ajuntament d&#039;Aldaia","og_description":"Les m\u00e0quines i el personal treballador han tornat a treballar en les obres de la nova Biblioteca Municipal d'Aldaia despr\u00e9s de diversos mesos de parada. Guillermo Luj\u00e1n: \u201cAldaia est\u00e0 d'enhorabona, \u00e9s una immensa alegria poder reiniciar aquest projecte tan esperat per tots els ve\u00efns i ve\u00efnes\u201d.","og_url":"https:\/\/aldaia.es\/noticias\/es-reprenen-les-obres-de-la-nova-biblioteca-municipal-daldaia\/","og_site_name":"Not\u00edcies - Ajuntament d&#039;Aldaia","article_published_time":"2023-11-21T10:11:20+00:00","article_modified_time":"2025-05-19T12:14:40+00:00","og_image":[{"width":887,"height":570,"url":"https:\/\/aldaia.es\/noticias\/wp-content\/uploads\/2023\/12\/obras-nueva-biblioteca-aldaia.jpg.webp","type":"image\/webp"}],"author":"prensa","twitter_card":"summary_large_image","twitter_misc":{"Escrit per":"prensa","Temps estimat de lectura":"2 minuts"},"schema":{"@context":"https:\/\/schema.org","@graph":[{"@type":"Article","@id":"https:\/\/aldaia.es\/noticias\/es-reprenen-les-obres-de-la-nova-biblioteca-municipal-daldaia\/#article","isPartOf":{"@id":"https:\/\/aldaia.es\/noticias\/es-reprenen-les-obres-de-la-nova-biblioteca-municipal-daldaia\/"},"author":{"name":"prensa","@id":"https:\/\/aldaia.es\/noticias\/#\/schema\/person\/736bf474749673d55971dc81c4553f7e"},"headline":"Es reprenen les obres de la nova Biblioteca Municipal d\u2019Aldaia","datePublished":"2023-11-21T10:11:20+00:00","dateModified":"2025-05-19T12:14:40+00:00","mainEntityOfPage":{"@id":"https:\/\/aldaia.es\/noticias\/es-reprenen-les-obres-de-la-nova-biblioteca-municipal-daldaia\/"},"wordCount":378,"commentCount":0,"publisher":{"@id":"https:\/\/aldaia.es\/noticias\/#organization"},"image":{"@id":"https:\/\/aldaia.es\/noticias\/es-reprenen-les-obres-de-la-nova-biblioteca-municipal-daldaia\/#primaryimage"},"thumbnailUrl":"https:\/\/aldaia.es\/noticias\/wp-content\/uploads\/2023\/12\/obras-nueva-biblioteca-aldaia.jpg.webp","articleSection":["Biblioteca","Cultura","Urbanisme i Medi ambient"],"inLanguage":"ca","potentialAction":[{"@type":"CommentAction","name":"Comment","target":["https:\/\/aldaia.es\/noticias\/es-reprenen-les-obres-de-la-nova-biblioteca-municipal-daldaia\/#respond"]}]},{"@type":"WebPage","@id":"https:\/\/aldaia.es\/noticias\/es-reprenen-les-obres-de-la-nova-biblioteca-municipal-daldaia\/","url":"https:\/\/aldaia.es\/noticias\/es-reprenen-les-obres-de-la-nova-biblioteca-municipal-daldaia\/","name":"Es reprenen les obres de la nova Biblioteca Municipal d\u2019Aldaia - Not\u00edcies - Ajuntament d&#039;Aldaia","isPartOf":{"@id":"https:\/\/aldaia.es\/noticias\/#website"},"primaryImageOfPage":{"@id":"https:\/\/aldaia.es\/noticias\/es-reprenen-les-obres-de-la-nova-biblioteca-municipal-daldaia\/#primaryimage"},"image":{"@id":"https:\/\/aldaia.es\/noticias\/es-reprenen-les-obres-de-la-nova-biblioteca-municipal-daldaia\/#primaryimage"},"thumbnailUrl":"https:\/\/aldaia.es\/noticias\/wp-content\/uploads\/2023\/12\/obras-nueva-biblioteca-aldaia.jpg.webp","datePublished":"2023-11-21T10:11:20+00:00","dateModified":"2025-05-19T12:14:40+00:00","description":"Les m\u00e0quines i el personal treballador han tornat a treballar en les obres de la nova Biblioteca Municipal d'Aldaia despr\u00e9s de diversos mesos de parada. Guillermo Luj\u00e1n: \u201cAldaia est\u00e0 d'enhorabona, \u00e9s una immensa alegria poder reiniciar aquest projecte tan esperat per tots els ve\u00efns i ve\u00efnes\u201d.","breadcrumb":{"@id":"https:\/\/aldaia.es\/noticias\/es-reprenen-les-obres-de-la-nova-biblioteca-municipal-daldaia\/#breadcrumb"},"inLanguage":"ca","potentialAction":[{"@type":"ReadAction","target":["https:\/\/aldaia.es\/noticias\/es-reprenen-les-obres-de-la-nova-biblioteca-municipal-daldaia\/"]}]},{"@type":"ImageObject","inLanguage":"ca","@id":"https:\/\/aldaia.es\/noticias\/es-reprenen-les-obres-de-la-nova-biblioteca-municipal-daldaia\/#primaryimage","url":"https:\/\/aldaia.es\/noticias\/wp-content\/uploads\/2023\/12\/obras-nueva-biblioteca-aldaia.jpg.webp","contentUrl":"https:\/\/aldaia.es\/noticias\/wp-content\/uploads\/2023\/12\/obras-nueva-biblioteca-aldaia.jpg.webp","width":887,"height":570},{"@type":"BreadcrumbList","@id":"https:\/\/aldaia.es\/noticias\/es-reprenen-les-obres-de-la-nova-biblioteca-municipal-daldaia\/#breadcrumb","itemListElement":[{"@type":"ListItem","position":1,"name":"Portada","item":"https:\/\/aldaia.es\/noticias\/"},{"@type":"ListItem","position":2,"name":"Es reprenen les obres de la nova Biblioteca Municipal d\u2019Aldaia"}]},{"@type":"WebSite","@id":"https:\/\/aldaia.es\/noticias\/#website","url":"https:\/\/aldaia.es\/noticias\/","name":"Noticias Aldaia","description":"","publisher":{"@id":"https:\/\/aldaia.es\/noticias\/#organization"},"potentialAction":[{"@type":"SearchAction","target":{"@type":"EntryPoint","urlTemplate":"https:\/\/aldaia.es\/noticias\/?s={search_term_string}"},"query-input":{"@type":"PropertyValueSpecification","valueRequired":true,"valueName":"search_term_string"}}],"inLanguage":"ca"},{"@type":"Organization","@id":"https:\/\/aldaia.es\/noticias\/#organization","name":"Noticias Aldaia","url":"https:\/\/aldaia.es\/noticias\/","logo":{"@type":"ImageObject","inLanguage":"ca","@id":"https:\/\/aldaia.es\/noticias\/#\/schema\/logo\/image\/","url":"https:\/\/aldaia.es\/noticias\/wp-content\/uploads\/2025\/05\/aldaia-noticias.jpg","contentUrl":"https:\/\/aldaia.es\/noticias\/wp-content\/uploads\/2025\/05\/aldaia-noticias.jpg","width":512,"height":512,"caption":"Noticias Aldaia"},"image":{"@id":"https:\/\/aldaia.es\/noticias\/#\/schema\/logo\/image\/"}},{"@type":"Person","@id":"https:\/\/aldaia.es\/noticias\/#\/schema\/person\/736bf474749673d55971dc81c4553f7e","name":"prensa","url":"https:\/\/aldaia.es\/noticias\/author\/prensa\/"}]}},"_links":{"self":[{"href":"https:\/\/aldaia.es\/noticias\/wp-json\/wp\/v2\/posts\/19236","targetHints":{"allow":["GET"]}}],"collection":[{"href":"https:\/\/aldaia.es\/noticias\/wp-json\/wp\/v2\/posts"}],"about":[{"href":"https:\/\/aldaia.es\/noticias\/wp-json\/wp\/v2\/types\/post"}],"author":[{"embeddable":true,"href":"https:\/\/aldaia.es\/noticias\/wp-json\/wp\/v2\/users\/2"}],"replies":[{"embeddable":true,"href":"https:\/\/aldaia.es\/noticias\/wp-json\/wp\/v2\/comments?post=19236"}],"version-history":[{"count":1,"href":"https:\/\/aldaia.es\/noticias\/wp-json\/wp\/v2\/posts\/19236\/revisions"}],"predecessor-version":[{"id":37009,"href":"https:\/\/aldaia.es\/noticias\/wp-json\/wp\/v2\/posts\/19236\/revisions\/37009"}],"wp:featuredmedia":[{"embeddable":true,"href":"https:\/\/aldaia.es\/noticias\/wp-json\/wp\/v2\/media\/19237"}],"wp:attachment":[{"href":"https:\/\/aldaia.es\/noticias\/wp-json\/wp\/v2\/media?parent=19236"}],"wp:term":[{"taxonomy":"category","embeddable":true,"href":"https:\/\/aldaia.es\/noticias\/wp-json\/wp\/v2\/categories?post=19236"},{"taxonomy":"post_tag","embeddable":true,"href":"https:\/\/aldaia.es\/noticias\/wp-json\/wp\/v2\/tags?post=19236"}],"curies":[{"name":"wp","href":"https:\/\/api.w.org\/{rel}","templated":true}]}}