{"id":27144,"date":"2024-05-08T10:14:45","date_gmt":"2024-05-08T08:14:45","guid":{"rendered":"https:\/\/aldaia.es\/?p=27144"},"modified":"2024-05-08T10:14:45","modified_gmt":"2024-05-08T08:14:45","slug":"aldaia-inicia-la-millora-paisatgistica-dels-carrers-major-i-goya","status":"publish","type":"post","link":"https:\/\/aldaia.es\/noticias\/aldaia-inicia-la-millora-paisatgistica-dels-carrers-major-i-goya\/","title":{"rendered":"Aldaia inicia la millora paisatg\u00edstica dels carrers Major i Goya"},"content":{"rendered":"\n<p><br>Es tracta de la renovaci\u00f3, la millora de la infraestructura i la renaturalitzaci\u00f3 d&#8217;estes importants vies de la localitat. Aquests treballs, que van donar principi fa uns dies, culminaran pr\u00f2ximament dotant a aquests carrers d&#8217;un entorn que seguir\u00e0 la l\u00ednia de la reforma del carrer de l&#8217;Esgl\u00e9sia que es va dur a terme l&#8217;any passat i ha dotat a aquesta art\u00e8ria principal del municipi d&#8217;una imatge verda i renovada.<\/p>\n\n\n\n<p>En concret, el desenvolupament d&#8217;aquest projecte urban\u00edstic consisteix a introduir un ritme seq\u00fcencial d&#8217;esp\u00e8cies per carrer que pot variar entre dos i tres diferents, entre les quals es troben la Photinia, la Ligustrum Japonica Folver i la Nerium Oleander, depenent la via i del tram en concret, i l&#8217;establiment d&#8217;una modulaci\u00f3 lineal notablement equipada a base de jardineres de diferents longituds per a garantir l&#8217;encaste entre el mobiliari ja existent i respectant els guals i passos de zebra, amb bancades disposades cada cert espai.<\/p>\n\n\n\n<p>Segons explica el personal t\u00e8cnic encarregat de les obres, l&#8217;objecte principal d&#8217;aquests treballs \u201c\u00e9s el d&#8217;enriquir la imatge dels carrers Major i Goya sobre la base de la percepci\u00f3 d&#8217;un equipament ordenat i lineal que potencie la millora visual i l&#8217;ordre, fent m\u00e9s evident els exemplars arboris per la seua tipologia i separaci\u00f3 i creant un continu verd sobre les jardineres generant una atractiva linealitat verda en les voreres\u201d. Per part seua, l&#8217;alcalde d&#8217;Aldaia, Guillermo Luj\u00e1n, indica que amb la implementaci\u00f3 d&#8217;aquesta millora paisatg\u00edstica pretenen \u201cgenerar un entorn m\u00e9s agradable, bonic i acollidor perqu\u00e8 els ve\u00efns i ve\u00efnes puguen gaudir en fam\u00edlia. En primer lloc actuem al carrer de l&#8217;Esgl\u00e9sia l&#8217;any passat -puntualitza Luj\u00e1n- i ara estendrem aquest projecte als carrers Major i Goya, i pr\u00f2ximament a algunes altres vies del municipi\u201d.<\/p>\n\n\n\n<p><br>Els regidors de Manteniment de l&#8217;Espai P\u00fablic, Jes\u00fas Valero, i d&#8217;Urbanisme, M\u00f3nica Trujillo, assenyalen que \u201cvolem continuar millorant la qualitat paisatg\u00edstica d&#8217;Aldaia cada dia, posant l&#8217;\u00e8mfasi en el medi ambient i en la creaci\u00f3 d&#8217;espais cada vegada m\u00e9s verds i equipats per al gaudi dels ve\u00efns i ve\u00efnes del nostre poble.<\/p>\n\n\n\n<p>Per al disseny final de cadascuna de les vies s&#8217;ha realitzat una an\u00e0lisi de l&#8217;estat de les esp\u00e8cies arb\u00f2ries i arbustives presents en el viari determinat, per a poder aix\u00ed plantejar quin tipus d&#8217;arbres poden resultar m\u00e9s adequats i potenciar aix\u00ed entorn visual i mediambiental d&#8217;eixa zona. A m\u00e9s, tamb\u00e9 s&#8217;ha procedit a analitzar l&#8217;estructura de l&#8217;arbratge respecte al viari i les fa\u00e7anes dels edificis, amb l&#8217;objectiu d&#8217;evitar en la mesura que siga possible, les possibles inconvenients futurs en relaci\u00f3 amb els habitatges m\u00e9s pr\u00f2xims per a aix\u00ed definir la proposta de plantaci\u00f3 nova o en substituci\u00f3 de nou arbrat, amb les actuacions m\u00e9s convenients per al marc de l&#8217;operaci\u00f3.<\/p>\n\n\n\n<p>Aix\u00ed mateix, es realitzaran diverses actuacions correctives a nivell d&#8217;urbanitzaci\u00f3 per a acollir en les m\u00e9s adequades condicions el nou arbratge proposat, aix\u00ed com la substituci\u00f3 de de exemplars malalts o en condicions incompatibles amb el mitj\u00e0 urb\u00e0. En aquesta l\u00ednia, la majoria d&#8217;arbres retirats i que no patisquen cap mena de malaltia, han sigut replantats a l&#8217;entorn del cementeri vell de la localitat i el Parc de Giravent. A m\u00e9s, independentment de la grand\u00e0ria de l&#8217;escocell, per a possibilitar el desenvolupament de l&#8217;exemplar arbori s&#8217;haur\u00e0 de garantir un volum m\u00ednim de terra \u00fatil. \u00c9s a dir, que complisca les condicions agron\u00f2miques per al desenvolupament radical i no continga cap tipus de canalitzaci\u00f3 destinada a conduir serveis, ja siguen aquests p\u00fablics o privats, a excepci\u00f3 de la xarxa de reg. Tant en terreny lliure com en \u00e0rea pavimentada, el volum de s\u00f2l condicionat ser\u00e0 proporcional al desenvolupament esperable de l&#8217;arbre.<\/p>\n\n\n\n<p>D&#8217;altra banda, un altre dels objectius que es pret\u00e9n aconseguir amb la instal\u00b7laci\u00f3 de jardineres de diferents grand\u00e0ries en diversos punts dels citats carrers \u00e9s evitar l&#8217;aparcament sobre les voreres sense necessitat de col\u00b7locar els cl\u00e0ssics bol\u00b7lards, aix\u00ed com introduir l&#8217;enllumenat basal de la vorera incorporant il\u00b7luminaci\u00f3 led a l&#8217;equipament.<\/p>\n","protected":false},"excerpt":{"rendered":"<p>Es tracta de la renovaci\u00f3, la millora de la infraestructura i la renaturalitzaci\u00f3 d&#8217;estes importants vies de la local&#8230;<\/p>\n","protected":false},"author":2,"featured_media":27146,"comment_status":"closed","ping_status":"closed","sticky":false,"template":"","format":"standard","meta":{"_acf_changed":false,"footnotes":""},"categories":[19],"tags":[],"class_list":["post-27144","post","type-post","status-publish","format-standard","has-post-thumbnail","hentry","category-urbanisme_medi_ambient"],"acf":[],"yoast_head":"<!-- This site is optimized with the Yoast SEO plugin v26.9 - https:\/\/yoast.com\/product\/yoast-seo-wordpress\/ -->\n<title>Aldaia inicia la millora paisatg\u00edstica dels carrers Major i Goya - Not\u00edcies - Ajuntament d&#039;Aldaia<\/title>\n<meta name=\"description\" content=\"Es tracta de la renovaci\u00f3, la millora de la infraestructura i la renaturalitzaci\u00f3 d&#039;estes importants vies de la localitat.\" \/>\n<meta name=\"robots\" content=\"index, follow, max-snippet:-1, max-image-preview:large, max-video-preview:-1\" \/>\n<link rel=\"canonical\" href=\"https:\/\/aldaia.es\/noticias\/aldaia-inicia-la-millora-paisatgistica-dels-carrers-major-i-goya\/\" \/>\n<meta property=\"og:locale\" content=\"ca_ES\" \/>\n<meta property=\"og:type\" content=\"article\" \/>\n<meta property=\"og:title\" content=\"Aldaia inicia la millora paisatg\u00edstica dels carrers Major i Goya - Not\u00edcies - Ajuntament d&#039;Aldaia\" \/>\n<meta property=\"og:description\" content=\"Es tracta de la renovaci\u00f3, la millora de la infraestructura i la renaturalitzaci\u00f3 d&#039;estes importants vies de la localitat.\" \/>\n<meta property=\"og:url\" content=\"https:\/\/aldaia.es\/noticias\/aldaia-inicia-la-millora-paisatgistica-dels-carrers-major-i-goya\/\" \/>\n<meta property=\"og:site_name\" content=\"Not\u00edcies - Ajuntament d&#039;Aldaia\" \/>\n<meta property=\"article:published_time\" content=\"2024-05-08T08:14:45+00:00\" \/>\n<meta property=\"og:image\" content=\"https:\/\/aldaia.es\/noticias\/wp-content\/uploads\/2024\/05\/renat2.jpg\" \/>\n\t<meta property=\"og:image:width\" content=\"1440\" \/>\n\t<meta property=\"og:image:height\" content=\"1440\" \/>\n\t<meta property=\"og:image:type\" content=\"image\/jpeg\" \/>\n<meta name=\"author\" content=\"prensa\" \/>\n<meta name=\"twitter:card\" content=\"summary_large_image\" \/>\n<meta name=\"twitter:label1\" content=\"Escrit per\" \/>\n\t<meta name=\"twitter:data1\" content=\"prensa\" \/>\n\t<meta name=\"twitter:label2\" content=\"Temps estimat de lectura\" \/>\n\t<meta name=\"twitter:data2\" content=\"4 minuts\" \/>\n<script type=\"application\/ld+json\" class=\"yoast-schema-graph\">{\"@context\":\"https:\/\/schema.org\",\"@graph\":[{\"@type\":\"Article\",\"@id\":\"https:\/\/aldaia.es\/noticias\/aldaia-inicia-la-millora-paisatgistica-dels-carrers-major-i-goya\/#article\",\"isPartOf\":{\"@id\":\"https:\/\/aldaia.es\/noticias\/aldaia-inicia-la-millora-paisatgistica-dels-carrers-major-i-goya\/\"},\"author\":{\"name\":\"prensa\",\"@id\":\"https:\/\/aldaia.es\/noticias\/#\/schema\/person\/736bf474749673d55971dc81c4553f7e\"},\"headline\":\"Aldaia inicia la millora paisatg\u00edstica dels carrers Major i Goya\",\"datePublished\":\"2024-05-08T08:14:45+00:00\",\"mainEntityOfPage\":{\"@id\":\"https:\/\/aldaia.es\/noticias\/aldaia-inicia-la-millora-paisatgistica-dels-carrers-major-i-goya\/\"},\"wordCount\":752,\"publisher\":{\"@id\":\"https:\/\/aldaia.es\/noticias\/#organization\"},\"image\":{\"@id\":\"https:\/\/aldaia.es\/noticias\/aldaia-inicia-la-millora-paisatgistica-dels-carrers-major-i-goya\/#primaryimage\"},\"thumbnailUrl\":\"https:\/\/aldaia.es\/noticias\/wp-content\/uploads\/2024\/05\/renat2.jpg\",\"articleSection\":[\"Urbanisme i Medi ambient\"],\"inLanguage\":\"ca\"},{\"@type\":\"WebPage\",\"@id\":\"https:\/\/aldaia.es\/noticias\/aldaia-inicia-la-millora-paisatgistica-dels-carrers-major-i-goya\/\",\"url\":\"https:\/\/aldaia.es\/noticias\/aldaia-inicia-la-millora-paisatgistica-dels-carrers-major-i-goya\/\",\"name\":\"Aldaia inicia la millora paisatg\u00edstica dels carrers Major i Goya - Not\u00edcies - Ajuntament d&#039;Aldaia\",\"isPartOf\":{\"@id\":\"https:\/\/aldaia.es\/noticias\/#website\"},\"primaryImageOfPage\":{\"@id\":\"https:\/\/aldaia.es\/noticias\/aldaia-inicia-la-millora-paisatgistica-dels-carrers-major-i-goya\/#primaryimage\"},\"image\":{\"@id\":\"https:\/\/aldaia.es\/noticias\/aldaia-inicia-la-millora-paisatgistica-dels-carrers-major-i-goya\/#primaryimage\"},\"thumbnailUrl\":\"https:\/\/aldaia.es\/noticias\/wp-content\/uploads\/2024\/05\/renat2.jpg\",\"datePublished\":\"2024-05-08T08:14:45+00:00\",\"description\":\"Es tracta de la renovaci\u00f3, la millora de la infraestructura i la renaturalitzaci\u00f3 d'estes importants vies de la localitat.\",\"breadcrumb\":{\"@id\":\"https:\/\/aldaia.es\/noticias\/aldaia-inicia-la-millora-paisatgistica-dels-carrers-major-i-goya\/#breadcrumb\"},\"inLanguage\":\"ca\",\"potentialAction\":[{\"@type\":\"ReadAction\",\"target\":[\"https:\/\/aldaia.es\/noticias\/aldaia-inicia-la-millora-paisatgistica-dels-carrers-major-i-goya\/\"]}]},{\"@type\":\"ImageObject\",\"inLanguage\":\"ca\",\"@id\":\"https:\/\/aldaia.es\/noticias\/aldaia-inicia-la-millora-paisatgistica-dels-carrers-major-i-goya\/#primaryimage\",\"url\":\"https:\/\/aldaia.es\/noticias\/wp-content\/uploads\/2024\/05\/renat2.jpg\",\"contentUrl\":\"https:\/\/aldaia.es\/noticias\/wp-content\/uploads\/2024\/05\/renat2.jpg\",\"width\":1440,\"height\":1440},{\"@type\":\"BreadcrumbList\",\"@id\":\"https:\/\/aldaia.es\/noticias\/aldaia-inicia-la-millora-paisatgistica-dels-carrers-major-i-goya\/#breadcrumb\",\"itemListElement\":[{\"@type\":\"ListItem\",\"position\":1,\"name\":\"Portada\",\"item\":\"https:\/\/aldaia.es\/noticias\/\"},{\"@type\":\"ListItem\",\"position\":2,\"name\":\"Aldaia inicia la millora paisatg\u00edstica dels carrers Major i Goya\"}]},{\"@type\":\"WebSite\",\"@id\":\"https:\/\/aldaia.es\/noticias\/#website\",\"url\":\"https:\/\/aldaia.es\/noticias\/\",\"name\":\"Noticias Aldaia\",\"description\":\"\",\"publisher\":{\"@id\":\"https:\/\/aldaia.es\/noticias\/#organization\"},\"potentialAction\":[{\"@type\":\"SearchAction\",\"target\":{\"@type\":\"EntryPoint\",\"urlTemplate\":\"https:\/\/aldaia.es\/noticias\/?s={search_term_string}\"},\"query-input\":{\"@type\":\"PropertyValueSpecification\",\"valueRequired\":true,\"valueName\":\"search_term_string\"}}],\"inLanguage\":\"ca\"},{\"@type\":\"Organization\",\"@id\":\"https:\/\/aldaia.es\/noticias\/#organization\",\"name\":\"Noticias Aldaia\",\"url\":\"https:\/\/aldaia.es\/noticias\/\",\"logo\":{\"@type\":\"ImageObject\",\"inLanguage\":\"ca\",\"@id\":\"https:\/\/aldaia.es\/noticias\/#\/schema\/logo\/image\/\",\"url\":\"https:\/\/aldaia.es\/noticias\/wp-content\/uploads\/2025\/05\/aldaia-noticias.jpg\",\"contentUrl\":\"https:\/\/aldaia.es\/noticias\/wp-content\/uploads\/2025\/05\/aldaia-noticias.jpg\",\"width\":512,\"height\":512,\"caption\":\"Noticias Aldaia\"},\"image\":{\"@id\":\"https:\/\/aldaia.es\/noticias\/#\/schema\/logo\/image\/\"}},{\"@type\":\"Person\",\"@id\":\"https:\/\/aldaia.es\/noticias\/#\/schema\/person\/736bf474749673d55971dc81c4553f7e\",\"name\":\"prensa\",\"url\":\"https:\/\/aldaia.es\/noticias\/author\/prensa\/\"}]}<\/script>\n<!-- \/ Yoast SEO plugin. -->","yoast_head_json":{"title":"Aldaia inicia la millora paisatg\u00edstica dels carrers Major i Goya - Not\u00edcies - Ajuntament d&#039;Aldaia","description":"Es tracta de la renovaci\u00f3, la millora de la infraestructura i la renaturalitzaci\u00f3 d'estes importants vies de la localitat.","robots":{"index":"index","follow":"follow","max-snippet":"max-snippet:-1","max-image-preview":"max-image-preview:large","max-video-preview":"max-video-preview:-1"},"canonical":"https:\/\/aldaia.es\/noticias\/aldaia-inicia-la-millora-paisatgistica-dels-carrers-major-i-goya\/","og_locale":"ca_ES","og_type":"article","og_title":"Aldaia inicia la millora paisatg\u00edstica dels carrers Major i Goya - Not\u00edcies - Ajuntament d&#039;Aldaia","og_description":"Es tracta de la renovaci\u00f3, la millora de la infraestructura i la renaturalitzaci\u00f3 d'estes importants vies de la localitat.","og_url":"https:\/\/aldaia.es\/noticias\/aldaia-inicia-la-millora-paisatgistica-dels-carrers-major-i-goya\/","og_site_name":"Not\u00edcies - Ajuntament d&#039;Aldaia","article_published_time":"2024-05-08T08:14:45+00:00","og_image":[{"width":1440,"height":1440,"url":"https:\/\/aldaia.es\/noticias\/wp-content\/uploads\/2024\/05\/renat2.jpg","type":"image\/jpeg"}],"author":"prensa","twitter_card":"summary_large_image","twitter_misc":{"Escrit per":"prensa","Temps estimat de lectura":"4 minuts"},"schema":{"@context":"https:\/\/schema.org","@graph":[{"@type":"Article","@id":"https:\/\/aldaia.es\/noticias\/aldaia-inicia-la-millora-paisatgistica-dels-carrers-major-i-goya\/#article","isPartOf":{"@id":"https:\/\/aldaia.es\/noticias\/aldaia-inicia-la-millora-paisatgistica-dels-carrers-major-i-goya\/"},"author":{"name":"prensa","@id":"https:\/\/aldaia.es\/noticias\/#\/schema\/person\/736bf474749673d55971dc81c4553f7e"},"headline":"Aldaia inicia la millora paisatg\u00edstica dels carrers Major i Goya","datePublished":"2024-05-08T08:14:45+00:00","mainEntityOfPage":{"@id":"https:\/\/aldaia.es\/noticias\/aldaia-inicia-la-millora-paisatgistica-dels-carrers-major-i-goya\/"},"wordCount":752,"publisher":{"@id":"https:\/\/aldaia.es\/noticias\/#organization"},"image":{"@id":"https:\/\/aldaia.es\/noticias\/aldaia-inicia-la-millora-paisatgistica-dels-carrers-major-i-goya\/#primaryimage"},"thumbnailUrl":"https:\/\/aldaia.es\/noticias\/wp-content\/uploads\/2024\/05\/renat2.jpg","articleSection":["Urbanisme i Medi ambient"],"inLanguage":"ca"},{"@type":"WebPage","@id":"https:\/\/aldaia.es\/noticias\/aldaia-inicia-la-millora-paisatgistica-dels-carrers-major-i-goya\/","url":"https:\/\/aldaia.es\/noticias\/aldaia-inicia-la-millora-paisatgistica-dels-carrers-major-i-goya\/","name":"Aldaia inicia la millora paisatg\u00edstica dels carrers Major i Goya - Not\u00edcies - Ajuntament d&#039;Aldaia","isPartOf":{"@id":"https:\/\/aldaia.es\/noticias\/#website"},"primaryImageOfPage":{"@id":"https:\/\/aldaia.es\/noticias\/aldaia-inicia-la-millora-paisatgistica-dels-carrers-major-i-goya\/#primaryimage"},"image":{"@id":"https:\/\/aldaia.es\/noticias\/aldaia-inicia-la-millora-paisatgistica-dels-carrers-major-i-goya\/#primaryimage"},"thumbnailUrl":"https:\/\/aldaia.es\/noticias\/wp-content\/uploads\/2024\/05\/renat2.jpg","datePublished":"2024-05-08T08:14:45+00:00","description":"Es tracta de la renovaci\u00f3, la millora de la infraestructura i la renaturalitzaci\u00f3 d'estes importants vies de la localitat.","breadcrumb":{"@id":"https:\/\/aldaia.es\/noticias\/aldaia-inicia-la-millora-paisatgistica-dels-carrers-major-i-goya\/#breadcrumb"},"inLanguage":"ca","potentialAction":[{"@type":"ReadAction","target":["https:\/\/aldaia.es\/noticias\/aldaia-inicia-la-millora-paisatgistica-dels-carrers-major-i-goya\/"]}]},{"@type":"ImageObject","inLanguage":"ca","@id":"https:\/\/aldaia.es\/noticias\/aldaia-inicia-la-millora-paisatgistica-dels-carrers-major-i-goya\/#primaryimage","url":"https:\/\/aldaia.es\/noticias\/wp-content\/uploads\/2024\/05\/renat2.jpg","contentUrl":"https:\/\/aldaia.es\/noticias\/wp-content\/uploads\/2024\/05\/renat2.jpg","width":1440,"height":1440},{"@type":"BreadcrumbList","@id":"https:\/\/aldaia.es\/noticias\/aldaia-inicia-la-millora-paisatgistica-dels-carrers-major-i-goya\/#breadcrumb","itemListElement":[{"@type":"ListItem","position":1,"name":"Portada","item":"https:\/\/aldaia.es\/noticias\/"},{"@type":"ListItem","position":2,"name":"Aldaia inicia la millora paisatg\u00edstica dels carrers Major i Goya"}]},{"@type":"WebSite","@id":"https:\/\/aldaia.es\/noticias\/#website","url":"https:\/\/aldaia.es\/noticias\/","name":"Noticias Aldaia","description":"","publisher":{"@id":"https:\/\/aldaia.es\/noticias\/#organization"},"potentialAction":[{"@type":"SearchAction","target":{"@type":"EntryPoint","urlTemplate":"https:\/\/aldaia.es\/noticias\/?s={search_term_string}"},"query-input":{"@type":"PropertyValueSpecification","valueRequired":true,"valueName":"search_term_string"}}],"inLanguage":"ca"},{"@type":"Organization","@id":"https:\/\/aldaia.es\/noticias\/#organization","name":"Noticias Aldaia","url":"https:\/\/aldaia.es\/noticias\/","logo":{"@type":"ImageObject","inLanguage":"ca","@id":"https:\/\/aldaia.es\/noticias\/#\/schema\/logo\/image\/","url":"https:\/\/aldaia.es\/noticias\/wp-content\/uploads\/2025\/05\/aldaia-noticias.jpg","contentUrl":"https:\/\/aldaia.es\/noticias\/wp-content\/uploads\/2025\/05\/aldaia-noticias.jpg","width":512,"height":512,"caption":"Noticias Aldaia"},"image":{"@id":"https:\/\/aldaia.es\/noticias\/#\/schema\/logo\/image\/"}},{"@type":"Person","@id":"https:\/\/aldaia.es\/noticias\/#\/schema\/person\/736bf474749673d55971dc81c4553f7e","name":"prensa","url":"https:\/\/aldaia.es\/noticias\/author\/prensa\/"}]}},"_links":{"self":[{"href":"https:\/\/aldaia.es\/noticias\/wp-json\/wp\/v2\/posts\/27144","targetHints":{"allow":["GET"]}}],"collection":[{"href":"https:\/\/aldaia.es\/noticias\/wp-json\/wp\/v2\/posts"}],"about":[{"href":"https:\/\/aldaia.es\/noticias\/wp-json\/wp\/v2\/types\/post"}],"author":[{"embeddable":true,"href":"https:\/\/aldaia.es\/noticias\/wp-json\/wp\/v2\/users\/2"}],"replies":[{"embeddable":true,"href":"https:\/\/aldaia.es\/noticias\/wp-json\/wp\/v2\/comments?post=27144"}],"version-history":[{"count":0,"href":"https:\/\/aldaia.es\/noticias\/wp-json\/wp\/v2\/posts\/27144\/revisions"}],"wp:featuredmedia":[{"embeddable":true,"href":"https:\/\/aldaia.es\/noticias\/wp-json\/wp\/v2\/media\/27146"}],"wp:attachment":[{"href":"https:\/\/aldaia.es\/noticias\/wp-json\/wp\/v2\/media?parent=27144"}],"wp:term":[{"taxonomy":"category","embeddable":true,"href":"https:\/\/aldaia.es\/noticias\/wp-json\/wp\/v2\/categories?post=27144"},{"taxonomy":"post_tag","embeddable":true,"href":"https:\/\/aldaia.es\/noticias\/wp-json\/wp\/v2\/tags?post=27144"}],"curies":[{"name":"wp","href":"https:\/\/api.w.org\/{rel}","templated":true}]}}