{"id":29169,"date":"2024-07-05T10:08:31","date_gmt":"2024-07-05T08:08:31","guid":{"rendered":"https:\/\/aldaia.es\/?p=29169"},"modified":"2024-07-05T10:08:31","modified_gmt":"2024-07-05T08:08:31","slug":"conselleria-informa-a-lujan-que-no-bloqueara-el-proyecto-de-desvio-del-barranco-de-aldaia","status":"publish","type":"post","link":"https:\/\/aldaia.es\/noticias\/conselleria-informa-a-lujan-que-no-bloqueara-el-proyecto-de-desvio-del-barranco-de-aldaia\/","title":{"rendered":"Conselleria informa a Luj\u00e1n que no bloquejar\u00e0 el projecte de desviament del barranc d&#8217;Aldaia"},"content":{"rendered":"\n<p>\u201cPrudent, per\u00f2 esperan\u00e7at\u201d. Aix\u00ed es mostrava l&#8217;alcalde d&#8217;Aldaia en eixir de la reuni\u00f3 que ha mantingut aquest mat\u00ed amb la Directora General de l&#8217;Aigua, Sabina Goretti i Miguel Monta\u00f1ana, Subdirector General d&#8217;Avaluaci\u00f3 Ambiental i Paisatge, tots dos en representaci\u00f3 de la Conselleria de Medi Ambient. Durant la trobada, Luj\u00e1n els ha traslladat la seua preocupaci\u00f3 per les \u00faltimes informacions que apuntaven al bloqueig del projecte de desviament del barranc de la Saleta a causa d&#8217;un informe desfavorable de l&#8217;executiu valenci\u00e0.<\/p>\n\n\n\n<p>Per part seua, Goretti i Monta\u00f1ana han manifestat a l&#8217;alcalde la voluntat de Conselleria de no bloquejar-lo. Per a aix\u00f2, valoraran les possibles opcions per a completar aquest informe, obrint la porta aix\u00ed a la realitzaci\u00f3 d&#8217;aquestes obres hist\u00f2ricament demandades pels ve\u00efns d&#8217;Aldaia. Aix\u00ed, els t\u00e8cnics de Conselleria remetran pr\u00f2ximament a la Confederaci\u00f3 Hidrogr\u00e0fica del X\u00faquer la seua proposta referent a aix\u00f2.<\/p>\n\n\n\n<p>En finalitzar la reuni\u00f3, Luj\u00e1n assegurava estar \u201cprudent, per\u00f2 esperan\u00e7at\u201d sobre el resultat d&#8217;aquesta, i ha donat les gr\u00e0cies a la Conselleria \u201cper la seua predisposici\u00f3 a no bloquejar aquest projecte tan necessari per a garantir la seguretat dels ve\u00efns i ve\u00efnes d&#8217;Aldaia\u201d.<\/p>\n","protected":false},"excerpt":{"rendered":"<p>\u201cPrudent, per\u00f2 esperan\u00e7at\u201d. Aix\u00ed es mostrava l&#8217;alcalde d&#8217;Aldaia en eixir de la reuni\u00f3 que ha mantingut aq&#8230;<\/p>\n","protected":false},"author":2,"featured_media":29171,"comment_status":"closed","ping_status":"closed","sticky":false,"template":"","format":"standard","meta":{"_acf_changed":false,"footnotes":""},"categories":[19],"tags":[],"class_list":["post-29169","post","type-post","status-publish","format-standard","has-post-thumbnail","hentry","category-urbanisme_medi_ambient"],"acf":[],"yoast_head":"<!-- This site is optimized with the Yoast SEO plugin v26.9 - https:\/\/yoast.com\/product\/yoast-seo-wordpress\/ -->\n<title>Conselleria informa a Luj\u00e1n que no bloquejar\u00e0 el projecte de desviament del barranc d&#8217;Aldaia - Not\u00edcies - Ajuntament d&#039;Aldaia<\/title>\n<meta name=\"description\" content=\"Els t\u00e8cnics de Conselleria concretaran pr\u00f2ximament de quina forma completaran l&#039;informe que bloquejava el proc\u00e9s\" \/>\n<meta name=\"robots\" content=\"index, follow, max-snippet:-1, max-image-preview:large, max-video-preview:-1\" \/>\n<link rel=\"canonical\" href=\"https:\/\/aldaia.es\/noticias\/conselleria-informa-a-lujan-que-no-bloqueara-el-proyecto-de-desvio-del-barranco-de-aldaia\/\" \/>\n<meta property=\"og:locale\" content=\"ca_ES\" \/>\n<meta property=\"og:type\" content=\"article\" \/>\n<meta property=\"og:title\" content=\"Conselleria informa a Luj\u00e1n que no bloquejar\u00e0 el projecte de desviament del barranc d&#8217;Aldaia - Not\u00edcies - Ajuntament d&#039;Aldaia\" \/>\n<meta property=\"og:description\" content=\"Els t\u00e8cnics de Conselleria concretaran pr\u00f2ximament de quina forma completaran l&#039;informe que bloquejava el proc\u00e9s\" \/>\n<meta property=\"og:url\" content=\"https:\/\/aldaia.es\/noticias\/conselleria-informa-a-lujan-que-no-bloqueara-el-proyecto-de-desvio-del-barranco-de-aldaia\/\" \/>\n<meta property=\"og:site_name\" content=\"Not\u00edcies - Ajuntament d&#039;Aldaia\" \/>\n<meta property=\"article:published_time\" content=\"2024-07-05T08:08:31+00:00\" \/>\n<meta property=\"og:image\" content=\"https:\/\/aldaia.es\/noticias\/wp-content\/uploads\/2024\/07\/WebAldaia_20201031_121923_11zon-scaled-1.jpg\" \/>\n\t<meta property=\"og:image:width\" content=\"2560\" \/>\n\t<meta property=\"og:image:height\" content=\"1707\" \/>\n\t<meta property=\"og:image:type\" content=\"image\/jpeg\" \/>\n<meta name=\"author\" content=\"prensa\" \/>\n<meta name=\"twitter:card\" content=\"summary_large_image\" \/>\n<meta name=\"twitter:label1\" content=\"Escrit per\" \/>\n\t<meta name=\"twitter:data1\" content=\"prensa\" \/>\n\t<meta name=\"twitter:label2\" content=\"Temps estimat de lectura\" \/>\n\t<meta name=\"twitter:data2\" content=\"2 minuts\" \/>\n<script type=\"application\/ld+json\" class=\"yoast-schema-graph\">{\"@context\":\"https:\/\/schema.org\",\"@graph\":[{\"@type\":\"Article\",\"@id\":\"https:\/\/aldaia.es\/noticias\/conselleria-informa-a-lujan-que-no-bloqueara-el-proyecto-de-desvio-del-barranco-de-aldaia\/#article\",\"isPartOf\":{\"@id\":\"https:\/\/aldaia.es\/noticias\/conselleria-informa-a-lujan-que-no-bloqueara-el-proyecto-de-desvio-del-barranco-de-aldaia\/\"},\"author\":{\"name\":\"prensa\",\"@id\":\"https:\/\/aldaia.es\/noticias\/#\/schema\/person\/736bf474749673d55971dc81c4553f7e\"},\"headline\":\"Conselleria informa a Luj\u00e1n que no bloquejar\u00e0 el projecte de desviament del barranc d&#8217;Aldaia\",\"datePublished\":\"2024-07-05T08:08:31+00:00\",\"mainEntityOfPage\":{\"@id\":\"https:\/\/aldaia.es\/noticias\/conselleria-informa-a-lujan-que-no-bloqueara-el-proyecto-de-desvio-del-barranco-de-aldaia\/\"},\"wordCount\":227,\"publisher\":{\"@id\":\"https:\/\/aldaia.es\/noticias\/#organization\"},\"image\":{\"@id\":\"https:\/\/aldaia.es\/noticias\/conselleria-informa-a-lujan-que-no-bloqueara-el-proyecto-de-desvio-del-barranco-de-aldaia\/#primaryimage\"},\"thumbnailUrl\":\"https:\/\/aldaia.es\/noticias\/wp-content\/uploads\/2024\/07\/WebAldaia_20201031_121923_11zon-scaled-1.jpg\",\"articleSection\":[\"Urbanisme i Medi ambient\"],\"inLanguage\":\"ca\"},{\"@type\":\"WebPage\",\"@id\":\"https:\/\/aldaia.es\/noticias\/conselleria-informa-a-lujan-que-no-bloqueara-el-proyecto-de-desvio-del-barranco-de-aldaia\/\",\"url\":\"https:\/\/aldaia.es\/noticias\/conselleria-informa-a-lujan-que-no-bloqueara-el-proyecto-de-desvio-del-barranco-de-aldaia\/\",\"name\":\"Conselleria informa a Luj\u00e1n que no bloquejar\u00e0 el projecte de desviament del barranc d&#8217;Aldaia - Not\u00edcies - Ajuntament d&#039;Aldaia\",\"isPartOf\":{\"@id\":\"https:\/\/aldaia.es\/noticias\/#website\"},\"primaryImageOfPage\":{\"@id\":\"https:\/\/aldaia.es\/noticias\/conselleria-informa-a-lujan-que-no-bloqueara-el-proyecto-de-desvio-del-barranco-de-aldaia\/#primaryimage\"},\"image\":{\"@id\":\"https:\/\/aldaia.es\/noticias\/conselleria-informa-a-lujan-que-no-bloqueara-el-proyecto-de-desvio-del-barranco-de-aldaia\/#primaryimage\"},\"thumbnailUrl\":\"https:\/\/aldaia.es\/noticias\/wp-content\/uploads\/2024\/07\/WebAldaia_20201031_121923_11zon-scaled-1.jpg\",\"datePublished\":\"2024-07-05T08:08:31+00:00\",\"description\":\"Els t\u00e8cnics de Conselleria concretaran pr\u00f2ximament de quina forma completaran l'informe que bloquejava el proc\u00e9s\",\"breadcrumb\":{\"@id\":\"https:\/\/aldaia.es\/noticias\/conselleria-informa-a-lujan-que-no-bloqueara-el-proyecto-de-desvio-del-barranco-de-aldaia\/#breadcrumb\"},\"inLanguage\":\"ca\",\"potentialAction\":[{\"@type\":\"ReadAction\",\"target\":[\"https:\/\/aldaia.es\/noticias\/conselleria-informa-a-lujan-que-no-bloqueara-el-proyecto-de-desvio-del-barranco-de-aldaia\/\"]}]},{\"@type\":\"ImageObject\",\"inLanguage\":\"ca\",\"@id\":\"https:\/\/aldaia.es\/noticias\/conselleria-informa-a-lujan-que-no-bloqueara-el-proyecto-de-desvio-del-barranco-de-aldaia\/#primaryimage\",\"url\":\"https:\/\/aldaia.es\/noticias\/wp-content\/uploads\/2024\/07\/WebAldaia_20201031_121923_11zon-scaled-1.jpg\",\"contentUrl\":\"https:\/\/aldaia.es\/noticias\/wp-content\/uploads\/2024\/07\/WebAldaia_20201031_121923_11zon-scaled-1.jpg\",\"width\":2560,\"height\":1707},{\"@type\":\"BreadcrumbList\",\"@id\":\"https:\/\/aldaia.es\/noticias\/conselleria-informa-a-lujan-que-no-bloqueara-el-proyecto-de-desvio-del-barranco-de-aldaia\/#breadcrumb\",\"itemListElement\":[{\"@type\":\"ListItem\",\"position\":1,\"name\":\"Portada\",\"item\":\"https:\/\/aldaia.es\/noticias\/\"},{\"@type\":\"ListItem\",\"position\":2,\"name\":\"Conselleria informa a Luj\u00e1n que no bloquejar\u00e0 el projecte de desviament del barranc d&#8217;Aldaia\"}]},{\"@type\":\"WebSite\",\"@id\":\"https:\/\/aldaia.es\/noticias\/#website\",\"url\":\"https:\/\/aldaia.es\/noticias\/\",\"name\":\"Noticias Aldaia\",\"description\":\"\",\"publisher\":{\"@id\":\"https:\/\/aldaia.es\/noticias\/#organization\"},\"potentialAction\":[{\"@type\":\"SearchAction\",\"target\":{\"@type\":\"EntryPoint\",\"urlTemplate\":\"https:\/\/aldaia.es\/noticias\/?s={search_term_string}\"},\"query-input\":{\"@type\":\"PropertyValueSpecification\",\"valueRequired\":true,\"valueName\":\"search_term_string\"}}],\"inLanguage\":\"ca\"},{\"@type\":\"Organization\",\"@id\":\"https:\/\/aldaia.es\/noticias\/#organization\",\"name\":\"Noticias Aldaia\",\"url\":\"https:\/\/aldaia.es\/noticias\/\",\"logo\":{\"@type\":\"ImageObject\",\"inLanguage\":\"ca\",\"@id\":\"https:\/\/aldaia.es\/noticias\/#\/schema\/logo\/image\/\",\"url\":\"https:\/\/aldaia.es\/noticias\/wp-content\/uploads\/2025\/05\/aldaia-noticias.jpg\",\"contentUrl\":\"https:\/\/aldaia.es\/noticias\/wp-content\/uploads\/2025\/05\/aldaia-noticias.jpg\",\"width\":512,\"height\":512,\"caption\":\"Noticias Aldaia\"},\"image\":{\"@id\":\"https:\/\/aldaia.es\/noticias\/#\/schema\/logo\/image\/\"}},{\"@type\":\"Person\",\"@id\":\"https:\/\/aldaia.es\/noticias\/#\/schema\/person\/736bf474749673d55971dc81c4553f7e\",\"name\":\"prensa\",\"url\":\"https:\/\/aldaia.es\/noticias\/author\/prensa\/\"}]}<\/script>\n<!-- \/ Yoast SEO plugin. -->","yoast_head_json":{"title":"Conselleria informa a Luj\u00e1n que no bloquejar\u00e0 el projecte de desviament del barranc d&#8217;Aldaia - Not\u00edcies - Ajuntament d&#039;Aldaia","description":"Els t\u00e8cnics de Conselleria concretaran pr\u00f2ximament de quina forma completaran l'informe que bloquejava el proc\u00e9s","robots":{"index":"index","follow":"follow","max-snippet":"max-snippet:-1","max-image-preview":"max-image-preview:large","max-video-preview":"max-video-preview:-1"},"canonical":"https:\/\/aldaia.es\/noticias\/conselleria-informa-a-lujan-que-no-bloqueara-el-proyecto-de-desvio-del-barranco-de-aldaia\/","og_locale":"ca_ES","og_type":"article","og_title":"Conselleria informa a Luj\u00e1n que no bloquejar\u00e0 el projecte de desviament del barranc d&#8217;Aldaia - Not\u00edcies - Ajuntament d&#039;Aldaia","og_description":"Els t\u00e8cnics de Conselleria concretaran pr\u00f2ximament de quina forma completaran l'informe que bloquejava el proc\u00e9s","og_url":"https:\/\/aldaia.es\/noticias\/conselleria-informa-a-lujan-que-no-bloqueara-el-proyecto-de-desvio-del-barranco-de-aldaia\/","og_site_name":"Not\u00edcies - Ajuntament d&#039;Aldaia","article_published_time":"2024-07-05T08:08:31+00:00","og_image":[{"width":2560,"height":1707,"url":"https:\/\/aldaia.es\/noticias\/wp-content\/uploads\/2024\/07\/WebAldaia_20201031_121923_11zon-scaled-1.jpg","type":"image\/jpeg"}],"author":"prensa","twitter_card":"summary_large_image","twitter_misc":{"Escrit per":"prensa","Temps estimat de lectura":"2 minuts"},"schema":{"@context":"https:\/\/schema.org","@graph":[{"@type":"Article","@id":"https:\/\/aldaia.es\/noticias\/conselleria-informa-a-lujan-que-no-bloqueara-el-proyecto-de-desvio-del-barranco-de-aldaia\/#article","isPartOf":{"@id":"https:\/\/aldaia.es\/noticias\/conselleria-informa-a-lujan-que-no-bloqueara-el-proyecto-de-desvio-del-barranco-de-aldaia\/"},"author":{"name":"prensa","@id":"https:\/\/aldaia.es\/noticias\/#\/schema\/person\/736bf474749673d55971dc81c4553f7e"},"headline":"Conselleria informa a Luj\u00e1n que no bloquejar\u00e0 el projecte de desviament del barranc d&#8217;Aldaia","datePublished":"2024-07-05T08:08:31+00:00","mainEntityOfPage":{"@id":"https:\/\/aldaia.es\/noticias\/conselleria-informa-a-lujan-que-no-bloqueara-el-proyecto-de-desvio-del-barranco-de-aldaia\/"},"wordCount":227,"publisher":{"@id":"https:\/\/aldaia.es\/noticias\/#organization"},"image":{"@id":"https:\/\/aldaia.es\/noticias\/conselleria-informa-a-lujan-que-no-bloqueara-el-proyecto-de-desvio-del-barranco-de-aldaia\/#primaryimage"},"thumbnailUrl":"https:\/\/aldaia.es\/noticias\/wp-content\/uploads\/2024\/07\/WebAldaia_20201031_121923_11zon-scaled-1.jpg","articleSection":["Urbanisme i Medi ambient"],"inLanguage":"ca"},{"@type":"WebPage","@id":"https:\/\/aldaia.es\/noticias\/conselleria-informa-a-lujan-que-no-bloqueara-el-proyecto-de-desvio-del-barranco-de-aldaia\/","url":"https:\/\/aldaia.es\/noticias\/conselleria-informa-a-lujan-que-no-bloqueara-el-proyecto-de-desvio-del-barranco-de-aldaia\/","name":"Conselleria informa a Luj\u00e1n que no bloquejar\u00e0 el projecte de desviament del barranc d&#8217;Aldaia - Not\u00edcies - Ajuntament d&#039;Aldaia","isPartOf":{"@id":"https:\/\/aldaia.es\/noticias\/#website"},"primaryImageOfPage":{"@id":"https:\/\/aldaia.es\/noticias\/conselleria-informa-a-lujan-que-no-bloqueara-el-proyecto-de-desvio-del-barranco-de-aldaia\/#primaryimage"},"image":{"@id":"https:\/\/aldaia.es\/noticias\/conselleria-informa-a-lujan-que-no-bloqueara-el-proyecto-de-desvio-del-barranco-de-aldaia\/#primaryimage"},"thumbnailUrl":"https:\/\/aldaia.es\/noticias\/wp-content\/uploads\/2024\/07\/WebAldaia_20201031_121923_11zon-scaled-1.jpg","datePublished":"2024-07-05T08:08:31+00:00","description":"Els t\u00e8cnics de Conselleria concretaran pr\u00f2ximament de quina forma completaran l'informe que bloquejava el proc\u00e9s","breadcrumb":{"@id":"https:\/\/aldaia.es\/noticias\/conselleria-informa-a-lujan-que-no-bloqueara-el-proyecto-de-desvio-del-barranco-de-aldaia\/#breadcrumb"},"inLanguage":"ca","potentialAction":[{"@type":"ReadAction","target":["https:\/\/aldaia.es\/noticias\/conselleria-informa-a-lujan-que-no-bloqueara-el-proyecto-de-desvio-del-barranco-de-aldaia\/"]}]},{"@type":"ImageObject","inLanguage":"ca","@id":"https:\/\/aldaia.es\/noticias\/conselleria-informa-a-lujan-que-no-bloqueara-el-proyecto-de-desvio-del-barranco-de-aldaia\/#primaryimage","url":"https:\/\/aldaia.es\/noticias\/wp-content\/uploads\/2024\/07\/WebAldaia_20201031_121923_11zon-scaled-1.jpg","contentUrl":"https:\/\/aldaia.es\/noticias\/wp-content\/uploads\/2024\/07\/WebAldaia_20201031_121923_11zon-scaled-1.jpg","width":2560,"height":1707},{"@type":"BreadcrumbList","@id":"https:\/\/aldaia.es\/noticias\/conselleria-informa-a-lujan-que-no-bloqueara-el-proyecto-de-desvio-del-barranco-de-aldaia\/#breadcrumb","itemListElement":[{"@type":"ListItem","position":1,"name":"Portada","item":"https:\/\/aldaia.es\/noticias\/"},{"@type":"ListItem","position":2,"name":"Conselleria informa a Luj\u00e1n que no bloquejar\u00e0 el projecte de desviament del barranc d&#8217;Aldaia"}]},{"@type":"WebSite","@id":"https:\/\/aldaia.es\/noticias\/#website","url":"https:\/\/aldaia.es\/noticias\/","name":"Noticias Aldaia","description":"","publisher":{"@id":"https:\/\/aldaia.es\/noticias\/#organization"},"potentialAction":[{"@type":"SearchAction","target":{"@type":"EntryPoint","urlTemplate":"https:\/\/aldaia.es\/noticias\/?s={search_term_string}"},"query-input":{"@type":"PropertyValueSpecification","valueRequired":true,"valueName":"search_term_string"}}],"inLanguage":"ca"},{"@type":"Organization","@id":"https:\/\/aldaia.es\/noticias\/#organization","name":"Noticias Aldaia","url":"https:\/\/aldaia.es\/noticias\/","logo":{"@type":"ImageObject","inLanguage":"ca","@id":"https:\/\/aldaia.es\/noticias\/#\/schema\/logo\/image\/","url":"https:\/\/aldaia.es\/noticias\/wp-content\/uploads\/2025\/05\/aldaia-noticias.jpg","contentUrl":"https:\/\/aldaia.es\/noticias\/wp-content\/uploads\/2025\/05\/aldaia-noticias.jpg","width":512,"height":512,"caption":"Noticias Aldaia"},"image":{"@id":"https:\/\/aldaia.es\/noticias\/#\/schema\/logo\/image\/"}},{"@type":"Person","@id":"https:\/\/aldaia.es\/noticias\/#\/schema\/person\/736bf474749673d55971dc81c4553f7e","name":"prensa","url":"https:\/\/aldaia.es\/noticias\/author\/prensa\/"}]}},"_links":{"self":[{"href":"https:\/\/aldaia.es\/noticias\/wp-json\/wp\/v2\/posts\/29169","targetHints":{"allow":["GET"]}}],"collection":[{"href":"https:\/\/aldaia.es\/noticias\/wp-json\/wp\/v2\/posts"}],"about":[{"href":"https:\/\/aldaia.es\/noticias\/wp-json\/wp\/v2\/types\/post"}],"author":[{"embeddable":true,"href":"https:\/\/aldaia.es\/noticias\/wp-json\/wp\/v2\/users\/2"}],"replies":[{"embeddable":true,"href":"https:\/\/aldaia.es\/noticias\/wp-json\/wp\/v2\/comments?post=29169"}],"version-history":[{"count":0,"href":"https:\/\/aldaia.es\/noticias\/wp-json\/wp\/v2\/posts\/29169\/revisions"}],"wp:featuredmedia":[{"embeddable":true,"href":"https:\/\/aldaia.es\/noticias\/wp-json\/wp\/v2\/media\/29171"}],"wp:attachment":[{"href":"https:\/\/aldaia.es\/noticias\/wp-json\/wp\/v2\/media?parent=29169"}],"wp:term":[{"taxonomy":"category","embeddable":true,"href":"https:\/\/aldaia.es\/noticias\/wp-json\/wp\/v2\/categories?post=29169"},{"taxonomy":"post_tag","embeddable":true,"href":"https:\/\/aldaia.es\/noticias\/wp-json\/wp\/v2\/tags?post=29169"}],"curies":[{"name":"wp","href":"https:\/\/api.w.org\/{rel}","templated":true}]}}