{"id":34251,"date":"2024-11-08T11:10:30","date_gmt":"2024-11-08T10:10:30","guid":{"rendered":"https:\/\/aldaia.es\/?p=34251"},"modified":"2026-01-19T10:39:20","modified_gmt":"2026-01-19T09:39:20","slug":"informacio-emergencia-dana-aldaia","status":"publish","type":"post","link":"https:\/\/aldaia.es\/noticias\/informacio-emergencia-dana-aldaia\/","title":{"rendered":"INFORMACI\u00d3 EMERG\u00c8NCIA DANA ALDAIA"},"content":{"rendered":"\n<p><\/p>\n\n\n\n<p>*El <strong>JUTJAT DE PAU d&#8217;Aldaia<\/strong> es troba de nou a la seua ubicaci\u00f3 habitual\u00c7: Carrer Dissabte, 9- Baix. I at\u00e9n de dilluns a divendres en horari de 9.00 a 13.00h. Amb el tel\u00e8fon 96.1501366 i correu electr\u00f2nic jpaz_aldaia@gva.es<\/p>\n\n\n\n<p><strong>SANITAT<\/strong><\/p>\n\n\n\n<p>Atenci\u00f3 sanit\u00e0ria prim\u00e0ria torna al <strong>Centre de Salut d&#8217;Aldaia<\/strong>. Amb urg\u00e8ncies 24 hores i cites en ubicaci\u00f3 i horari habitual (Pla\u00e7a Antic Regne de Val\u00e8ncia, Aldaia)<\/p>\n\n\n\n<p>El <strong>Centre d&#8217;ESPECIALITATS<\/strong> d&#8217;Aldaia torna a estar operatiu al Carrer Tres d&#8217;Abril, 1 Tle\u00e8fon: <a href=\"https:\/\/www.google.com\/search?q=centro+Especialidades+aldaia&amp;sca_esv=cf6290cf059c5086&amp;rlz=1C1GCEU_esES932ES932&amp;sxsrf=AE3TifMkq463byCVEAnqGaJ70bV_AzNSiA%3A1748944998531&amp;ei=Zsg-aKWYIJeMxc8P1qOTqA4&amp;ved=0ahUKEwil4_nq_9SNAxUXRvEDHdbRBOUQ4dUDCBA&amp;uact=5&amp;oq=centro+Especialidades+aldaia&amp;gs_lp=Egxnd3Mtd2l6LXNlcnAiHGNlbnRybyBFc3BlY2lhbGlkYWRlcyBhbGRhaWEyBRAAGIAEMgUQABiABDIOEC4YgAQYxwEYjgUYrwEyBhAAGAgYHjIGEAAYCBgeMggQABgIGAoYHjIIEAAYgAQYogRIihlQAFiBFXAAeAGQAQGYAeMBoAHXFKoBBjUuMTMuMrgBA8gBAPgBAZgCCKAC0AfCAgYQABgHGB7CAggQABgHGAgYHsICChAAGAcYCBgKGB7CAgUQABjvBcICBxAAGIAEGA2YAwCSBwMyLjagB8ySAbIHAzIuNrgH0AfCBwkwLjEuMy4zLjHIB1Y&amp;sclient=gws-wiz-serp#\">963 17 66 71<\/a><\/p>\n\n\n\n<p><\/p>\n\n\n\n<p>   -FARM\u00c0CIA DE GU\u00c0RDIA (situaci\u00f3 actual): <a href=\"\/?page_id=3689\">https:\/\/aldaia.es\/farmacies-de-guardia\/<\/a><a href=\"\/?page_id=3689\"> <\/a><\/p>\n\n\n\n<p><\/p>\n\n\n\n<p>Les instal\u00b7lacions del <strong>Centre d&#8217;Atenci\u00f3 i Informaci\u00f3 de la Seguretat Social d&#8217;Aldaia<\/strong> (CAISS) estan reobertes al p\u00fablic a la seua ubicaci\u00f3 a la Pla\u00e7a del Pais Valenci\u00e0 d&#8217;Aldaia.<br><br>L&#8217;horari \u00e9s de 9h a 14h, es recomana telefonar abans, per assegurar-se la documentaci\u00f3 que s&#8217;ha d&#8217;aportar per fer la consulta i\/o tr\u00e0mit. Tel\u00e8fon d&#8217;informaci\u00f3 <a href=\"https:\/\/www.google.com\/search?q=Centre+d%27Atenci%C3%B3+i+Informaci%C3%B3+de+la+Seguretat+Social+d%27Aldaia+%28CAISS%29&amp;sca_esv=cf6290cf059c5086&amp;rlz=1C1GCEU_esES932ES932&amp;sxsrf=AE3TifPRULEzjrB6WRJVjhPFPMpzSbE5RA%3A1748945084255&amp;ei=vMg-aJSQD5eP9u8P_IyP6Qg&amp;ved=0ahUKEwiU3umTgNWNAxWXh_0HHXzGI40Q4dUDCBA&amp;uact=5&amp;oq=Centre+d%27Atenci%C3%B3+i+Informaci%C3%B3+de+la+Seguretat+Social+d%27Aldaia+%28CAISS%29&amp;gs_lp=Egxnd3Mtd2l6LXNlcnAiR0NlbnRyZSBkJ0F0ZW5jacOzIGkgSW5mb3JtYWNpw7MgZGUgbGEgU2VndXJldGF0IFNvY2lhbCBkJ0FsZGFpYSAoQ0FJU1MpSOEFUABYAHAAeAGQAQCYAaQBoAGkAaoBAzAuMbgBA8gBAPgBAvgBAZgCAKACAJgDAJIHAKAHhQGyBwC4BwDCBwDIBwA&amp;sclient=gws-wiz-serp#\">961 50 15 81<\/a><\/p>\n\n\n\n<p><\/p>\n\n\n\n<p><strong>AG\u00c8NCIA TRIBUT\u00c0RIA ALDAIA<\/strong><\/p>\n\n\n\n<p>L&#8217;Ag\u00e8ncia Tribut\u00e0ria es troba ubicada temporalment al sal\u00f3 de plenaris de l&#8217;Ajuntament d&#8217;Aldaia (pla\u00e7a de la Constituci\u00f3, 10, Aldaia)<\/p>\n\n\n\n<p><\/p>\n\n\n\n<p><strong>TRANSPORT<\/strong><\/p>\n\n\n\n<p>Consulta ac\u00ed totes les novetats: <a href=\"https:\/\/aldaia.es\/transport\/\">https:\/\/aldaia.es\/transport\/<\/a><\/p>\n\n\n\n<p><\/p>\n\n\n\n<p><strong>FARM\u00c0CIES HABILITADES EN ALDAIA<\/strong><\/p>\n\n\n\n<ul class=\"wp-block-list\">\n<li>C\/ Salvador Allende, n\u00ba 6 (8:00 a 20:30)<\/li>\n\n\n\n<li>Pz. Europa n\u00ba 5. (9:00 a 14:00 y 17:00 a 20:00)<\/li>\n\n\n\n<li>C\/ Pintor Sorolla, n\u00ba 21 (8:30 a 14:30 y 15::30 a 20:.00)<\/li>\n\n\n\n<li>Pz. Cortes Valencianas, n\u00ba 9 (9:00 a 14:00 y 17:00 a 20:30)<\/li>\n\n\n\n<li>Avda. Blasco Ib\u00e1\u00f1ez, n\u00ba 5 (9:00 a 14:00 y 17:00 a 20:00)<\/li>\n\n\n\n<li>C\/ Mayor,n\u00ba 63 (9:00 a 14:00 y 17:00 a 20:00)<\/li>\n\n\n\n<li>DoctorMara\u00f1\u00f3n, n\u00ba 4 (9:00 a 14:00 y 17:00 a 19:00)<\/li>\n\n\n\n<li>C\/ Hern\u00e1n Cort\u00e9s, n\u00ba 27 (8:30 a 14:00 y 17:00 a 20:30)<\/li>\n\n\n\n<li>C\/ Iglesia, n\u00ba 11 (9:00 a 14:00)<\/li>\n\n\n\n<li>C\/ Victoriano Mateu, n\u00ba 13 ( 8:30 a 20:30 )<\/li>\n\n\n\n<li>C\/ Iglesia, n\u00ba 51 (9:00 \u201314:00)<\/li>\n<\/ul>\n\n\n\n<p>&#8211; Farm\u00e0cies de gu\u00e0rdia (situaci\u00f3 actual):<a href=\"\/?page_id=3689\"> <\/a><a href=\"\/?page_id=3689\">https:\/\/aldaia.es\/farmacies-de-guardia\/<\/a><\/p>\n\n\n\n<p><\/p>\n\n\n\n<p><\/p>\n\n\n\n<p><strong>PRESCRIPCI\u00d3 FARMAC\u00c8UTICA<\/strong><\/p>\n\n\n\n<p>-Las restriccions sobre receptes complement\u00e0ries necessaries per a recuperar\/complementar la medicaci\u00f3 dels pacients afectats s&#8217;han suprimit temporalment<\/p>\n\n\n\n<p>-Es prolonguen autom\u00e0ticament els tractaments cr\u00f2nics<\/p>\n\n\n\n<p>-Tots els models de receptes oficials poden seguir sent utilitzats per a la prescripci\u00f3 de tractaments finan\u00e7ats<\/p>\n\n\n\n<p>-Mutualistes, si disposen de talonari s&#8217;utilizar\u00e0, si no, recepta privada fent constar en la mateixa la condici\u00f3 de mutualista<\/p>\n\n\n\n<p><strong>DISPENSACI\u00d3 FARMAC\u00c8UTICA<\/strong><\/p>\n\n\n\n<p>Les restriccions d&#8217;acc\u00e9s sense la targeta SIP es van suprimir temporalment<\/p>\n\n\n\n<p>Amb recepta en paper, es dispensar\u00e0<\/p>\n\n\n\n<p><strong>SERVICIS SOCIALS I OFICINA INFORMACI\u00d3 AJUDES<\/strong><\/p>\n\n\n\n<p>Centre Gent Jove: pl Constituci\u00f3, 1<\/p>\n\n\n\n<p>Les persones majors i\/o amb discapacitat amb impossibilitat d&#8217;eixir de casa perqu\u00e8 no funciona l&#8217;ascensor, es poden posar en contacte amb serveis socials al tel\u00e8fon: 664523141<\/p>\n\n\n\n<p><\/p>\n\n\n\n<p><strong>NOVA MESURA AJUDES DANA<\/strong> | L&#8217;AJUNTAMENT D&#8217;ALDAIA TORNAR\u00c0 L&#8217;IBI URB\u00c0 2024 ALS IMMOBLES AFECTATS PER LA DANA<br>Exencions:<\/p>\n\n\n\n<ol class=\"wp-block-list\">\n<li>Si l&#8217;has pagat domiciliat per banc, es tornar\u00e0 DE FORMA AUTOM\u00c0TICA<\/li>\n\n\n\n<li>Si l&#8217;has pagat en efectiu, deur\u00e0s aportar un n\u00famero de compte en la inst\u00e0ncia de sol\u00b7licitud, I ES TORNAR\u00c0 L&#8217;IMPORT. Podr\u00e0s entregar-la en el mateix moment de la teua cita per a sol\u00b7licitar les ajudes de l&#8217;ajuntament, o per registre d&#8217;entrada<\/li>\n\n\n\n<li>Si encara no l&#8217;has pagat, HO ANUL\u00b7LAREM<\/li>\n<\/ol>\n\n\n\n<p>PDF <a href=\"https:\/\/aldaia.es\/noticias\/wp-content\/uploads\/2024\/12\/DevolucioIBI.pdf\"><strong>Devoluci\u00f3 IBI ALDAIA<\/strong><\/a><\/p>\n\n\n\n<p><\/p>\n\n\n\n<p><strong>AJUDES GENERALITAT VALENCIANA<\/strong><\/p>\n\n\n\n<p>Decret del Consell: <a href=\"https:\/\/dogv.gva.es\/va\/eli\/es-vc\/d\/2024\/11\/04\/163\/dof\/vci\/html\">https:\/\/dogv.gva.es\/va\/eli\/es-vc\/d\/2024\/11\/04\/163\/dof\/vci\/html<\/a><\/p>\n\n\n\n<p>Pots presentar-la de forma telem\u00e0tica en <a href=\"https:\/\/www.gva.es\/es\/inicio\/procedimientos?id_proc=101532\">https:\/\/www.gva.es\/es\/inicio\/procedimientos?id_proc=101532<\/a> o presencialmente en la Conselleria, o en les oficines habilitades en ajuntaments.<\/p>\n\n\n\n<p>ALDAIA: Pla\u00e7a de la Constituci\u00f3, 1<\/p>\n\n\n\n<p>Per a dubtes sobre el tr\u00e0mit: <a href=\"mailto:secretariatecnica_avsre@gva.es\">secretariatecnica_avsre@gva.es<\/a><\/p>\n\n\n\n<p><strong>AJUDES ESTATALS<\/strong><\/p>\n\n\n\n<p>Tota la informaci\u00f3 a l&#8217;enlla\u00e7 habilitat: <a href=\"https:\/\/www.hacienda.gob.es\/es-es\/paginas\/infodana.aspx\">https:\/\/www.hacienda.gob.es\/es-es\/paginas\/infodana.aspx<\/a><\/p>\n\n\n\n<p>Atenci\u00f3 per a la seua sol.licitud a Aldaia: Pla\u00e7a de la Constituci\u00f3, 1<\/p>\n\n\n\n<p><strong>AJUDES GESTIONADES PER L&#8217;AJUNTAMENT D&#8217;ALDAIA<\/strong> <\/p>\n\n\n\n<p><a href=\"\/?p=34918\">Tota la informaci\u00f3 ac\u00ed<\/a><\/p>\n\n\n\n<p><strong>AJUDES PER A ESTUDIANTAT AFECTAT:<\/strong> <a href=\"\/?page_id=770\">Accedix ac\u00ed<\/a><\/p>\n\n\n\n<p><strong>DNI COMISSARIA DE XIRIVELLA<\/strong> <br>Es pot demanar cita en p\u00e0gina web, i casos urgents sense cita.<\/p>\n\n\n\n<p>Les persones damnificades per la DANA queden exemptes de les taxes.<\/p>\n\n\n\n<p>Tamb\u00e9 es realitzen duplicats de DNI perduts per la DANA.<\/p>\n\n\n\n<p><strong>Certificat carrers afectats Aldaia DANA actualitzat a 15-11-2024<\/strong><\/p>\n\n\n\n<p><a href=\"\/?p=34401\">https:\/\/aldaia.es\/2024\/11\/09\/certificado-calles-afectadas-aldaia-dana-9-11-2024\/<\/a><\/p>\n\n\n\n<p><strong>Duplicat documentaci\u00f3 perduda en la DANA<\/strong><\/p>\n\n\n\n<p>   &#8211;<strong>COLEGI OFICIAL DE NOTARIS<\/strong> <a href=\"https:\/\/valencia.notariado.org\/portal\/-\/20241031-servicio-notarial-de-ayuda-gratuito-para-los-afectados-por-la-dana-noticia-p%C3%BAblica-\">https:\/\/valencia.notariado.org\/portal\/-\/20241031-servicio-notarial-de-ayuda-gratuito-para-los-afectados-por-la-dana-noticia-p%C3%BAblica-<\/a><\/p>\n\n\n\n<p>   &#8211;<strong>DGT<\/strong> <a href=\"https:\/\/www.dgt.es\/nuestros-servicios\/afectados-dana\/\">https:\/\/www.dgt.es\/nuestros-servicios\/afectados-dana\/<\/a><\/p>\n\n\n\n<p><strong>SUBMINISTRAMENT DE GAS AFECTATS<\/strong><\/p>\n\n\n\n<p>-Nedgia reparar\u00e0 o substituir\u00e0 instal\u00b7lacions i equipaments de gas (calderes, calentadors&#8230;) dels seus clients<\/p>\n\n\n\n<p>-Punt d&#8217;informaci\u00f3 en c\/Major, 13<\/p>\n\n\n\n<p>-Tel\u00e8fon d&#8217;informaci\u00f3: 900 100 252<\/p>\n\n\n\n<p><strong>SERVICI D&#8217;INFORMACI\u00d3 PRESENCIAL EN ALDAIA PER A COMER\u00c7OS I EMPRESES<\/strong> <strong>AFECTADES PER LA DANA<\/strong><\/p>\n\n\n\n<p>L&#8217;\u00e0rea d&#8217;empresa i comer\u00e7 de la Mancomunitat de L&#8217;Horta Sud, en col\u00b7laboraci\u00f3 amb els ajuntaments de la comarca, realitza un servei de proximitat per informar i assessorar sobre els ajuts econ\u00f2mics a empreses i persones aut\u00f2nomes que han posat en marxa diferents administracions p\u00fabliques per la Dana.<\/p>\n\n\n\n<p><strong>UBICACI\u00d3<\/strong>: centre ADL C\/ Ricardo Fuster s\/n, frente piscina Aldaia.&nbsp;<\/p>\n\n\n\n<p>Es disposa de servici d&#8217;atenci\u00f3 <strong>PERMANENT<\/strong>:<\/p>\n\n\n\n<ul class=\"wp-block-list\">\n<li>Telef\u00f2nicament Aldaia 96 198 88 15<\/li>\n\n\n\n<li>Telef\u00f2nicament Mancomunitat 961572011 666036302<\/li>\n\n\n\n<li>Presencialment: en la seu de la Mancomunitat de l&#8217;Horta Sud (C\/ Cervantes, 19 de Torrent) de dilluns a divendres de 9 a 14 hores<\/li>\n\n\n\n<li>Correus electr\u00f2nics:<\/li>\n<\/ul>\n\n\n\n<p><a href=\"mailto:empleo@mancohortasud.es\">empleo@mancohortasud.es<\/a><\/p>\n\n\n\n<p><a href=\"mailto:negocios@mancohortasud.es\">negocios@mancohortasud.es<\/a><\/p>\n\n\n\n<p><a href=\"mailto:programas@mancohortasu.es\">programas@mancohortasu.es<\/a><\/p>\n\n\n\n<p><a href=\"mailto:emprendimiento@mancohortasud.es\">emprendimiento@mancohortasud.es<\/a><\/p>\n\n\n\n<div style=\"height:100px\" aria-hidden=\"true\" class=\"wp-block-spacer\"><\/div>\n","protected":false},"excerpt":{"rendered":"<p>*El JUTJAT DE PAU d&#8217;Aldaia es troba de nou a la seua ubicaci\u00f3 habitual\u00c7: Carrer Dissabte, 9- Baix. I at\u00e9n de dilluns&#8230;<\/p>\n","protected":false},"author":3,"featured_media":34254,"comment_status":"closed","ping_status":"closed","sticky":false,"template":"","format":"standard","meta":{"_acf_changed":false,"footnotes":""},"categories":[20],"tags":[],"class_list":["post-34251","post","type-post","status-publish","format-standard","has-post-thumbnail","hentry","category-serveis-socials-igualtat"],"acf":[],"yoast_head":"<!-- This site is optimized with the Yoast SEO plugin v26.9 - https:\/\/yoast.com\/product\/yoast-seo-wordpress\/ -->\n<title>INFORMACI\u00d3 EMERG\u00c8NCIA DANA ALDAIA - Not\u00edcies - Ajuntament d&#039;Aldaia<\/title>\n<meta name=\"description\" content=\"Informacions\" \/>\n<meta name=\"robots\" content=\"index, follow, max-snippet:-1, max-image-preview:large, max-video-preview:-1\" \/>\n<link rel=\"canonical\" href=\"https:\/\/aldaia.es\/noticias\/informacio-emergencia-dana-aldaia\/\" \/>\n<meta property=\"og:locale\" content=\"ca_ES\" \/>\n<meta property=\"og:type\" content=\"article\" \/>\n<meta property=\"og:title\" content=\"INFORMACI\u00d3 EMERG\u00c8NCIA DANA ALDAIA - Not\u00edcies - Ajuntament d&#039;Aldaia\" \/>\n<meta property=\"og:description\" content=\"Informacions\" \/>\n<meta property=\"og:url\" content=\"https:\/\/aldaia.es\/noticias\/informacio-emergencia-dana-aldaia\/\" \/>\n<meta property=\"og:site_name\" content=\"Not\u00edcies - Ajuntament d&#039;Aldaia\" \/>\n<meta property=\"article:published_time\" content=\"2024-11-08T10:10:30+00:00\" \/>\n<meta property=\"article:modified_time\" content=\"2026-01-19T09:39:20+00:00\" \/>\n<meta property=\"og:image\" content=\"https:\/\/aldaia.es\/noticias\/wp-content\/uploads\/2024\/11\/WhatsApp-Image-2024-11-03-at-00.14.50.jpeg\" \/>\n\t<meta property=\"og:image:width\" content=\"1181\" \/>\n\t<meta property=\"og:image:height\" content=\"1181\" \/>\n\t<meta property=\"og:image:type\" content=\"image\/jpeg\" \/>\n<meta name=\"author\" content=\"COMUNICACION\" \/>\n<meta name=\"twitter:card\" content=\"summary_large_image\" \/>\n<meta name=\"twitter:label1\" content=\"Escrit per\" \/>\n\t<meta name=\"twitter:data1\" content=\"COMUNICACION\" \/>\n\t<meta name=\"twitter:label2\" content=\"Temps estimat de lectura\" \/>\n\t<meta name=\"twitter:data2\" content=\"5 minuts\" \/>\n<script type=\"application\/ld+json\" class=\"yoast-schema-graph\">{\"@context\":\"https:\/\/schema.org\",\"@graph\":[{\"@type\":\"Article\",\"@id\":\"https:\/\/aldaia.es\/noticias\/informacio-emergencia-dana-aldaia\/#article\",\"isPartOf\":{\"@id\":\"https:\/\/aldaia.es\/noticias\/informacio-emergencia-dana-aldaia\/\"},\"author\":{\"name\":\"COMUNICACION\",\"@id\":\"https:\/\/aldaia.es\/noticias\/#\/schema\/person\/4b9d33d0d77864dfe798033366a332f5\"},\"headline\":\"INFORMACI\u00d3 EMERG\u00c8NCIA DANA ALDAIA\",\"datePublished\":\"2024-11-08T10:10:30+00:00\",\"dateModified\":\"2026-01-19T09:39:20+00:00\",\"mainEntityOfPage\":{\"@id\":\"https:\/\/aldaia.es\/noticias\/informacio-emergencia-dana-aldaia\/\"},\"wordCount\":874,\"publisher\":{\"@id\":\"https:\/\/aldaia.es\/noticias\/#organization\"},\"image\":{\"@id\":\"https:\/\/aldaia.es\/noticias\/informacio-emergencia-dana-aldaia\/#primaryimage\"},\"thumbnailUrl\":\"https:\/\/aldaia.es\/noticias\/wp-content\/uploads\/2024\/11\/WhatsApp-Image-2024-11-03-at-00.14.50.jpeg\",\"articleSection\":[\"Serveis Socials e Igualtat\"],\"inLanguage\":\"ca\"},{\"@type\":\"WebPage\",\"@id\":\"https:\/\/aldaia.es\/noticias\/informacio-emergencia-dana-aldaia\/\",\"url\":\"https:\/\/aldaia.es\/noticias\/informacio-emergencia-dana-aldaia\/\",\"name\":\"INFORMACI\u00d3 EMERG\u00c8NCIA DANA ALDAIA - Not\u00edcies - Ajuntament d&#039;Aldaia\",\"isPartOf\":{\"@id\":\"https:\/\/aldaia.es\/noticias\/#website\"},\"primaryImageOfPage\":{\"@id\":\"https:\/\/aldaia.es\/noticias\/informacio-emergencia-dana-aldaia\/#primaryimage\"},\"image\":{\"@id\":\"https:\/\/aldaia.es\/noticias\/informacio-emergencia-dana-aldaia\/#primaryimage\"},\"thumbnailUrl\":\"https:\/\/aldaia.es\/noticias\/wp-content\/uploads\/2024\/11\/WhatsApp-Image-2024-11-03-at-00.14.50.jpeg\",\"datePublished\":\"2024-11-08T10:10:30+00:00\",\"dateModified\":\"2026-01-19T09:39:20+00:00\",\"description\":\"Informacions\",\"breadcrumb\":{\"@id\":\"https:\/\/aldaia.es\/noticias\/informacio-emergencia-dana-aldaia\/#breadcrumb\"},\"inLanguage\":\"ca\",\"potentialAction\":[{\"@type\":\"ReadAction\",\"target\":[\"https:\/\/aldaia.es\/noticias\/informacio-emergencia-dana-aldaia\/\"]}]},{\"@type\":\"ImageObject\",\"inLanguage\":\"ca\",\"@id\":\"https:\/\/aldaia.es\/noticias\/informacio-emergencia-dana-aldaia\/#primaryimage\",\"url\":\"https:\/\/aldaia.es\/noticias\/wp-content\/uploads\/2024\/11\/WhatsApp-Image-2024-11-03-at-00.14.50.jpeg\",\"contentUrl\":\"https:\/\/aldaia.es\/noticias\/wp-content\/uploads\/2024\/11\/WhatsApp-Image-2024-11-03-at-00.14.50.jpeg\",\"width\":1181,\"height\":1181},{\"@type\":\"BreadcrumbList\",\"@id\":\"https:\/\/aldaia.es\/noticias\/informacio-emergencia-dana-aldaia\/#breadcrumb\",\"itemListElement\":[{\"@type\":\"ListItem\",\"position\":1,\"name\":\"Portada\",\"item\":\"https:\/\/aldaia.es\/noticias\/\"},{\"@type\":\"ListItem\",\"position\":2,\"name\":\"INFORMACI\u00d3 EMERG\u00c8NCIA DANA ALDAIA\"}]},{\"@type\":\"WebSite\",\"@id\":\"https:\/\/aldaia.es\/noticias\/#website\",\"url\":\"https:\/\/aldaia.es\/noticias\/\",\"name\":\"Noticias Aldaia\",\"description\":\"\",\"publisher\":{\"@id\":\"https:\/\/aldaia.es\/noticias\/#organization\"},\"potentialAction\":[{\"@type\":\"SearchAction\",\"target\":{\"@type\":\"EntryPoint\",\"urlTemplate\":\"https:\/\/aldaia.es\/noticias\/?s={search_term_string}\"},\"query-input\":{\"@type\":\"PropertyValueSpecification\",\"valueRequired\":true,\"valueName\":\"search_term_string\"}}],\"inLanguage\":\"ca\"},{\"@type\":\"Organization\",\"@id\":\"https:\/\/aldaia.es\/noticias\/#organization\",\"name\":\"Noticias Aldaia\",\"url\":\"https:\/\/aldaia.es\/noticias\/\",\"logo\":{\"@type\":\"ImageObject\",\"inLanguage\":\"ca\",\"@id\":\"https:\/\/aldaia.es\/noticias\/#\/schema\/logo\/image\/\",\"url\":\"https:\/\/aldaia.es\/noticias\/wp-content\/uploads\/2025\/05\/aldaia-noticias.jpg\",\"contentUrl\":\"https:\/\/aldaia.es\/noticias\/wp-content\/uploads\/2025\/05\/aldaia-noticias.jpg\",\"width\":512,\"height\":512,\"caption\":\"Noticias Aldaia\"},\"image\":{\"@id\":\"https:\/\/aldaia.es\/noticias\/#\/schema\/logo\/image\/\"}},{\"@type\":\"Person\",\"@id\":\"https:\/\/aldaia.es\/noticias\/#\/schema\/person\/4b9d33d0d77864dfe798033366a332f5\",\"name\":\"COMUNICACION\",\"url\":\"https:\/\/aldaia.es\/noticias\/author\/comunicacion\/\"}]}<\/script>\n<!-- \/ Yoast SEO plugin. -->","yoast_head_json":{"title":"INFORMACI\u00d3 EMERG\u00c8NCIA DANA ALDAIA - Not\u00edcies - Ajuntament d&#039;Aldaia","description":"Informacions","robots":{"index":"index","follow":"follow","max-snippet":"max-snippet:-1","max-image-preview":"max-image-preview:large","max-video-preview":"max-video-preview:-1"},"canonical":"https:\/\/aldaia.es\/noticias\/informacio-emergencia-dana-aldaia\/","og_locale":"ca_ES","og_type":"article","og_title":"INFORMACI\u00d3 EMERG\u00c8NCIA DANA ALDAIA - Not\u00edcies - Ajuntament d&#039;Aldaia","og_description":"Informacions","og_url":"https:\/\/aldaia.es\/noticias\/informacio-emergencia-dana-aldaia\/","og_site_name":"Not\u00edcies - Ajuntament d&#039;Aldaia","article_published_time":"2024-11-08T10:10:30+00:00","article_modified_time":"2026-01-19T09:39:20+00:00","og_image":[{"width":1181,"height":1181,"url":"https:\/\/aldaia.es\/noticias\/wp-content\/uploads\/2024\/11\/WhatsApp-Image-2024-11-03-at-00.14.50.jpeg","type":"image\/jpeg"}],"author":"COMUNICACION","twitter_card":"summary_large_image","twitter_misc":{"Escrit per":"COMUNICACION","Temps estimat de lectura":"5 minuts"},"schema":{"@context":"https:\/\/schema.org","@graph":[{"@type":"Article","@id":"https:\/\/aldaia.es\/noticias\/informacio-emergencia-dana-aldaia\/#article","isPartOf":{"@id":"https:\/\/aldaia.es\/noticias\/informacio-emergencia-dana-aldaia\/"},"author":{"name":"COMUNICACION","@id":"https:\/\/aldaia.es\/noticias\/#\/schema\/person\/4b9d33d0d77864dfe798033366a332f5"},"headline":"INFORMACI\u00d3 EMERG\u00c8NCIA DANA ALDAIA","datePublished":"2024-11-08T10:10:30+00:00","dateModified":"2026-01-19T09:39:20+00:00","mainEntityOfPage":{"@id":"https:\/\/aldaia.es\/noticias\/informacio-emergencia-dana-aldaia\/"},"wordCount":874,"publisher":{"@id":"https:\/\/aldaia.es\/noticias\/#organization"},"image":{"@id":"https:\/\/aldaia.es\/noticias\/informacio-emergencia-dana-aldaia\/#primaryimage"},"thumbnailUrl":"https:\/\/aldaia.es\/noticias\/wp-content\/uploads\/2024\/11\/WhatsApp-Image-2024-11-03-at-00.14.50.jpeg","articleSection":["Serveis Socials e Igualtat"],"inLanguage":"ca"},{"@type":"WebPage","@id":"https:\/\/aldaia.es\/noticias\/informacio-emergencia-dana-aldaia\/","url":"https:\/\/aldaia.es\/noticias\/informacio-emergencia-dana-aldaia\/","name":"INFORMACI\u00d3 EMERG\u00c8NCIA DANA ALDAIA - Not\u00edcies - Ajuntament d&#039;Aldaia","isPartOf":{"@id":"https:\/\/aldaia.es\/noticias\/#website"},"primaryImageOfPage":{"@id":"https:\/\/aldaia.es\/noticias\/informacio-emergencia-dana-aldaia\/#primaryimage"},"image":{"@id":"https:\/\/aldaia.es\/noticias\/informacio-emergencia-dana-aldaia\/#primaryimage"},"thumbnailUrl":"https:\/\/aldaia.es\/noticias\/wp-content\/uploads\/2024\/11\/WhatsApp-Image-2024-11-03-at-00.14.50.jpeg","datePublished":"2024-11-08T10:10:30+00:00","dateModified":"2026-01-19T09:39:20+00:00","description":"Informacions","breadcrumb":{"@id":"https:\/\/aldaia.es\/noticias\/informacio-emergencia-dana-aldaia\/#breadcrumb"},"inLanguage":"ca","potentialAction":[{"@type":"ReadAction","target":["https:\/\/aldaia.es\/noticias\/informacio-emergencia-dana-aldaia\/"]}]},{"@type":"ImageObject","inLanguage":"ca","@id":"https:\/\/aldaia.es\/noticias\/informacio-emergencia-dana-aldaia\/#primaryimage","url":"https:\/\/aldaia.es\/noticias\/wp-content\/uploads\/2024\/11\/WhatsApp-Image-2024-11-03-at-00.14.50.jpeg","contentUrl":"https:\/\/aldaia.es\/noticias\/wp-content\/uploads\/2024\/11\/WhatsApp-Image-2024-11-03-at-00.14.50.jpeg","width":1181,"height":1181},{"@type":"BreadcrumbList","@id":"https:\/\/aldaia.es\/noticias\/informacio-emergencia-dana-aldaia\/#breadcrumb","itemListElement":[{"@type":"ListItem","position":1,"name":"Portada","item":"https:\/\/aldaia.es\/noticias\/"},{"@type":"ListItem","position":2,"name":"INFORMACI\u00d3 EMERG\u00c8NCIA DANA ALDAIA"}]},{"@type":"WebSite","@id":"https:\/\/aldaia.es\/noticias\/#website","url":"https:\/\/aldaia.es\/noticias\/","name":"Noticias Aldaia","description":"","publisher":{"@id":"https:\/\/aldaia.es\/noticias\/#organization"},"potentialAction":[{"@type":"SearchAction","target":{"@type":"EntryPoint","urlTemplate":"https:\/\/aldaia.es\/noticias\/?s={search_term_string}"},"query-input":{"@type":"PropertyValueSpecification","valueRequired":true,"valueName":"search_term_string"}}],"inLanguage":"ca"},{"@type":"Organization","@id":"https:\/\/aldaia.es\/noticias\/#organization","name":"Noticias Aldaia","url":"https:\/\/aldaia.es\/noticias\/","logo":{"@type":"ImageObject","inLanguage":"ca","@id":"https:\/\/aldaia.es\/noticias\/#\/schema\/logo\/image\/","url":"https:\/\/aldaia.es\/noticias\/wp-content\/uploads\/2025\/05\/aldaia-noticias.jpg","contentUrl":"https:\/\/aldaia.es\/noticias\/wp-content\/uploads\/2025\/05\/aldaia-noticias.jpg","width":512,"height":512,"caption":"Noticias Aldaia"},"image":{"@id":"https:\/\/aldaia.es\/noticias\/#\/schema\/logo\/image\/"}},{"@type":"Person","@id":"https:\/\/aldaia.es\/noticias\/#\/schema\/person\/4b9d33d0d77864dfe798033366a332f5","name":"COMUNICACION","url":"https:\/\/aldaia.es\/noticias\/author\/comunicacion\/"}]}},"_links":{"self":[{"href":"https:\/\/aldaia.es\/noticias\/wp-json\/wp\/v2\/posts\/34251","targetHints":{"allow":["GET"]}}],"collection":[{"href":"https:\/\/aldaia.es\/noticias\/wp-json\/wp\/v2\/posts"}],"about":[{"href":"https:\/\/aldaia.es\/noticias\/wp-json\/wp\/v2\/types\/post"}],"author":[{"embeddable":true,"href":"https:\/\/aldaia.es\/noticias\/wp-json\/wp\/v2\/users\/3"}],"replies":[{"embeddable":true,"href":"https:\/\/aldaia.es\/noticias\/wp-json\/wp\/v2\/comments?post=34251"}],"version-history":[{"count":7,"href":"https:\/\/aldaia.es\/noticias\/wp-json\/wp\/v2\/posts\/34251\/revisions"}],"predecessor-version":[{"id":37876,"href":"https:\/\/aldaia.es\/noticias\/wp-json\/wp\/v2\/posts\/34251\/revisions\/37876"}],"wp:featuredmedia":[{"embeddable":true,"href":"https:\/\/aldaia.es\/noticias\/wp-json\/wp\/v2\/media\/34254"}],"wp:attachment":[{"href":"https:\/\/aldaia.es\/noticias\/wp-json\/wp\/v2\/media?parent=34251"}],"wp:term":[{"taxonomy":"category","embeddable":true,"href":"https:\/\/aldaia.es\/noticias\/wp-json\/wp\/v2\/categories?post=34251"},{"taxonomy":"post_tag","embeddable":true,"href":"https:\/\/aldaia.es\/noticias\/wp-json\/wp\/v2\/tags?post=34251"}],"curies":[{"name":"wp","href":"https:\/\/api.w.org\/{rel}","templated":true}]}}