{"id":36952,"date":"2025-04-15T12:23:23","date_gmt":"2025-04-15T10:23:23","guid":{"rendered":"https:\/\/aldaia.es\/?p=36952"},"modified":"2025-04-15T12:23:23","modified_gmt":"2025-04-15T10:23:23","slug":"acoda-celebra-el-dia-de-la-mare-en-aldaia","status":"publish","type":"post","link":"https:\/\/aldaia.es\/noticias\/acoda-celebra-el-dia-de-la-mare-en-aldaia\/","title":{"rendered":"ACODA celebra el Dia de la Mare en Aldaia"},"content":{"rendered":"\n<p><strong>L&#8217;Associaci\u00f3 del Comer\u00e7 d&#8217;Aldaia llan\u00e7a un nou sorteig, pel Dia de la Mare, en el qual regala 21 targetes de 100 euros per a compres en la localitat. A m\u00e9s, ACODA prepara la fira GASTRON\u00d2MICA ALDAIA, amb concurs de tapes i moltes activitats, en el Cintur\u00f3 Verd<\/strong><\/p>\n\n\n\n<p>Amb motiu del Dia de la Mare, ACODA presenta una nova campanya \u201cper a la dinamitzaci\u00f3 de les compres a Aldaia que retorne a la gent als carrers, i buscant beneficiar en cada ocasi\u00f3 a un sector\u201d, segons expliquen des de l&#8217;associaci\u00f3. En este cas, des del 10 fins al 29 d&#8217;abril en comprar en els negocis associats de la localitat s&#8217;obtindr\u00e0 un cup\u00f3 que, segellat per dos centres, es podr\u00e0 depositar en la planta baixa del Centre Gent Jove, pla\u00e7a de la Constituci\u00f3, 1 d&#8217;Aldaia. D&#8217;esta manera, el pr\u00f2xim 1 de maig es publicar\u00e0 en les seues xarxes socials els noms agraciats i la manera d&#8217;arreplegar les targetes per a gastar, en esta ocasi\u00f3, en comer\u00e7os de bellesa, benestar i salut associats a Aldaia.<br><br>Esta campanya \u2018MAM\u00c0\u2019 pel Dia de la Mare, representa el tercer sorteig de l&#8217;any proposat per ACODA, juntament amb la campanya de Sant Valent\u00ed i la del Dia del Pare, que sumaren en cada ocasi\u00f3 entorn de 8.000 paperetes de participants.<br><br>A m\u00e9s, com a novetat, l&#8217;Associaci\u00f3 de Comerciants d&#8217;Aldaia prepara la seua fira de la gastronomia i comer\u00e7 amb importants novetats i propostes per a tots els gustos. D&#8217;esta manera, l&#8217;\u00faltim cap de setmana de maig arrancar\u00e0 GASTRON\u00d2MICA ALDAIA, una proposta que se celebrar\u00e0 enguany en el Cintur\u00f3 Verd i unir\u00e0 el seu ja tradicional concurs de tapes amb ofertes de comer\u00e7, jocs infantils, m\u00fasica en directe i moltes sorpreses.<br><br>Per a tal esdeveniment ja s\u00f3n m\u00e9s d&#8217;una quinzena de restaurants i bars que participaran oferint les seues m\u00e9s exquisides creacions, a m\u00e9s de vins i beuratges selectes, a m\u00e9s de les ofertes de comer\u00e7os associats d&#8217;Aldaia. Amb tot aix\u00f2, el gran p\u00fablic est\u00e0 convidat a gaudir d&#8217;un gran cap de setmana (divendres 30 de maig, dissabte 31 de maig i diumenge 1 de juny) de bons concerts, actuacions, premis i Aldaia R\u00e0dio en viu, assaborint la millor gastronomia i vins a ALDAIA.<\/p>\n\n\n\n<p><strong>N<\/strong><strong>o<\/strong><strong>va junta directiva<\/strong><br>El mes de gener passat, ACODA va celebrar l&#8217;elecci\u00f3 de l&#8217;actual junta directiva de la qual va emanar un nou equip compost per Leonor Garc\u00eda, presidenta, Ra\u00fal Contreras, vicepresident, David Fern\u00e1ndez, secretari, Edu Roma, tresorer, i Alfredo Fern\u00e1ndez, Alba Villanueva Zapata i Lucia Parra Pel\u00e1ez com a vocals. La nova directiva de l&#8217;associaci\u00f3 del comer\u00e7 local associat d&#8217;Aldaia afronta la seua primera etapa amb el repte de continuar cohesionant, refor\u00e7ant i ampliant el teixit comercial del municipi en un context econ\u00f2mic marcat en gran manera pels estralls causats per la Dana del passat 29 d&#8217;octubre.<\/p>\n","protected":false},"excerpt":{"rendered":"<p>L&#8217;Associaci\u00f3 del Comer\u00e7 d&#8217;Aldaia llan\u00e7a un nou sorteig, pel Dia de la Mare, en el qual regala 21 targetes de 1&#8230;<\/p>\n","protected":false},"author":3,"featured_media":36954,"comment_status":"closed","ping_status":"closed","sticky":false,"template":"","format":"standard","meta":{"_acf_changed":false,"footnotes":""},"categories":[41],"tags":[],"class_list":["post-36952","post","type-post","status-publish","format-standard","has-post-thumbnail","hentry","category-adl_comerc"],"acf":[],"yoast_head":"<!-- This site is optimized with the Yoast SEO plugin v26.9 - https:\/\/yoast.com\/product\/yoast-seo-wordpress\/ -->\n<title>ACODA celebra el Dia de la Mare en Aldaia - Not\u00edcies - Ajuntament d&#039;Aldaia<\/title>\n<meta name=\"description\" content=\"Comercio Aldaia\" \/>\n<meta name=\"robots\" content=\"index, follow, max-snippet:-1, max-image-preview:large, max-video-preview:-1\" \/>\n<link rel=\"canonical\" href=\"https:\/\/aldaia.es\/noticias\/acoda-celebra-el-dia-de-la-mare-en-aldaia\/\" \/>\n<meta property=\"og:locale\" content=\"ca_ES\" \/>\n<meta property=\"og:type\" content=\"article\" \/>\n<meta property=\"og:title\" content=\"ACODA celebra el Dia de la Mare en Aldaia - Not\u00edcies - Ajuntament d&#039;Aldaia\" \/>\n<meta property=\"og:description\" content=\"Comercio Aldaia\" \/>\n<meta property=\"og:url\" content=\"https:\/\/aldaia.es\/noticias\/acoda-celebra-el-dia-de-la-mare-en-aldaia\/\" \/>\n<meta property=\"og:site_name\" content=\"Not\u00edcies - Ajuntament d&#039;Aldaia\" \/>\n<meta property=\"article:published_time\" content=\"2025-04-15T10:23:23+00:00\" \/>\n<meta property=\"og:image\" content=\"https:\/\/aldaia.es\/noticias\/wp-content\/uploads\/2025\/04\/Campanyes-ACODA.jpg\" \/>\n\t<meta property=\"og:image:width\" content=\"1440\" \/>\n\t<meta property=\"og:image:height\" content=\"1800\" \/>\n\t<meta property=\"og:image:type\" content=\"image\/jpeg\" \/>\n<meta name=\"author\" content=\"COMUNICACION\" \/>\n<meta name=\"twitter:card\" content=\"summary_large_image\" \/>\n<meta name=\"twitter:label1\" content=\"Escrit per\" \/>\n\t<meta name=\"twitter:data1\" content=\"COMUNICACION\" \/>\n\t<meta name=\"twitter:label2\" content=\"Temps estimat de lectura\" \/>\n\t<meta name=\"twitter:data2\" content=\"2 minuts\" \/>\n<script type=\"application\/ld+json\" class=\"yoast-schema-graph\">{\"@context\":\"https:\/\/schema.org\",\"@graph\":[{\"@type\":\"Article\",\"@id\":\"https:\/\/aldaia.es\/noticias\/acoda-celebra-el-dia-de-la-mare-en-aldaia\/#article\",\"isPartOf\":{\"@id\":\"https:\/\/aldaia.es\/noticias\/acoda-celebra-el-dia-de-la-mare-en-aldaia\/\"},\"author\":{\"name\":\"COMUNICACION\",\"@id\":\"https:\/\/aldaia.es\/noticias\/#\/schema\/person\/4b9d33d0d77864dfe798033366a332f5\"},\"headline\":\"ACODA celebra el Dia de la Mare en Aldaia\",\"datePublished\":\"2025-04-15T10:23:23+00:00\",\"mainEntityOfPage\":{\"@id\":\"https:\/\/aldaia.es\/noticias\/acoda-celebra-el-dia-de-la-mare-en-aldaia\/\"},\"wordCount\":509,\"publisher\":{\"@id\":\"https:\/\/aldaia.es\/noticias\/#organization\"},\"image\":{\"@id\":\"https:\/\/aldaia.es\/noticias\/acoda-celebra-el-dia-de-la-mare-en-aldaia\/#primaryimage\"},\"thumbnailUrl\":\"https:\/\/aldaia.es\/noticias\/wp-content\/uploads\/2025\/04\/Campanyes-ACODA.jpg\",\"articleSection\":[\"ADL i Comer\u00e7\"],\"inLanguage\":\"ca\"},{\"@type\":\"WebPage\",\"@id\":\"https:\/\/aldaia.es\/noticias\/acoda-celebra-el-dia-de-la-mare-en-aldaia\/\",\"url\":\"https:\/\/aldaia.es\/noticias\/acoda-celebra-el-dia-de-la-mare-en-aldaia\/\",\"name\":\"ACODA celebra el Dia de la Mare en Aldaia - Not\u00edcies - Ajuntament d&#039;Aldaia\",\"isPartOf\":{\"@id\":\"https:\/\/aldaia.es\/noticias\/#website\"},\"primaryImageOfPage\":{\"@id\":\"https:\/\/aldaia.es\/noticias\/acoda-celebra-el-dia-de-la-mare-en-aldaia\/#primaryimage\"},\"image\":{\"@id\":\"https:\/\/aldaia.es\/noticias\/acoda-celebra-el-dia-de-la-mare-en-aldaia\/#primaryimage\"},\"thumbnailUrl\":\"https:\/\/aldaia.es\/noticias\/wp-content\/uploads\/2025\/04\/Campanyes-ACODA.jpg\",\"datePublished\":\"2025-04-15T10:23:23+00:00\",\"description\":\"Comercio Aldaia\",\"breadcrumb\":{\"@id\":\"https:\/\/aldaia.es\/noticias\/acoda-celebra-el-dia-de-la-mare-en-aldaia\/#breadcrumb\"},\"inLanguage\":\"ca\",\"potentialAction\":[{\"@type\":\"ReadAction\",\"target\":[\"https:\/\/aldaia.es\/noticias\/acoda-celebra-el-dia-de-la-mare-en-aldaia\/\"]}]},{\"@type\":\"ImageObject\",\"inLanguage\":\"ca\",\"@id\":\"https:\/\/aldaia.es\/noticias\/acoda-celebra-el-dia-de-la-mare-en-aldaia\/#primaryimage\",\"url\":\"https:\/\/aldaia.es\/noticias\/wp-content\/uploads\/2025\/04\/Campanyes-ACODA.jpg\",\"contentUrl\":\"https:\/\/aldaia.es\/noticias\/wp-content\/uploads\/2025\/04\/Campanyes-ACODA.jpg\",\"width\":1440,\"height\":1800},{\"@type\":\"BreadcrumbList\",\"@id\":\"https:\/\/aldaia.es\/noticias\/acoda-celebra-el-dia-de-la-mare-en-aldaia\/#breadcrumb\",\"itemListElement\":[{\"@type\":\"ListItem\",\"position\":1,\"name\":\"Portada\",\"item\":\"https:\/\/aldaia.es\/noticias\/\"},{\"@type\":\"ListItem\",\"position\":2,\"name\":\"ACODA celebra el Dia de la Mare en Aldaia\"}]},{\"@type\":\"WebSite\",\"@id\":\"https:\/\/aldaia.es\/noticias\/#website\",\"url\":\"https:\/\/aldaia.es\/noticias\/\",\"name\":\"Noticias Aldaia\",\"description\":\"\",\"publisher\":{\"@id\":\"https:\/\/aldaia.es\/noticias\/#organization\"},\"potentialAction\":[{\"@type\":\"SearchAction\",\"target\":{\"@type\":\"EntryPoint\",\"urlTemplate\":\"https:\/\/aldaia.es\/noticias\/?s={search_term_string}\"},\"query-input\":{\"@type\":\"PropertyValueSpecification\",\"valueRequired\":true,\"valueName\":\"search_term_string\"}}],\"inLanguage\":\"ca\"},{\"@type\":\"Organization\",\"@id\":\"https:\/\/aldaia.es\/noticias\/#organization\",\"name\":\"Noticias Aldaia\",\"url\":\"https:\/\/aldaia.es\/noticias\/\",\"logo\":{\"@type\":\"ImageObject\",\"inLanguage\":\"ca\",\"@id\":\"https:\/\/aldaia.es\/noticias\/#\/schema\/logo\/image\/\",\"url\":\"https:\/\/aldaia.es\/noticias\/wp-content\/uploads\/2025\/05\/aldaia-noticias.jpg\",\"contentUrl\":\"https:\/\/aldaia.es\/noticias\/wp-content\/uploads\/2025\/05\/aldaia-noticias.jpg\",\"width\":512,\"height\":512,\"caption\":\"Noticias Aldaia\"},\"image\":{\"@id\":\"https:\/\/aldaia.es\/noticias\/#\/schema\/logo\/image\/\"}},{\"@type\":\"Person\",\"@id\":\"https:\/\/aldaia.es\/noticias\/#\/schema\/person\/4b9d33d0d77864dfe798033366a332f5\",\"name\":\"COMUNICACION\",\"url\":\"https:\/\/aldaia.es\/noticias\/author\/comunicacion\/\"}]}<\/script>\n<!-- \/ Yoast SEO plugin. -->","yoast_head_json":{"title":"ACODA celebra el Dia de la Mare en Aldaia - Not\u00edcies - Ajuntament d&#039;Aldaia","description":"Comercio Aldaia","robots":{"index":"index","follow":"follow","max-snippet":"max-snippet:-1","max-image-preview":"max-image-preview:large","max-video-preview":"max-video-preview:-1"},"canonical":"https:\/\/aldaia.es\/noticias\/acoda-celebra-el-dia-de-la-mare-en-aldaia\/","og_locale":"ca_ES","og_type":"article","og_title":"ACODA celebra el Dia de la Mare en Aldaia - Not\u00edcies - Ajuntament d&#039;Aldaia","og_description":"Comercio Aldaia","og_url":"https:\/\/aldaia.es\/noticias\/acoda-celebra-el-dia-de-la-mare-en-aldaia\/","og_site_name":"Not\u00edcies - Ajuntament d&#039;Aldaia","article_published_time":"2025-04-15T10:23:23+00:00","og_image":[{"width":1440,"height":1800,"url":"https:\/\/aldaia.es\/noticias\/wp-content\/uploads\/2025\/04\/Campanyes-ACODA.jpg","type":"image\/jpeg"}],"author":"COMUNICACION","twitter_card":"summary_large_image","twitter_misc":{"Escrit per":"COMUNICACION","Temps estimat de lectura":"2 minuts"},"schema":{"@context":"https:\/\/schema.org","@graph":[{"@type":"Article","@id":"https:\/\/aldaia.es\/noticias\/acoda-celebra-el-dia-de-la-mare-en-aldaia\/#article","isPartOf":{"@id":"https:\/\/aldaia.es\/noticias\/acoda-celebra-el-dia-de-la-mare-en-aldaia\/"},"author":{"name":"COMUNICACION","@id":"https:\/\/aldaia.es\/noticias\/#\/schema\/person\/4b9d33d0d77864dfe798033366a332f5"},"headline":"ACODA celebra el Dia de la Mare en Aldaia","datePublished":"2025-04-15T10:23:23+00:00","mainEntityOfPage":{"@id":"https:\/\/aldaia.es\/noticias\/acoda-celebra-el-dia-de-la-mare-en-aldaia\/"},"wordCount":509,"publisher":{"@id":"https:\/\/aldaia.es\/noticias\/#organization"},"image":{"@id":"https:\/\/aldaia.es\/noticias\/acoda-celebra-el-dia-de-la-mare-en-aldaia\/#primaryimage"},"thumbnailUrl":"https:\/\/aldaia.es\/noticias\/wp-content\/uploads\/2025\/04\/Campanyes-ACODA.jpg","articleSection":["ADL i Comer\u00e7"],"inLanguage":"ca"},{"@type":"WebPage","@id":"https:\/\/aldaia.es\/noticias\/acoda-celebra-el-dia-de-la-mare-en-aldaia\/","url":"https:\/\/aldaia.es\/noticias\/acoda-celebra-el-dia-de-la-mare-en-aldaia\/","name":"ACODA celebra el Dia de la Mare en Aldaia - Not\u00edcies - Ajuntament d&#039;Aldaia","isPartOf":{"@id":"https:\/\/aldaia.es\/noticias\/#website"},"primaryImageOfPage":{"@id":"https:\/\/aldaia.es\/noticias\/acoda-celebra-el-dia-de-la-mare-en-aldaia\/#primaryimage"},"image":{"@id":"https:\/\/aldaia.es\/noticias\/acoda-celebra-el-dia-de-la-mare-en-aldaia\/#primaryimage"},"thumbnailUrl":"https:\/\/aldaia.es\/noticias\/wp-content\/uploads\/2025\/04\/Campanyes-ACODA.jpg","datePublished":"2025-04-15T10:23:23+00:00","description":"Comercio Aldaia","breadcrumb":{"@id":"https:\/\/aldaia.es\/noticias\/acoda-celebra-el-dia-de-la-mare-en-aldaia\/#breadcrumb"},"inLanguage":"ca","potentialAction":[{"@type":"ReadAction","target":["https:\/\/aldaia.es\/noticias\/acoda-celebra-el-dia-de-la-mare-en-aldaia\/"]}]},{"@type":"ImageObject","inLanguage":"ca","@id":"https:\/\/aldaia.es\/noticias\/acoda-celebra-el-dia-de-la-mare-en-aldaia\/#primaryimage","url":"https:\/\/aldaia.es\/noticias\/wp-content\/uploads\/2025\/04\/Campanyes-ACODA.jpg","contentUrl":"https:\/\/aldaia.es\/noticias\/wp-content\/uploads\/2025\/04\/Campanyes-ACODA.jpg","width":1440,"height":1800},{"@type":"BreadcrumbList","@id":"https:\/\/aldaia.es\/noticias\/acoda-celebra-el-dia-de-la-mare-en-aldaia\/#breadcrumb","itemListElement":[{"@type":"ListItem","position":1,"name":"Portada","item":"https:\/\/aldaia.es\/noticias\/"},{"@type":"ListItem","position":2,"name":"ACODA celebra el Dia de la Mare en Aldaia"}]},{"@type":"WebSite","@id":"https:\/\/aldaia.es\/noticias\/#website","url":"https:\/\/aldaia.es\/noticias\/","name":"Noticias Aldaia","description":"","publisher":{"@id":"https:\/\/aldaia.es\/noticias\/#organization"},"potentialAction":[{"@type":"SearchAction","target":{"@type":"EntryPoint","urlTemplate":"https:\/\/aldaia.es\/noticias\/?s={search_term_string}"},"query-input":{"@type":"PropertyValueSpecification","valueRequired":true,"valueName":"search_term_string"}}],"inLanguage":"ca"},{"@type":"Organization","@id":"https:\/\/aldaia.es\/noticias\/#organization","name":"Noticias Aldaia","url":"https:\/\/aldaia.es\/noticias\/","logo":{"@type":"ImageObject","inLanguage":"ca","@id":"https:\/\/aldaia.es\/noticias\/#\/schema\/logo\/image\/","url":"https:\/\/aldaia.es\/noticias\/wp-content\/uploads\/2025\/05\/aldaia-noticias.jpg","contentUrl":"https:\/\/aldaia.es\/noticias\/wp-content\/uploads\/2025\/05\/aldaia-noticias.jpg","width":512,"height":512,"caption":"Noticias Aldaia"},"image":{"@id":"https:\/\/aldaia.es\/noticias\/#\/schema\/logo\/image\/"}},{"@type":"Person","@id":"https:\/\/aldaia.es\/noticias\/#\/schema\/person\/4b9d33d0d77864dfe798033366a332f5","name":"COMUNICACION","url":"https:\/\/aldaia.es\/noticias\/author\/comunicacion\/"}]}},"_links":{"self":[{"href":"https:\/\/aldaia.es\/noticias\/wp-json\/wp\/v2\/posts\/36952","targetHints":{"allow":["GET"]}}],"collection":[{"href":"https:\/\/aldaia.es\/noticias\/wp-json\/wp\/v2\/posts"}],"about":[{"href":"https:\/\/aldaia.es\/noticias\/wp-json\/wp\/v2\/types\/post"}],"author":[{"embeddable":true,"href":"https:\/\/aldaia.es\/noticias\/wp-json\/wp\/v2\/users\/3"}],"replies":[{"embeddable":true,"href":"https:\/\/aldaia.es\/noticias\/wp-json\/wp\/v2\/comments?post=36952"}],"version-history":[{"count":0,"href":"https:\/\/aldaia.es\/noticias\/wp-json\/wp\/v2\/posts\/36952\/revisions"}],"wp:featuredmedia":[{"embeddable":true,"href":"https:\/\/aldaia.es\/noticias\/wp-json\/wp\/v2\/media\/36954"}],"wp:attachment":[{"href":"https:\/\/aldaia.es\/noticias\/wp-json\/wp\/v2\/media?parent=36952"}],"wp:term":[{"taxonomy":"category","embeddable":true,"href":"https:\/\/aldaia.es\/noticias\/wp-json\/wp\/v2\/categories?post=36952"},{"taxonomy":"post_tag","embeddable":true,"href":"https:\/\/aldaia.es\/noticias\/wp-json\/wp\/v2\/tags?post=36952"}],"curies":[{"name":"wp","href":"https:\/\/api.w.org\/{rel}","templated":true}]}}