{"id":37329,"date":"2025-05-05T12:50:20","date_gmt":"2025-05-05T10:50:20","guid":{"rendered":"https:\/\/aldaia.es\/?p=37329"},"modified":"2025-05-05T12:50:20","modified_gmt":"2025-05-05T10:50:20","slug":"aldaia-amb-la-millor-primavera-activa","status":"publish","type":"post","link":"https:\/\/aldaia.es\/noticias\/aldaia-amb-la-millor-primavera-activa\/","title":{"rendered":"Aldaia amb la millor Primavera Activa"},"content":{"rendered":"\n<p><strong><em>Escape Room<\/em><\/strong><strong>, Parc Jove, tallers o \u2018Tardeo de Micro obert\u2019 s\u00f3n algunes de les propostes de Gent Jove per a la primavera m\u00e9s animada<\/strong><\/p>\n\n\n\n<p>El Servici de Joventut de l\u2019Ajuntament d\u2019Aldaia ha llan\u00e7at la campanya <em>Primavera Activa<\/em> 2025 amb il\u00b7lusi\u00f3 renovada. Es tracta d\u2019una completa programaci\u00f3 d\u2019activitats culturals i d\u2019oci educatiu dirigida a la joventut del municipi. La iniciativa, que s\u2019allargar\u00e0 durant els mesos d\u2019abril i maig, ofereix propostes diferenciades per a joves de 12 a 17 anys i de 16 a 30 anys, amb l\u2019objectiu de fomentar, una vegada m\u00e9s, la participaci\u00f3, la creativitat i la conviv\u00e8ncia.<\/p>\n\n\n\n<p>Les primeres activitats de la programaci\u00f3, com l\u2019<em>Escape Room<\/em> i el <em>Parc Jove de Pasqua<\/em>, van comptar amb una excel\u00b7lent resposta per part de la gent jove d\u2019Aldaia, omplint totes les places disponibles i demostrant l\u2019inter\u00e9s per este tipus d\u2019oferta educativa i l\u00fadica. Estos espais, tant al Gent Jove com al Matilde Salvador d\u2019Aldaia, s\u2019han convertit en punts de trobada din\u00e0mics on es promouen valors com el treball en equip, la inclusi\u00f3 i la igualtat.<\/p>\n\n\n\n<p>Entre les pr\u00f2ximes activitats previstes, destaquen tallers com \u201cC\u00f2mic Manga\u201d, iniciatives innovadores com \u201cLa IA a les teues mans\u201d, i propostes d\u2019educaci\u00f3 afectivosexual com \u201cSexeduquem\u201d. A m\u00e9s, es realitzaran activitats gastron\u00f2miques com \u201cDe postres i tapes\u201d i espais de micro obert amb el \u201cTardeo de Micro\u201d, pensats per donar veu i escenari al talent local m\u00e9s jove.<\/p>\n\n\n\n<p>Amb <em>Primavera Activa<\/em>, Aldaia aposta per un oci de qualitat, educatiu i participatiu, que <a><\/a>connecta amb els interessos i necessitats de la joventut del municipi, amb l\u2019objectiu de continuar teixint comunitat i oferir oportunitats a les noves generacions.<\/p>\n\n\n\n<p>Totes les activitats s\u00f3n gratu\u00eftes i requereixen inscripci\u00f3 pr\u00e8via, que es pot realitzar a trav\u00e9s del codi QR que figura als cartells i xarxes socials, on tamb\u00e9 es poden consutar els horaris i disponibilitat.<\/p>\n\n\n\n<p><\/p>\n\n\n\n<p><\/p>\n\n\n\n<p><\/p>\n","protected":false},"excerpt":{"rendered":"<p>Escape Room, Parc Jove, tallers o \u2018Tardeo de Micro obert\u2019 s\u00f3n algunes de les propostes de Gent Jove per a la primavera m&#8230;<\/p>\n","protected":false},"author":3,"featured_media":37330,"comment_status":"closed","ping_status":"closed","sticky":false,"template":"","format":"standard","meta":{"_acf_changed":false,"footnotes":""},"categories":[55],"tags":[],"class_list":["post-37329","post","type-post","status-publish","format-standard","has-post-thumbnail","hentry","category-joventut"],"acf":[],"yoast_head":"<!-- This site is optimized with the Yoast SEO plugin v26.9 - https:\/\/yoast.com\/product\/yoast-seo-wordpress\/ -->\n<title>Aldaia amb la millor Primavera Activa - Not\u00edcies - Ajuntament d&#039;Aldaia<\/title>\n<meta name=\"robots\" content=\"index, follow, max-snippet:-1, max-image-preview:large, max-video-preview:-1\" \/>\n<link rel=\"canonical\" href=\"https:\/\/aldaia.es\/noticias\/aldaia-amb-la-millor-primavera-activa\/\" \/>\n<meta property=\"og:locale\" content=\"ca_ES\" \/>\n<meta property=\"og:type\" content=\"article\" \/>\n<meta property=\"og:title\" content=\"Aldaia amb la millor Primavera Activa - Not\u00edcies - Ajuntament d&#039;Aldaia\" \/>\n<meta property=\"og:description\" content=\"Escape Room, Parc Jove, tallers o \u2018Tardeo de Micro obert\u2019 s\u00f3n algunes de les propostes de Gent Jove per a la primavera m...\" \/>\n<meta property=\"og:url\" content=\"https:\/\/aldaia.es\/noticias\/aldaia-amb-la-millor-primavera-activa\/\" \/>\n<meta property=\"og:site_name\" content=\"Not\u00edcies - Ajuntament d&#039;Aldaia\" \/>\n<meta property=\"article:published_time\" content=\"2025-05-05T10:50:20+00:00\" \/>\n<meta property=\"og:image\" content=\"https:\/\/aldaia.es\/noticias\/wp-content\/uploads\/2025\/05\/Primavera-activa-Aldaia.jpeg\" \/>\n\t<meta property=\"og:image:width\" content=\"1024\" \/>\n\t<meta property=\"og:image:height\" content=\"768\" \/>\n\t<meta property=\"og:image:type\" content=\"image\/jpeg\" \/>\n<meta name=\"author\" content=\"COMUNICACION\" \/>\n<meta name=\"twitter:card\" content=\"summary_large_image\" \/>\n<meta name=\"twitter:label1\" content=\"Escrit per\" \/>\n\t<meta name=\"twitter:data1\" content=\"COMUNICACION\" \/>\n\t<meta name=\"twitter:label2\" content=\"Temps estimat de lectura\" \/>\n\t<meta name=\"twitter:data2\" content=\"2 minuts\" \/>\n<script type=\"application\/ld+json\" class=\"yoast-schema-graph\">{\"@context\":\"https:\/\/schema.org\",\"@graph\":[{\"@type\":\"Article\",\"@id\":\"https:\/\/aldaia.es\/noticias\/aldaia-amb-la-millor-primavera-activa\/#article\",\"isPartOf\":{\"@id\":\"https:\/\/aldaia.es\/noticias\/aldaia-amb-la-millor-primavera-activa\/\"},\"author\":{\"name\":\"COMUNICACION\",\"@id\":\"https:\/\/aldaia.es\/noticias\/#\/schema\/person\/4b9d33d0d77864dfe798033366a332f5\"},\"headline\":\"Aldaia amb la millor Primavera Activa\",\"datePublished\":\"2025-05-05T10:50:20+00:00\",\"mainEntityOfPage\":{\"@id\":\"https:\/\/aldaia.es\/noticias\/aldaia-amb-la-millor-primavera-activa\/\"},\"wordCount\":338,\"publisher\":{\"@id\":\"https:\/\/aldaia.es\/noticias\/#organization\"},\"image\":{\"@id\":\"https:\/\/aldaia.es\/noticias\/aldaia-amb-la-millor-primavera-activa\/#primaryimage\"},\"thumbnailUrl\":\"https:\/\/aldaia.es\/noticias\/wp-content\/uploads\/2025\/05\/Primavera-activa-Aldaia.jpeg\",\"articleSection\":[\"Joventut\"],\"inLanguage\":\"ca\"},{\"@type\":\"WebPage\",\"@id\":\"https:\/\/aldaia.es\/noticias\/aldaia-amb-la-millor-primavera-activa\/\",\"url\":\"https:\/\/aldaia.es\/noticias\/aldaia-amb-la-millor-primavera-activa\/\",\"name\":\"Aldaia amb la millor Primavera Activa - Not\u00edcies - Ajuntament d&#039;Aldaia\",\"isPartOf\":{\"@id\":\"https:\/\/aldaia.es\/noticias\/#website\"},\"primaryImageOfPage\":{\"@id\":\"https:\/\/aldaia.es\/noticias\/aldaia-amb-la-millor-primavera-activa\/#primaryimage\"},\"image\":{\"@id\":\"https:\/\/aldaia.es\/noticias\/aldaia-amb-la-millor-primavera-activa\/#primaryimage\"},\"thumbnailUrl\":\"https:\/\/aldaia.es\/noticias\/wp-content\/uploads\/2025\/05\/Primavera-activa-Aldaia.jpeg\",\"datePublished\":\"2025-05-05T10:50:20+00:00\",\"breadcrumb\":{\"@id\":\"https:\/\/aldaia.es\/noticias\/aldaia-amb-la-millor-primavera-activa\/#breadcrumb\"},\"inLanguage\":\"ca\",\"potentialAction\":[{\"@type\":\"ReadAction\",\"target\":[\"https:\/\/aldaia.es\/noticias\/aldaia-amb-la-millor-primavera-activa\/\"]}]},{\"@type\":\"ImageObject\",\"inLanguage\":\"ca\",\"@id\":\"https:\/\/aldaia.es\/noticias\/aldaia-amb-la-millor-primavera-activa\/#primaryimage\",\"url\":\"https:\/\/aldaia.es\/noticias\/wp-content\/uploads\/2025\/05\/Primavera-activa-Aldaia.jpeg\",\"contentUrl\":\"https:\/\/aldaia.es\/noticias\/wp-content\/uploads\/2025\/05\/Primavera-activa-Aldaia.jpeg\",\"width\":1024,\"height\":768},{\"@type\":\"BreadcrumbList\",\"@id\":\"https:\/\/aldaia.es\/noticias\/aldaia-amb-la-millor-primavera-activa\/#breadcrumb\",\"itemListElement\":[{\"@type\":\"ListItem\",\"position\":1,\"name\":\"Portada\",\"item\":\"https:\/\/aldaia.es\/noticias\/\"},{\"@type\":\"ListItem\",\"position\":2,\"name\":\"Aldaia amb la millor Primavera Activa\"}]},{\"@type\":\"WebSite\",\"@id\":\"https:\/\/aldaia.es\/noticias\/#website\",\"url\":\"https:\/\/aldaia.es\/noticias\/\",\"name\":\"Noticias Aldaia\",\"description\":\"\",\"publisher\":{\"@id\":\"https:\/\/aldaia.es\/noticias\/#organization\"},\"potentialAction\":[{\"@type\":\"SearchAction\",\"target\":{\"@type\":\"EntryPoint\",\"urlTemplate\":\"https:\/\/aldaia.es\/noticias\/?s={search_term_string}\"},\"query-input\":{\"@type\":\"PropertyValueSpecification\",\"valueRequired\":true,\"valueName\":\"search_term_string\"}}],\"inLanguage\":\"ca\"},{\"@type\":\"Organization\",\"@id\":\"https:\/\/aldaia.es\/noticias\/#organization\",\"name\":\"Noticias Aldaia\",\"url\":\"https:\/\/aldaia.es\/noticias\/\",\"logo\":{\"@type\":\"ImageObject\",\"inLanguage\":\"ca\",\"@id\":\"https:\/\/aldaia.es\/noticias\/#\/schema\/logo\/image\/\",\"url\":\"https:\/\/aldaia.es\/noticias\/wp-content\/uploads\/2025\/05\/aldaia-noticias.jpg\",\"contentUrl\":\"https:\/\/aldaia.es\/noticias\/wp-content\/uploads\/2025\/05\/aldaia-noticias.jpg\",\"width\":512,\"height\":512,\"caption\":\"Noticias Aldaia\"},\"image\":{\"@id\":\"https:\/\/aldaia.es\/noticias\/#\/schema\/logo\/image\/\"}},{\"@type\":\"Person\",\"@id\":\"https:\/\/aldaia.es\/noticias\/#\/schema\/person\/4b9d33d0d77864dfe798033366a332f5\",\"name\":\"COMUNICACION\",\"url\":\"https:\/\/aldaia.es\/noticias\/author\/comunicacion\/\"}]}<\/script>\n<!-- \/ Yoast SEO plugin. -->","yoast_head_json":{"title":"Aldaia amb la millor Primavera Activa - Not\u00edcies - Ajuntament d&#039;Aldaia","robots":{"index":"index","follow":"follow","max-snippet":"max-snippet:-1","max-image-preview":"max-image-preview:large","max-video-preview":"max-video-preview:-1"},"canonical":"https:\/\/aldaia.es\/noticias\/aldaia-amb-la-millor-primavera-activa\/","og_locale":"ca_ES","og_type":"article","og_title":"Aldaia amb la millor Primavera Activa - Not\u00edcies - Ajuntament d&#039;Aldaia","og_description":"Escape Room, Parc Jove, tallers o \u2018Tardeo de Micro obert\u2019 s\u00f3n algunes de les propostes de Gent Jove per a la primavera m...","og_url":"https:\/\/aldaia.es\/noticias\/aldaia-amb-la-millor-primavera-activa\/","og_site_name":"Not\u00edcies - Ajuntament d&#039;Aldaia","article_published_time":"2025-05-05T10:50:20+00:00","og_image":[{"width":1024,"height":768,"url":"https:\/\/aldaia.es\/noticias\/wp-content\/uploads\/2025\/05\/Primavera-activa-Aldaia.jpeg","type":"image\/jpeg"}],"author":"COMUNICACION","twitter_card":"summary_large_image","twitter_misc":{"Escrit per":"COMUNICACION","Temps estimat de lectura":"2 minuts"},"schema":{"@context":"https:\/\/schema.org","@graph":[{"@type":"Article","@id":"https:\/\/aldaia.es\/noticias\/aldaia-amb-la-millor-primavera-activa\/#article","isPartOf":{"@id":"https:\/\/aldaia.es\/noticias\/aldaia-amb-la-millor-primavera-activa\/"},"author":{"name":"COMUNICACION","@id":"https:\/\/aldaia.es\/noticias\/#\/schema\/person\/4b9d33d0d77864dfe798033366a332f5"},"headline":"Aldaia amb la millor Primavera Activa","datePublished":"2025-05-05T10:50:20+00:00","mainEntityOfPage":{"@id":"https:\/\/aldaia.es\/noticias\/aldaia-amb-la-millor-primavera-activa\/"},"wordCount":338,"publisher":{"@id":"https:\/\/aldaia.es\/noticias\/#organization"},"image":{"@id":"https:\/\/aldaia.es\/noticias\/aldaia-amb-la-millor-primavera-activa\/#primaryimage"},"thumbnailUrl":"https:\/\/aldaia.es\/noticias\/wp-content\/uploads\/2025\/05\/Primavera-activa-Aldaia.jpeg","articleSection":["Joventut"],"inLanguage":"ca"},{"@type":"WebPage","@id":"https:\/\/aldaia.es\/noticias\/aldaia-amb-la-millor-primavera-activa\/","url":"https:\/\/aldaia.es\/noticias\/aldaia-amb-la-millor-primavera-activa\/","name":"Aldaia amb la millor Primavera Activa - Not\u00edcies - Ajuntament d&#039;Aldaia","isPartOf":{"@id":"https:\/\/aldaia.es\/noticias\/#website"},"primaryImageOfPage":{"@id":"https:\/\/aldaia.es\/noticias\/aldaia-amb-la-millor-primavera-activa\/#primaryimage"},"image":{"@id":"https:\/\/aldaia.es\/noticias\/aldaia-amb-la-millor-primavera-activa\/#primaryimage"},"thumbnailUrl":"https:\/\/aldaia.es\/noticias\/wp-content\/uploads\/2025\/05\/Primavera-activa-Aldaia.jpeg","datePublished":"2025-05-05T10:50:20+00:00","breadcrumb":{"@id":"https:\/\/aldaia.es\/noticias\/aldaia-amb-la-millor-primavera-activa\/#breadcrumb"},"inLanguage":"ca","potentialAction":[{"@type":"ReadAction","target":["https:\/\/aldaia.es\/noticias\/aldaia-amb-la-millor-primavera-activa\/"]}]},{"@type":"ImageObject","inLanguage":"ca","@id":"https:\/\/aldaia.es\/noticias\/aldaia-amb-la-millor-primavera-activa\/#primaryimage","url":"https:\/\/aldaia.es\/noticias\/wp-content\/uploads\/2025\/05\/Primavera-activa-Aldaia.jpeg","contentUrl":"https:\/\/aldaia.es\/noticias\/wp-content\/uploads\/2025\/05\/Primavera-activa-Aldaia.jpeg","width":1024,"height":768},{"@type":"BreadcrumbList","@id":"https:\/\/aldaia.es\/noticias\/aldaia-amb-la-millor-primavera-activa\/#breadcrumb","itemListElement":[{"@type":"ListItem","position":1,"name":"Portada","item":"https:\/\/aldaia.es\/noticias\/"},{"@type":"ListItem","position":2,"name":"Aldaia amb la millor Primavera Activa"}]},{"@type":"WebSite","@id":"https:\/\/aldaia.es\/noticias\/#website","url":"https:\/\/aldaia.es\/noticias\/","name":"Noticias Aldaia","description":"","publisher":{"@id":"https:\/\/aldaia.es\/noticias\/#organization"},"potentialAction":[{"@type":"SearchAction","target":{"@type":"EntryPoint","urlTemplate":"https:\/\/aldaia.es\/noticias\/?s={search_term_string}"},"query-input":{"@type":"PropertyValueSpecification","valueRequired":true,"valueName":"search_term_string"}}],"inLanguage":"ca"},{"@type":"Organization","@id":"https:\/\/aldaia.es\/noticias\/#organization","name":"Noticias Aldaia","url":"https:\/\/aldaia.es\/noticias\/","logo":{"@type":"ImageObject","inLanguage":"ca","@id":"https:\/\/aldaia.es\/noticias\/#\/schema\/logo\/image\/","url":"https:\/\/aldaia.es\/noticias\/wp-content\/uploads\/2025\/05\/aldaia-noticias.jpg","contentUrl":"https:\/\/aldaia.es\/noticias\/wp-content\/uploads\/2025\/05\/aldaia-noticias.jpg","width":512,"height":512,"caption":"Noticias Aldaia"},"image":{"@id":"https:\/\/aldaia.es\/noticias\/#\/schema\/logo\/image\/"}},{"@type":"Person","@id":"https:\/\/aldaia.es\/noticias\/#\/schema\/person\/4b9d33d0d77864dfe798033366a332f5","name":"COMUNICACION","url":"https:\/\/aldaia.es\/noticias\/author\/comunicacion\/"}]}},"_links":{"self":[{"href":"https:\/\/aldaia.es\/noticias\/wp-json\/wp\/v2\/posts\/37329","targetHints":{"allow":["GET"]}}],"collection":[{"href":"https:\/\/aldaia.es\/noticias\/wp-json\/wp\/v2\/posts"}],"about":[{"href":"https:\/\/aldaia.es\/noticias\/wp-json\/wp\/v2\/types\/post"}],"author":[{"embeddable":true,"href":"https:\/\/aldaia.es\/noticias\/wp-json\/wp\/v2\/users\/3"}],"replies":[{"embeddable":true,"href":"https:\/\/aldaia.es\/noticias\/wp-json\/wp\/v2\/comments?post=37329"}],"version-history":[{"count":0,"href":"https:\/\/aldaia.es\/noticias\/wp-json\/wp\/v2\/posts\/37329\/revisions"}],"wp:featuredmedia":[{"embeddable":true,"href":"https:\/\/aldaia.es\/noticias\/wp-json\/wp\/v2\/media\/37330"}],"wp:attachment":[{"href":"https:\/\/aldaia.es\/noticias\/wp-json\/wp\/v2\/media?parent=37329"}],"wp:term":[{"taxonomy":"category","embeddable":true,"href":"https:\/\/aldaia.es\/noticias\/wp-json\/wp\/v2\/categories?post=37329"},{"taxonomy":"post_tag","embeddable":true,"href":"https:\/\/aldaia.es\/noticias\/wp-json\/wp\/v2\/tags?post=37329"}],"curies":[{"name":"wp","href":"https:\/\/api.w.org\/{rel}","templated":true}]}}