{"id":37782,"date":"2025-12-04T11:34:11","date_gmt":"2025-12-04T10:34:11","guid":{"rendered":"https:\/\/aldaia.es\/noticias\/?p=37782"},"modified":"2025-12-04T11:53:29","modified_gmt":"2025-12-04T10:53:29","slug":"lajuntament-daldaia-mante-el-programa-ditineraris-dinclusio-social-despres-de-dos-anys-en-funcionament","status":"publish","type":"post","link":"https:\/\/aldaia.es\/noticias\/lajuntament-daldaia-mante-el-programa-ditineraris-dinclusio-social-despres-de-dos-anys-en-funcionament\/","title":{"rendered":"L&#8217;Ajuntament d&#8217;Aldaia mant\u00e9 el Programa d&#8217;Itineraris d&#8217;Inclusi\u00f3 Social despr\u00e9s de dos anys en funcionament"},"content":{"rendered":"\n<p><strong>Les noves accions formatives aniran dirigides a enfortir compet\u00e8ncies pre laborals amb tallers orientats a la formaci\u00f3 en oficis tradicionals i especialitzats, d&#8217;elevada demanda d&#8217;ocupaci\u00f3 en l&#8217;actualitat<\/strong><\/p>\n\n\n\n<p>L&#8217;Ajuntament d&#8217;Aldaia continua avan\u00e7ant en el seu comprom\u00eds amb la inclusi\u00f3 i el benestar social a trav\u00e9s del <strong>Programa d&#8217;Itineraris d&#8217;Inclusi\u00f3 Social<\/strong>, una iniciativa que, des de la seua creaci\u00f3 en 2023, oferix orientaci\u00f3, acompanyament i suport personalitzat a les persones del municipi en situaci\u00f3 de vulnerabilitat per a afavorir el seu desenrotllament personal i millorar les seues compet\u00e8ncies socials, formatives i pre laborals.<\/p>\n\n\n\n<p><br>Des de la seua posada en marxa, el programa ha at\u00e9s a<strong> m\u00e9s de 100 persones<\/strong>, una xifra que evidencia el seu bon acolliment i la import\u00e0ncia d&#8217;este recurs per a la ciutadania. L&#8217;equip t\u00e8cnic \u2014integrat per una treballadora social i dos t\u00e8cnics\/as en integraci\u00f3 social\u2014 dissenya itineraris individualitzats, adaptats a les necessitats i objectius de cada participant.<\/p>\n\n\n\n<p><br>Al llarg d&#8217;estos dos anys, el programa ha oferit una \u00e0mplia varietat de tallers formatius i de desenrotllament personal que responen a les diverses necessitats de les persones benefici\u00e0ries. La majoria d&#8217;estos tallers han sigut impartits directament des de l&#8217;Ajuntament d&#8217;Aldaia, entre ells destaquen el Taller d&#8217;Acc\u00e9s a les Prestacions Socials, centrat en acostar a la ciutadania els recursos i prestacions disponibles; el Taller de Millora de Les nostres Habilitats Socials, enfocat en l&#8217;enfortiment de la comunicaci\u00f3 i les relacions interpersonals; el Taller In-Forma\u2019t, destinat a donar a con\u00e9ixer les diferents vies de formaci\u00f3 reglada i facilitar l&#8217;acc\u00e9s a recursos educatius i formatius; i el Taller Connectant Oportunitats, orientat al desenrotllament de compet\u00e8ncies digitals mitjan\u00e7ant l&#8217;\u00fas del tel\u00e8fon m\u00f2bil i adaptat al nivell de cada participant per a reduir la bretxa digital.<\/p>\n\n\n\n<p><br>A trav\u00e9s de tercers, s&#8217;han realitzat altres tallers que promouen el creixement personal, l&#8217;autoestima i l&#8217;autonomia de les persones participants com Cuina amb Cor, que combina formaci\u00f3 pr\u00e0ctica i el desenrotllament d&#8217;habilitats en l&#8217;\u00e0mbit culinari, promovent la creativitat i la participaci\u00f3. De la mateixa manera, el Taller Impulsa Aldaia 2025, ha dut a terme accions orientades a l&#8217;apoderament comunitari, la participaci\u00f3 activa i la innovaci\u00f3 social, la qual cosa ha refor\u00e7at l&#8217;impacte global del programa en el municipi.<\/p>\n\n\n\n<p><br>En l&#8217;actualitat, l&#8217;Ajuntament est\u00e0 preparant <strong>noves accions formatives dirigides a enfortir les compet\u00e8ncies pre laborals<\/strong>, ampliant al mateix temps les oportunitats d&#8217;acc\u00e9s a la <strong>formaci\u00f3 reglada<\/strong>. Aix\u00ed mateix, es treballa en el disseny de nous tallers orientats a <strong>la formaci\u00f3 en oficis tradicionals o altres oficis manuals especialitzats<\/strong>, que actualment presenten una elevada demanda d&#8217;ocupaci\u00f3 deguda a l&#8217;abs\u00e8ncia de relleu generacional i a la creixent necessitat de perfils professionals qualificats.<\/p>\n\n\n\n<p><br>Amb estes iniciatives, l&#8217;Ajuntament d&#8217;Aldaia reafirma el seu comprom\u00eds amb la igualtat d&#8217;oportunitats i la inclusi\u00f3 social, oferint recursos, acompanyament i formaci\u00f3 pel desenrotllament integral de les persones participants, un programa <strong>d&#8217;Itineraris d&#8217;Inclusi\u00f3 Social<\/strong> finan\u00e7at pel Fons Social Europeu FSE+ Comunitat Valenciana 2021-2027.<\/p>\n\n\n\n<p><br>Per a obtindre m\u00e9s informaci\u00f3 sobre l&#8217;acc\u00e9s al Programa d&#8217;Itineraris d&#8217;Inclusi\u00f3 Social, les persones interessades poden posar-se en contacte amb el seu professional de refer\u00e8ncia d&#8217;Atenci\u00f3 Prim\u00e0ria B\u00e0sica de <strong>Servicis Socials de l&#8217;Ajuntament d&#8217;Aldaia<\/strong>.<\/p>\n","protected":false},"excerpt":{"rendered":"<p>Les noves accions formatives aniran dirigides a enfortir compet\u00e8ncies pre laborals amb tallers orientats a la formaci\u00f3 en o&#8230;<\/p>\n","protected":false},"author":2,"featured_media":37780,"comment_status":"closed","ping_status":"closed","sticky":false,"template":"","format":"standard","meta":{"_acf_changed":false,"footnotes":""},"categories":[20],"tags":[],"class_list":["post-37782","post","type-post","status-publish","format-standard","has-post-thumbnail","hentry","category-serveis-socials-igualtat"],"acf":[],"yoast_head":"<!-- This site is optimized with the Yoast SEO plugin v26.9 - https:\/\/yoast.com\/product\/yoast-seo-wordpress\/ -->\n<title>L&#039;Ajuntament d&#039;Aldaia mant\u00e9 el Programa d&#039;Itineraris d&#039;Inclusi\u00f3 Social despr\u00e9s de dos anys en funcionament - Not\u00edcies - Ajuntament d&#039;Aldaia<\/title>\n<meta name=\"robots\" content=\"index, follow, max-snippet:-1, max-image-preview:large, max-video-preview:-1\" \/>\n<link rel=\"canonical\" href=\"https:\/\/aldaia.es\/noticias\/lajuntament-daldaia-mante-el-programa-ditineraris-dinclusio-social-despres-de-dos-anys-en-funcionament\/\" \/>\n<meta property=\"og:locale\" content=\"ca_ES\" \/>\n<meta property=\"og:type\" content=\"article\" \/>\n<meta property=\"og:title\" content=\"L&#039;Ajuntament d&#039;Aldaia mant\u00e9 el Programa d&#039;Itineraris d&#039;Inclusi\u00f3 Social despr\u00e9s de dos anys en funcionament - Not\u00edcies - Ajuntament d&#039;Aldaia\" \/>\n<meta property=\"og:description\" content=\"Les noves accions formatives aniran dirigides a enfortir compet\u00e8ncies pre laborals amb tallers orientats a la formaci\u00f3 en o...\" \/>\n<meta property=\"og:url\" content=\"https:\/\/aldaia.es\/noticias\/lajuntament-daldaia-mante-el-programa-ditineraris-dinclusio-social-despres-de-dos-anys-en-funcionament\/\" \/>\n<meta property=\"og:site_name\" content=\"Not\u00edcies - Ajuntament d&#039;Aldaia\" \/>\n<meta property=\"article:published_time\" content=\"2025-12-04T10:34:11+00:00\" \/>\n<meta property=\"article:modified_time\" content=\"2025-12-04T10:53:29+00:00\" \/>\n<meta property=\"og:image\" content=\"https:\/\/aldaia.es\/noticias\/wp-content\/uploads\/2025\/12\/FOTO-MACA-Y-MARIA-apaisada-scaled.jpg\" \/>\n\t<meta property=\"og:image:width\" content=\"2560\" \/>\n\t<meta property=\"og:image:height\" content=\"2048\" \/>\n\t<meta property=\"og:image:type\" content=\"image\/jpeg\" \/>\n<meta name=\"author\" content=\"prensa\" \/>\n<meta name=\"twitter:card\" content=\"summary_large_image\" \/>\n<meta name=\"twitter:label1\" content=\"Escrit per\" \/>\n\t<meta name=\"twitter:data1\" content=\"prensa\" \/>\n\t<meta name=\"twitter:label2\" content=\"Temps estimat de lectura\" \/>\n\t<meta name=\"twitter:data2\" content=\"3 minuts\" \/>\n<script type=\"application\/ld+json\" class=\"yoast-schema-graph\">{\"@context\":\"https:\/\/schema.org\",\"@graph\":[{\"@type\":\"Article\",\"@id\":\"https:\/\/aldaia.es\/noticias\/lajuntament-daldaia-mante-el-programa-ditineraris-dinclusio-social-despres-de-dos-anys-en-funcionament\/#article\",\"isPartOf\":{\"@id\":\"https:\/\/aldaia.es\/noticias\/lajuntament-daldaia-mante-el-programa-ditineraris-dinclusio-social-despres-de-dos-anys-en-funcionament\/\"},\"author\":{\"name\":\"prensa\",\"@id\":\"https:\/\/aldaia.es\/noticias\/#\/schema\/person\/736bf474749673d55971dc81c4553f7e\"},\"headline\":\"L&#8217;Ajuntament d&#8217;Aldaia mant\u00e9 el Programa d&#8217;Itineraris d&#8217;Inclusi\u00f3 Social despr\u00e9s de dos anys en funcionament\",\"datePublished\":\"2025-12-04T10:34:11+00:00\",\"dateModified\":\"2025-12-04T10:53:29+00:00\",\"mainEntityOfPage\":{\"@id\":\"https:\/\/aldaia.es\/noticias\/lajuntament-daldaia-mante-el-programa-ditineraris-dinclusio-social-despres-de-dos-anys-en-funcionament\/\"},\"wordCount\":595,\"publisher\":{\"@id\":\"https:\/\/aldaia.es\/noticias\/#organization\"},\"image\":{\"@id\":\"https:\/\/aldaia.es\/noticias\/lajuntament-daldaia-mante-el-programa-ditineraris-dinclusio-social-despres-de-dos-anys-en-funcionament\/#primaryimage\"},\"thumbnailUrl\":\"https:\/\/aldaia.es\/noticias\/wp-content\/uploads\/2025\/12\/FOTO-MACA-Y-MARIA-apaisada-scaled.jpg\",\"articleSection\":[\"Serveis Socials e Igualtat\"],\"inLanguage\":\"ca\"},{\"@type\":\"WebPage\",\"@id\":\"https:\/\/aldaia.es\/noticias\/lajuntament-daldaia-mante-el-programa-ditineraris-dinclusio-social-despres-de-dos-anys-en-funcionament\/\",\"url\":\"https:\/\/aldaia.es\/noticias\/lajuntament-daldaia-mante-el-programa-ditineraris-dinclusio-social-despres-de-dos-anys-en-funcionament\/\",\"name\":\"L'Ajuntament d'Aldaia mant\u00e9 el Programa d'Itineraris d'Inclusi\u00f3 Social despr\u00e9s de dos anys en funcionament - Not\u00edcies - Ajuntament d&#039;Aldaia\",\"isPartOf\":{\"@id\":\"https:\/\/aldaia.es\/noticias\/#website\"},\"primaryImageOfPage\":{\"@id\":\"https:\/\/aldaia.es\/noticias\/lajuntament-daldaia-mante-el-programa-ditineraris-dinclusio-social-despres-de-dos-anys-en-funcionament\/#primaryimage\"},\"image\":{\"@id\":\"https:\/\/aldaia.es\/noticias\/lajuntament-daldaia-mante-el-programa-ditineraris-dinclusio-social-despres-de-dos-anys-en-funcionament\/#primaryimage\"},\"thumbnailUrl\":\"https:\/\/aldaia.es\/noticias\/wp-content\/uploads\/2025\/12\/FOTO-MACA-Y-MARIA-apaisada-scaled.jpg\",\"datePublished\":\"2025-12-04T10:34:11+00:00\",\"dateModified\":\"2025-12-04T10:53:29+00:00\",\"breadcrumb\":{\"@id\":\"https:\/\/aldaia.es\/noticias\/lajuntament-daldaia-mante-el-programa-ditineraris-dinclusio-social-despres-de-dos-anys-en-funcionament\/#breadcrumb\"},\"inLanguage\":\"ca\",\"potentialAction\":[{\"@type\":\"ReadAction\",\"target\":[\"https:\/\/aldaia.es\/noticias\/lajuntament-daldaia-mante-el-programa-ditineraris-dinclusio-social-despres-de-dos-anys-en-funcionament\/\"]}]},{\"@type\":\"ImageObject\",\"inLanguage\":\"ca\",\"@id\":\"https:\/\/aldaia.es\/noticias\/lajuntament-daldaia-mante-el-programa-ditineraris-dinclusio-social-despres-de-dos-anys-en-funcionament\/#primaryimage\",\"url\":\"https:\/\/aldaia.es\/noticias\/wp-content\/uploads\/2025\/12\/FOTO-MACA-Y-MARIA-apaisada-scaled.jpg\",\"contentUrl\":\"https:\/\/aldaia.es\/noticias\/wp-content\/uploads\/2025\/12\/FOTO-MACA-Y-MARIA-apaisada-scaled.jpg\",\"width\":2560,\"height\":2048},{\"@type\":\"BreadcrumbList\",\"@id\":\"https:\/\/aldaia.es\/noticias\/lajuntament-daldaia-mante-el-programa-ditineraris-dinclusio-social-despres-de-dos-anys-en-funcionament\/#breadcrumb\",\"itemListElement\":[{\"@type\":\"ListItem\",\"position\":1,\"name\":\"Portada\",\"item\":\"https:\/\/aldaia.es\/noticias\/\"},{\"@type\":\"ListItem\",\"position\":2,\"name\":\"L&#8217;Ajuntament d&#8217;Aldaia mant\u00e9 el Programa d&#8217;Itineraris d&#8217;Inclusi\u00f3 Social despr\u00e9s de dos anys en funcionament\"}]},{\"@type\":\"WebSite\",\"@id\":\"https:\/\/aldaia.es\/noticias\/#website\",\"url\":\"https:\/\/aldaia.es\/noticias\/\",\"name\":\"Noticias Aldaia\",\"description\":\"\",\"publisher\":{\"@id\":\"https:\/\/aldaia.es\/noticias\/#organization\"},\"potentialAction\":[{\"@type\":\"SearchAction\",\"target\":{\"@type\":\"EntryPoint\",\"urlTemplate\":\"https:\/\/aldaia.es\/noticias\/?s={search_term_string}\"},\"query-input\":{\"@type\":\"PropertyValueSpecification\",\"valueRequired\":true,\"valueName\":\"search_term_string\"}}],\"inLanguage\":\"ca\"},{\"@type\":\"Organization\",\"@id\":\"https:\/\/aldaia.es\/noticias\/#organization\",\"name\":\"Noticias Aldaia\",\"url\":\"https:\/\/aldaia.es\/noticias\/\",\"logo\":{\"@type\":\"ImageObject\",\"inLanguage\":\"ca\",\"@id\":\"https:\/\/aldaia.es\/noticias\/#\/schema\/logo\/image\/\",\"url\":\"https:\/\/aldaia.es\/noticias\/wp-content\/uploads\/2025\/05\/aldaia-noticias.jpg\",\"contentUrl\":\"https:\/\/aldaia.es\/noticias\/wp-content\/uploads\/2025\/05\/aldaia-noticias.jpg\",\"width\":512,\"height\":512,\"caption\":\"Noticias Aldaia\"},\"image\":{\"@id\":\"https:\/\/aldaia.es\/noticias\/#\/schema\/logo\/image\/\"}},{\"@type\":\"Person\",\"@id\":\"https:\/\/aldaia.es\/noticias\/#\/schema\/person\/736bf474749673d55971dc81c4553f7e\",\"name\":\"prensa\",\"url\":\"https:\/\/aldaia.es\/noticias\/author\/prensa\/\"}]}<\/script>\n<!-- \/ Yoast SEO plugin. -->","yoast_head_json":{"title":"L'Ajuntament d'Aldaia mant\u00e9 el Programa d'Itineraris d'Inclusi\u00f3 Social despr\u00e9s de dos anys en funcionament - Not\u00edcies - Ajuntament d&#039;Aldaia","robots":{"index":"index","follow":"follow","max-snippet":"max-snippet:-1","max-image-preview":"max-image-preview:large","max-video-preview":"max-video-preview:-1"},"canonical":"https:\/\/aldaia.es\/noticias\/lajuntament-daldaia-mante-el-programa-ditineraris-dinclusio-social-despres-de-dos-anys-en-funcionament\/","og_locale":"ca_ES","og_type":"article","og_title":"L'Ajuntament d'Aldaia mant\u00e9 el Programa d'Itineraris d'Inclusi\u00f3 Social despr\u00e9s de dos anys en funcionament - Not\u00edcies - Ajuntament d&#039;Aldaia","og_description":"Les noves accions formatives aniran dirigides a enfortir compet\u00e8ncies pre laborals amb tallers orientats a la formaci\u00f3 en o...","og_url":"https:\/\/aldaia.es\/noticias\/lajuntament-daldaia-mante-el-programa-ditineraris-dinclusio-social-despres-de-dos-anys-en-funcionament\/","og_site_name":"Not\u00edcies - Ajuntament d&#039;Aldaia","article_published_time":"2025-12-04T10:34:11+00:00","article_modified_time":"2025-12-04T10:53:29+00:00","og_image":[{"width":2560,"height":2048,"url":"https:\/\/aldaia.es\/noticias\/wp-content\/uploads\/2025\/12\/FOTO-MACA-Y-MARIA-apaisada-scaled.jpg","type":"image\/jpeg"}],"author":"prensa","twitter_card":"summary_large_image","twitter_misc":{"Escrit per":"prensa","Temps estimat de lectura":"3 minuts"},"schema":{"@context":"https:\/\/schema.org","@graph":[{"@type":"Article","@id":"https:\/\/aldaia.es\/noticias\/lajuntament-daldaia-mante-el-programa-ditineraris-dinclusio-social-despres-de-dos-anys-en-funcionament\/#article","isPartOf":{"@id":"https:\/\/aldaia.es\/noticias\/lajuntament-daldaia-mante-el-programa-ditineraris-dinclusio-social-despres-de-dos-anys-en-funcionament\/"},"author":{"name":"prensa","@id":"https:\/\/aldaia.es\/noticias\/#\/schema\/person\/736bf474749673d55971dc81c4553f7e"},"headline":"L&#8217;Ajuntament d&#8217;Aldaia mant\u00e9 el Programa d&#8217;Itineraris d&#8217;Inclusi\u00f3 Social despr\u00e9s de dos anys en funcionament","datePublished":"2025-12-04T10:34:11+00:00","dateModified":"2025-12-04T10:53:29+00:00","mainEntityOfPage":{"@id":"https:\/\/aldaia.es\/noticias\/lajuntament-daldaia-mante-el-programa-ditineraris-dinclusio-social-despres-de-dos-anys-en-funcionament\/"},"wordCount":595,"publisher":{"@id":"https:\/\/aldaia.es\/noticias\/#organization"},"image":{"@id":"https:\/\/aldaia.es\/noticias\/lajuntament-daldaia-mante-el-programa-ditineraris-dinclusio-social-despres-de-dos-anys-en-funcionament\/#primaryimage"},"thumbnailUrl":"https:\/\/aldaia.es\/noticias\/wp-content\/uploads\/2025\/12\/FOTO-MACA-Y-MARIA-apaisada-scaled.jpg","articleSection":["Serveis Socials e Igualtat"],"inLanguage":"ca"},{"@type":"WebPage","@id":"https:\/\/aldaia.es\/noticias\/lajuntament-daldaia-mante-el-programa-ditineraris-dinclusio-social-despres-de-dos-anys-en-funcionament\/","url":"https:\/\/aldaia.es\/noticias\/lajuntament-daldaia-mante-el-programa-ditineraris-dinclusio-social-despres-de-dos-anys-en-funcionament\/","name":"L'Ajuntament d'Aldaia mant\u00e9 el Programa d'Itineraris d'Inclusi\u00f3 Social despr\u00e9s de dos anys en funcionament - Not\u00edcies - Ajuntament d&#039;Aldaia","isPartOf":{"@id":"https:\/\/aldaia.es\/noticias\/#website"},"primaryImageOfPage":{"@id":"https:\/\/aldaia.es\/noticias\/lajuntament-daldaia-mante-el-programa-ditineraris-dinclusio-social-despres-de-dos-anys-en-funcionament\/#primaryimage"},"image":{"@id":"https:\/\/aldaia.es\/noticias\/lajuntament-daldaia-mante-el-programa-ditineraris-dinclusio-social-despres-de-dos-anys-en-funcionament\/#primaryimage"},"thumbnailUrl":"https:\/\/aldaia.es\/noticias\/wp-content\/uploads\/2025\/12\/FOTO-MACA-Y-MARIA-apaisada-scaled.jpg","datePublished":"2025-12-04T10:34:11+00:00","dateModified":"2025-12-04T10:53:29+00:00","breadcrumb":{"@id":"https:\/\/aldaia.es\/noticias\/lajuntament-daldaia-mante-el-programa-ditineraris-dinclusio-social-despres-de-dos-anys-en-funcionament\/#breadcrumb"},"inLanguage":"ca","potentialAction":[{"@type":"ReadAction","target":["https:\/\/aldaia.es\/noticias\/lajuntament-daldaia-mante-el-programa-ditineraris-dinclusio-social-despres-de-dos-anys-en-funcionament\/"]}]},{"@type":"ImageObject","inLanguage":"ca","@id":"https:\/\/aldaia.es\/noticias\/lajuntament-daldaia-mante-el-programa-ditineraris-dinclusio-social-despres-de-dos-anys-en-funcionament\/#primaryimage","url":"https:\/\/aldaia.es\/noticias\/wp-content\/uploads\/2025\/12\/FOTO-MACA-Y-MARIA-apaisada-scaled.jpg","contentUrl":"https:\/\/aldaia.es\/noticias\/wp-content\/uploads\/2025\/12\/FOTO-MACA-Y-MARIA-apaisada-scaled.jpg","width":2560,"height":2048},{"@type":"BreadcrumbList","@id":"https:\/\/aldaia.es\/noticias\/lajuntament-daldaia-mante-el-programa-ditineraris-dinclusio-social-despres-de-dos-anys-en-funcionament\/#breadcrumb","itemListElement":[{"@type":"ListItem","position":1,"name":"Portada","item":"https:\/\/aldaia.es\/noticias\/"},{"@type":"ListItem","position":2,"name":"L&#8217;Ajuntament d&#8217;Aldaia mant\u00e9 el Programa d&#8217;Itineraris d&#8217;Inclusi\u00f3 Social despr\u00e9s de dos anys en funcionament"}]},{"@type":"WebSite","@id":"https:\/\/aldaia.es\/noticias\/#website","url":"https:\/\/aldaia.es\/noticias\/","name":"Noticias Aldaia","description":"","publisher":{"@id":"https:\/\/aldaia.es\/noticias\/#organization"},"potentialAction":[{"@type":"SearchAction","target":{"@type":"EntryPoint","urlTemplate":"https:\/\/aldaia.es\/noticias\/?s={search_term_string}"},"query-input":{"@type":"PropertyValueSpecification","valueRequired":true,"valueName":"search_term_string"}}],"inLanguage":"ca"},{"@type":"Organization","@id":"https:\/\/aldaia.es\/noticias\/#organization","name":"Noticias Aldaia","url":"https:\/\/aldaia.es\/noticias\/","logo":{"@type":"ImageObject","inLanguage":"ca","@id":"https:\/\/aldaia.es\/noticias\/#\/schema\/logo\/image\/","url":"https:\/\/aldaia.es\/noticias\/wp-content\/uploads\/2025\/05\/aldaia-noticias.jpg","contentUrl":"https:\/\/aldaia.es\/noticias\/wp-content\/uploads\/2025\/05\/aldaia-noticias.jpg","width":512,"height":512,"caption":"Noticias Aldaia"},"image":{"@id":"https:\/\/aldaia.es\/noticias\/#\/schema\/logo\/image\/"}},{"@type":"Person","@id":"https:\/\/aldaia.es\/noticias\/#\/schema\/person\/736bf474749673d55971dc81c4553f7e","name":"prensa","url":"https:\/\/aldaia.es\/noticias\/author\/prensa\/"}]}},"_links":{"self":[{"href":"https:\/\/aldaia.es\/noticias\/wp-json\/wp\/v2\/posts\/37782","targetHints":{"allow":["GET"]}}],"collection":[{"href":"https:\/\/aldaia.es\/noticias\/wp-json\/wp\/v2\/posts"}],"about":[{"href":"https:\/\/aldaia.es\/noticias\/wp-json\/wp\/v2\/types\/post"}],"author":[{"embeddable":true,"href":"https:\/\/aldaia.es\/noticias\/wp-json\/wp\/v2\/users\/2"}],"replies":[{"embeddable":true,"href":"https:\/\/aldaia.es\/noticias\/wp-json\/wp\/v2\/comments?post=37782"}],"version-history":[{"count":2,"href":"https:\/\/aldaia.es\/noticias\/wp-json\/wp\/v2\/posts\/37782\/revisions"}],"predecessor-version":[{"id":37789,"href":"https:\/\/aldaia.es\/noticias\/wp-json\/wp\/v2\/posts\/37782\/revisions\/37789"}],"wp:featuredmedia":[{"embeddable":true,"href":"https:\/\/aldaia.es\/noticias\/wp-json\/wp\/v2\/media\/37780"}],"wp:attachment":[{"href":"https:\/\/aldaia.es\/noticias\/wp-json\/wp\/v2\/media?parent=37782"}],"wp:term":[{"taxonomy":"category","embeddable":true,"href":"https:\/\/aldaia.es\/noticias\/wp-json\/wp\/v2\/categories?post=37782"},{"taxonomy":"post_tag","embeddable":true,"href":"https:\/\/aldaia.es\/noticias\/wp-json\/wp\/v2\/tags?post=37782"}],"curies":[{"name":"wp","href":"https:\/\/api.w.org\/{rel}","templated":true}]}}